{"id":958333,"date":"2025-10-17T10:49:00","date_gmt":"2025-10-17T08:49:00","guid":{"rendered":"https:\/\/dmcsrb.com\/uncategorized\/preminuo-bivsi-japanski-premijer-imao-101-godinu\/"},"modified":"2025-10-17T10:49:00","modified_gmt":"2025-10-17T08:49:00","slug":"preminuo-bivsi-japanski-premijer-imao-101-godinu","status":"publish","type":"post","link":"https:\/\/dmcsrb.com\/en\/svijet\/preminuo-bivsi-japanski-premijer-imao-101-godinu\/","title":{"rendered":"Preminuo biv\u0161i japanski premijer: Imao 101 godinu"},"content":{"rendered":"<p><\/p>\n\n\n\n<p>Murajama je obavljao du\u017enost premijera od juna 1994. do januara 1996. godine, predvode\u0107i rijetku trojnu koaliciju koju su \u010dinile njegova Socijaldemokratska partija, tada vladaju\u0107a konzervativna Liberalno-demokratska partija (LDP) i manja, sada uga\u0161ena Nova partija Sakigake, prenio je Kjodo.<\/p>\n\n\n\n<p>Upam\u0107en je po takozvanoj &#8220;Murajama izjavi&#8221; iz 1995. godine, kojom je izrazio &#8220;iskreno kajanje&#8221; i &#8220;duboko izvinjenje&#8221; zbog patnji koje je Japan nanio narodima Azije tokom svoje imperijalne ekspanzije u 20. vijeku.<\/p>\n\n\n\n<p>Murajama se povukao iz aktivne politike ubrzo nakon napu\u0161tanja premijerske funkcije.<\/p>","protected":false},"excerpt":{"rendered":"<p>Biv\u0161i japanski premijer Tomi\u010di Murajama preminuo je u 101. godini, saop\u0161tio je danas izvor blizak porodici.<\/p>","protected":false},"author":1,"featured_media":958334,"comment_status":"open","ping_status":"open","sticky":false,"template":"","format":"standard","meta":{"_acf_changed":false,"footnotes":""},"categories":[144],"tags":[1073,11614],"naslovna":[],"class_list":["post-958333","post","type-post","status-publish","format-standard","has-post-thumbnail","hentry","category-svijet","tag-japan","tag-muramaja"],"acf":[],"yoast_head":"<!-- This site is optimized with the Yoast SEO plugin v27.4 - https:\/\/yoast.com\/product\/yoast-seo-wordpress\/ -->\n<title>Preminuo biv\u0161i japanski premijer: Imao 101 godinu - dmcsrb.com<\/title>\n<meta name=\"robots\" content=\"index, follow, max-snippet:-1, max-image-preview:large, max-video-preview:-1\" \/>\n<link rel=\"canonical\" href=\"https:\/\/dmcsrb.com\/en\/svijet\/preminuo-bivsi-japanski-premijer-imao-101-godinu\/\" \/>\n<meta property=\"og:locale\" content=\"en_GB\" \/>\n<meta property=\"og:type\" content=\"article\" \/>\n<meta property=\"og:title\" content=\"Preminuo biv\u0161i japanski premijer: Imao 101 godinu - dmcsrb.com\" \/>\n<meta property=\"og:description\" content=\"Biv\u0161i japanski premijer Tomi\u010di Murajama preminuo je u 101. godini, saop\u0161tio je danas izvor blizak porodici.\" \/>\n<meta property=\"og:url\" content=\"https:\/\/dmcsrb.com\/en\/svijet\/preminuo-bivsi-japanski-premijer-imao-101-godinu\/\" \/>\n<meta property=\"og:site_name\" content=\"dmcsrb.com\" \/>\n<meta property=\"article:published_time\" content=\"2025-10-17T08:49:00+00:00\" \/>\n<meta property=\"og:image\" content=\"https:\/\/dmcsrb.com\/wp-content\/uploads\/2026\/01\/o_2032206_1024.webp\" \/>\n\t<meta property=\"og:image:width\" content=\"1024\" \/>\n\t<meta property=\"og:image:height\" content=\"682\" \/>\n\t<meta property=\"og:image:type\" content=\"image\/jpeg\" \/>\n<meta name=\"author\" content=\"dmcsrbija.com@gmail.com\" \/>\n<meta name=\"twitter:card\" content=\"summary_large_image\" \/>\n<meta name=\"twitter:label1\" content=\"Written by\" \/>\n\t<meta name=\"twitter:data1\" content=\"dmcsrbija.com@gmail.com\" \/>\n<script type=\"application\/ld+json\" class=\"yoast-schema-graph\">{\"@context\":\"https:\\\/\\\/schema.org\",\"@graph\":[{\"@type\":\"Article\",\"@id\":\"https:\\\/\\\/dmcsrb.com\\\/en\\\/svijet\\\/preminuo-bivsi-japanski-premijer-imao-101-godinu\\\/#article\",\"isPartOf\":{\"@id\":\"https:\\\/\\\/dmcsrb.com\\\/en\\\/svijet\\\/preminuo-bivsi-japanski-premijer-imao-101-godinu\\\/\"},\"author\":{\"name\":\"dmcsrbija.com@gmail.com\",\"@id\":\"https:\\\/\\\/dmcsrb.com\\\/#\\\/schema\\\/person\\\/5c39170f12db1b8b457732d0b5c854e2\"},\"headline\":\"Preminuo biv\u0161i japanski premijer: Imao 101 godinu\",\"datePublished\":\"2025-10-17T08:49:00+00:00\",\"mainEntityOfPage\":{\"@id\":\"https:\\\/\\\/dmcsrb.com\\\/en\\\/svijet\\\/preminuo-bivsi-japanski-premijer-imao-101-godinu\\\/\"},\"wordCount\":90,\"commentCount\":0,\"image\":{\"@id\":\"https:\\\/\\\/dmcsrb.com\\\/en\\\/svijet\\\/preminuo-bivsi-japanski-premijer-imao-101-godinu\\\/#primaryimage\"},\"thumbnailUrl\":\"https:\\\/\\\/dmcsrb.com\\\/wp-content\\\/uploads\\\/2026\\\/01\\\/o_2032206_1024.webp\",\"keywords\":[\"Japan\",\"Muramaja\"],\"articleSection\":[\"Svijet\"],\"inLanguage\":\"en-GB\",\"potentialAction\":[{\"@type\":\"CommentAction\",\"name\":\"Comment\",\"target\":[\"https:\\\/\\\/dmcsrb.com\\\/en\\\/svijet\\\/preminuo-bivsi-japanski-premijer-imao-101-godinu\\\/#respond\"]}]},{\"@type\":\"WebPage\",\"@id\":\"https:\\\/\\\/dmcsrb.com\\\/en\\\/svijet\\\/preminuo-bivsi-japanski-premijer-imao-101-godinu\\\/\",\"url\":\"https:\\\/\\\/dmcsrb.com\\\/en\\\/svijet\\\/preminuo-bivsi-japanski-premijer-imao-101-godinu\\\/\",\"name\":\"Preminuo biv\u0161i japanski premijer: Imao 101 godinu - dmcsrb.com\",\"isPartOf\":{\"@id\":\"https:\\\/\\\/dmcsrb.com\\\/#website\"},\"primaryImageOfPage\":{\"@id\":\"https:\\\/\\\/dmcsrb.com\\\/en\\\/svijet\\\/preminuo-bivsi-japanski-premijer-imao-101-godinu\\\/#primaryimage\"},\"image\":{\"@id\":\"https:\\\/\\\/dmcsrb.com\\\/en\\\/svijet\\\/preminuo-bivsi-japanski-premijer-imao-101-godinu\\\/#primaryimage\"},\"thumbnailUrl\":\"https:\\\/\\\/dmcsrb.com\\\/wp-content\\\/uploads\\\/2026\\\/01\\\/o_2032206_1024.webp\",\"datePublished\":\"2025-10-17T08:49:00+00:00\",\"author\":{\"@id\":\"https:\\\/\\\/dmcsrb.com\\\/#\\\/schema\\\/person\\\/5c39170f12db1b8b457732d0b5c854e2\"},\"breadcrumb\":{\"@id\":\"https:\\\/\\\/dmcsrb.com\\\/en\\\/svijet\\\/preminuo-bivsi-japanski-premijer-imao-101-godinu\\\/#breadcrumb\"},\"inLanguage\":\"en-GB\",\"potentialAction\":[{\"@type\":\"ReadAction\",\"target\":[\"https:\\\/\\\/dmcsrb.com\\\/en\\\/svijet\\\/preminuo-bivsi-japanski-premijer-imao-101-godinu\\\/\"]}]},{\"@type\":\"ImageObject\",\"inLanguage\":\"en-GB\",\"@id\":\"https:\\\/\\\/dmcsrb.com\\\/en\\\/svijet\\\/preminuo-bivsi-japanski-premijer-imao-101-godinu\\\/#primaryimage\",\"url\":\"https:\\\/\\\/dmcsrb.com\\\/wp-content\\\/uploads\\\/2026\\\/01\\\/o_2032206_1024.webp\",\"contentUrl\":\"https:\\\/\\\/dmcsrb.com\\\/wp-content\\\/uploads\\\/2026\\\/01\\\/o_2032206_1024.webp\",\"width\":1024,\"height\":682},{\"@type\":\"BreadcrumbList\",\"@id\":\"https:\\\/\\\/dmcsrb.com\\\/en\\\/svijet\\\/preminuo-bivsi-japanski-premijer-imao-101-godinu\\\/#breadcrumb\",\"itemListElement\":[{\"@type\":\"ListItem\",\"position\":1,\"name\":\"Home\",\"item\":\"https:\\\/\\\/dmcsrb.com\\\/\"},{\"@type\":\"ListItem\",\"position\":2,\"name\":\"Preminuo biv\u0161i japanski premijer: Imao 101 godinu\"}]},{\"@type\":\"WebSite\",\"@id\":\"https:\\\/\\\/dmcsrb.com\\\/#website\",\"url\":\"https:\\\/\\\/dmcsrb.com\\\/\",\"name\":\"dmcsrb.com\",\"description\":\"\",\"potentialAction\":[{\"@type\":\"SearchAction\",\"target\":{\"@type\":\"EntryPoint\",\"urlTemplate\":\"https:\\\/\\\/dmcsrb.com\\\/?s={search_term_string}\"},\"query-input\":{\"@type\":\"PropertyValueSpecification\",\"valueRequired\":true,\"valueName\":\"search_term_string\"}}],\"inLanguage\":\"en-GB\"},{\"@type\":\"Person\",\"@id\":\"https:\\\/\\\/dmcsrb.com\\\/#\\\/schema\\\/person\\\/5c39170f12db1b8b457732d0b5c854e2\",\"name\":\"dmcsrbija.com@gmail.com\",\"image\":{\"@type\":\"ImageObject\",\"inLanguage\":\"en-GB\",\"@id\":\"https:\\\/\\\/secure.gravatar.com\\\/avatar\\\/68592660ad6347fad0fb587f8d5d8f1a7b44961362f56e4f2cd524feb87e9069?s=96&d=mm&r=g\",\"url\":\"https:\\\/\\\/secure.gravatar.com\\\/avatar\\\/68592660ad6347fad0fb587f8d5d8f1a7b44961362f56e4f2cd524feb87e9069?s=96&d=mm&r=g\",\"contentUrl\":\"https:\\\/\\\/secure.gravatar.com\\\/avatar\\\/68592660ad6347fad0fb587f8d5d8f1a7b44961362f56e4f2cd524feb87e9069?s=96&d=mm&r=g\",\"caption\":\"dmcsrbija.com@gmail.com\"},\"sameAs\":[\"https:\\\/\\\/dmcsrb.com\"],\"url\":\"https:\\\/\\\/dmcsrb.com\\\/en\\\/author\\\/dmcsrbija-comgmail-com\\\/\"}]}<\/script>\n<!-- \/ Yoast SEO plugin. -->","yoast_head_json":{"title":"Preminuo biv\u0161i japanski premijer: Imao 101 godinu - dmcsrb.com","robots":{"index":"index","follow":"follow","max-snippet":"max-snippet:-1","max-image-preview":"max-image-preview:large","max-video-preview":"max-video-preview:-1"},"canonical":"https:\/\/dmcsrb.com\/en\/svijet\/preminuo-bivsi-japanski-premijer-imao-101-godinu\/","og_locale":"en_GB","og_type":"article","og_title":"Preminuo biv\u0161i japanski premijer: Imao 101 godinu - dmcsrb.com","og_description":"Biv\u0161i japanski premijer Tomi\u010di Murajama preminuo je u 101. godini, saop\u0161tio je danas izvor blizak porodici.","og_url":"https:\/\/dmcsrb.com\/en\/svijet\/preminuo-bivsi-japanski-premijer-imao-101-godinu\/","og_site_name":"dmcsrb.com","article_published_time":"2025-10-17T08:49:00+00:00","og_image":[{"width":1024,"height":682,"url":"https:\/\/dmcsrb.com\/wp-content\/uploads\/2026\/01\/o_2032206_1024.webp","type":"image\/jpeg"}],"author":"dmcsrbija.com@gmail.com","twitter_card":"summary_large_image","twitter_misc":{"Written by":"dmcsrbija.com@gmail.com"},"schema":{"@context":"https:\/\/schema.org","@graph":[{"@type":"Article","@id":"https:\/\/dmcsrb.com\/en\/svijet\/preminuo-bivsi-japanski-premijer-imao-101-godinu\/#article","isPartOf":{"@id":"https:\/\/dmcsrb.com\/en\/svijet\/preminuo-bivsi-japanski-premijer-imao-101-godinu\/"},"author":{"name":"dmcsrbija.com@gmail.com","@id":"https:\/\/dmcsrb.com\/#\/schema\/person\/5c39170f12db1b8b457732d0b5c854e2"},"headline":"Preminuo biv\u0161i japanski premijer: Imao 101 godinu","datePublished":"2025-10-17T08:49:00+00:00","mainEntityOfPage":{"@id":"https:\/\/dmcsrb.com\/en\/svijet\/preminuo-bivsi-japanski-premijer-imao-101-godinu\/"},"wordCount":90,"commentCount":0,"image":{"@id":"https:\/\/dmcsrb.com\/en\/svijet\/preminuo-bivsi-japanski-premijer-imao-101-godinu\/#primaryimage"},"thumbnailUrl":"https:\/\/dmcsrb.com\/wp-content\/uploads\/2026\/01\/o_2032206_1024.webp","keywords":["Japan","Muramaja"],"articleSection":["Svijet"],"inLanguage":"en-GB","potentialAction":[{"@type":"CommentAction","name":"Comment","target":["https:\/\/dmcsrb.com\/en\/svijet\/preminuo-bivsi-japanski-premijer-imao-101-godinu\/#respond"]}]},{"@type":"WebPage","@id":"https:\/\/dmcsrb.com\/en\/svijet\/preminuo-bivsi-japanski-premijer-imao-101-godinu\/","url":"https:\/\/dmcsrb.com\/en\/svijet\/preminuo-bivsi-japanski-premijer-imao-101-godinu\/","name":"Preminuo biv\u0161i japanski premijer: Imao 101 godinu - dmcsrb.com","isPartOf":{"@id":"https:\/\/dmcsrb.com\/#website"},"primaryImageOfPage":{"@id":"https:\/\/dmcsrb.com\/en\/svijet\/preminuo-bivsi-japanski-premijer-imao-101-godinu\/#primaryimage"},"image":{"@id":"https:\/\/dmcsrb.com\/en\/svijet\/preminuo-bivsi-japanski-premijer-imao-101-godinu\/#primaryimage"},"thumbnailUrl":"https:\/\/dmcsrb.com\/wp-content\/uploads\/2026\/01\/o_2032206_1024.webp","datePublished":"2025-10-17T08:49:00+00:00","author":{"@id":"https:\/\/dmcsrb.com\/#\/schema\/person\/5c39170f12db1b8b457732d0b5c854e2"},"breadcrumb":{"@id":"https:\/\/dmcsrb.com\/en\/svijet\/preminuo-bivsi-japanski-premijer-imao-101-godinu\/#breadcrumb"},"inLanguage":"en-GB","potentialAction":[{"@type":"ReadAction","target":["https:\/\/dmcsrb.com\/en\/svijet\/preminuo-bivsi-japanski-premijer-imao-101-godinu\/"]}]},{"@type":"ImageObject","inLanguage":"en-GB","@id":"https:\/\/dmcsrb.com\/en\/svijet\/preminuo-bivsi-japanski-premijer-imao-101-godinu\/#primaryimage","url":"https:\/\/dmcsrb.com\/wp-content\/uploads\/2026\/01\/o_2032206_1024.webp","contentUrl":"https:\/\/dmcsrb.com\/wp-content\/uploads\/2026\/01\/o_2032206_1024.webp","width":1024,"height":682},{"@type":"BreadcrumbList","@id":"https:\/\/dmcsrb.com\/en\/svijet\/preminuo-bivsi-japanski-premijer-imao-101-godinu\/#breadcrumb","itemListElement":[{"@type":"ListItem","position":1,"name":"Home","item":"https:\/\/dmcsrb.com\/"},{"@type":"ListItem","position":2,"name":"Preminuo biv\u0161i japanski premijer: Imao 101 godinu"}]},{"@type":"WebSite","@id":"https:\/\/dmcsrb.com\/#website","url":"https:\/\/dmcsrb.com\/","name":"dmcsrb.com","description":"","potentialAction":[{"@type":"SearchAction","target":{"@type":"EntryPoint","urlTemplate":"https:\/\/dmcsrb.com\/?s={search_term_string}"},"query-input":{"@type":"PropertyValueSpecification","valueRequired":true,"valueName":"search_term_string"}}],"inLanguage":"en-GB"},{"@type":"Person","@id":"https:\/\/dmcsrb.com\/#\/schema\/person\/5c39170f12db1b8b457732d0b5c854e2","name":"dmcsrbija.com@gmail.com","image":{"@type":"ImageObject","inLanguage":"en-GB","@id":"https:\/\/secure.gravatar.com\/avatar\/68592660ad6347fad0fb587f8d5d8f1a7b44961362f56e4f2cd524feb87e9069?s=96&d=mm&r=g","url":"https:\/\/secure.gravatar.com\/avatar\/68592660ad6347fad0fb587f8d5d8f1a7b44961362f56e4f2cd524feb87e9069?s=96&d=mm&r=g","contentUrl":"https:\/\/secure.gravatar.com\/avatar\/68592660ad6347fad0fb587f8d5d8f1a7b44961362f56e4f2cd524feb87e9069?s=96&d=mm&r=g","caption":"dmcsrbija.com@gmail.com"},"sameAs":["https:\/\/dmcsrb.com"],"url":"https:\/\/dmcsrb.com\/en\/author\/dmcsrbija-comgmail-com\/"}]}},"_links":{"self":[{"href":"https:\/\/dmcsrb.com\/en\/wp-json\/wp\/v2\/posts\/958333","targetHints":{"allow":["GET"]}}],"collection":[{"href":"https:\/\/dmcsrb.com\/en\/wp-json\/wp\/v2\/posts"}],"about":[{"href":"https:\/\/dmcsrb.com\/en\/wp-json\/wp\/v2\/types\/post"}],"author":[{"embeddable":true,"href":"https:\/\/dmcsrb.com\/en\/wp-json\/wp\/v2\/users\/1"}],"replies":[{"embeddable":true,"href":"https:\/\/dmcsrb.com\/en\/wp-json\/wp\/v2\/comments?post=958333"}],"version-history":[{"count":0,"href":"https:\/\/dmcsrb.com\/en\/wp-json\/wp\/v2\/posts\/958333\/revisions"}],"wp:featuredmedia":[{"embeddable":true,"href":"https:\/\/dmcsrb.com\/en\/wp-json\/wp\/v2\/media\/958334"}],"wp:attachment":[{"href":"https:\/\/dmcsrb.com\/en\/wp-json\/wp\/v2\/media?parent=958333"}],"wp:term":[{"taxonomy":"category","embeddable":true,"href":"https:\/\/dmcsrb.com\/en\/wp-json\/wp\/v2\/categories?post=958333"},{"taxonomy":"post_tag","embeddable":true,"href":"https:\/\/dmcsrb.com\/en\/wp-json\/wp\/v2\/tags?post=958333"},{"taxonomy":"naslovna","embeddable":true,"href":"https:\/\/dmcsrb.com\/en\/wp-json\/wp\/v2\/naslovna?post=958333"}],"curies":[{"name":"wp","href":"https:\/\/api.w.org\/{rel}","templated":true}]}}