{"id":958314,"date":"2025-10-16T19:26:00","date_gmt":"2025-10-16T17:26:00","guid":{"rendered":"https:\/\/dmcsrb.com\/uncategorized\/pocetak-sudjenja-za-pozar-u-kocanima-19-novembra\/"},"modified":"2025-10-16T19:26:00","modified_gmt":"2025-10-16T17:26:00","slug":"pocetak-sudjenja-za-pozar-u-kocanima-19-novembra","status":"publish","type":"post","link":"https:\/\/dmcsrb.com\/en\/region\/pocetak-sudjenja-za-pozar-u-kocanima-19-novembra\/","title":{"rendered":"Po\u010detak su\u0111enja za po\u017ear u Ko\u010danima 19. novembra"},"content":{"rendered":"<p><\/p>\n\n\n\n<p><\/p>\n\n\n\n<p>Su\u0111enje \u0107e biti odr\u017eano u Kazneno-popravnom zavodu Idrizovo, saop\u0161teno je danas iz Osnovnog krivi\u010dnog suda u Skoplju.<\/p>\n\n\n\n<p>Krivi\u010dni sud podsjetio da se 16. oktobra navr\u0161ava sedam mjeseci od po\u017eara u kojem su \u017eivot izgubile 63 mlade osobe, a da je povrije\u0111eno bilo vi\u0161e od 200 ljudi. Broj \u017ertava po\u017eara u Ko\u010danima pove\u0107ao se prije dva dana, kada je preminuo i muzi\u010dar Vladimir Bla\u017eev-Pan\u010do, iz grupe DNK, koji je te\u0161ko povrije\u0111en u tragediji. Preminuo je nakon 213 dana lije\u010denja u privatnoj bolnici u Skoplju.<\/p>\n\n\n\n<p>Po\u010detak su\u0111enja je, navodi se, zakazan nakon \u0161to je nadle\u017eno vije\u0107e Osnovnog krivi\u010dnog suda u Skoplju u potpunosti odobrilo optu\u017enicu koju je prvobitno podnijelo Osnovno javno tu\u017eila\u0161tvo u Ko\u010danima, koja je potom odlukom Dr\u017eavnog javnog tu\u017eioca Ljup\u010da Kocevskog dodijeljena u nadle\u017enost Osnovnog javnog tu\u017eila\u0161tva u Skoplju.<\/p>\n\n\n\n<p>Prema podacima Automatizovanog sistema za raspodjelu sudskih predmeta &#8211; AKMIS, kako je ranije saop\u0161tio Krivi\u010dni sud, predmet je dodijeljen sudiji Dijani Gruevskoj-Ilievskoj.<\/p>\n\n\n\n<p>Krivi\u010dni sud je saop\u0161tio i da je odre\u0111eno jo\u0161 \u0161est datuma za glavnu raspravu, a nakon njenog po\u010detka bi\u0107e dogovoreni dodatni datumi.<\/p>\n\n\n\n<p>Javno tu\u017eila\u0161tvo je 13. juna saop\u0161tilo da su podignute optu\u017enice protiv 34 fizi\u010dka i tri pravna lica.<\/p>\n\n\n\n<p>Svi optu\u017eeni se terete za krivi\u010dno djelo te\u0161kih zlo\u010dina protiv javne bezbjednosti, sa izuzetkom jednog, koji je optu\u017een za primanje mita za izradu la\u017enih dozvola kako bi objekat mogao da posluje kao kabare klub.<\/p>\n\n\n\n<p><\/p>","protected":false},"excerpt":{"rendered":"<p>Po\u010detak su\u0111enja optu\u017eenima za katastrofalni po\u017ear u ko\u010danskoj diskoteci Puls, kada su na licu mjesta i neposredno nakon smrtno stradale 63 osobe, najavljeno je za srijedu, 19. novembra.<\/p>","protected":false},"author":1,"featured_media":955610,"comment_status":"open","ping_status":"open","sticky":false,"template":"","format":"standard","meta":{"_acf_changed":false,"footnotes":""},"categories":[103],"tags":[8308,1221],"naslovna":[],"class_list":["post-958314","post","type-post","status-publish","format-standard","has-post-thumbnail","hentry","category-region","tag-kocani","tag-sudjenje"],"acf":[],"yoast_head":"<!-- This site is optimized with the Yoast SEO plugin v27.0 - https:\/\/yoast.com\/product\/yoast-seo-wordpress\/ -->\n<title>Po\u010detak su\u0111enja za po\u017ear u Ko\u010danima 19. novembra - dmcsrb.com<\/title>\n<meta name=\"robots\" content=\"index, follow, max-snippet:-1, max-image-preview:large, max-video-preview:-1\" \/>\n<link rel=\"canonical\" href=\"https:\/\/dmcsrb.com\/en\/region\/pocetak-sudjenja-za-pozar-u-kocanima-19-novembra\/\" \/>\n<meta property=\"og:locale\" content=\"en_GB\" \/>\n<meta property=\"og:type\" content=\"article\" \/>\n<meta property=\"og:title\" content=\"Po\u010detak su\u0111enja za po\u017ear u Ko\u010danima 19. novembra - dmcsrb.com\" \/>\n<meta property=\"og:description\" content=\"Po\u010detak su\u0111enja optu\u017eenima za katastrofalni po\u017ear u ko\u010danskoj diskoteci Puls, kada su na licu mjesta i neposredno nakon smrtno stradale 63 osobe, najavljeno je za srijedu, 19. novembra.\" \/>\n<meta property=\"og:url\" content=\"https:\/\/dmcsrb.com\/en\/region\/pocetak-sudjenja-za-pozar-u-kocanima-19-novembra\/\" \/>\n<meta property=\"og:site_name\" content=\"dmcsrb.com\" \/>\n<meta property=\"article:published_time\" content=\"2025-10-16T17:26:00+00:00\" \/>\n<meta property=\"og:image\" content=\"https:\/\/dmcsrb.com\/wp-content\/uploads\/2026\/01\/Kocani-2-1000x555-1.webp\" \/>\n\t<meta property=\"og:image:width\" content=\"1000\" \/>\n\t<meta property=\"og:image:height\" content=\"555\" \/>\n\t<meta property=\"og:image:type\" content=\"image\/jpeg\" \/>\n<meta name=\"author\" content=\"dmcsrbija.com@gmail.com\" \/>\n<meta name=\"twitter:card\" content=\"summary_large_image\" \/>\n<meta name=\"twitter:label1\" content=\"Written by\" \/>\n\t<meta name=\"twitter:data1\" content=\"dmcsrbija.com@gmail.com\" \/>\n\t<meta name=\"twitter:label2\" content=\"Estimated reading time\" \/>\n\t<meta name=\"twitter:data2\" content=\"1 minute\" \/>\n<script type=\"application\/ld+json\" class=\"yoast-schema-graph\">{\"@context\":\"https:\/\/schema.org\",\"@graph\":[{\"@type\":\"Article\",\"@id\":\"https:\/\/dmcsrb.com\/en\/region\/pocetak-sudjenja-za-pozar-u-kocanima-19-novembra\/#article\",\"isPartOf\":{\"@id\":\"https:\/\/dmcsrb.com\/en\/region\/pocetak-sudjenja-za-pozar-u-kocanima-19-novembra\/\"},\"author\":{\"name\":\"dmcsrbija.com@gmail.com\",\"@id\":\"https:\/\/dmcsrb.com\/#\/schema\/person\/5c39170f12db1b8b457732d0b5c854e2\"},\"headline\":\"Po\u010detak su\u0111enja za po\u017ear u Ko\u010danima 19. novembra\",\"datePublished\":\"2025-10-16T17:26:00+00:00\",\"mainEntityOfPage\":{\"@id\":\"https:\/\/dmcsrb.com\/en\/region\/pocetak-sudjenja-za-pozar-u-kocanima-19-novembra\/\"},\"wordCount\":280,\"commentCount\":0,\"image\":{\"@id\":\"https:\/\/dmcsrb.com\/en\/region\/pocetak-sudjenja-za-pozar-u-kocanima-19-novembra\/#primaryimage\"},\"thumbnailUrl\":\"https:\/\/dmcsrb.com\/wp-content\/uploads\/2026\/01\/Kocani-2-1000x555-1.webp\",\"keywords\":[\"Ko\u0107ani\",\"su\u0111enje\"],\"articleSection\":[\"Region\"],\"inLanguage\":\"en-GB\",\"potentialAction\":[{\"@type\":\"CommentAction\",\"name\":\"Comment\",\"target\":[\"https:\/\/dmcsrb.com\/en\/region\/pocetak-sudjenja-za-pozar-u-kocanima-19-novembra\/#respond\"]}]},{\"@type\":\"WebPage\",\"@id\":\"https:\/\/dmcsrb.com\/en\/region\/pocetak-sudjenja-za-pozar-u-kocanima-19-novembra\/\",\"url\":\"https:\/\/dmcsrb.com\/en\/region\/pocetak-sudjenja-za-pozar-u-kocanima-19-novembra\/\",\"name\":\"Po\u010detak su\u0111enja za po\u017ear u Ko\u010danima 19. novembra - dmcsrb.com\",\"isPartOf\":{\"@id\":\"https:\/\/dmcsrb.com\/#website\"},\"primaryImageOfPage\":{\"@id\":\"https:\/\/dmcsrb.com\/en\/region\/pocetak-sudjenja-za-pozar-u-kocanima-19-novembra\/#primaryimage\"},\"image\":{\"@id\":\"https:\/\/dmcsrb.com\/en\/region\/pocetak-sudjenja-za-pozar-u-kocanima-19-novembra\/#primaryimage\"},\"thumbnailUrl\":\"https:\/\/dmcsrb.com\/wp-content\/uploads\/2026\/01\/Kocani-2-1000x555-1.webp\",\"datePublished\":\"2025-10-16T17:26:00+00:00\",\"author\":{\"@id\":\"https:\/\/dmcsrb.com\/#\/schema\/person\/5c39170f12db1b8b457732d0b5c854e2\"},\"breadcrumb\":{\"@id\":\"https:\/\/dmcsrb.com\/en\/region\/pocetak-sudjenja-za-pozar-u-kocanima-19-novembra\/#breadcrumb\"},\"inLanguage\":\"en-GB\",\"potentialAction\":[{\"@type\":\"ReadAction\",\"target\":[\"https:\/\/dmcsrb.com\/en\/region\/pocetak-sudjenja-za-pozar-u-kocanima-19-novembra\/\"]}]},{\"@type\":\"ImageObject\",\"inLanguage\":\"en-GB\",\"@id\":\"https:\/\/dmcsrb.com\/en\/region\/pocetak-sudjenja-za-pozar-u-kocanima-19-novembra\/#primaryimage\",\"url\":\"https:\/\/dmcsrb.com\/wp-content\/uploads\/2026\/01\/Kocani-2-1000x555-1.webp\",\"contentUrl\":\"https:\/\/dmcsrb.com\/wp-content\/uploads\/2026\/01\/Kocani-2-1000x555-1.webp\",\"width\":1000,\"height\":555},{\"@type\":\"BreadcrumbList\",\"@id\":\"https:\/\/dmcsrb.com\/en\/region\/pocetak-sudjenja-za-pozar-u-kocanima-19-novembra\/#breadcrumb\",\"itemListElement\":[{\"@type\":\"ListItem\",\"position\":1,\"name\":\"Home\",\"item\":\"https:\/\/dmcsrb.com\/\"},{\"@type\":\"ListItem\",\"position\":2,\"name\":\"Po\u010detak su\u0111enja za po\u017ear u Ko\u010danima 19. novembra\"}]},{\"@type\":\"WebSite\",\"@id\":\"https:\/\/dmcsrb.com\/#website\",\"url\":\"https:\/\/dmcsrb.com\/\",\"name\":\"dmcsrb.com\",\"description\":\"\",\"potentialAction\":[{\"@type\":\"SearchAction\",\"target\":{\"@type\":\"EntryPoint\",\"urlTemplate\":\"https:\/\/dmcsrb.com\/?s={search_term_string}\"},\"query-input\":{\"@type\":\"PropertyValueSpecification\",\"valueRequired\":true,\"valueName\":\"search_term_string\"}}],\"inLanguage\":\"en-GB\"},{\"@type\":\"Person\",\"@id\":\"https:\/\/dmcsrb.com\/#\/schema\/person\/5c39170f12db1b8b457732d0b5c854e2\",\"name\":\"dmcsrbija.com@gmail.com\",\"image\":{\"@type\":\"ImageObject\",\"inLanguage\":\"en-GB\",\"@id\":\"https:\/\/dmcsrb.com\/#\/schema\/person\/image\/\",\"url\":\"https:\/\/secure.gravatar.com\/avatar\/68592660ad6347fad0fb587f8d5d8f1a7b44961362f56e4f2cd524feb87e9069?s=96&d=mm&r=g\",\"contentUrl\":\"https:\/\/secure.gravatar.com\/avatar\/68592660ad6347fad0fb587f8d5d8f1a7b44961362f56e4f2cd524feb87e9069?s=96&d=mm&r=g\",\"caption\":\"dmcsrbija.com@gmail.com\"},\"sameAs\":[\"https:\/\/dmcsrb.com\"],\"url\":\"https:\/\/dmcsrb.com\/en\/author\/dmcsrbija-comgmail-com\/\"}]}<\/script>\n<!-- \/ Yoast SEO plugin. -->","yoast_head_json":{"title":"Po\u010detak su\u0111enja za po\u017ear u Ko\u010danima 19. novembra - dmcsrb.com","robots":{"index":"index","follow":"follow","max-snippet":"max-snippet:-1","max-image-preview":"max-image-preview:large","max-video-preview":"max-video-preview:-1"},"canonical":"https:\/\/dmcsrb.com\/en\/region\/pocetak-sudjenja-za-pozar-u-kocanima-19-novembra\/","og_locale":"en_GB","og_type":"article","og_title":"Po\u010detak su\u0111enja za po\u017ear u Ko\u010danima 19. novembra - dmcsrb.com","og_description":"Po\u010detak su\u0111enja optu\u017eenima za katastrofalni po\u017ear u ko\u010danskoj diskoteci Puls, kada su na licu mjesta i neposredno nakon smrtno stradale 63 osobe, najavljeno je za srijedu, 19. novembra.","og_url":"https:\/\/dmcsrb.com\/en\/region\/pocetak-sudjenja-za-pozar-u-kocanima-19-novembra\/","og_site_name":"dmcsrb.com","article_published_time":"2025-10-16T17:26:00+00:00","og_image":[{"width":1000,"height":555,"url":"https:\/\/dmcsrb.com\/wp-content\/uploads\/2026\/01\/Kocani-2-1000x555-1.webp","type":"image\/jpeg"}],"author":"dmcsrbija.com@gmail.com","twitter_card":"summary_large_image","twitter_misc":{"Written by":"dmcsrbija.com@gmail.com","Estimated reading time":"1 minute"},"schema":{"@context":"https:\/\/schema.org","@graph":[{"@type":"Article","@id":"https:\/\/dmcsrb.com\/en\/region\/pocetak-sudjenja-za-pozar-u-kocanima-19-novembra\/#article","isPartOf":{"@id":"https:\/\/dmcsrb.com\/en\/region\/pocetak-sudjenja-za-pozar-u-kocanima-19-novembra\/"},"author":{"name":"dmcsrbija.com@gmail.com","@id":"https:\/\/dmcsrb.com\/#\/schema\/person\/5c39170f12db1b8b457732d0b5c854e2"},"headline":"Po\u010detak su\u0111enja za po\u017ear u Ko\u010danima 19. novembra","datePublished":"2025-10-16T17:26:00+00:00","mainEntityOfPage":{"@id":"https:\/\/dmcsrb.com\/en\/region\/pocetak-sudjenja-za-pozar-u-kocanima-19-novembra\/"},"wordCount":280,"commentCount":0,"image":{"@id":"https:\/\/dmcsrb.com\/en\/region\/pocetak-sudjenja-za-pozar-u-kocanima-19-novembra\/#primaryimage"},"thumbnailUrl":"https:\/\/dmcsrb.com\/wp-content\/uploads\/2026\/01\/Kocani-2-1000x555-1.webp","keywords":["Ko\u0107ani","su\u0111enje"],"articleSection":["Region"],"inLanguage":"en-GB","potentialAction":[{"@type":"CommentAction","name":"Comment","target":["https:\/\/dmcsrb.com\/en\/region\/pocetak-sudjenja-za-pozar-u-kocanima-19-novembra\/#respond"]}]},{"@type":"WebPage","@id":"https:\/\/dmcsrb.com\/en\/region\/pocetak-sudjenja-za-pozar-u-kocanima-19-novembra\/","url":"https:\/\/dmcsrb.com\/en\/region\/pocetak-sudjenja-za-pozar-u-kocanima-19-novembra\/","name":"Po\u010detak su\u0111enja za po\u017ear u Ko\u010danima 19. novembra - dmcsrb.com","isPartOf":{"@id":"https:\/\/dmcsrb.com\/#website"},"primaryImageOfPage":{"@id":"https:\/\/dmcsrb.com\/en\/region\/pocetak-sudjenja-za-pozar-u-kocanima-19-novembra\/#primaryimage"},"image":{"@id":"https:\/\/dmcsrb.com\/en\/region\/pocetak-sudjenja-za-pozar-u-kocanima-19-novembra\/#primaryimage"},"thumbnailUrl":"https:\/\/dmcsrb.com\/wp-content\/uploads\/2026\/01\/Kocani-2-1000x555-1.webp","datePublished":"2025-10-16T17:26:00+00:00","author":{"@id":"https:\/\/dmcsrb.com\/#\/schema\/person\/5c39170f12db1b8b457732d0b5c854e2"},"breadcrumb":{"@id":"https:\/\/dmcsrb.com\/en\/region\/pocetak-sudjenja-za-pozar-u-kocanima-19-novembra\/#breadcrumb"},"inLanguage":"en-GB","potentialAction":[{"@type":"ReadAction","target":["https:\/\/dmcsrb.com\/en\/region\/pocetak-sudjenja-za-pozar-u-kocanima-19-novembra\/"]}]},{"@type":"ImageObject","inLanguage":"en-GB","@id":"https:\/\/dmcsrb.com\/en\/region\/pocetak-sudjenja-za-pozar-u-kocanima-19-novembra\/#primaryimage","url":"https:\/\/dmcsrb.com\/wp-content\/uploads\/2026\/01\/Kocani-2-1000x555-1.webp","contentUrl":"https:\/\/dmcsrb.com\/wp-content\/uploads\/2026\/01\/Kocani-2-1000x555-1.webp","width":1000,"height":555},{"@type":"BreadcrumbList","@id":"https:\/\/dmcsrb.com\/en\/region\/pocetak-sudjenja-za-pozar-u-kocanima-19-novembra\/#breadcrumb","itemListElement":[{"@type":"ListItem","position":1,"name":"Home","item":"https:\/\/dmcsrb.com\/"},{"@type":"ListItem","position":2,"name":"Po\u010detak su\u0111enja za po\u017ear u Ko\u010danima 19. novembra"}]},{"@type":"WebSite","@id":"https:\/\/dmcsrb.com\/#website","url":"https:\/\/dmcsrb.com\/","name":"dmcsrb.com","description":"","potentialAction":[{"@type":"SearchAction","target":{"@type":"EntryPoint","urlTemplate":"https:\/\/dmcsrb.com\/?s={search_term_string}"},"query-input":{"@type":"PropertyValueSpecification","valueRequired":true,"valueName":"search_term_string"}}],"inLanguage":"en-GB"},{"@type":"Person","@id":"https:\/\/dmcsrb.com\/#\/schema\/person\/5c39170f12db1b8b457732d0b5c854e2","name":"dmcsrbija.com@gmail.com","image":{"@type":"ImageObject","inLanguage":"en-GB","@id":"https:\/\/dmcsrb.com\/#\/schema\/person\/image\/","url":"https:\/\/secure.gravatar.com\/avatar\/68592660ad6347fad0fb587f8d5d8f1a7b44961362f56e4f2cd524feb87e9069?s=96&d=mm&r=g","contentUrl":"https:\/\/secure.gravatar.com\/avatar\/68592660ad6347fad0fb587f8d5d8f1a7b44961362f56e4f2cd524feb87e9069?s=96&d=mm&r=g","caption":"dmcsrbija.com@gmail.com"},"sameAs":["https:\/\/dmcsrb.com"],"url":"https:\/\/dmcsrb.com\/en\/author\/dmcsrbija-comgmail-com\/"}]}},"_links":{"self":[{"href":"https:\/\/dmcsrb.com\/en\/wp-json\/wp\/v2\/posts\/958314","targetHints":{"allow":["GET"]}}],"collection":[{"href":"https:\/\/dmcsrb.com\/en\/wp-json\/wp\/v2\/posts"}],"about":[{"href":"https:\/\/dmcsrb.com\/en\/wp-json\/wp\/v2\/types\/post"}],"author":[{"embeddable":true,"href":"https:\/\/dmcsrb.com\/en\/wp-json\/wp\/v2\/users\/1"}],"replies":[{"embeddable":true,"href":"https:\/\/dmcsrb.com\/en\/wp-json\/wp\/v2\/comments?post=958314"}],"version-history":[{"count":0,"href":"https:\/\/dmcsrb.com\/en\/wp-json\/wp\/v2\/posts\/958314\/revisions"}],"wp:featuredmedia":[{"embeddable":true,"href":"https:\/\/dmcsrb.com\/en\/wp-json\/wp\/v2\/media\/955610"}],"wp:attachment":[{"href":"https:\/\/dmcsrb.com\/en\/wp-json\/wp\/v2\/media?parent=958314"}],"wp:term":[{"taxonomy":"category","embeddable":true,"href":"https:\/\/dmcsrb.com\/en\/wp-json\/wp\/v2\/categories?post=958314"},{"taxonomy":"post_tag","embeddable":true,"href":"https:\/\/dmcsrb.com\/en\/wp-json\/wp\/v2\/tags?post=958314"},{"taxonomy":"naslovna","embeddable":true,"href":"https:\/\/dmcsrb.com\/en\/wp-json\/wp\/v2\/naslovna?post=958314"}],"curies":[{"name":"wp","href":"https:\/\/api.w.org\/{rel}","templated":true}]}}