{"id":958307,"date":"2025-10-16T19:21:00","date_gmt":"2025-10-16T17:21:00","guid":{"rendered":"https:\/\/dmcsrb.com\/uncategorized\/poraz-na-evropskom-debiju-buducnost-pala-u-atini\/"},"modified":"2025-10-16T19:21:00","modified_gmt":"2025-10-16T17:21:00","slug":"poraz-na-evropskom-debiju-buducnost-pala-u-atini","status":"publish","type":"post","link":"https:\/\/dmcsrb.com\/en\/sport\/poraz-na-evropskom-debiju-buducnost-pala-u-atini\/","title":{"rendered":"Poraz na evropskom debiju: Budu\u0107nost pala u Atini"},"content":{"rendered":"<p>Doma\u0107in je poveo 3:0, dok je prvi gol na me\u0111unardnoj sceni za Budu\u0107nost postigao Darko Brguljan. Do kraja uvodne dionice vi\u0111en je po gol na obje strane, a pobjednik se mogao naslutiti ve\u0107 na poluvremenu kada je semafor pokazivao 8:3 u korist gr\u010dke ekipe.<\/p>\n\n\n\n<p>Podgori\u010dani su pokazali reakciju u tre\u0107oj \u010detvrtini, kada su pri\u0161li na 10:7, me\u0111utim PAO je odgovorio sa \u0161est vezanih golova i prelomio utakmicu. <\/p>\n\n\n\n<p>Najefikasniji kod pobjednika bio je Konstantinos Gjuvecis sa pet golova. <\/p>\n\n\n\n<p>Na drugoj strani Darko Brguljan je bio bolji od ostalih sa \u010detiri pogotka. Po dva manje postigli su David Stevovi\u0107 i Marko Bo\u0161kovi\u0107.<\/p>\n\n\n\n<p>Budu\u0107nost u narednom kolu, 30. oktobra do\u010dekuje Vuljagmeni u &#8220;M:tel dvorani Mora\u010da&#8221;, dok je prije toga o\u010dekuju me\u010devi sa Jadranom u Hercegom Novom i Crvenom zvezdom kod ku\u0107e u Regionalnoj ligi.<\/p>","protected":false},"excerpt":{"rendered":"<p>Vaterpolisti Budu\u0107nosti One porazom su otvorili debitantski nastup u Evropi \u2013 tim Aleksandra Aleksi\u0107a izgubio je od Panatinaikosa u Atini (16:8, po \u010detvrtinama: 4:2, 4:1, 4:4, 4:1) u prvom kolu grupe C Evrokupa.<\/p>","protected":false},"author":1,"featured_media":958308,"comment_status":"open","ping_status":"open","sticky":false,"template":"","format":"standard","meta":{"_acf_changed":false,"footnotes":""},"categories":[148],"tags":[928,671,10487],"naslovna":[],"class_list":["post-958307","post","type-post","status-publish","format-standard","has-post-thumbnail","hentry","category-sport","tag-evrokup","tag-panatinaikos","tag-pvk-buducnost"],"acf":[],"yoast_head":"<!-- This site is optimized with the Yoast SEO plugin v27.4 - https:\/\/yoast.com\/product\/yoast-seo-wordpress\/ -->\n<title>Poraz na evropskom debiju: Budu\u0107nost pala u Atini - dmcsrb.com<\/title>\n<meta name=\"robots\" content=\"index, follow, max-snippet:-1, max-image-preview:large, max-video-preview:-1\" \/>\n<link rel=\"canonical\" href=\"https:\/\/dmcsrb.com\/en\/sport\/poraz-na-evropskom-debiju-buducnost-pala-u-atini\/\" \/>\n<meta property=\"og:locale\" content=\"en_GB\" \/>\n<meta property=\"og:type\" content=\"article\" \/>\n<meta property=\"og:title\" content=\"Poraz na evropskom debiju: Budu\u0107nost pala u Atini - dmcsrb.com\" \/>\n<meta property=\"og:description\" content=\"Vaterpolisti Budu\u0107nosti One porazom su otvorili debitantski nastup u Evropi \u2013 tim Aleksandra Aleksi\u0107a izgubio je od Panatinaikosa u Atini (16:8, po \u010detvrtinama: 4:2, 4:1, 4:4, 4:1) u prvom kolu grupe C Evrokupa.\" \/>\n<meta property=\"og:url\" content=\"https:\/\/dmcsrb.com\/en\/sport\/poraz-na-evropskom-debiju-buducnost-pala-u-atini\/\" \/>\n<meta property=\"og:site_name\" content=\"dmcsrb.com\" \/>\n<meta property=\"article:published_time\" content=\"2025-10-16T17:21:00+00:00\" \/>\n<meta property=\"og:image\" content=\"https:\/\/dmcsrb.com\/wp-content\/uploads\/2026\/01\/Buducnost-PVK-Buducnost-Filip-Roganovic.webp\" \/>\n\t<meta property=\"og:image:width\" content=\"1000\" \/>\n\t<meta property=\"og:image:height\" content=\"666\" \/>\n\t<meta property=\"og:image:type\" content=\"image\/jpeg\" \/>\n<meta name=\"author\" content=\"dmcsrbija.com@gmail.com\" \/>\n<meta name=\"twitter:card\" content=\"summary_large_image\" \/>\n<meta name=\"twitter:label1\" content=\"Written by\" \/>\n\t<meta name=\"twitter:data1\" content=\"dmcsrbija.com@gmail.com\" \/>\n\t<meta name=\"twitter:label2\" content=\"Estimated reading time\" \/>\n\t<meta name=\"twitter:data2\" content=\"1 minute\" \/>\n<script type=\"application\/ld+json\" class=\"yoast-schema-graph\">{\"@context\":\"https:\\\/\\\/schema.org\",\"@graph\":[{\"@type\":\"Article\",\"@id\":\"https:\\\/\\\/dmcsrb.com\\\/sport\\\/poraz-na-evropskom-debiju-buducnost-pala-u-atini\\\/#article\",\"isPartOf\":{\"@id\":\"https:\\\/\\\/dmcsrb.com\\\/sport\\\/poraz-na-evropskom-debiju-buducnost-pala-u-atini\\\/\"},\"author\":{\"name\":\"dmcsrbija.com@gmail.com\",\"@id\":\"https:\\\/\\\/dmcsrb.com\\\/#\\\/schema\\\/person\\\/5c39170f12db1b8b457732d0b5c854e2\"},\"headline\":\"Poraz na evropskom debiju: Budu\u0107nost pala u Atini\",\"datePublished\":\"2025-10-16T17:21:00+00:00\",\"mainEntityOfPage\":{\"@id\":\"https:\\\/\\\/dmcsrb.com\\\/sport\\\/poraz-na-evropskom-debiju-buducnost-pala-u-atini\\\/\"},\"wordCount\":153,\"commentCount\":0,\"image\":{\"@id\":\"https:\\\/\\\/dmcsrb.com\\\/sport\\\/poraz-na-evropskom-debiju-buducnost-pala-u-atini\\\/#primaryimage\"},\"thumbnailUrl\":\"https:\\\/\\\/dmcsrb.com\\\/wp-content\\\/uploads\\\/2026\\\/01\\\/Buducnost-PVK-Buducnost-Filip-Roganovic.webp\",\"keywords\":[\"evrokup\",\"Panatinaikos\",\"PVK Budu\u0107nost\"],\"articleSection\":[\"Sport\"],\"inLanguage\":\"en-GB\",\"potentialAction\":[{\"@type\":\"CommentAction\",\"name\":\"Comment\",\"target\":[\"https:\\\/\\\/dmcsrb.com\\\/sport\\\/poraz-na-evropskom-debiju-buducnost-pala-u-atini\\\/#respond\"]}]},{\"@type\":\"WebPage\",\"@id\":\"https:\\\/\\\/dmcsrb.com\\\/sport\\\/poraz-na-evropskom-debiju-buducnost-pala-u-atini\\\/\",\"url\":\"https:\\\/\\\/dmcsrb.com\\\/sport\\\/poraz-na-evropskom-debiju-buducnost-pala-u-atini\\\/\",\"name\":\"Poraz na evropskom debiju: Budu\u0107nost pala u Atini - dmcsrb.com\",\"isPartOf\":{\"@id\":\"https:\\\/\\\/dmcsrb.com\\\/#website\"},\"primaryImageOfPage\":{\"@id\":\"https:\\\/\\\/dmcsrb.com\\\/sport\\\/poraz-na-evropskom-debiju-buducnost-pala-u-atini\\\/#primaryimage\"},\"image\":{\"@id\":\"https:\\\/\\\/dmcsrb.com\\\/sport\\\/poraz-na-evropskom-debiju-buducnost-pala-u-atini\\\/#primaryimage\"},\"thumbnailUrl\":\"https:\\\/\\\/dmcsrb.com\\\/wp-content\\\/uploads\\\/2026\\\/01\\\/Buducnost-PVK-Buducnost-Filip-Roganovic.webp\",\"datePublished\":\"2025-10-16T17:21:00+00:00\",\"author\":{\"@id\":\"https:\\\/\\\/dmcsrb.com\\\/#\\\/schema\\\/person\\\/5c39170f12db1b8b457732d0b5c854e2\"},\"breadcrumb\":{\"@id\":\"https:\\\/\\\/dmcsrb.com\\\/sport\\\/poraz-na-evropskom-debiju-buducnost-pala-u-atini\\\/#breadcrumb\"},\"inLanguage\":\"en-GB\",\"potentialAction\":[{\"@type\":\"ReadAction\",\"target\":[\"https:\\\/\\\/dmcsrb.com\\\/sport\\\/poraz-na-evropskom-debiju-buducnost-pala-u-atini\\\/\"]}]},{\"@type\":\"ImageObject\",\"inLanguage\":\"en-GB\",\"@id\":\"https:\\\/\\\/dmcsrb.com\\\/sport\\\/poraz-na-evropskom-debiju-buducnost-pala-u-atini\\\/#primaryimage\",\"url\":\"https:\\\/\\\/dmcsrb.com\\\/wp-content\\\/uploads\\\/2026\\\/01\\\/Buducnost-PVK-Buducnost-Filip-Roganovic.webp\",\"contentUrl\":\"https:\\\/\\\/dmcsrb.com\\\/wp-content\\\/uploads\\\/2026\\\/01\\\/Buducnost-PVK-Buducnost-Filip-Roganovic.webp\",\"width\":1000,\"height\":666},{\"@type\":\"BreadcrumbList\",\"@id\":\"https:\\\/\\\/dmcsrb.com\\\/sport\\\/poraz-na-evropskom-debiju-buducnost-pala-u-atini\\\/#breadcrumb\",\"itemListElement\":[{\"@type\":\"ListItem\",\"position\":1,\"name\":\"Home\",\"item\":\"https:\\\/\\\/dmcsrb.com\\\/\"},{\"@type\":\"ListItem\",\"position\":2,\"name\":\"Poraz na evropskom debiju: Budu\u0107nost pala u Atini\"}]},{\"@type\":\"WebSite\",\"@id\":\"https:\\\/\\\/dmcsrb.com\\\/#website\",\"url\":\"https:\\\/\\\/dmcsrb.com\\\/\",\"name\":\"dmcsrb.com\",\"description\":\"\",\"potentialAction\":[{\"@type\":\"SearchAction\",\"target\":{\"@type\":\"EntryPoint\",\"urlTemplate\":\"https:\\\/\\\/dmcsrb.com\\\/?s={search_term_string}\"},\"query-input\":{\"@type\":\"PropertyValueSpecification\",\"valueRequired\":true,\"valueName\":\"search_term_string\"}}],\"inLanguage\":\"en-GB\"},{\"@type\":\"Person\",\"@id\":\"https:\\\/\\\/dmcsrb.com\\\/#\\\/schema\\\/person\\\/5c39170f12db1b8b457732d0b5c854e2\",\"name\":\"dmcsrbija.com@gmail.com\",\"image\":{\"@type\":\"ImageObject\",\"inLanguage\":\"en-GB\",\"@id\":\"https:\\\/\\\/secure.gravatar.com\\\/avatar\\\/68592660ad6347fad0fb587f8d5d8f1a7b44961362f56e4f2cd524feb87e9069?s=96&d=mm&r=g\",\"url\":\"https:\\\/\\\/secure.gravatar.com\\\/avatar\\\/68592660ad6347fad0fb587f8d5d8f1a7b44961362f56e4f2cd524feb87e9069?s=96&d=mm&r=g\",\"contentUrl\":\"https:\\\/\\\/secure.gravatar.com\\\/avatar\\\/68592660ad6347fad0fb587f8d5d8f1a7b44961362f56e4f2cd524feb87e9069?s=96&d=mm&r=g\",\"caption\":\"dmcsrbija.com@gmail.com\"},\"sameAs\":[\"https:\\\/\\\/dmcsrb.com\"],\"url\":\"https:\\\/\\\/dmcsrb.com\\\/en\\\/author\\\/dmcsrbija-comgmail-com\\\/\"}]}<\/script>\n<!-- \/ Yoast SEO plugin. -->","yoast_head_json":{"title":"Poraz na evropskom debiju: Budu\u0107nost pala u Atini - dmcsrb.com","robots":{"index":"index","follow":"follow","max-snippet":"max-snippet:-1","max-image-preview":"max-image-preview:large","max-video-preview":"max-video-preview:-1"},"canonical":"https:\/\/dmcsrb.com\/en\/sport\/poraz-na-evropskom-debiju-buducnost-pala-u-atini\/","og_locale":"en_GB","og_type":"article","og_title":"Poraz na evropskom debiju: Budu\u0107nost pala u Atini - dmcsrb.com","og_description":"Vaterpolisti Budu\u0107nosti One porazom su otvorili debitantski nastup u Evropi \u2013 tim Aleksandra Aleksi\u0107a izgubio je od Panatinaikosa u Atini (16:8, po \u010detvrtinama: 4:2, 4:1, 4:4, 4:1) u prvom kolu grupe C Evrokupa.","og_url":"https:\/\/dmcsrb.com\/en\/sport\/poraz-na-evropskom-debiju-buducnost-pala-u-atini\/","og_site_name":"dmcsrb.com","article_published_time":"2025-10-16T17:21:00+00:00","og_image":[{"width":1000,"height":666,"url":"https:\/\/dmcsrb.com\/wp-content\/uploads\/2026\/01\/Buducnost-PVK-Buducnost-Filip-Roganovic.webp","type":"image\/jpeg"}],"author":"dmcsrbija.com@gmail.com","twitter_card":"summary_large_image","twitter_misc":{"Written by":"dmcsrbija.com@gmail.com","Estimated reading time":"1 minute"},"schema":{"@context":"https:\/\/schema.org","@graph":[{"@type":"Article","@id":"https:\/\/dmcsrb.com\/sport\/poraz-na-evropskom-debiju-buducnost-pala-u-atini\/#article","isPartOf":{"@id":"https:\/\/dmcsrb.com\/sport\/poraz-na-evropskom-debiju-buducnost-pala-u-atini\/"},"author":{"name":"dmcsrbija.com@gmail.com","@id":"https:\/\/dmcsrb.com\/#\/schema\/person\/5c39170f12db1b8b457732d0b5c854e2"},"headline":"Poraz na evropskom debiju: Budu\u0107nost pala u Atini","datePublished":"2025-10-16T17:21:00+00:00","mainEntityOfPage":{"@id":"https:\/\/dmcsrb.com\/sport\/poraz-na-evropskom-debiju-buducnost-pala-u-atini\/"},"wordCount":153,"commentCount":0,"image":{"@id":"https:\/\/dmcsrb.com\/sport\/poraz-na-evropskom-debiju-buducnost-pala-u-atini\/#primaryimage"},"thumbnailUrl":"https:\/\/dmcsrb.com\/wp-content\/uploads\/2026\/01\/Buducnost-PVK-Buducnost-Filip-Roganovic.webp","keywords":["evrokup","Panatinaikos","PVK Budu\u0107nost"],"articleSection":["Sport"],"inLanguage":"en-GB","potentialAction":[{"@type":"CommentAction","name":"Comment","target":["https:\/\/dmcsrb.com\/sport\/poraz-na-evropskom-debiju-buducnost-pala-u-atini\/#respond"]}]},{"@type":"WebPage","@id":"https:\/\/dmcsrb.com\/sport\/poraz-na-evropskom-debiju-buducnost-pala-u-atini\/","url":"https:\/\/dmcsrb.com\/sport\/poraz-na-evropskom-debiju-buducnost-pala-u-atini\/","name":"Poraz na evropskom debiju: Budu\u0107nost pala u Atini - dmcsrb.com","isPartOf":{"@id":"https:\/\/dmcsrb.com\/#website"},"primaryImageOfPage":{"@id":"https:\/\/dmcsrb.com\/sport\/poraz-na-evropskom-debiju-buducnost-pala-u-atini\/#primaryimage"},"image":{"@id":"https:\/\/dmcsrb.com\/sport\/poraz-na-evropskom-debiju-buducnost-pala-u-atini\/#primaryimage"},"thumbnailUrl":"https:\/\/dmcsrb.com\/wp-content\/uploads\/2026\/01\/Buducnost-PVK-Buducnost-Filip-Roganovic.webp","datePublished":"2025-10-16T17:21:00+00:00","author":{"@id":"https:\/\/dmcsrb.com\/#\/schema\/person\/5c39170f12db1b8b457732d0b5c854e2"},"breadcrumb":{"@id":"https:\/\/dmcsrb.com\/sport\/poraz-na-evropskom-debiju-buducnost-pala-u-atini\/#breadcrumb"},"inLanguage":"en-GB","potentialAction":[{"@type":"ReadAction","target":["https:\/\/dmcsrb.com\/sport\/poraz-na-evropskom-debiju-buducnost-pala-u-atini\/"]}]},{"@type":"ImageObject","inLanguage":"en-GB","@id":"https:\/\/dmcsrb.com\/sport\/poraz-na-evropskom-debiju-buducnost-pala-u-atini\/#primaryimage","url":"https:\/\/dmcsrb.com\/wp-content\/uploads\/2026\/01\/Buducnost-PVK-Buducnost-Filip-Roganovic.webp","contentUrl":"https:\/\/dmcsrb.com\/wp-content\/uploads\/2026\/01\/Buducnost-PVK-Buducnost-Filip-Roganovic.webp","width":1000,"height":666},{"@type":"BreadcrumbList","@id":"https:\/\/dmcsrb.com\/sport\/poraz-na-evropskom-debiju-buducnost-pala-u-atini\/#breadcrumb","itemListElement":[{"@type":"ListItem","position":1,"name":"Home","item":"https:\/\/dmcsrb.com\/"},{"@type":"ListItem","position":2,"name":"Poraz na evropskom debiju: Budu\u0107nost pala u Atini"}]},{"@type":"WebSite","@id":"https:\/\/dmcsrb.com\/#website","url":"https:\/\/dmcsrb.com\/","name":"dmcsrb.com","description":"","potentialAction":[{"@type":"SearchAction","target":{"@type":"EntryPoint","urlTemplate":"https:\/\/dmcsrb.com\/?s={search_term_string}"},"query-input":{"@type":"PropertyValueSpecification","valueRequired":true,"valueName":"search_term_string"}}],"inLanguage":"en-GB"},{"@type":"Person","@id":"https:\/\/dmcsrb.com\/#\/schema\/person\/5c39170f12db1b8b457732d0b5c854e2","name":"dmcsrbija.com@gmail.com","image":{"@type":"ImageObject","inLanguage":"en-GB","@id":"https:\/\/secure.gravatar.com\/avatar\/68592660ad6347fad0fb587f8d5d8f1a7b44961362f56e4f2cd524feb87e9069?s=96&d=mm&r=g","url":"https:\/\/secure.gravatar.com\/avatar\/68592660ad6347fad0fb587f8d5d8f1a7b44961362f56e4f2cd524feb87e9069?s=96&d=mm&r=g","contentUrl":"https:\/\/secure.gravatar.com\/avatar\/68592660ad6347fad0fb587f8d5d8f1a7b44961362f56e4f2cd524feb87e9069?s=96&d=mm&r=g","caption":"dmcsrbija.com@gmail.com"},"sameAs":["https:\/\/dmcsrb.com"],"url":"https:\/\/dmcsrb.com\/en\/author\/dmcsrbija-comgmail-com\/"}]}},"_links":{"self":[{"href":"https:\/\/dmcsrb.com\/en\/wp-json\/wp\/v2\/posts\/958307","targetHints":{"allow":["GET"]}}],"collection":[{"href":"https:\/\/dmcsrb.com\/en\/wp-json\/wp\/v2\/posts"}],"about":[{"href":"https:\/\/dmcsrb.com\/en\/wp-json\/wp\/v2\/types\/post"}],"author":[{"embeddable":true,"href":"https:\/\/dmcsrb.com\/en\/wp-json\/wp\/v2\/users\/1"}],"replies":[{"embeddable":true,"href":"https:\/\/dmcsrb.com\/en\/wp-json\/wp\/v2\/comments?post=958307"}],"version-history":[{"count":0,"href":"https:\/\/dmcsrb.com\/en\/wp-json\/wp\/v2\/posts\/958307\/revisions"}],"wp:featuredmedia":[{"embeddable":true,"href":"https:\/\/dmcsrb.com\/en\/wp-json\/wp\/v2\/media\/958308"}],"wp:attachment":[{"href":"https:\/\/dmcsrb.com\/en\/wp-json\/wp\/v2\/media?parent=958307"}],"wp:term":[{"taxonomy":"category","embeddable":true,"href":"https:\/\/dmcsrb.com\/en\/wp-json\/wp\/v2\/categories?post=958307"},{"taxonomy":"post_tag","embeddable":true,"href":"https:\/\/dmcsrb.com\/en\/wp-json\/wp\/v2\/tags?post=958307"},{"taxonomy":"naslovna","embeddable":true,"href":"https:\/\/dmcsrb.com\/en\/wp-json\/wp\/v2\/naslovna?post=958307"}],"curies":[{"name":"wp","href":"https:\/\/api.w.org\/{rel}","templated":true}]}}