{"id":958294,"date":"2025-10-16T17:50:00","date_gmt":"2025-10-16T15:50:00","guid":{"rendered":"https:\/\/dmcsrb.com\/uncategorized\/zavrsio-razgovor-trampa-i-putina-tramp-dogovoreno-je-sastacemo-se-u-budimpesti\/"},"modified":"2025-10-16T17:50:00","modified_gmt":"2025-10-16T15:50:00","slug":"zavrsio-razgovor-trampa-i-putina-tramp-dogovoreno-je-sastacemo-se-u-budimpesti","status":"publish","type":"post","link":"https:\/\/dmcsrb.com\/en\/svijet\/zavrsio-razgovor-trampa-i-putina-tramp-dogovoreno-je-sastacemo-se-u-budimpesti\/","title":{"rendered":"Zavr\u0161io razgovor Trampa i Putina; Tramp: Dogovoreno je, sasta\u0107emo se u Budimpe\u0161ti"},"content":{"rendered":"<p><\/p>\n\n\n\n<p>Zelenski se sjutra sastaje s Trampom da zatra\u017ei dodatnu vojnu pomo\u0107, u trenutku dok Kijev i Moskva ja\u010daju svoje me\u0111usobne napade na energetska postrojenja, a NATO razmatra kako odgovoriti na \u010deste ruske vazdu\u0161ne upade.\u00a0<\/p>\n\n\n\n<p>Ukrajina \u017eeli ameri\u010dke rakete dugog dometa Tomahavk, a zeleno svjetlo Va\u0161ingtona stavilo bi Moskvu i druge velike ruske gradove pred ni\u0161an Kijeva.<\/p>\n\n\n\n<p>Tramp se upravo oglasio. Rekao je da je postignut velik napredak.<\/p>\n\n\n\n<p>&#8220;Upravo sam zavr\u0161io telefonski razgovor s predsjednikom Vladimirom Putinom iz Rusije i bio je vrlo produktivan. Predsjednik Putin \u010destitao je meni i Sjedinjenim Dr\u017eavama na velikom postignu\u0107u \u2013 uspostavi mira na Bliskom istoku, ne\u010demu o \u010demu se, kako je rekao, sanja vjekovima.<\/p>\n\n\n\n<p>Vjerujem da \u0107e uspjeh na Bliskom istoku pomo\u0107i i u na\u0161im pregovorima o okon\u010danju rata s Rusijom\/Ukrajinom. Predsjednik Putin zahvalio je Prvoj dami, Melaniji, na njenom anga\u017emanu s djecom. Bio je vrlo zahvalan i rekao je da \u0107e se to nastaviti.<\/p>\n\n\n\n<p>Tako\u0111e smo proveli dosta vremena razgovaraju\u0107i o trgovini izme\u0111u Rusije i Sjedinjenih Dr\u017eava nakon \u0161to rat s Ukrajinom zavr\u0161i. Na kraju razgovora dogovorili smo da \u0107e se idu\u0107e nedjelje odr\u017eati sastanak na\u0161ih visokih savjetnika. Po\u010detne sastanke Sjedinjenih Dr\u017eava vodi\u0107e dr\u017eavni sekretar Marko Rubio, zajedno s raznim drugim osobama koje \u0107e tek biti imenovane.<\/p>\n\n\n\n<p>Mjesto sastanka tek treba biti odre\u0111eno. Predsjednik Putin i ja potom \u0107emo se sastati na dogovorenoj lokaciji, u Budimpe\u0161ti u Ma\u0111arskoj, kako bismo poku\u0161ali okon\u010dati ovaj \u201cneslavni\u201d rat izme\u0111u Rusije i Ukrajine.<\/p>\n\n\n\n<p>Predsjednik Zelenski i ja sasta\u0107emo se sutra u Ovalnoj sobi, gdje \u0107emo razgovarati o mom razgovoru s predsjednikom Putinom i mnogim drugim temama. Vjerujem da je u dana\u0161njem telefonskom razgovoru postignut zna\u010dajan napredak&#8221;, napisao je na Truth Socialu.<\/p>","protected":false},"excerpt":{"rendered":"<p>Ameri\u010dki predsjednik Donald Tramp i ruski predsjednik Vladimir Putin razgovarali su dan prije no \u0161to u Bijelu ku\u0107u sti\u017ee ukrajinski predsjednik Volodimir Zelenski. prenosi Hina.<\/p>","protected":false},"author":1,"featured_media":945303,"comment_status":"open","ping_status":"open","sticky":false,"template":"","format":"standard","meta":{"_acf_changed":false,"footnotes":""},"categories":[144],"tags":[11588,2598,1578,2045,11589],"naslovna":[],"class_list":["post-958294","post","type-post","status-publish","format-standard","has-post-thumbnail","hentry","category-svijet","tag-budimpesta","tag-putin","tag-sastanak","tag-tramp","tag-zavrsen-razgovor"],"acf":[],"yoast_head":"<!-- This site is optimized with the Yoast SEO plugin v27.4 - https:\/\/yoast.com\/product\/yoast-seo-wordpress\/ -->\n<title>Zavr\u0161io razgovor Trampa i Putina; Tramp: Dogovoreno je, sasta\u0107emo se u Budimpe\u0161ti - dmcsrb.com<\/title>\n<meta name=\"robots\" content=\"index, follow, max-snippet:-1, max-image-preview:large, max-video-preview:-1\" \/>\n<link rel=\"canonical\" href=\"https:\/\/dmcsrb.com\/en\/svijet\/zavrsio-razgovor-trampa-i-putina-tramp-dogovoreno-je-sastacemo-se-u-budimpesti\/\" \/>\n<meta property=\"og:locale\" content=\"en_GB\" \/>\n<meta property=\"og:type\" content=\"article\" \/>\n<meta property=\"og:title\" content=\"Zavr\u0161io razgovor Trampa i Putina; Tramp: Dogovoreno je, sasta\u0107emo se u Budimpe\u0161ti - dmcsrb.com\" \/>\n<meta property=\"og:description\" content=\"Ameri\u010dki predsjednik Donald Tramp i ruski predsjednik Vladimir Putin razgovarali su dan prije no \u0161to u Bijelu ku\u0107u sti\u017ee ukrajinski predsjednik Volodimir Zelenski. prenosi Hina.\" \/>\n<meta property=\"og:url\" content=\"https:\/\/dmcsrb.com\/en\/svijet\/zavrsio-razgovor-trampa-i-putina-tramp-dogovoreno-je-sastacemo-se-u-budimpesti\/\" \/>\n<meta property=\"og:site_name\" content=\"dmcsrb.com\" \/>\n<meta property=\"article:published_time\" content=\"2025-10-16T15:50:00+00:00\" \/>\n<meta property=\"og:image\" content=\"https:\/\/dmcsrb.com\/wp-content\/uploads\/2026\/01\/Tramp-Putin.webp\" \/>\n\t<meta property=\"og:image:width\" content=\"900\" \/>\n\t<meta property=\"og:image:height\" content=\"450\" \/>\n\t<meta property=\"og:image:type\" content=\"image\/jpeg\" \/>\n<meta name=\"author\" content=\"dmcsrbija.com@gmail.com\" \/>\n<meta name=\"twitter:card\" content=\"summary_large_image\" \/>\n<meta name=\"twitter:label1\" content=\"Written by\" \/>\n\t<meta name=\"twitter:data1\" content=\"dmcsrbija.com@gmail.com\" \/>\n\t<meta name=\"twitter:label2\" content=\"Estimated reading time\" \/>\n\t<meta name=\"twitter:data2\" content=\"2 minutes\" \/>\n<script type=\"application\/ld+json\" class=\"yoast-schema-graph\">{\"@context\":\"https:\\\/\\\/schema.org\",\"@graph\":[{\"@type\":\"Article\",\"@id\":\"https:\\\/\\\/dmcsrb.com\\\/svijet\\\/zavrsio-razgovor-trampa-i-putina-tramp-dogovoreno-je-sastacemo-se-u-budimpesti\\\/#article\",\"isPartOf\":{\"@id\":\"https:\\\/\\\/dmcsrb.com\\\/svijet\\\/zavrsio-razgovor-trampa-i-putina-tramp-dogovoreno-je-sastacemo-se-u-budimpesti\\\/\"},\"author\":{\"name\":\"dmcsrbija.com@gmail.com\",\"@id\":\"https:\\\/\\\/dmcsrb.com\\\/#\\\/schema\\\/person\\\/5c39170f12db1b8b457732d0b5c854e2\"},\"headline\":\"Zavr\u0161io razgovor Trampa i Putina; Tramp: Dogovoreno je, sasta\u0107emo se u Budimpe\u0161ti\",\"datePublished\":\"2025-10-16T15:50:00+00:00\",\"mainEntityOfPage\":{\"@id\":\"https:\\\/\\\/dmcsrb.com\\\/svijet\\\/zavrsio-razgovor-trampa-i-putina-tramp-dogovoreno-je-sastacemo-se-u-budimpesti\\\/\"},\"wordCount\":324,\"commentCount\":0,\"image\":{\"@id\":\"https:\\\/\\\/dmcsrb.com\\\/svijet\\\/zavrsio-razgovor-trampa-i-putina-tramp-dogovoreno-je-sastacemo-se-u-budimpesti\\\/#primaryimage\"},\"thumbnailUrl\":\"https:\\\/\\\/dmcsrb.com\\\/wp-content\\\/uploads\\\/2026\\\/01\\\/Tramp-Putin.webp\",\"keywords\":[\"Budimpe\u0161ta\",\"Putin\",\"sastanak\",\"Tramp\",\"Zavr\u0161en razgovor\"],\"articleSection\":[\"Svijet\"],\"inLanguage\":\"en-GB\",\"potentialAction\":[{\"@type\":\"CommentAction\",\"name\":\"Comment\",\"target\":[\"https:\\\/\\\/dmcsrb.com\\\/svijet\\\/zavrsio-razgovor-trampa-i-putina-tramp-dogovoreno-je-sastacemo-se-u-budimpesti\\\/#respond\"]}]},{\"@type\":\"WebPage\",\"@id\":\"https:\\\/\\\/dmcsrb.com\\\/svijet\\\/zavrsio-razgovor-trampa-i-putina-tramp-dogovoreno-je-sastacemo-se-u-budimpesti\\\/\",\"url\":\"https:\\\/\\\/dmcsrb.com\\\/svijet\\\/zavrsio-razgovor-trampa-i-putina-tramp-dogovoreno-je-sastacemo-se-u-budimpesti\\\/\",\"name\":\"Zavr\u0161io razgovor Trampa i Putina; Tramp: Dogovoreno je, sasta\u0107emo se u Budimpe\u0161ti - dmcsrb.com\",\"isPartOf\":{\"@id\":\"https:\\\/\\\/dmcsrb.com\\\/#website\"},\"primaryImageOfPage\":{\"@id\":\"https:\\\/\\\/dmcsrb.com\\\/svijet\\\/zavrsio-razgovor-trampa-i-putina-tramp-dogovoreno-je-sastacemo-se-u-budimpesti\\\/#primaryimage\"},\"image\":{\"@id\":\"https:\\\/\\\/dmcsrb.com\\\/svijet\\\/zavrsio-razgovor-trampa-i-putina-tramp-dogovoreno-je-sastacemo-se-u-budimpesti\\\/#primaryimage\"},\"thumbnailUrl\":\"https:\\\/\\\/dmcsrb.com\\\/wp-content\\\/uploads\\\/2026\\\/01\\\/Tramp-Putin.webp\",\"datePublished\":\"2025-10-16T15:50:00+00:00\",\"author\":{\"@id\":\"https:\\\/\\\/dmcsrb.com\\\/#\\\/schema\\\/person\\\/5c39170f12db1b8b457732d0b5c854e2\"},\"breadcrumb\":{\"@id\":\"https:\\\/\\\/dmcsrb.com\\\/svijet\\\/zavrsio-razgovor-trampa-i-putina-tramp-dogovoreno-je-sastacemo-se-u-budimpesti\\\/#breadcrumb\"},\"inLanguage\":\"en-GB\",\"potentialAction\":[{\"@type\":\"ReadAction\",\"target\":[\"https:\\\/\\\/dmcsrb.com\\\/svijet\\\/zavrsio-razgovor-trampa-i-putina-tramp-dogovoreno-je-sastacemo-se-u-budimpesti\\\/\"]}]},{\"@type\":\"ImageObject\",\"inLanguage\":\"en-GB\",\"@id\":\"https:\\\/\\\/dmcsrb.com\\\/svijet\\\/zavrsio-razgovor-trampa-i-putina-tramp-dogovoreno-je-sastacemo-se-u-budimpesti\\\/#primaryimage\",\"url\":\"https:\\\/\\\/dmcsrb.com\\\/wp-content\\\/uploads\\\/2026\\\/01\\\/Tramp-Putin.webp\",\"contentUrl\":\"https:\\\/\\\/dmcsrb.com\\\/wp-content\\\/uploads\\\/2026\\\/01\\\/Tramp-Putin.webp\",\"width\":900,\"height\":450},{\"@type\":\"BreadcrumbList\",\"@id\":\"https:\\\/\\\/dmcsrb.com\\\/svijet\\\/zavrsio-razgovor-trampa-i-putina-tramp-dogovoreno-je-sastacemo-se-u-budimpesti\\\/#breadcrumb\",\"itemListElement\":[{\"@type\":\"ListItem\",\"position\":1,\"name\":\"Home\",\"item\":\"https:\\\/\\\/dmcsrb.com\\\/\"},{\"@type\":\"ListItem\",\"position\":2,\"name\":\"Zavr\u0161io razgovor Trampa i Putina; Tramp: Dogovoreno je, sasta\u0107emo se u Budimpe\u0161ti\"}]},{\"@type\":\"WebSite\",\"@id\":\"https:\\\/\\\/dmcsrb.com\\\/#website\",\"url\":\"https:\\\/\\\/dmcsrb.com\\\/\",\"name\":\"dmcsrb.com\",\"description\":\"\",\"potentialAction\":[{\"@type\":\"SearchAction\",\"target\":{\"@type\":\"EntryPoint\",\"urlTemplate\":\"https:\\\/\\\/dmcsrb.com\\\/?s={search_term_string}\"},\"query-input\":{\"@type\":\"PropertyValueSpecification\",\"valueRequired\":true,\"valueName\":\"search_term_string\"}}],\"inLanguage\":\"en-GB\"},{\"@type\":\"Person\",\"@id\":\"https:\\\/\\\/dmcsrb.com\\\/#\\\/schema\\\/person\\\/5c39170f12db1b8b457732d0b5c854e2\",\"name\":\"dmcsrbija.com@gmail.com\",\"image\":{\"@type\":\"ImageObject\",\"inLanguage\":\"en-GB\",\"@id\":\"https:\\\/\\\/secure.gravatar.com\\\/avatar\\\/68592660ad6347fad0fb587f8d5d8f1a7b44961362f56e4f2cd524feb87e9069?s=96&d=mm&r=g\",\"url\":\"https:\\\/\\\/secure.gravatar.com\\\/avatar\\\/68592660ad6347fad0fb587f8d5d8f1a7b44961362f56e4f2cd524feb87e9069?s=96&d=mm&r=g\",\"contentUrl\":\"https:\\\/\\\/secure.gravatar.com\\\/avatar\\\/68592660ad6347fad0fb587f8d5d8f1a7b44961362f56e4f2cd524feb87e9069?s=96&d=mm&r=g\",\"caption\":\"dmcsrbija.com@gmail.com\"},\"sameAs\":[\"https:\\\/\\\/dmcsrb.com\"],\"url\":\"https:\\\/\\\/dmcsrb.com\\\/en\\\/author\\\/dmcsrbija-comgmail-com\\\/\"}]}<\/script>\n<!-- \/ Yoast SEO plugin. -->","yoast_head_json":{"title":"Zavr\u0161io razgovor Trampa i Putina; Tramp: Dogovoreno je, sasta\u0107emo se u Budimpe\u0161ti - dmcsrb.com","robots":{"index":"index","follow":"follow","max-snippet":"max-snippet:-1","max-image-preview":"max-image-preview:large","max-video-preview":"max-video-preview:-1"},"canonical":"https:\/\/dmcsrb.com\/en\/svijet\/zavrsio-razgovor-trampa-i-putina-tramp-dogovoreno-je-sastacemo-se-u-budimpesti\/","og_locale":"en_GB","og_type":"article","og_title":"Zavr\u0161io razgovor Trampa i Putina; Tramp: Dogovoreno je, sasta\u0107emo se u Budimpe\u0161ti - dmcsrb.com","og_description":"Ameri\u010dki predsjednik Donald Tramp i ruski predsjednik Vladimir Putin razgovarali su dan prije no \u0161to u Bijelu ku\u0107u sti\u017ee ukrajinski predsjednik Volodimir Zelenski. prenosi Hina.","og_url":"https:\/\/dmcsrb.com\/en\/svijet\/zavrsio-razgovor-trampa-i-putina-tramp-dogovoreno-je-sastacemo-se-u-budimpesti\/","og_site_name":"dmcsrb.com","article_published_time":"2025-10-16T15:50:00+00:00","og_image":[{"width":900,"height":450,"url":"https:\/\/dmcsrb.com\/wp-content\/uploads\/2026\/01\/Tramp-Putin.webp","type":"image\/jpeg"}],"author":"dmcsrbija.com@gmail.com","twitter_card":"summary_large_image","twitter_misc":{"Written by":"dmcsrbija.com@gmail.com","Estimated reading time":"2 minutes"},"schema":{"@context":"https:\/\/schema.org","@graph":[{"@type":"Article","@id":"https:\/\/dmcsrb.com\/svijet\/zavrsio-razgovor-trampa-i-putina-tramp-dogovoreno-je-sastacemo-se-u-budimpesti\/#article","isPartOf":{"@id":"https:\/\/dmcsrb.com\/svijet\/zavrsio-razgovor-trampa-i-putina-tramp-dogovoreno-je-sastacemo-se-u-budimpesti\/"},"author":{"name":"dmcsrbija.com@gmail.com","@id":"https:\/\/dmcsrb.com\/#\/schema\/person\/5c39170f12db1b8b457732d0b5c854e2"},"headline":"Zavr\u0161io razgovor Trampa i Putina; Tramp: Dogovoreno je, sasta\u0107emo se u Budimpe\u0161ti","datePublished":"2025-10-16T15:50:00+00:00","mainEntityOfPage":{"@id":"https:\/\/dmcsrb.com\/svijet\/zavrsio-razgovor-trampa-i-putina-tramp-dogovoreno-je-sastacemo-se-u-budimpesti\/"},"wordCount":324,"commentCount":0,"image":{"@id":"https:\/\/dmcsrb.com\/svijet\/zavrsio-razgovor-trampa-i-putina-tramp-dogovoreno-je-sastacemo-se-u-budimpesti\/#primaryimage"},"thumbnailUrl":"https:\/\/dmcsrb.com\/wp-content\/uploads\/2026\/01\/Tramp-Putin.webp","keywords":["Budimpe\u0161ta","Putin","sastanak","Tramp","Zavr\u0161en razgovor"],"articleSection":["Svijet"],"inLanguage":"en-GB","potentialAction":[{"@type":"CommentAction","name":"Comment","target":["https:\/\/dmcsrb.com\/svijet\/zavrsio-razgovor-trampa-i-putina-tramp-dogovoreno-je-sastacemo-se-u-budimpesti\/#respond"]}]},{"@type":"WebPage","@id":"https:\/\/dmcsrb.com\/svijet\/zavrsio-razgovor-trampa-i-putina-tramp-dogovoreno-je-sastacemo-se-u-budimpesti\/","url":"https:\/\/dmcsrb.com\/svijet\/zavrsio-razgovor-trampa-i-putina-tramp-dogovoreno-je-sastacemo-se-u-budimpesti\/","name":"Zavr\u0161io razgovor Trampa i Putina; Tramp: Dogovoreno je, sasta\u0107emo se u Budimpe\u0161ti - dmcsrb.com","isPartOf":{"@id":"https:\/\/dmcsrb.com\/#website"},"primaryImageOfPage":{"@id":"https:\/\/dmcsrb.com\/svijet\/zavrsio-razgovor-trampa-i-putina-tramp-dogovoreno-je-sastacemo-se-u-budimpesti\/#primaryimage"},"image":{"@id":"https:\/\/dmcsrb.com\/svijet\/zavrsio-razgovor-trampa-i-putina-tramp-dogovoreno-je-sastacemo-se-u-budimpesti\/#primaryimage"},"thumbnailUrl":"https:\/\/dmcsrb.com\/wp-content\/uploads\/2026\/01\/Tramp-Putin.webp","datePublished":"2025-10-16T15:50:00+00:00","author":{"@id":"https:\/\/dmcsrb.com\/#\/schema\/person\/5c39170f12db1b8b457732d0b5c854e2"},"breadcrumb":{"@id":"https:\/\/dmcsrb.com\/svijet\/zavrsio-razgovor-trampa-i-putina-tramp-dogovoreno-je-sastacemo-se-u-budimpesti\/#breadcrumb"},"inLanguage":"en-GB","potentialAction":[{"@type":"ReadAction","target":["https:\/\/dmcsrb.com\/svijet\/zavrsio-razgovor-trampa-i-putina-tramp-dogovoreno-je-sastacemo-se-u-budimpesti\/"]}]},{"@type":"ImageObject","inLanguage":"en-GB","@id":"https:\/\/dmcsrb.com\/svijet\/zavrsio-razgovor-trampa-i-putina-tramp-dogovoreno-je-sastacemo-se-u-budimpesti\/#primaryimage","url":"https:\/\/dmcsrb.com\/wp-content\/uploads\/2026\/01\/Tramp-Putin.webp","contentUrl":"https:\/\/dmcsrb.com\/wp-content\/uploads\/2026\/01\/Tramp-Putin.webp","width":900,"height":450},{"@type":"BreadcrumbList","@id":"https:\/\/dmcsrb.com\/svijet\/zavrsio-razgovor-trampa-i-putina-tramp-dogovoreno-je-sastacemo-se-u-budimpesti\/#breadcrumb","itemListElement":[{"@type":"ListItem","position":1,"name":"Home","item":"https:\/\/dmcsrb.com\/"},{"@type":"ListItem","position":2,"name":"Zavr\u0161io razgovor Trampa i Putina; Tramp: Dogovoreno je, sasta\u0107emo se u Budimpe\u0161ti"}]},{"@type":"WebSite","@id":"https:\/\/dmcsrb.com\/#website","url":"https:\/\/dmcsrb.com\/","name":"dmcsrb.com","description":"","potentialAction":[{"@type":"SearchAction","target":{"@type":"EntryPoint","urlTemplate":"https:\/\/dmcsrb.com\/?s={search_term_string}"},"query-input":{"@type":"PropertyValueSpecification","valueRequired":true,"valueName":"search_term_string"}}],"inLanguage":"en-GB"},{"@type":"Person","@id":"https:\/\/dmcsrb.com\/#\/schema\/person\/5c39170f12db1b8b457732d0b5c854e2","name":"dmcsrbija.com@gmail.com","image":{"@type":"ImageObject","inLanguage":"en-GB","@id":"https:\/\/secure.gravatar.com\/avatar\/68592660ad6347fad0fb587f8d5d8f1a7b44961362f56e4f2cd524feb87e9069?s=96&d=mm&r=g","url":"https:\/\/secure.gravatar.com\/avatar\/68592660ad6347fad0fb587f8d5d8f1a7b44961362f56e4f2cd524feb87e9069?s=96&d=mm&r=g","contentUrl":"https:\/\/secure.gravatar.com\/avatar\/68592660ad6347fad0fb587f8d5d8f1a7b44961362f56e4f2cd524feb87e9069?s=96&d=mm&r=g","caption":"dmcsrbija.com@gmail.com"},"sameAs":["https:\/\/dmcsrb.com"],"url":"https:\/\/dmcsrb.com\/en\/author\/dmcsrbija-comgmail-com\/"}]}},"_links":{"self":[{"href":"https:\/\/dmcsrb.com\/en\/wp-json\/wp\/v2\/posts\/958294","targetHints":{"allow":["GET"]}}],"collection":[{"href":"https:\/\/dmcsrb.com\/en\/wp-json\/wp\/v2\/posts"}],"about":[{"href":"https:\/\/dmcsrb.com\/en\/wp-json\/wp\/v2\/types\/post"}],"author":[{"embeddable":true,"href":"https:\/\/dmcsrb.com\/en\/wp-json\/wp\/v2\/users\/1"}],"replies":[{"embeddable":true,"href":"https:\/\/dmcsrb.com\/en\/wp-json\/wp\/v2\/comments?post=958294"}],"version-history":[{"count":0,"href":"https:\/\/dmcsrb.com\/en\/wp-json\/wp\/v2\/posts\/958294\/revisions"}],"wp:featuredmedia":[{"embeddable":true,"href":"https:\/\/dmcsrb.com\/en\/wp-json\/wp\/v2\/media\/945303"}],"wp:attachment":[{"href":"https:\/\/dmcsrb.com\/en\/wp-json\/wp\/v2\/media?parent=958294"}],"wp:term":[{"taxonomy":"category","embeddable":true,"href":"https:\/\/dmcsrb.com\/en\/wp-json\/wp\/v2\/categories?post=958294"},{"taxonomy":"post_tag","embeddable":true,"href":"https:\/\/dmcsrb.com\/en\/wp-json\/wp\/v2\/tags?post=958294"},{"taxonomy":"naslovna","embeddable":true,"href":"https:\/\/dmcsrb.com\/en\/wp-json\/wp\/v2\/naslovna?post=958294"}],"curies":[{"name":"wp","href":"https:\/\/api.w.org\/{rel}","templated":true}]}}