{"id":958206,"date":"2025-10-16T13:08:58","date_gmt":"2025-10-16T11:08:58","guid":{"rendered":"https:\/\/dmcsrb.com\/uncategorized\/vlada-usvojila-predlog-ministarstva-za-razvoj-avio-saobracaja-jos-cetiri-miliona-eura\/"},"modified":"2025-10-16T13:08:58","modified_gmt":"2025-10-16T11:08:58","slug":"vlada-usvojila-predlog-ministarstva-za-razvoj-avio-saobracaja-jos-cetiri-miliona-eura","status":"publish","type":"post","link":"https:\/\/dmcsrb.com\/en\/ekonomija\/vlada-usvojila-predlog-ministarstva-za-razvoj-avio-saobracaja-jos-cetiri-miliona-eura\/","title":{"rendered":"Vlada usvojila predlog Ministarstva: Za razvoj avio saobra\u0107aja jo\u0161 \u010detiri miliona eura"},"content":{"rendered":"<p>Kako su istakli, rije\u010d je o sredstvima koja se, u skladu sa Statutom Aerodroma Crne Gore vra\u0107aju u bud\u017eet dr\u017eave, ali je na inicijativu Ministarstva saobra\u0107aja Vlada prihvatila da se ta namjenski koriste za razvoj vazdu\u0161nog saobra\u0107aja, kao dio strate\u0161kog pristupa ja\u010danju me\u0111unarodne povezanosti i konkurentnosti Crne Gore.<\/p>\n\n\n\n<p>\u201cOva odluka predstavlja nastavak konkretnih mjera Ministarstva saobra\u0107aja usmjerenih na unapre\u0111enje avio-saobra\u0107aja i pove\u0107anje dostupnosti Crne Gore, nakon nedavnog dogovora sa avio-kompanijom Wizz Air o otvaranju baze u na\u0161oj zemlji\u201d, navode iz Ministarstva saobra\u0107aja.<\/p>\n\n\n\n<p>Ministarka saobra\u0107aja<strong>&nbsp;Maja Vuki\u0107evi\u0107<\/strong>&nbsp;istakla je da je dana\u0161nja odluka Vlade potvrda strate\u0161kog pristupa razvoju sektora.<\/p>\n\n\n\n<p>\u201cDrago mi je \u0161to je Vlada podr\u017eala inicijativu Ministarstva saobra\u0107aja da se dio dobiti Aerodroma Crne Gore usmjeri u programe koji doprinose boljoj povezanosti na\u0161e zemlje. Nakon dolaska Wizz Air-a i dogovora o otvaranju baze, nastavljamo sa mjerama koje \u0107e omogu\u0107iti stabilan rast avio-saobra\u0107aja, razvoj turizma i ja\u010danje ukupne ekonomije\u201c, kazala je Vuki\u0107evi\u0107.<\/p>\n\n\n\n<p>Ministarstvo saobra\u0107aja \u0107e, u saradnji sa Ministarstvom finansija, utvrditi dinamiku prenosa sredstava i na\u010din njihove upotrebe kroz posebnu bud\u017eetsku liniju namijenjenu programu razvoja me\u0111unarodne avio-povezanosti Crne Gore.<\/p>\n\n\n\n<p>\u201cUsvojeni predlog potvr\u0111uje opredijeljenost Vlade da vazdu\u0161ni saobra\u0107aj bude klju\u010dni pokreta\u010d ekonomskog i turisti\u010dkog razvoja, te da Crna Gora ostane prepoznata kao moderna, povezana i otvorena destinacija\u201d, zaklju\u010duje se u saop\u0161tenju.<\/p>","protected":false},"excerpt":{"rendered":"<p>Na dana\u0161njoj sjednici Vlada Crne Gore usvojila je predlog Ministarstva saobra\u0107aja kojim se dio dobiti preduze\u0107a Aerodromi Crne Gore u iznosu od 4,12 miliona eura usmjerava na finansiranje unapre\u0111enja avio-dostupnosti Crne Gore, saop\u0161teno je iz tog resora.<\/p>","protected":false},"author":1,"featured_media":909399,"comment_status":"open","ping_status":"open","sticky":false,"template":"","format":"standard","meta":{"_acf_changed":false,"footnotes":""},"categories":[27],"tags":[719,3081,13],"naslovna":[],"class_list":["post-958206","post","type-post","status-publish","format-standard","has-post-thumbnail","hentry","category-ekonomija","tag-aerodromi","tag-ministarstvo-saobracaja","tag-vlada"],"acf":[],"yoast_head":"<!-- This site is optimized with the Yoast SEO plugin v27.0 - https:\/\/yoast.com\/product\/yoast-seo-wordpress\/ -->\n<title>Vlada usvojila predlog Ministarstva: Za razvoj avio saobra\u0107aja jo\u0161 \u010detiri miliona eura - dmcsrb.com<\/title>\n<meta name=\"robots\" content=\"index, follow, max-snippet:-1, max-image-preview:large, max-video-preview:-1\" \/>\n<link rel=\"canonical\" href=\"https:\/\/dmcsrb.com\/en\/ekonomija\/vlada-usvojila-predlog-ministarstva-za-razvoj-avio-saobracaja-jos-cetiri-miliona-eura\/\" \/>\n<meta property=\"og:locale\" content=\"en_GB\" \/>\n<meta property=\"og:type\" content=\"article\" \/>\n<meta property=\"og:title\" content=\"Vlada usvojila predlog Ministarstva: Za razvoj avio saobra\u0107aja jo\u0161 \u010detiri miliona eura - dmcsrb.com\" \/>\n<meta property=\"og:description\" content=\"Na dana\u0161njoj sjednici Vlada Crne Gore usvojila je predlog Ministarstva saobra\u0107aja kojim se dio dobiti preduze\u0107a Aerodromi Crne Gore u iznosu od 4,12 miliona eura usmjerava na finansiranje unapre\u0111enja avio-dostupnosti Crne Gore, saop\u0161teno je iz tog resora.\" \/>\n<meta property=\"og:url\" content=\"https:\/\/dmcsrb.com\/en\/ekonomija\/vlada-usvojila-predlog-ministarstva-za-razvoj-avio-saobracaja-jos-cetiri-miliona-eura\/\" \/>\n<meta property=\"og:site_name\" content=\"dmcsrb.com\" \/>\n<meta property=\"article:published_time\" content=\"2025-10-16T11:08:58+00:00\" \/>\n<meta property=\"og:image\" content=\"https:\/\/dmcsrb.com\/wp-content\/uploads\/2026\/01\/Maja-Vukicevic-foto-vlada-cg.jpg\" \/>\n\t<meta property=\"og:image:width\" content=\"1125\" \/>\n\t<meta property=\"og:image:height\" content=\"663\" \/>\n\t<meta property=\"og:image:type\" content=\"image\/jpeg\" \/>\n<meta name=\"author\" content=\"dmcsrbija.com@gmail.com\" \/>\n<meta name=\"twitter:card\" content=\"summary_large_image\" \/>\n<meta name=\"twitter:label1\" content=\"Written by\" \/>\n\t<meta name=\"twitter:data1\" content=\"dmcsrbija.com@gmail.com\" \/>\n\t<meta name=\"twitter:label2\" content=\"Estimated reading time\" \/>\n\t<meta name=\"twitter:data2\" content=\"1 minute\" \/>\n<script type=\"application\/ld+json\" class=\"yoast-schema-graph\">{\"@context\":\"https:\/\/schema.org\",\"@graph\":[{\"@type\":\"Article\",\"@id\":\"https:\/\/dmcsrb.com\/en\/ekonomija\/vlada-usvojila-predlog-ministarstva-za-razvoj-avio-saobracaja-jos-cetiri-miliona-eura\/#article\",\"isPartOf\":{\"@id\":\"https:\/\/dmcsrb.com\/en\/ekonomija\/vlada-usvojila-predlog-ministarstva-za-razvoj-avio-saobracaja-jos-cetiri-miliona-eura\/\"},\"author\":{\"name\":\"dmcsrbija.com@gmail.com\",\"@id\":\"https:\/\/dmcsrb.com\/#\/schema\/person\/5c39170f12db1b8b457732d0b5c854e2\"},\"headline\":\"Vlada usvojila predlog Ministarstva: Za razvoj avio saobra\u0107aja jo\u0161 \u010detiri miliona eura\",\"datePublished\":\"2025-10-16T11:08:58+00:00\",\"mainEntityOfPage\":{\"@id\":\"https:\/\/dmcsrb.com\/en\/ekonomija\/vlada-usvojila-predlog-ministarstva-za-razvoj-avio-saobracaja-jos-cetiri-miliona-eura\/\"},\"wordCount\":261,\"commentCount\":0,\"image\":{\"@id\":\"https:\/\/dmcsrb.com\/en\/ekonomija\/vlada-usvojila-predlog-ministarstva-za-razvoj-avio-saobracaja-jos-cetiri-miliona-eura\/#primaryimage\"},\"thumbnailUrl\":\"https:\/\/dmcsrb.com\/wp-content\/uploads\/2026\/01\/Maja-Vukicevic-foto-vlada-cg.jpg\",\"keywords\":[\"Aerodromi\",\"Ministarstvo saobra\u0107aja\",\"vlada\"],\"articleSection\":[\"Ekonomija\"],\"inLanguage\":\"en-GB\",\"potentialAction\":[{\"@type\":\"CommentAction\",\"name\":\"Comment\",\"target\":[\"https:\/\/dmcsrb.com\/en\/ekonomija\/vlada-usvojila-predlog-ministarstva-za-razvoj-avio-saobracaja-jos-cetiri-miliona-eura\/#respond\"]}]},{\"@type\":\"WebPage\",\"@id\":\"https:\/\/dmcsrb.com\/en\/ekonomija\/vlada-usvojila-predlog-ministarstva-za-razvoj-avio-saobracaja-jos-cetiri-miliona-eura\/\",\"url\":\"https:\/\/dmcsrb.com\/en\/ekonomija\/vlada-usvojila-predlog-ministarstva-za-razvoj-avio-saobracaja-jos-cetiri-miliona-eura\/\",\"name\":\"Vlada usvojila predlog Ministarstva: Za razvoj avio saobra\u0107aja jo\u0161 \u010detiri miliona eura - dmcsrb.com\",\"isPartOf\":{\"@id\":\"https:\/\/dmcsrb.com\/#website\"},\"primaryImageOfPage\":{\"@id\":\"https:\/\/dmcsrb.com\/en\/ekonomija\/vlada-usvojila-predlog-ministarstva-za-razvoj-avio-saobracaja-jos-cetiri-miliona-eura\/#primaryimage\"},\"image\":{\"@id\":\"https:\/\/dmcsrb.com\/en\/ekonomija\/vlada-usvojila-predlog-ministarstva-za-razvoj-avio-saobracaja-jos-cetiri-miliona-eura\/#primaryimage\"},\"thumbnailUrl\":\"https:\/\/dmcsrb.com\/wp-content\/uploads\/2026\/01\/Maja-Vukicevic-foto-vlada-cg.jpg\",\"datePublished\":\"2025-10-16T11:08:58+00:00\",\"author\":{\"@id\":\"https:\/\/dmcsrb.com\/#\/schema\/person\/5c39170f12db1b8b457732d0b5c854e2\"},\"breadcrumb\":{\"@id\":\"https:\/\/dmcsrb.com\/en\/ekonomija\/vlada-usvojila-predlog-ministarstva-za-razvoj-avio-saobracaja-jos-cetiri-miliona-eura\/#breadcrumb\"},\"inLanguage\":\"en-GB\",\"potentialAction\":[{\"@type\":\"ReadAction\",\"target\":[\"https:\/\/dmcsrb.com\/en\/ekonomija\/vlada-usvojila-predlog-ministarstva-za-razvoj-avio-saobracaja-jos-cetiri-miliona-eura\/\"]}]},{\"@type\":\"ImageObject\",\"inLanguage\":\"en-GB\",\"@id\":\"https:\/\/dmcsrb.com\/en\/ekonomija\/vlada-usvojila-predlog-ministarstva-za-razvoj-avio-saobracaja-jos-cetiri-miliona-eura\/#primaryimage\",\"url\":\"https:\/\/dmcsrb.com\/wp-content\/uploads\/2026\/01\/Maja-Vukicevic-foto-vlada-cg.jpg\",\"contentUrl\":\"https:\/\/dmcsrb.com\/wp-content\/uploads\/2026\/01\/Maja-Vukicevic-foto-vlada-cg.jpg\",\"width\":1125,\"height\":663},{\"@type\":\"BreadcrumbList\",\"@id\":\"https:\/\/dmcsrb.com\/en\/ekonomija\/vlada-usvojila-predlog-ministarstva-za-razvoj-avio-saobracaja-jos-cetiri-miliona-eura\/#breadcrumb\",\"itemListElement\":[{\"@type\":\"ListItem\",\"position\":1,\"name\":\"Home\",\"item\":\"https:\/\/dmcsrb.com\/\"},{\"@type\":\"ListItem\",\"position\":2,\"name\":\"Vlada usvojila predlog Ministarstva: Za razvoj avio saobra\u0107aja jo\u0161 \u010detiri miliona eura\"}]},{\"@type\":\"WebSite\",\"@id\":\"https:\/\/dmcsrb.com\/#website\",\"url\":\"https:\/\/dmcsrb.com\/\",\"name\":\"dmcsrb.com\",\"description\":\"\",\"potentialAction\":[{\"@type\":\"SearchAction\",\"target\":{\"@type\":\"EntryPoint\",\"urlTemplate\":\"https:\/\/dmcsrb.com\/?s={search_term_string}\"},\"query-input\":{\"@type\":\"PropertyValueSpecification\",\"valueRequired\":true,\"valueName\":\"search_term_string\"}}],\"inLanguage\":\"en-GB\"},{\"@type\":\"Person\",\"@id\":\"https:\/\/dmcsrb.com\/#\/schema\/person\/5c39170f12db1b8b457732d0b5c854e2\",\"name\":\"dmcsrbija.com@gmail.com\",\"image\":{\"@type\":\"ImageObject\",\"inLanguage\":\"en-GB\",\"@id\":\"https:\/\/dmcsrb.com\/#\/schema\/person\/image\/\",\"url\":\"https:\/\/secure.gravatar.com\/avatar\/68592660ad6347fad0fb587f8d5d8f1a7b44961362f56e4f2cd524feb87e9069?s=96&d=mm&r=g\",\"contentUrl\":\"https:\/\/secure.gravatar.com\/avatar\/68592660ad6347fad0fb587f8d5d8f1a7b44961362f56e4f2cd524feb87e9069?s=96&d=mm&r=g\",\"caption\":\"dmcsrbija.com@gmail.com\"},\"sameAs\":[\"https:\/\/dmcsrb.com\"],\"url\":\"https:\/\/dmcsrb.com\/en\/author\/dmcsrbija-comgmail-com\/\"}]}<\/script>\n<!-- \/ Yoast SEO plugin. -->","yoast_head_json":{"title":"Vlada usvojila predlog Ministarstva: Za razvoj avio saobra\u0107aja jo\u0161 \u010detiri miliona eura - dmcsrb.com","robots":{"index":"index","follow":"follow","max-snippet":"max-snippet:-1","max-image-preview":"max-image-preview:large","max-video-preview":"max-video-preview:-1"},"canonical":"https:\/\/dmcsrb.com\/en\/ekonomija\/vlada-usvojila-predlog-ministarstva-za-razvoj-avio-saobracaja-jos-cetiri-miliona-eura\/","og_locale":"en_GB","og_type":"article","og_title":"Vlada usvojila predlog Ministarstva: Za razvoj avio saobra\u0107aja jo\u0161 \u010detiri miliona eura - dmcsrb.com","og_description":"Na dana\u0161njoj sjednici Vlada Crne Gore usvojila je predlog Ministarstva saobra\u0107aja kojim se dio dobiti preduze\u0107a Aerodromi Crne Gore u iznosu od 4,12 miliona eura usmjerava na finansiranje unapre\u0111enja avio-dostupnosti Crne Gore, saop\u0161teno je iz tog resora.","og_url":"https:\/\/dmcsrb.com\/en\/ekonomija\/vlada-usvojila-predlog-ministarstva-za-razvoj-avio-saobracaja-jos-cetiri-miliona-eura\/","og_site_name":"dmcsrb.com","article_published_time":"2025-10-16T11:08:58+00:00","og_image":[{"width":1125,"height":663,"url":"https:\/\/dmcsrb.com\/wp-content\/uploads\/2026\/01\/Maja-Vukicevic-foto-vlada-cg.jpg","type":"image\/jpeg"}],"author":"dmcsrbija.com@gmail.com","twitter_card":"summary_large_image","twitter_misc":{"Written by":"dmcsrbija.com@gmail.com","Estimated reading time":"1 minute"},"schema":{"@context":"https:\/\/schema.org","@graph":[{"@type":"Article","@id":"https:\/\/dmcsrb.com\/en\/ekonomija\/vlada-usvojila-predlog-ministarstva-za-razvoj-avio-saobracaja-jos-cetiri-miliona-eura\/#article","isPartOf":{"@id":"https:\/\/dmcsrb.com\/en\/ekonomija\/vlada-usvojila-predlog-ministarstva-za-razvoj-avio-saobracaja-jos-cetiri-miliona-eura\/"},"author":{"name":"dmcsrbija.com@gmail.com","@id":"https:\/\/dmcsrb.com\/#\/schema\/person\/5c39170f12db1b8b457732d0b5c854e2"},"headline":"Vlada usvojila predlog Ministarstva: Za razvoj avio saobra\u0107aja jo\u0161 \u010detiri miliona eura","datePublished":"2025-10-16T11:08:58+00:00","mainEntityOfPage":{"@id":"https:\/\/dmcsrb.com\/en\/ekonomija\/vlada-usvojila-predlog-ministarstva-za-razvoj-avio-saobracaja-jos-cetiri-miliona-eura\/"},"wordCount":261,"commentCount":0,"image":{"@id":"https:\/\/dmcsrb.com\/en\/ekonomija\/vlada-usvojila-predlog-ministarstva-za-razvoj-avio-saobracaja-jos-cetiri-miliona-eura\/#primaryimage"},"thumbnailUrl":"https:\/\/dmcsrb.com\/wp-content\/uploads\/2026\/01\/Maja-Vukicevic-foto-vlada-cg.jpg","keywords":["Aerodromi","Ministarstvo saobra\u0107aja","vlada"],"articleSection":["Ekonomija"],"inLanguage":"en-GB","potentialAction":[{"@type":"CommentAction","name":"Comment","target":["https:\/\/dmcsrb.com\/en\/ekonomija\/vlada-usvojila-predlog-ministarstva-za-razvoj-avio-saobracaja-jos-cetiri-miliona-eura\/#respond"]}]},{"@type":"WebPage","@id":"https:\/\/dmcsrb.com\/en\/ekonomija\/vlada-usvojila-predlog-ministarstva-za-razvoj-avio-saobracaja-jos-cetiri-miliona-eura\/","url":"https:\/\/dmcsrb.com\/en\/ekonomija\/vlada-usvojila-predlog-ministarstva-za-razvoj-avio-saobracaja-jos-cetiri-miliona-eura\/","name":"Vlada usvojila predlog Ministarstva: Za razvoj avio saobra\u0107aja jo\u0161 \u010detiri miliona eura - dmcsrb.com","isPartOf":{"@id":"https:\/\/dmcsrb.com\/#website"},"primaryImageOfPage":{"@id":"https:\/\/dmcsrb.com\/en\/ekonomija\/vlada-usvojila-predlog-ministarstva-za-razvoj-avio-saobracaja-jos-cetiri-miliona-eura\/#primaryimage"},"image":{"@id":"https:\/\/dmcsrb.com\/en\/ekonomija\/vlada-usvojila-predlog-ministarstva-za-razvoj-avio-saobracaja-jos-cetiri-miliona-eura\/#primaryimage"},"thumbnailUrl":"https:\/\/dmcsrb.com\/wp-content\/uploads\/2026\/01\/Maja-Vukicevic-foto-vlada-cg.jpg","datePublished":"2025-10-16T11:08:58+00:00","author":{"@id":"https:\/\/dmcsrb.com\/#\/schema\/person\/5c39170f12db1b8b457732d0b5c854e2"},"breadcrumb":{"@id":"https:\/\/dmcsrb.com\/en\/ekonomija\/vlada-usvojila-predlog-ministarstva-za-razvoj-avio-saobracaja-jos-cetiri-miliona-eura\/#breadcrumb"},"inLanguage":"en-GB","potentialAction":[{"@type":"ReadAction","target":["https:\/\/dmcsrb.com\/en\/ekonomija\/vlada-usvojila-predlog-ministarstva-za-razvoj-avio-saobracaja-jos-cetiri-miliona-eura\/"]}]},{"@type":"ImageObject","inLanguage":"en-GB","@id":"https:\/\/dmcsrb.com\/en\/ekonomija\/vlada-usvojila-predlog-ministarstva-za-razvoj-avio-saobracaja-jos-cetiri-miliona-eura\/#primaryimage","url":"https:\/\/dmcsrb.com\/wp-content\/uploads\/2026\/01\/Maja-Vukicevic-foto-vlada-cg.jpg","contentUrl":"https:\/\/dmcsrb.com\/wp-content\/uploads\/2026\/01\/Maja-Vukicevic-foto-vlada-cg.jpg","width":1125,"height":663},{"@type":"BreadcrumbList","@id":"https:\/\/dmcsrb.com\/en\/ekonomija\/vlada-usvojila-predlog-ministarstva-za-razvoj-avio-saobracaja-jos-cetiri-miliona-eura\/#breadcrumb","itemListElement":[{"@type":"ListItem","position":1,"name":"Home","item":"https:\/\/dmcsrb.com\/"},{"@type":"ListItem","position":2,"name":"Vlada usvojila predlog Ministarstva: Za razvoj avio saobra\u0107aja jo\u0161 \u010detiri miliona eura"}]},{"@type":"WebSite","@id":"https:\/\/dmcsrb.com\/#website","url":"https:\/\/dmcsrb.com\/","name":"dmcsrb.com","description":"","potentialAction":[{"@type":"SearchAction","target":{"@type":"EntryPoint","urlTemplate":"https:\/\/dmcsrb.com\/?s={search_term_string}"},"query-input":{"@type":"PropertyValueSpecification","valueRequired":true,"valueName":"search_term_string"}}],"inLanguage":"en-GB"},{"@type":"Person","@id":"https:\/\/dmcsrb.com\/#\/schema\/person\/5c39170f12db1b8b457732d0b5c854e2","name":"dmcsrbija.com@gmail.com","image":{"@type":"ImageObject","inLanguage":"en-GB","@id":"https:\/\/dmcsrb.com\/#\/schema\/person\/image\/","url":"https:\/\/secure.gravatar.com\/avatar\/68592660ad6347fad0fb587f8d5d8f1a7b44961362f56e4f2cd524feb87e9069?s=96&d=mm&r=g","contentUrl":"https:\/\/secure.gravatar.com\/avatar\/68592660ad6347fad0fb587f8d5d8f1a7b44961362f56e4f2cd524feb87e9069?s=96&d=mm&r=g","caption":"dmcsrbija.com@gmail.com"},"sameAs":["https:\/\/dmcsrb.com"],"url":"https:\/\/dmcsrb.com\/en\/author\/dmcsrbija-comgmail-com\/"}]}},"_links":{"self":[{"href":"https:\/\/dmcsrb.com\/en\/wp-json\/wp\/v2\/posts\/958206","targetHints":{"allow":["GET"]}}],"collection":[{"href":"https:\/\/dmcsrb.com\/en\/wp-json\/wp\/v2\/posts"}],"about":[{"href":"https:\/\/dmcsrb.com\/en\/wp-json\/wp\/v2\/types\/post"}],"author":[{"embeddable":true,"href":"https:\/\/dmcsrb.com\/en\/wp-json\/wp\/v2\/users\/1"}],"replies":[{"embeddable":true,"href":"https:\/\/dmcsrb.com\/en\/wp-json\/wp\/v2\/comments?post=958206"}],"version-history":[{"count":0,"href":"https:\/\/dmcsrb.com\/en\/wp-json\/wp\/v2\/posts\/958206\/revisions"}],"wp:featuredmedia":[{"embeddable":true,"href":"https:\/\/dmcsrb.com\/en\/wp-json\/wp\/v2\/media\/909399"}],"wp:attachment":[{"href":"https:\/\/dmcsrb.com\/en\/wp-json\/wp\/v2\/media?parent=958206"}],"wp:term":[{"taxonomy":"category","embeddable":true,"href":"https:\/\/dmcsrb.com\/en\/wp-json\/wp\/v2\/categories?post=958206"},{"taxonomy":"post_tag","embeddable":true,"href":"https:\/\/dmcsrb.com\/en\/wp-json\/wp\/v2\/tags?post=958206"},{"taxonomy":"naslovna","embeddable":true,"href":"https:\/\/dmcsrb.com\/en\/wp-json\/wp\/v2\/naslovna?post=958206"}],"curies":[{"name":"wp","href":"https:\/\/api.w.org\/{rel}","templated":true}]}}