{"id":958177,"date":"2025-10-16T11:55:10","date_gmt":"2025-10-16T09:55:10","guid":{"rendered":"https:\/\/dmcsrb.com\/uncategorized\/boskovic-imenovana-za-drzavnu-sekretarku-u-ministarstvu-evropskih-poslova\/"},"modified":"2025-10-16T11:55:10","modified_gmt":"2025-10-16T09:55:10","slug":"boskovic-imenovana-za-drzavnu-sekretarku-u-ministarstvu-evropskih-poslova","status":"publish","type":"post","link":"https:\/\/dmcsrb.com\/en\/politika\/boskovic-imenovana-za-drzavnu-sekretarku-u-ministarstvu-evropskih-poslova\/","title":{"rendered":"Bo\u0161kovi\u0107 imenovana za dr\u017eavnu sekretarku u Ministarstvu evropskih poslova"},"content":{"rendered":"<p>U tom kontekstu, Vlada je:<\/p>\n\n\n\n<p>1. donijela Rje\u0161enje o imenovanju dr Bojane Bo\u0161kovi\u0107 za dr\u017eavnu sekretarku u Ministarstvu evropskih poslova,<\/p>\n\n\n\n<p>2. donijela Rje\u0161enje o prestanku vr\u0161enja du\u017enosti v. d. pomo\u0107nice direktora Uprave za igre na sre\u0107u Nata\u0161e Mijatovi\u0107,<\/p>\n\n\n\n<p>3. odredila Nadu Milatovi\u0107 za punomo\u0107nicu \u2013 predstavnicu dr\u017eavnog kapitala na XIV vanrednoj Skup\u0161tini akcionara Instituta za fizikalnu medicinu, rehabilitaciju i reumatologiju \u201eDr Simo Milo\u0161evi\u0107\u201c AD Igalo,<\/p>\n\n\n\n<p>4. donijela Rje\u0161enje o odre\u0111ivanju Nine Bla\u017ei\u0107 za vr\u0161iteljku du\u017enosti generalne direktorice Direktorata za lokalnu samoupravu u Ministarstvu javne uprave,<\/p>\n\n\n\n<p>5. donijela Rje\u0161enje o prestanku vr\u0161enja du\u017enosti v. d. pomo\u0107nika generalnog sekretara Vlade Ivana Brajkovi\u0107a i<\/p>\n\n\n\n<p>6. donijela Rje\u0161enje o odre\u0111ivanju Ivana Brajkovi\u0107a za vr\u0161ioca du\u017enosti pomo\u0107nika generalnog sekretara Vlade.<\/p>","protected":false},"excerpt":{"rendered":"<p>Vlada Crne Gore je, na danas odr\u017eanoj 99. sjednici kojom je predsjedavao premijer mr Milojko Spaji\u0107, razmotrila vi\u0161e kadrovskih pitanja.<\/p>","protected":false},"author":1,"featured_media":951061,"comment_status":"open","ping_status":"open","sticky":false,"template":"","format":"standard","meta":{"_acf_changed":false,"footnotes":""},"categories":[12],"tags":[11492,3414,1319],"naslovna":[],"class_list":["post-958177","post","type-post","status-publish","format-standard","has-post-thumbnail","hentry","category-politika","tag-bojana-boskovic","tag-mep","tag-vlada-crne-gore"],"acf":[],"yoast_head":"<!-- This site is optimized with the Yoast SEO plugin v27.0 - https:\/\/yoast.com\/product\/yoast-seo-wordpress\/ -->\n<title>Bo\u0161kovi\u0107 imenovana za dr\u017eavnu sekretarku u Ministarstvu evropskih poslova - dmcsrb.com<\/title>\n<meta name=\"robots\" content=\"index, follow, max-snippet:-1, max-image-preview:large, max-video-preview:-1\" \/>\n<link rel=\"canonical\" href=\"https:\/\/dmcsrb.com\/en\/politika\/boskovic-imenovana-za-drzavnu-sekretarku-u-ministarstvu-evropskih-poslova\/\" \/>\n<meta property=\"og:locale\" content=\"en_GB\" \/>\n<meta property=\"og:type\" content=\"article\" \/>\n<meta property=\"og:title\" content=\"Bo\u0161kovi\u0107 imenovana za dr\u017eavnu sekretarku u Ministarstvu evropskih poslova - dmcsrb.com\" \/>\n<meta property=\"og:description\" content=\"Vlada Crne Gore je, na danas odr\u017eanoj 99. sjednici kojom je predsjedavao premijer mr Milojko Spaji\u0107, razmotrila vi\u0161e kadrovskih pitanja.\" \/>\n<meta property=\"og:url\" content=\"https:\/\/dmcsrb.com\/en\/politika\/boskovic-imenovana-za-drzavnu-sekretarku-u-ministarstvu-evropskih-poslova\/\" \/>\n<meta property=\"og:site_name\" content=\"dmcsrb.com\" \/>\n<meta property=\"article:published_time\" content=\"2025-10-16T09:55:10+00:00\" \/>\n<meta property=\"og:image\" content=\"https:\/\/dmcsrb.com\/wp-content\/uploads\/2026\/01\/foto_600x900.webp\" \/>\n\t<meta property=\"og:image:width\" content=\"900\" \/>\n\t<meta property=\"og:image:height\" content=\"600\" \/>\n\t<meta property=\"og:image:type\" content=\"image\/jpeg\" \/>\n<meta name=\"author\" content=\"dmcsrbija.com@gmail.com\" \/>\n<meta name=\"twitter:card\" content=\"summary_large_image\" \/>\n<meta name=\"twitter:label1\" content=\"Written by\" \/>\n\t<meta name=\"twitter:data1\" content=\"dmcsrbija.com@gmail.com\" \/>\n\t<meta name=\"twitter:label2\" content=\"Estimated reading time\" \/>\n\t<meta name=\"twitter:data2\" content=\"1 minute\" \/>\n<script type=\"application\/ld+json\" class=\"yoast-schema-graph\">{\"@context\":\"https:\/\/schema.org\",\"@graph\":[{\"@type\":\"Article\",\"@id\":\"https:\/\/dmcsrb.com\/politika\/boskovic-imenovana-za-drzavnu-sekretarku-u-ministarstvu-evropskih-poslova\/#article\",\"isPartOf\":{\"@id\":\"https:\/\/dmcsrb.com\/politika\/boskovic-imenovana-za-drzavnu-sekretarku-u-ministarstvu-evropskih-poslova\/\"},\"author\":{\"name\":\"dmcsrbija.com@gmail.com\",\"@id\":\"https:\/\/dmcsrb.com\/#\/schema\/person\/5c39170f12db1b8b457732d0b5c854e2\"},\"headline\":\"Bo\u0161kovi\u0107 imenovana za dr\u017eavnu sekretarku u Ministarstvu evropskih poslova\",\"datePublished\":\"2025-10-16T09:55:10+00:00\",\"mainEntityOfPage\":{\"@id\":\"https:\/\/dmcsrb.com\/politika\/boskovic-imenovana-za-drzavnu-sekretarku-u-ministarstvu-evropskih-poslova\/\"},\"wordCount\":148,\"commentCount\":0,\"image\":{\"@id\":\"https:\/\/dmcsrb.com\/politika\/boskovic-imenovana-za-drzavnu-sekretarku-u-ministarstvu-evropskih-poslova\/#primaryimage\"},\"thumbnailUrl\":\"https:\/\/dmcsrb.com\/wp-content\/uploads\/2026\/01\/foto_600x900.webp\",\"keywords\":[\"Bojana Bo\u0161kovi\u0107\",\"MEP\",\"Vlada Crne Gore\"],\"articleSection\":[\"Politika\"],\"inLanguage\":\"en-GB\",\"potentialAction\":[{\"@type\":\"CommentAction\",\"name\":\"Comment\",\"target\":[\"https:\/\/dmcsrb.com\/politika\/boskovic-imenovana-za-drzavnu-sekretarku-u-ministarstvu-evropskih-poslova\/#respond\"]}]},{\"@type\":\"WebPage\",\"@id\":\"https:\/\/dmcsrb.com\/politika\/boskovic-imenovana-za-drzavnu-sekretarku-u-ministarstvu-evropskih-poslova\/\",\"url\":\"https:\/\/dmcsrb.com\/politika\/boskovic-imenovana-za-drzavnu-sekretarku-u-ministarstvu-evropskih-poslova\/\",\"name\":\"Bo\u0161kovi\u0107 imenovana za dr\u017eavnu sekretarku u Ministarstvu evropskih poslova - dmcsrb.com\",\"isPartOf\":{\"@id\":\"https:\/\/dmcsrb.com\/#website\"},\"primaryImageOfPage\":{\"@id\":\"https:\/\/dmcsrb.com\/politika\/boskovic-imenovana-za-drzavnu-sekretarku-u-ministarstvu-evropskih-poslova\/#primaryimage\"},\"image\":{\"@id\":\"https:\/\/dmcsrb.com\/politika\/boskovic-imenovana-za-drzavnu-sekretarku-u-ministarstvu-evropskih-poslova\/#primaryimage\"},\"thumbnailUrl\":\"https:\/\/dmcsrb.com\/wp-content\/uploads\/2026\/01\/foto_600x900.webp\",\"datePublished\":\"2025-10-16T09:55:10+00:00\",\"author\":{\"@id\":\"https:\/\/dmcsrb.com\/#\/schema\/person\/5c39170f12db1b8b457732d0b5c854e2\"},\"breadcrumb\":{\"@id\":\"https:\/\/dmcsrb.com\/politika\/boskovic-imenovana-za-drzavnu-sekretarku-u-ministarstvu-evropskih-poslova\/#breadcrumb\"},\"inLanguage\":\"en-GB\",\"potentialAction\":[{\"@type\":\"ReadAction\",\"target\":[\"https:\/\/dmcsrb.com\/politika\/boskovic-imenovana-za-drzavnu-sekretarku-u-ministarstvu-evropskih-poslova\/\"]}]},{\"@type\":\"ImageObject\",\"inLanguage\":\"en-GB\",\"@id\":\"https:\/\/dmcsrb.com\/politika\/boskovic-imenovana-za-drzavnu-sekretarku-u-ministarstvu-evropskih-poslova\/#primaryimage\",\"url\":\"https:\/\/dmcsrb.com\/wp-content\/uploads\/2026\/01\/foto_600x900.webp\",\"contentUrl\":\"https:\/\/dmcsrb.com\/wp-content\/uploads\/2026\/01\/foto_600x900.webp\",\"width\":900,\"height\":600},{\"@type\":\"BreadcrumbList\",\"@id\":\"https:\/\/dmcsrb.com\/politika\/boskovic-imenovana-za-drzavnu-sekretarku-u-ministarstvu-evropskih-poslova\/#breadcrumb\",\"itemListElement\":[{\"@type\":\"ListItem\",\"position\":1,\"name\":\"Home\",\"item\":\"https:\/\/dmcsrb.com\/\"},{\"@type\":\"ListItem\",\"position\":2,\"name\":\"Bo\u0161kovi\u0107 imenovana za dr\u017eavnu sekretarku u Ministarstvu evropskih poslova\"}]},{\"@type\":\"WebSite\",\"@id\":\"https:\/\/dmcsrb.com\/#website\",\"url\":\"https:\/\/dmcsrb.com\/\",\"name\":\"dmcsrb.com\",\"description\":\"\",\"potentialAction\":[{\"@type\":\"SearchAction\",\"target\":{\"@type\":\"EntryPoint\",\"urlTemplate\":\"https:\/\/dmcsrb.com\/?s={search_term_string}\"},\"query-input\":{\"@type\":\"PropertyValueSpecification\",\"valueRequired\":true,\"valueName\":\"search_term_string\"}}],\"inLanguage\":\"en-GB\"},{\"@type\":\"Person\",\"@id\":\"https:\/\/dmcsrb.com\/#\/schema\/person\/5c39170f12db1b8b457732d0b5c854e2\",\"name\":\"dmcsrbija.com@gmail.com\",\"image\":{\"@type\":\"ImageObject\",\"inLanguage\":\"en-GB\",\"@id\":\"https:\/\/dmcsrb.com\/#\/schema\/person\/image\/\",\"url\":\"https:\/\/secure.gravatar.com\/avatar\/68592660ad6347fad0fb587f8d5d8f1a7b44961362f56e4f2cd524feb87e9069?s=96&d=mm&r=g\",\"contentUrl\":\"https:\/\/secure.gravatar.com\/avatar\/68592660ad6347fad0fb587f8d5d8f1a7b44961362f56e4f2cd524feb87e9069?s=96&d=mm&r=g\",\"caption\":\"dmcsrbija.com@gmail.com\"},\"sameAs\":[\"https:\/\/dmcsrb.com\"],\"url\":\"https:\/\/dmcsrb.com\/en\/author\/dmcsrbija-comgmail-com\/\"}]}<\/script>\n<!-- \/ Yoast SEO plugin. -->","yoast_head_json":{"title":"Bo\u0161kovi\u0107 imenovana za dr\u017eavnu sekretarku u Ministarstvu evropskih poslova - dmcsrb.com","robots":{"index":"index","follow":"follow","max-snippet":"max-snippet:-1","max-image-preview":"max-image-preview:large","max-video-preview":"max-video-preview:-1"},"canonical":"https:\/\/dmcsrb.com\/en\/politika\/boskovic-imenovana-za-drzavnu-sekretarku-u-ministarstvu-evropskih-poslova\/","og_locale":"en_GB","og_type":"article","og_title":"Bo\u0161kovi\u0107 imenovana za dr\u017eavnu sekretarku u Ministarstvu evropskih poslova - dmcsrb.com","og_description":"Vlada Crne Gore je, na danas odr\u017eanoj 99. sjednici kojom je predsjedavao premijer mr Milojko Spaji\u0107, razmotrila vi\u0161e kadrovskih pitanja.","og_url":"https:\/\/dmcsrb.com\/en\/politika\/boskovic-imenovana-za-drzavnu-sekretarku-u-ministarstvu-evropskih-poslova\/","og_site_name":"dmcsrb.com","article_published_time":"2025-10-16T09:55:10+00:00","og_image":[{"width":900,"height":600,"url":"https:\/\/dmcsrb.com\/wp-content\/uploads\/2026\/01\/foto_600x900.webp","type":"image\/jpeg"}],"author":"dmcsrbija.com@gmail.com","twitter_card":"summary_large_image","twitter_misc":{"Written by":"dmcsrbija.com@gmail.com","Estimated reading time":"1 minute"},"schema":{"@context":"https:\/\/schema.org","@graph":[{"@type":"Article","@id":"https:\/\/dmcsrb.com\/politika\/boskovic-imenovana-za-drzavnu-sekretarku-u-ministarstvu-evropskih-poslova\/#article","isPartOf":{"@id":"https:\/\/dmcsrb.com\/politika\/boskovic-imenovana-za-drzavnu-sekretarku-u-ministarstvu-evropskih-poslova\/"},"author":{"name":"dmcsrbija.com@gmail.com","@id":"https:\/\/dmcsrb.com\/#\/schema\/person\/5c39170f12db1b8b457732d0b5c854e2"},"headline":"Bo\u0161kovi\u0107 imenovana za dr\u017eavnu sekretarku u Ministarstvu evropskih poslova","datePublished":"2025-10-16T09:55:10+00:00","mainEntityOfPage":{"@id":"https:\/\/dmcsrb.com\/politika\/boskovic-imenovana-za-drzavnu-sekretarku-u-ministarstvu-evropskih-poslova\/"},"wordCount":148,"commentCount":0,"image":{"@id":"https:\/\/dmcsrb.com\/politika\/boskovic-imenovana-za-drzavnu-sekretarku-u-ministarstvu-evropskih-poslova\/#primaryimage"},"thumbnailUrl":"https:\/\/dmcsrb.com\/wp-content\/uploads\/2026\/01\/foto_600x900.webp","keywords":["Bojana Bo\u0161kovi\u0107","MEP","Vlada Crne Gore"],"articleSection":["Politika"],"inLanguage":"en-GB","potentialAction":[{"@type":"CommentAction","name":"Comment","target":["https:\/\/dmcsrb.com\/politika\/boskovic-imenovana-za-drzavnu-sekretarku-u-ministarstvu-evropskih-poslova\/#respond"]}]},{"@type":"WebPage","@id":"https:\/\/dmcsrb.com\/politika\/boskovic-imenovana-za-drzavnu-sekretarku-u-ministarstvu-evropskih-poslova\/","url":"https:\/\/dmcsrb.com\/politika\/boskovic-imenovana-za-drzavnu-sekretarku-u-ministarstvu-evropskih-poslova\/","name":"Bo\u0161kovi\u0107 imenovana za dr\u017eavnu sekretarku u Ministarstvu evropskih poslova - dmcsrb.com","isPartOf":{"@id":"https:\/\/dmcsrb.com\/#website"},"primaryImageOfPage":{"@id":"https:\/\/dmcsrb.com\/politika\/boskovic-imenovana-za-drzavnu-sekretarku-u-ministarstvu-evropskih-poslova\/#primaryimage"},"image":{"@id":"https:\/\/dmcsrb.com\/politika\/boskovic-imenovana-za-drzavnu-sekretarku-u-ministarstvu-evropskih-poslova\/#primaryimage"},"thumbnailUrl":"https:\/\/dmcsrb.com\/wp-content\/uploads\/2026\/01\/foto_600x900.webp","datePublished":"2025-10-16T09:55:10+00:00","author":{"@id":"https:\/\/dmcsrb.com\/#\/schema\/person\/5c39170f12db1b8b457732d0b5c854e2"},"breadcrumb":{"@id":"https:\/\/dmcsrb.com\/politika\/boskovic-imenovana-za-drzavnu-sekretarku-u-ministarstvu-evropskih-poslova\/#breadcrumb"},"inLanguage":"en-GB","potentialAction":[{"@type":"ReadAction","target":["https:\/\/dmcsrb.com\/politika\/boskovic-imenovana-za-drzavnu-sekretarku-u-ministarstvu-evropskih-poslova\/"]}]},{"@type":"ImageObject","inLanguage":"en-GB","@id":"https:\/\/dmcsrb.com\/politika\/boskovic-imenovana-za-drzavnu-sekretarku-u-ministarstvu-evropskih-poslova\/#primaryimage","url":"https:\/\/dmcsrb.com\/wp-content\/uploads\/2026\/01\/foto_600x900.webp","contentUrl":"https:\/\/dmcsrb.com\/wp-content\/uploads\/2026\/01\/foto_600x900.webp","width":900,"height":600},{"@type":"BreadcrumbList","@id":"https:\/\/dmcsrb.com\/politika\/boskovic-imenovana-za-drzavnu-sekretarku-u-ministarstvu-evropskih-poslova\/#breadcrumb","itemListElement":[{"@type":"ListItem","position":1,"name":"Home","item":"https:\/\/dmcsrb.com\/"},{"@type":"ListItem","position":2,"name":"Bo\u0161kovi\u0107 imenovana za dr\u017eavnu sekretarku u Ministarstvu evropskih poslova"}]},{"@type":"WebSite","@id":"https:\/\/dmcsrb.com\/#website","url":"https:\/\/dmcsrb.com\/","name":"dmcsrb.com","description":"","potentialAction":[{"@type":"SearchAction","target":{"@type":"EntryPoint","urlTemplate":"https:\/\/dmcsrb.com\/?s={search_term_string}"},"query-input":{"@type":"PropertyValueSpecification","valueRequired":true,"valueName":"search_term_string"}}],"inLanguage":"en-GB"},{"@type":"Person","@id":"https:\/\/dmcsrb.com\/#\/schema\/person\/5c39170f12db1b8b457732d0b5c854e2","name":"dmcsrbija.com@gmail.com","image":{"@type":"ImageObject","inLanguage":"en-GB","@id":"https:\/\/dmcsrb.com\/#\/schema\/person\/image\/","url":"https:\/\/secure.gravatar.com\/avatar\/68592660ad6347fad0fb587f8d5d8f1a7b44961362f56e4f2cd524feb87e9069?s=96&d=mm&r=g","contentUrl":"https:\/\/secure.gravatar.com\/avatar\/68592660ad6347fad0fb587f8d5d8f1a7b44961362f56e4f2cd524feb87e9069?s=96&d=mm&r=g","caption":"dmcsrbija.com@gmail.com"},"sameAs":["https:\/\/dmcsrb.com"],"url":"https:\/\/dmcsrb.com\/en\/author\/dmcsrbija-comgmail-com\/"}]}},"_links":{"self":[{"href":"https:\/\/dmcsrb.com\/en\/wp-json\/wp\/v2\/posts\/958177","targetHints":{"allow":["GET"]}}],"collection":[{"href":"https:\/\/dmcsrb.com\/en\/wp-json\/wp\/v2\/posts"}],"about":[{"href":"https:\/\/dmcsrb.com\/en\/wp-json\/wp\/v2\/types\/post"}],"author":[{"embeddable":true,"href":"https:\/\/dmcsrb.com\/en\/wp-json\/wp\/v2\/users\/1"}],"replies":[{"embeddable":true,"href":"https:\/\/dmcsrb.com\/en\/wp-json\/wp\/v2\/comments?post=958177"}],"version-history":[{"count":0,"href":"https:\/\/dmcsrb.com\/en\/wp-json\/wp\/v2\/posts\/958177\/revisions"}],"wp:featuredmedia":[{"embeddable":true,"href":"https:\/\/dmcsrb.com\/en\/wp-json\/wp\/v2\/media\/951061"}],"wp:attachment":[{"href":"https:\/\/dmcsrb.com\/en\/wp-json\/wp\/v2\/media?parent=958177"}],"wp:term":[{"taxonomy":"category","embeddable":true,"href":"https:\/\/dmcsrb.com\/en\/wp-json\/wp\/v2\/categories?post=958177"},{"taxonomy":"post_tag","embeddable":true,"href":"https:\/\/dmcsrb.com\/en\/wp-json\/wp\/v2\/tags?post=958177"},{"taxonomy":"naslovna","embeddable":true,"href":"https:\/\/dmcsrb.com\/en\/wp-json\/wp\/v2\/naslovna?post=958177"}],"curies":[{"name":"wp","href":"https:\/\/api.w.org\/{rel}","templated":true}]}}