{"id":958174,"date":"2025-10-16T11:43:03","date_gmt":"2025-10-16T09:43:03","guid":{"rendered":"https:\/\/dmcsrb.com\/uncategorized\/vrhovni-sud-produzio-pritvor-okrivljenom-za-zelenastvo-za-jos-jedan-mjesec\/"},"modified":"2025-10-16T11:43:03","modified_gmt":"2025-10-16T09:43:03","slug":"vrhovni-sud-produzio-pritvor-okrivljenom-za-zelenastvo-za-jos-jedan-mjesec","status":"publish","type":"post","link":"https:\/\/dmcsrb.com\/en\/hronika\/vrhovni-sud-produzio-pritvor-okrivljenom-za-zelenastvo-za-jos-jedan-mjesec\/","title":{"rendered":"Vrhovni sud produ\u017eio pritvor okrivljenom za zelena\u0161tvo za jo\u0161 jedan mjesec"},"content":{"rendered":"<p><\/p>\n\n\n\n<p><\/p>\n\n\n\n<p>&#8220;Okrivljenom V.B. pritvor je produ\u017een zbog osnovane sumnje da je po\u010dinio produ\u017eeno krivi\u010dno djelo zelena\u0161tvo.<\/p>\n\n\n\n<p>Vrhovni sud je ocijenio da postoji osnovana sumnja da je V.B. u du\u017eem vremenskom periodu davao novac na zajam uz nesrazmjerno visoke kamate, pribavljaju\u0107i sebi protivpravnu imovinsku korist koja prelazi 30 hiljada eura.<\/p>\n\n\n\n<p>Okrivljenom V.B. pritvor je produ\u017een zbog uticaja na svjedoke, kao i zbog opasnosti da bi mogao ponoviti krivi\u010dno djelo.<\/p>\n\n\n\n<p>Pritvor je okrivljenom prvobitno bio odre\u0111en Rje\u0161enjem sudije za istragu Osnovnog suda u Podgorici 22. juna 2025. godine, a produ\u017een rje\u0161enjima vije\u0107a tog suda 18. jula i 19. avgusta 2025. godine, kao i Rje\u0161enjem Vrhovnog suda Crne Gore od 18. septembra, tako da po novom Rje\u0161enju Vrhovnog suda Crne Gore mo\u017ee najdu\u017ee trajati do 20. novembra 2025.godine&#8221;, saop\u0161teno je iz Vrhovnog suda.<\/p>","protected":false},"excerpt":{"rendered":"<p>Vije\u0107e Vrhovnog suda Crne Gore, odlu\u010duju\u0107i o predlogu Osnovnog dr\u017eavnog tu\u017eila\u0161tva u Podgorici od 14. oktobra 2025. godine za produ\u017eenje pritvora protiv okrivljenog V.B. donijelo je rje\u0161enje da se okrivljenom produ\u017ei pritvor za jo\u0161 jedan mjesec, odnosno do 20. novembra 2025. godine, saop\u0161teno je iz te institucije.<\/p>","protected":false},"author":1,"featured_media":909364,"comment_status":"open","ping_status":"open","sticky":false,"template":"","format":"standard","meta":{"_acf_changed":false,"footnotes":""},"categories":[17],"tags":[354,953,5882],"naslovna":[],"class_list":["post-958174","post","type-post","status-publish","format-standard","has-post-thumbnail","hentry","category-hronika","tag-hronika","tag-vrhovni","tag-zelenastvo"],"acf":[],"yoast_head":"<!-- This site is optimized with the Yoast SEO plugin v27.4 - https:\/\/yoast.com\/product\/yoast-seo-wordpress\/ -->\n<title>Vrhovni sud produ\u017eio pritvor okrivljenom za zelena\u0161tvo za jo\u0161 jedan mjesec - dmcsrb.com<\/title>\n<meta name=\"robots\" content=\"index, follow, max-snippet:-1, max-image-preview:large, max-video-preview:-1\" \/>\n<link rel=\"canonical\" href=\"https:\/\/dmcsrb.com\/en\/hronika\/vrhovni-sud-produzio-pritvor-okrivljenom-za-zelenastvo-za-jos-jedan-mjesec\/\" \/>\n<meta property=\"og:locale\" content=\"en_GB\" \/>\n<meta property=\"og:type\" content=\"article\" \/>\n<meta property=\"og:title\" content=\"Vrhovni sud produ\u017eio pritvor okrivljenom za zelena\u0161tvo za jo\u0161 jedan mjesec - dmcsrb.com\" \/>\n<meta property=\"og:description\" content=\"Vije\u0107e Vrhovnog suda Crne Gore, odlu\u010duju\u0107i o predlogu Osnovnog dr\u017eavnog tu\u017eila\u0161tva u Podgorici od 14. oktobra 2025. godine za produ\u017eenje pritvora protiv okrivljenog V.B. donijelo je rje\u0161enje da se okrivljenom produ\u017ei pritvor za jo\u0161 jedan mjesec, odnosno do 20. novembra 2025. godine, saop\u0161teno je iz te institucije.\" \/>\n<meta property=\"og:url\" content=\"https:\/\/dmcsrb.com\/en\/hronika\/vrhovni-sud-produzio-pritvor-okrivljenom-za-zelenastvo-za-jos-jedan-mjesec\/\" \/>\n<meta property=\"og:site_name\" content=\"dmcsrb.com\" \/>\n<meta property=\"article:published_time\" content=\"2025-10-16T09:43:03+00:00\" \/>\n<meta property=\"og:image\" content=\"https:\/\/dmcsrb.com\/wp-content\/uploads\/2026\/01\/Vrhovni-sud-Visi-Apelacioni-foto-Vrhovni-sud.jpg\" \/>\n\t<meta property=\"og:image:width\" content=\"925\" \/>\n\t<meta property=\"og:image:height\" content=\"669\" \/>\n\t<meta property=\"og:image:type\" content=\"image\/jpeg\" \/>\n<meta name=\"author\" content=\"dmcsrbija.com@gmail.com\" \/>\n<meta name=\"twitter:card\" content=\"summary_large_image\" \/>\n<meta name=\"twitter:label1\" content=\"Written by\" \/>\n\t<meta name=\"twitter:data1\" content=\"dmcsrbija.com@gmail.com\" \/>\n\t<meta name=\"twitter:label2\" content=\"Estimated reading time\" \/>\n\t<meta name=\"twitter:data2\" content=\"1 minute\" \/>\n<script type=\"application\/ld+json\" class=\"yoast-schema-graph\">{\"@context\":\"https:\\\/\\\/schema.org\",\"@graph\":[{\"@type\":\"Article\",\"@id\":\"https:\\\/\\\/dmcsrb.com\\\/en\\\/hronika\\\/vrhovni-sud-produzio-pritvor-okrivljenom-za-zelenastvo-za-jos-jedan-mjesec\\\/#article\",\"isPartOf\":{\"@id\":\"https:\\\/\\\/dmcsrb.com\\\/en\\\/hronika\\\/vrhovni-sud-produzio-pritvor-okrivljenom-za-zelenastvo-za-jos-jedan-mjesec\\\/\"},\"author\":{\"name\":\"dmcsrbija.com@gmail.com\",\"@id\":\"https:\\\/\\\/dmcsrb.com\\\/#\\\/schema\\\/person\\\/5c39170f12db1b8b457732d0b5c854e2\"},\"headline\":\"Vrhovni sud produ\u017eio pritvor okrivljenom za zelena\u0161tvo za jo\u0161 jedan mjesec\",\"datePublished\":\"2025-10-16T09:43:03+00:00\",\"mainEntityOfPage\":{\"@id\":\"https:\\\/\\\/dmcsrb.com\\\/en\\\/hronika\\\/vrhovni-sud-produzio-pritvor-okrivljenom-za-zelenastvo-za-jos-jedan-mjesec\\\/\"},\"wordCount\":156,\"commentCount\":0,\"image\":{\"@id\":\"https:\\\/\\\/dmcsrb.com\\\/en\\\/hronika\\\/vrhovni-sud-produzio-pritvor-okrivljenom-za-zelenastvo-za-jos-jedan-mjesec\\\/#primaryimage\"},\"thumbnailUrl\":\"https:\\\/\\\/dmcsrb.com\\\/wp-content\\\/uploads\\\/2026\\\/01\\\/Vrhovni-sud-Visi-Apelacioni-foto-Vrhovni-sud.jpg\",\"keywords\":[\"hronika\",\"Vrhovni\",\"zelena\u0161tvo\"],\"articleSection\":[\"Hronika\"],\"inLanguage\":\"en-GB\",\"potentialAction\":[{\"@type\":\"CommentAction\",\"name\":\"Comment\",\"target\":[\"https:\\\/\\\/dmcsrb.com\\\/en\\\/hronika\\\/vrhovni-sud-produzio-pritvor-okrivljenom-za-zelenastvo-za-jos-jedan-mjesec\\\/#respond\"]}]},{\"@type\":\"WebPage\",\"@id\":\"https:\\\/\\\/dmcsrb.com\\\/en\\\/hronika\\\/vrhovni-sud-produzio-pritvor-okrivljenom-za-zelenastvo-za-jos-jedan-mjesec\\\/\",\"url\":\"https:\\\/\\\/dmcsrb.com\\\/en\\\/hronika\\\/vrhovni-sud-produzio-pritvor-okrivljenom-za-zelenastvo-za-jos-jedan-mjesec\\\/\",\"name\":\"Vrhovni sud produ\u017eio pritvor okrivljenom za zelena\u0161tvo za jo\u0161 jedan mjesec - dmcsrb.com\",\"isPartOf\":{\"@id\":\"https:\\\/\\\/dmcsrb.com\\\/#website\"},\"primaryImageOfPage\":{\"@id\":\"https:\\\/\\\/dmcsrb.com\\\/en\\\/hronika\\\/vrhovni-sud-produzio-pritvor-okrivljenom-za-zelenastvo-za-jos-jedan-mjesec\\\/#primaryimage\"},\"image\":{\"@id\":\"https:\\\/\\\/dmcsrb.com\\\/en\\\/hronika\\\/vrhovni-sud-produzio-pritvor-okrivljenom-za-zelenastvo-za-jos-jedan-mjesec\\\/#primaryimage\"},\"thumbnailUrl\":\"https:\\\/\\\/dmcsrb.com\\\/wp-content\\\/uploads\\\/2026\\\/01\\\/Vrhovni-sud-Visi-Apelacioni-foto-Vrhovni-sud.jpg\",\"datePublished\":\"2025-10-16T09:43:03+00:00\",\"author\":{\"@id\":\"https:\\\/\\\/dmcsrb.com\\\/#\\\/schema\\\/person\\\/5c39170f12db1b8b457732d0b5c854e2\"},\"breadcrumb\":{\"@id\":\"https:\\\/\\\/dmcsrb.com\\\/en\\\/hronika\\\/vrhovni-sud-produzio-pritvor-okrivljenom-za-zelenastvo-za-jos-jedan-mjesec\\\/#breadcrumb\"},\"inLanguage\":\"en-GB\",\"potentialAction\":[{\"@type\":\"ReadAction\",\"target\":[\"https:\\\/\\\/dmcsrb.com\\\/en\\\/hronika\\\/vrhovni-sud-produzio-pritvor-okrivljenom-za-zelenastvo-za-jos-jedan-mjesec\\\/\"]}]},{\"@type\":\"ImageObject\",\"inLanguage\":\"en-GB\",\"@id\":\"https:\\\/\\\/dmcsrb.com\\\/en\\\/hronika\\\/vrhovni-sud-produzio-pritvor-okrivljenom-za-zelenastvo-za-jos-jedan-mjesec\\\/#primaryimage\",\"url\":\"https:\\\/\\\/dmcsrb.com\\\/wp-content\\\/uploads\\\/2026\\\/01\\\/Vrhovni-sud-Visi-Apelacioni-foto-Vrhovni-sud.jpg\",\"contentUrl\":\"https:\\\/\\\/dmcsrb.com\\\/wp-content\\\/uploads\\\/2026\\\/01\\\/Vrhovni-sud-Visi-Apelacioni-foto-Vrhovni-sud.jpg\",\"width\":925,\"height\":669},{\"@type\":\"BreadcrumbList\",\"@id\":\"https:\\\/\\\/dmcsrb.com\\\/en\\\/hronika\\\/vrhovni-sud-produzio-pritvor-okrivljenom-za-zelenastvo-za-jos-jedan-mjesec\\\/#breadcrumb\",\"itemListElement\":[{\"@type\":\"ListItem\",\"position\":1,\"name\":\"Home\",\"item\":\"https:\\\/\\\/dmcsrb.com\\\/\"},{\"@type\":\"ListItem\",\"position\":2,\"name\":\"Vrhovni sud produ\u017eio pritvor okrivljenom za zelena\u0161tvo za jo\u0161 jedan mjesec\"}]},{\"@type\":\"WebSite\",\"@id\":\"https:\\\/\\\/dmcsrb.com\\\/#website\",\"url\":\"https:\\\/\\\/dmcsrb.com\\\/\",\"name\":\"dmcsrb.com\",\"description\":\"\",\"potentialAction\":[{\"@type\":\"SearchAction\",\"target\":{\"@type\":\"EntryPoint\",\"urlTemplate\":\"https:\\\/\\\/dmcsrb.com\\\/?s={search_term_string}\"},\"query-input\":{\"@type\":\"PropertyValueSpecification\",\"valueRequired\":true,\"valueName\":\"search_term_string\"}}],\"inLanguage\":\"en-GB\"},{\"@type\":\"Person\",\"@id\":\"https:\\\/\\\/dmcsrb.com\\\/#\\\/schema\\\/person\\\/5c39170f12db1b8b457732d0b5c854e2\",\"name\":\"dmcsrbija.com@gmail.com\",\"image\":{\"@type\":\"ImageObject\",\"inLanguage\":\"en-GB\",\"@id\":\"https:\\\/\\\/secure.gravatar.com\\\/avatar\\\/68592660ad6347fad0fb587f8d5d8f1a7b44961362f56e4f2cd524feb87e9069?s=96&d=mm&r=g\",\"url\":\"https:\\\/\\\/secure.gravatar.com\\\/avatar\\\/68592660ad6347fad0fb587f8d5d8f1a7b44961362f56e4f2cd524feb87e9069?s=96&d=mm&r=g\",\"contentUrl\":\"https:\\\/\\\/secure.gravatar.com\\\/avatar\\\/68592660ad6347fad0fb587f8d5d8f1a7b44961362f56e4f2cd524feb87e9069?s=96&d=mm&r=g\",\"caption\":\"dmcsrbija.com@gmail.com\"},\"sameAs\":[\"https:\\\/\\\/dmcsrb.com\"],\"url\":\"https:\\\/\\\/dmcsrb.com\\\/en\\\/author\\\/dmcsrbija-comgmail-com\\\/\"}]}<\/script>\n<!-- \/ Yoast SEO plugin. -->","yoast_head_json":{"title":"Vrhovni sud produ\u017eio pritvor okrivljenom za zelena\u0161tvo za jo\u0161 jedan mjesec - dmcsrb.com","robots":{"index":"index","follow":"follow","max-snippet":"max-snippet:-1","max-image-preview":"max-image-preview:large","max-video-preview":"max-video-preview:-1"},"canonical":"https:\/\/dmcsrb.com\/en\/hronika\/vrhovni-sud-produzio-pritvor-okrivljenom-za-zelenastvo-za-jos-jedan-mjesec\/","og_locale":"en_GB","og_type":"article","og_title":"Vrhovni sud produ\u017eio pritvor okrivljenom za zelena\u0161tvo za jo\u0161 jedan mjesec - dmcsrb.com","og_description":"Vije\u0107e Vrhovnog suda Crne Gore, odlu\u010duju\u0107i o predlogu Osnovnog dr\u017eavnog tu\u017eila\u0161tva u Podgorici od 14. oktobra 2025. godine za produ\u017eenje pritvora protiv okrivljenog V.B. donijelo je rje\u0161enje da se okrivljenom produ\u017ei pritvor za jo\u0161 jedan mjesec, odnosno do 20. novembra 2025. godine, saop\u0161teno je iz te institucije.","og_url":"https:\/\/dmcsrb.com\/en\/hronika\/vrhovni-sud-produzio-pritvor-okrivljenom-za-zelenastvo-za-jos-jedan-mjesec\/","og_site_name":"dmcsrb.com","article_published_time":"2025-10-16T09:43:03+00:00","og_image":[{"width":925,"height":669,"url":"https:\/\/dmcsrb.com\/wp-content\/uploads\/2026\/01\/Vrhovni-sud-Visi-Apelacioni-foto-Vrhovni-sud.jpg","type":"image\/jpeg"}],"author":"dmcsrbija.com@gmail.com","twitter_card":"summary_large_image","twitter_misc":{"Written by":"dmcsrbija.com@gmail.com","Estimated reading time":"1 minute"},"schema":{"@context":"https:\/\/schema.org","@graph":[{"@type":"Article","@id":"https:\/\/dmcsrb.com\/en\/hronika\/vrhovni-sud-produzio-pritvor-okrivljenom-za-zelenastvo-za-jos-jedan-mjesec\/#article","isPartOf":{"@id":"https:\/\/dmcsrb.com\/en\/hronika\/vrhovni-sud-produzio-pritvor-okrivljenom-za-zelenastvo-za-jos-jedan-mjesec\/"},"author":{"name":"dmcsrbija.com@gmail.com","@id":"https:\/\/dmcsrb.com\/#\/schema\/person\/5c39170f12db1b8b457732d0b5c854e2"},"headline":"Vrhovni sud produ\u017eio pritvor okrivljenom za zelena\u0161tvo za jo\u0161 jedan mjesec","datePublished":"2025-10-16T09:43:03+00:00","mainEntityOfPage":{"@id":"https:\/\/dmcsrb.com\/en\/hronika\/vrhovni-sud-produzio-pritvor-okrivljenom-za-zelenastvo-za-jos-jedan-mjesec\/"},"wordCount":156,"commentCount":0,"image":{"@id":"https:\/\/dmcsrb.com\/en\/hronika\/vrhovni-sud-produzio-pritvor-okrivljenom-za-zelenastvo-za-jos-jedan-mjesec\/#primaryimage"},"thumbnailUrl":"https:\/\/dmcsrb.com\/wp-content\/uploads\/2026\/01\/Vrhovni-sud-Visi-Apelacioni-foto-Vrhovni-sud.jpg","keywords":["hronika","Vrhovni","zelena\u0161tvo"],"articleSection":["Hronika"],"inLanguage":"en-GB","potentialAction":[{"@type":"CommentAction","name":"Comment","target":["https:\/\/dmcsrb.com\/en\/hronika\/vrhovni-sud-produzio-pritvor-okrivljenom-za-zelenastvo-za-jos-jedan-mjesec\/#respond"]}]},{"@type":"WebPage","@id":"https:\/\/dmcsrb.com\/en\/hronika\/vrhovni-sud-produzio-pritvor-okrivljenom-za-zelenastvo-za-jos-jedan-mjesec\/","url":"https:\/\/dmcsrb.com\/en\/hronika\/vrhovni-sud-produzio-pritvor-okrivljenom-za-zelenastvo-za-jos-jedan-mjesec\/","name":"Vrhovni sud produ\u017eio pritvor okrivljenom za zelena\u0161tvo za jo\u0161 jedan mjesec - dmcsrb.com","isPartOf":{"@id":"https:\/\/dmcsrb.com\/#website"},"primaryImageOfPage":{"@id":"https:\/\/dmcsrb.com\/en\/hronika\/vrhovni-sud-produzio-pritvor-okrivljenom-za-zelenastvo-za-jos-jedan-mjesec\/#primaryimage"},"image":{"@id":"https:\/\/dmcsrb.com\/en\/hronika\/vrhovni-sud-produzio-pritvor-okrivljenom-za-zelenastvo-za-jos-jedan-mjesec\/#primaryimage"},"thumbnailUrl":"https:\/\/dmcsrb.com\/wp-content\/uploads\/2026\/01\/Vrhovni-sud-Visi-Apelacioni-foto-Vrhovni-sud.jpg","datePublished":"2025-10-16T09:43:03+00:00","author":{"@id":"https:\/\/dmcsrb.com\/#\/schema\/person\/5c39170f12db1b8b457732d0b5c854e2"},"breadcrumb":{"@id":"https:\/\/dmcsrb.com\/en\/hronika\/vrhovni-sud-produzio-pritvor-okrivljenom-za-zelenastvo-za-jos-jedan-mjesec\/#breadcrumb"},"inLanguage":"en-GB","potentialAction":[{"@type":"ReadAction","target":["https:\/\/dmcsrb.com\/en\/hronika\/vrhovni-sud-produzio-pritvor-okrivljenom-za-zelenastvo-za-jos-jedan-mjesec\/"]}]},{"@type":"ImageObject","inLanguage":"en-GB","@id":"https:\/\/dmcsrb.com\/en\/hronika\/vrhovni-sud-produzio-pritvor-okrivljenom-za-zelenastvo-za-jos-jedan-mjesec\/#primaryimage","url":"https:\/\/dmcsrb.com\/wp-content\/uploads\/2026\/01\/Vrhovni-sud-Visi-Apelacioni-foto-Vrhovni-sud.jpg","contentUrl":"https:\/\/dmcsrb.com\/wp-content\/uploads\/2026\/01\/Vrhovni-sud-Visi-Apelacioni-foto-Vrhovni-sud.jpg","width":925,"height":669},{"@type":"BreadcrumbList","@id":"https:\/\/dmcsrb.com\/en\/hronika\/vrhovni-sud-produzio-pritvor-okrivljenom-za-zelenastvo-za-jos-jedan-mjesec\/#breadcrumb","itemListElement":[{"@type":"ListItem","position":1,"name":"Home","item":"https:\/\/dmcsrb.com\/"},{"@type":"ListItem","position":2,"name":"Vrhovni sud produ\u017eio pritvor okrivljenom za zelena\u0161tvo za jo\u0161 jedan mjesec"}]},{"@type":"WebSite","@id":"https:\/\/dmcsrb.com\/#website","url":"https:\/\/dmcsrb.com\/","name":"dmcsrb.com","description":"","potentialAction":[{"@type":"SearchAction","target":{"@type":"EntryPoint","urlTemplate":"https:\/\/dmcsrb.com\/?s={search_term_string}"},"query-input":{"@type":"PropertyValueSpecification","valueRequired":true,"valueName":"search_term_string"}}],"inLanguage":"en-GB"},{"@type":"Person","@id":"https:\/\/dmcsrb.com\/#\/schema\/person\/5c39170f12db1b8b457732d0b5c854e2","name":"dmcsrbija.com@gmail.com","image":{"@type":"ImageObject","inLanguage":"en-GB","@id":"https:\/\/secure.gravatar.com\/avatar\/68592660ad6347fad0fb587f8d5d8f1a7b44961362f56e4f2cd524feb87e9069?s=96&d=mm&r=g","url":"https:\/\/secure.gravatar.com\/avatar\/68592660ad6347fad0fb587f8d5d8f1a7b44961362f56e4f2cd524feb87e9069?s=96&d=mm&r=g","contentUrl":"https:\/\/secure.gravatar.com\/avatar\/68592660ad6347fad0fb587f8d5d8f1a7b44961362f56e4f2cd524feb87e9069?s=96&d=mm&r=g","caption":"dmcsrbija.com@gmail.com"},"sameAs":["https:\/\/dmcsrb.com"],"url":"https:\/\/dmcsrb.com\/en\/author\/dmcsrbija-comgmail-com\/"}]}},"_links":{"self":[{"href":"https:\/\/dmcsrb.com\/en\/wp-json\/wp\/v2\/posts\/958174","targetHints":{"allow":["GET"]}}],"collection":[{"href":"https:\/\/dmcsrb.com\/en\/wp-json\/wp\/v2\/posts"}],"about":[{"href":"https:\/\/dmcsrb.com\/en\/wp-json\/wp\/v2\/types\/post"}],"author":[{"embeddable":true,"href":"https:\/\/dmcsrb.com\/en\/wp-json\/wp\/v2\/users\/1"}],"replies":[{"embeddable":true,"href":"https:\/\/dmcsrb.com\/en\/wp-json\/wp\/v2\/comments?post=958174"}],"version-history":[{"count":0,"href":"https:\/\/dmcsrb.com\/en\/wp-json\/wp\/v2\/posts\/958174\/revisions"}],"wp:featuredmedia":[{"embeddable":true,"href":"https:\/\/dmcsrb.com\/en\/wp-json\/wp\/v2\/media\/909364"}],"wp:attachment":[{"href":"https:\/\/dmcsrb.com\/en\/wp-json\/wp\/v2\/media?parent=958174"}],"wp:term":[{"taxonomy":"category","embeddable":true,"href":"https:\/\/dmcsrb.com\/en\/wp-json\/wp\/v2\/categories?post=958174"},{"taxonomy":"post_tag","embeddable":true,"href":"https:\/\/dmcsrb.com\/en\/wp-json\/wp\/v2\/tags?post=958174"},{"taxonomy":"naslovna","embeddable":true,"href":"https:\/\/dmcsrb.com\/en\/wp-json\/wp\/v2\/naslovna?post=958174"}],"curies":[{"name":"wp","href":"https:\/\/api.w.org\/{rel}","templated":true}]}}