{"id":958167,"date":"2025-10-16T11:37:00","date_gmt":"2025-10-16T09:37:00","guid":{"rendered":"https:\/\/dmcsrb.com\/uncategorized\/stjepovic-ivanovicu-proradio-zivac-kad-su-uhapsili-mijajlovica\/"},"modified":"2025-10-16T11:37:00","modified_gmt":"2025-10-16T09:37:00","slug":"stjepovic-ivanovicu-proradio-zivac-kad-su-uhapsili-mijajlovica","status":"publish","type":"post","link":"https:\/\/dmcsrb.com\/en\/politika\/stjepovic-ivanovicu-proradio-zivac-kad-su-uhapsili-mijajlovica\/","title":{"rendered":"Stjepovi\u0107: Ivanovi\u0107u &#8220;proradio \u017eivac&#8221; kad su uhapsili Mijajlovi\u0107a"},"content":{"rendered":"<p><\/p>\n\n\n\n<p>&#8220;Ovog puta ne zbog malverzacija oko Abu Dabi Fonda, ve\u0107 zbog presrijetanja pratnje Premijera i verbalnog napada na slu\u017ebenike UP. Primitivno i nevaspitano. Nevjerovatno, ali ne i neo\u010dekivano. Ivanovi\u0107 ovakve frustracije i protivzakonito pona\u0161anje nije ispoljavao ni kada je sam bio uhap\u0161en, ali zato mu je \u201c\u017eivac proradio\u201d kad su uhapsili Mijajlovi\u0107a, pametnome dosta&#8221;, istakao je Stjepovi\u0107.<\/p>\n\n\n\n<p>Dodaje da mu je mo\u017eda u tom trenutku postalo &#8220;krivo \u0161to ni \u0110ukanovi\u0107 ni \u017divkovi\u0107 ni DPS nijesu gorku rije\u010d progovorili kad su hap\u0161eni on i Simovi\u0107&#8221;.<\/p>\n\n\n\n<p>&#8220;Ali zato su osuli drvlje i kamenje na Novovi\u0107a zbog hap\u0161enja nalogodavca \u201cbiznismena\u201d&#8221;, kazao je Stjepovi\u0107.<\/p>","protected":false},"excerpt":{"rendered":"<p>Jedan od do skoro najvi\u0161ih funkcionera i biv\u0161i ministar sa lisicama na rukama, i to vi\u0161estruki povratnik u toj disciplini &#8211; ni\u0161ta novo, poru\u010duje poslanik Demokrata, Du\u0161ko Stjepovi\u0107, komentari\u0161u\u0107i hap\u0161enje biv\u0161eg ministra poljoprivrede i funkcionera DPS-a, Petra Ivanovi\u0107a.<\/p>","protected":false},"author":1,"featured_media":958168,"comment_status":"open","ping_status":"open","sticky":false,"template":"","format":"standard","meta":{"_acf_changed":false,"footnotes":""},"categories":[12],"tags":[421,939],"naslovna":[],"class_list":["post-958167","post","type-post","status-publish","format-standard","has-post-thumbnail","hentry","category-politika","tag-dusko-stjepovic-2","tag-petar-ivanovic"],"acf":[],"yoast_head":"<!-- This site is optimized with the Yoast SEO plugin v27.0 - https:\/\/yoast.com\/product\/yoast-seo-wordpress\/ -->\n<title>Stjepovi\u0107: Ivanovi\u0107u &quot;proradio \u017eivac&quot; kad su uhapsili Mijajlovi\u0107a - dmcsrb.com<\/title>\n<meta name=\"robots\" content=\"index, follow, max-snippet:-1, max-image-preview:large, max-video-preview:-1\" \/>\n<link rel=\"canonical\" href=\"https:\/\/dmcsrb.com\/en\/politika\/stjepovic-ivanovicu-proradio-zivac-kad-su-uhapsili-mijajlovica\/\" \/>\n<meta property=\"og:locale\" content=\"en_GB\" \/>\n<meta property=\"og:type\" content=\"article\" \/>\n<meta property=\"og:title\" content=\"Stjepovi\u0107: Ivanovi\u0107u &quot;proradio \u017eivac&quot; kad su uhapsili Mijajlovi\u0107a - dmcsrb.com\" \/>\n<meta property=\"og:description\" content=\"Jedan od do skoro najvi\u0161ih funkcionera i biv\u0161i ministar sa lisicama na rukama, i to vi\u0161estruki povratnik u toj disciplini - ni\u0161ta novo, poru\u010duje poslanik Demokrata, Du\u0161ko Stjepovi\u0107, komentari\u0161u\u0107i hap\u0161enje biv\u0161eg ministra poljoprivrede i funkcionera DPS-a, Petra Ivanovi\u0107a.\" \/>\n<meta property=\"og:url\" content=\"https:\/\/dmcsrb.com\/en\/politika\/stjepovic-ivanovicu-proradio-zivac-kad-su-uhapsili-mijajlovica\/\" \/>\n<meta property=\"og:site_name\" content=\"dmcsrb.com\" \/>\n<meta property=\"article:published_time\" content=\"2025-10-16T09:37:00+00:00\" \/>\n<meta property=\"og:image\" content=\"https:\/\/dmcsrb.com\/wp-content\/uploads\/2026\/01\/Dusko-Stjepovic-foto-demokrate.webp\" \/>\n\t<meta property=\"og:image:width\" content=\"915\" \/>\n\t<meta property=\"og:image:height\" content=\"561\" \/>\n\t<meta property=\"og:image:type\" content=\"image\/jpeg\" \/>\n<meta name=\"author\" content=\"dmcsrbija.com@gmail.com\" \/>\n<meta name=\"twitter:card\" content=\"summary_large_image\" \/>\n<meta name=\"twitter:label1\" content=\"Written by\" \/>\n\t<meta name=\"twitter:data1\" content=\"dmcsrbija.com@gmail.com\" \/>\n\t<meta name=\"twitter:label2\" content=\"Estimated reading time\" \/>\n\t<meta name=\"twitter:data2\" content=\"1 minute\" \/>\n<script type=\"application\/ld+json\" class=\"yoast-schema-graph\">{\"@context\":\"https:\/\/schema.org\",\"@graph\":[{\"@type\":\"Article\",\"@id\":\"https:\/\/dmcsrb.com\/politika\/stjepovic-ivanovicu-proradio-zivac-kad-su-uhapsili-mijajlovica\/#article\",\"isPartOf\":{\"@id\":\"https:\/\/dmcsrb.com\/politika\/stjepovic-ivanovicu-proradio-zivac-kad-su-uhapsili-mijajlovica\/\"},\"author\":{\"name\":\"dmcsrbija.com@gmail.com\",\"@id\":\"https:\/\/dmcsrb.com\/#\/schema\/person\/5c39170f12db1b8b457732d0b5c854e2\"},\"headline\":\"Stjepovi\u0107: Ivanovi\u0107u &#8220;proradio \u017eivac&#8221; kad su uhapsili Mijajlovi\u0107a\",\"datePublished\":\"2025-10-16T09:37:00+00:00\",\"mainEntityOfPage\":{\"@id\":\"https:\/\/dmcsrb.com\/politika\/stjepovic-ivanovicu-proradio-zivac-kad-su-uhapsili-mijajlovica\/\"},\"wordCount\":119,\"commentCount\":0,\"image\":{\"@id\":\"https:\/\/dmcsrb.com\/politika\/stjepovic-ivanovicu-proradio-zivac-kad-su-uhapsili-mijajlovica\/#primaryimage\"},\"thumbnailUrl\":\"https:\/\/dmcsrb.com\/wp-content\/uploads\/2026\/01\/Dusko-Stjepovic-foto-demokrate.webp\",\"keywords\":[\"dusko stjepovic\",\"Petar Ivanovi\u0107\"],\"articleSection\":[\"Politika\"],\"inLanguage\":\"en-GB\",\"potentialAction\":[{\"@type\":\"CommentAction\",\"name\":\"Comment\",\"target\":[\"https:\/\/dmcsrb.com\/politika\/stjepovic-ivanovicu-proradio-zivac-kad-su-uhapsili-mijajlovica\/#respond\"]}]},{\"@type\":\"WebPage\",\"@id\":\"https:\/\/dmcsrb.com\/politika\/stjepovic-ivanovicu-proradio-zivac-kad-su-uhapsili-mijajlovica\/\",\"url\":\"https:\/\/dmcsrb.com\/politika\/stjepovic-ivanovicu-proradio-zivac-kad-su-uhapsili-mijajlovica\/\",\"name\":\"Stjepovi\u0107: Ivanovi\u0107u \\\"proradio \u017eivac\\\" kad su uhapsili Mijajlovi\u0107a - dmcsrb.com\",\"isPartOf\":{\"@id\":\"https:\/\/dmcsrb.com\/#website\"},\"primaryImageOfPage\":{\"@id\":\"https:\/\/dmcsrb.com\/politika\/stjepovic-ivanovicu-proradio-zivac-kad-su-uhapsili-mijajlovica\/#primaryimage\"},\"image\":{\"@id\":\"https:\/\/dmcsrb.com\/politika\/stjepovic-ivanovicu-proradio-zivac-kad-su-uhapsili-mijajlovica\/#primaryimage\"},\"thumbnailUrl\":\"https:\/\/dmcsrb.com\/wp-content\/uploads\/2026\/01\/Dusko-Stjepovic-foto-demokrate.webp\",\"datePublished\":\"2025-10-16T09:37:00+00:00\",\"author\":{\"@id\":\"https:\/\/dmcsrb.com\/#\/schema\/person\/5c39170f12db1b8b457732d0b5c854e2\"},\"breadcrumb\":{\"@id\":\"https:\/\/dmcsrb.com\/politika\/stjepovic-ivanovicu-proradio-zivac-kad-su-uhapsili-mijajlovica\/#breadcrumb\"},\"inLanguage\":\"en-GB\",\"potentialAction\":[{\"@type\":\"ReadAction\",\"target\":[\"https:\/\/dmcsrb.com\/politika\/stjepovic-ivanovicu-proradio-zivac-kad-su-uhapsili-mijajlovica\/\"]}]},{\"@type\":\"ImageObject\",\"inLanguage\":\"en-GB\",\"@id\":\"https:\/\/dmcsrb.com\/politika\/stjepovic-ivanovicu-proradio-zivac-kad-su-uhapsili-mijajlovica\/#primaryimage\",\"url\":\"https:\/\/dmcsrb.com\/wp-content\/uploads\/2026\/01\/Dusko-Stjepovic-foto-demokrate.webp\",\"contentUrl\":\"https:\/\/dmcsrb.com\/wp-content\/uploads\/2026\/01\/Dusko-Stjepovic-foto-demokrate.webp\",\"width\":915,\"height\":561},{\"@type\":\"BreadcrumbList\",\"@id\":\"https:\/\/dmcsrb.com\/politika\/stjepovic-ivanovicu-proradio-zivac-kad-su-uhapsili-mijajlovica\/#breadcrumb\",\"itemListElement\":[{\"@type\":\"ListItem\",\"position\":1,\"name\":\"Home\",\"item\":\"https:\/\/dmcsrb.com\/\"},{\"@type\":\"ListItem\",\"position\":2,\"name\":\"Stjepovi\u0107: Ivanovi\u0107u &#8220;proradio \u017eivac&#8221; kad su uhapsili Mijajlovi\u0107a\"}]},{\"@type\":\"WebSite\",\"@id\":\"https:\/\/dmcsrb.com\/#website\",\"url\":\"https:\/\/dmcsrb.com\/\",\"name\":\"dmcsrb.com\",\"description\":\"\",\"potentialAction\":[{\"@type\":\"SearchAction\",\"target\":{\"@type\":\"EntryPoint\",\"urlTemplate\":\"https:\/\/dmcsrb.com\/?s={search_term_string}\"},\"query-input\":{\"@type\":\"PropertyValueSpecification\",\"valueRequired\":true,\"valueName\":\"search_term_string\"}}],\"inLanguage\":\"en-GB\"},{\"@type\":\"Person\",\"@id\":\"https:\/\/dmcsrb.com\/#\/schema\/person\/5c39170f12db1b8b457732d0b5c854e2\",\"name\":\"dmcsrbija.com@gmail.com\",\"image\":{\"@type\":\"ImageObject\",\"inLanguage\":\"en-GB\",\"@id\":\"https:\/\/dmcsrb.com\/#\/schema\/person\/image\/\",\"url\":\"https:\/\/secure.gravatar.com\/avatar\/68592660ad6347fad0fb587f8d5d8f1a7b44961362f56e4f2cd524feb87e9069?s=96&d=mm&r=g\",\"contentUrl\":\"https:\/\/secure.gravatar.com\/avatar\/68592660ad6347fad0fb587f8d5d8f1a7b44961362f56e4f2cd524feb87e9069?s=96&d=mm&r=g\",\"caption\":\"dmcsrbija.com@gmail.com\"},\"sameAs\":[\"https:\/\/dmcsrb.com\"],\"url\":\"https:\/\/dmcsrb.com\/en\/author\/dmcsrbija-comgmail-com\/\"}]}<\/script>\n<!-- \/ Yoast SEO plugin. -->","yoast_head_json":{"title":"Stjepovi\u0107: Ivanovi\u0107u \"proradio \u017eivac\" kad su uhapsili Mijajlovi\u0107a - dmcsrb.com","robots":{"index":"index","follow":"follow","max-snippet":"max-snippet:-1","max-image-preview":"max-image-preview:large","max-video-preview":"max-video-preview:-1"},"canonical":"https:\/\/dmcsrb.com\/en\/politika\/stjepovic-ivanovicu-proradio-zivac-kad-su-uhapsili-mijajlovica\/","og_locale":"en_GB","og_type":"article","og_title":"Stjepovi\u0107: Ivanovi\u0107u \"proradio \u017eivac\" kad su uhapsili Mijajlovi\u0107a - dmcsrb.com","og_description":"Jedan od do skoro najvi\u0161ih funkcionera i biv\u0161i ministar sa lisicama na rukama, i to vi\u0161estruki povratnik u toj disciplini - ni\u0161ta novo, poru\u010duje poslanik Demokrata, Du\u0161ko Stjepovi\u0107, komentari\u0161u\u0107i hap\u0161enje biv\u0161eg ministra poljoprivrede i funkcionera DPS-a, Petra Ivanovi\u0107a.","og_url":"https:\/\/dmcsrb.com\/en\/politika\/stjepovic-ivanovicu-proradio-zivac-kad-su-uhapsili-mijajlovica\/","og_site_name":"dmcsrb.com","article_published_time":"2025-10-16T09:37:00+00:00","og_image":[{"width":915,"height":561,"url":"https:\/\/dmcsrb.com\/wp-content\/uploads\/2026\/01\/Dusko-Stjepovic-foto-demokrate.webp","type":"image\/jpeg"}],"author":"dmcsrbija.com@gmail.com","twitter_card":"summary_large_image","twitter_misc":{"Written by":"dmcsrbija.com@gmail.com","Estimated reading time":"1 minute"},"schema":{"@context":"https:\/\/schema.org","@graph":[{"@type":"Article","@id":"https:\/\/dmcsrb.com\/politika\/stjepovic-ivanovicu-proradio-zivac-kad-su-uhapsili-mijajlovica\/#article","isPartOf":{"@id":"https:\/\/dmcsrb.com\/politika\/stjepovic-ivanovicu-proradio-zivac-kad-su-uhapsili-mijajlovica\/"},"author":{"name":"dmcsrbija.com@gmail.com","@id":"https:\/\/dmcsrb.com\/#\/schema\/person\/5c39170f12db1b8b457732d0b5c854e2"},"headline":"Stjepovi\u0107: Ivanovi\u0107u &#8220;proradio \u017eivac&#8221; kad su uhapsili Mijajlovi\u0107a","datePublished":"2025-10-16T09:37:00+00:00","mainEntityOfPage":{"@id":"https:\/\/dmcsrb.com\/politika\/stjepovic-ivanovicu-proradio-zivac-kad-su-uhapsili-mijajlovica\/"},"wordCount":119,"commentCount":0,"image":{"@id":"https:\/\/dmcsrb.com\/politika\/stjepovic-ivanovicu-proradio-zivac-kad-su-uhapsili-mijajlovica\/#primaryimage"},"thumbnailUrl":"https:\/\/dmcsrb.com\/wp-content\/uploads\/2026\/01\/Dusko-Stjepovic-foto-demokrate.webp","keywords":["dusko stjepovic","Petar Ivanovi\u0107"],"articleSection":["Politika"],"inLanguage":"en-GB","potentialAction":[{"@type":"CommentAction","name":"Comment","target":["https:\/\/dmcsrb.com\/politika\/stjepovic-ivanovicu-proradio-zivac-kad-su-uhapsili-mijajlovica\/#respond"]}]},{"@type":"WebPage","@id":"https:\/\/dmcsrb.com\/politika\/stjepovic-ivanovicu-proradio-zivac-kad-su-uhapsili-mijajlovica\/","url":"https:\/\/dmcsrb.com\/politika\/stjepovic-ivanovicu-proradio-zivac-kad-su-uhapsili-mijajlovica\/","name":"Stjepovi\u0107: Ivanovi\u0107u \"proradio \u017eivac\" kad su uhapsili Mijajlovi\u0107a - dmcsrb.com","isPartOf":{"@id":"https:\/\/dmcsrb.com\/#website"},"primaryImageOfPage":{"@id":"https:\/\/dmcsrb.com\/politika\/stjepovic-ivanovicu-proradio-zivac-kad-su-uhapsili-mijajlovica\/#primaryimage"},"image":{"@id":"https:\/\/dmcsrb.com\/politika\/stjepovic-ivanovicu-proradio-zivac-kad-su-uhapsili-mijajlovica\/#primaryimage"},"thumbnailUrl":"https:\/\/dmcsrb.com\/wp-content\/uploads\/2026\/01\/Dusko-Stjepovic-foto-demokrate.webp","datePublished":"2025-10-16T09:37:00+00:00","author":{"@id":"https:\/\/dmcsrb.com\/#\/schema\/person\/5c39170f12db1b8b457732d0b5c854e2"},"breadcrumb":{"@id":"https:\/\/dmcsrb.com\/politika\/stjepovic-ivanovicu-proradio-zivac-kad-su-uhapsili-mijajlovica\/#breadcrumb"},"inLanguage":"en-GB","potentialAction":[{"@type":"ReadAction","target":["https:\/\/dmcsrb.com\/politika\/stjepovic-ivanovicu-proradio-zivac-kad-su-uhapsili-mijajlovica\/"]}]},{"@type":"ImageObject","inLanguage":"en-GB","@id":"https:\/\/dmcsrb.com\/politika\/stjepovic-ivanovicu-proradio-zivac-kad-su-uhapsili-mijajlovica\/#primaryimage","url":"https:\/\/dmcsrb.com\/wp-content\/uploads\/2026\/01\/Dusko-Stjepovic-foto-demokrate.webp","contentUrl":"https:\/\/dmcsrb.com\/wp-content\/uploads\/2026\/01\/Dusko-Stjepovic-foto-demokrate.webp","width":915,"height":561},{"@type":"BreadcrumbList","@id":"https:\/\/dmcsrb.com\/politika\/stjepovic-ivanovicu-proradio-zivac-kad-su-uhapsili-mijajlovica\/#breadcrumb","itemListElement":[{"@type":"ListItem","position":1,"name":"Home","item":"https:\/\/dmcsrb.com\/"},{"@type":"ListItem","position":2,"name":"Stjepovi\u0107: Ivanovi\u0107u &#8220;proradio \u017eivac&#8221; kad su uhapsili Mijajlovi\u0107a"}]},{"@type":"WebSite","@id":"https:\/\/dmcsrb.com\/#website","url":"https:\/\/dmcsrb.com\/","name":"dmcsrb.com","description":"","potentialAction":[{"@type":"SearchAction","target":{"@type":"EntryPoint","urlTemplate":"https:\/\/dmcsrb.com\/?s={search_term_string}"},"query-input":{"@type":"PropertyValueSpecification","valueRequired":true,"valueName":"search_term_string"}}],"inLanguage":"en-GB"},{"@type":"Person","@id":"https:\/\/dmcsrb.com\/#\/schema\/person\/5c39170f12db1b8b457732d0b5c854e2","name":"dmcsrbija.com@gmail.com","image":{"@type":"ImageObject","inLanguage":"en-GB","@id":"https:\/\/dmcsrb.com\/#\/schema\/person\/image\/","url":"https:\/\/secure.gravatar.com\/avatar\/68592660ad6347fad0fb587f8d5d8f1a7b44961362f56e4f2cd524feb87e9069?s=96&d=mm&r=g","contentUrl":"https:\/\/secure.gravatar.com\/avatar\/68592660ad6347fad0fb587f8d5d8f1a7b44961362f56e4f2cd524feb87e9069?s=96&d=mm&r=g","caption":"dmcsrbija.com@gmail.com"},"sameAs":["https:\/\/dmcsrb.com"],"url":"https:\/\/dmcsrb.com\/en\/author\/dmcsrbija-comgmail-com\/"}]}},"_links":{"self":[{"href":"https:\/\/dmcsrb.com\/en\/wp-json\/wp\/v2\/posts\/958167","targetHints":{"allow":["GET"]}}],"collection":[{"href":"https:\/\/dmcsrb.com\/en\/wp-json\/wp\/v2\/posts"}],"about":[{"href":"https:\/\/dmcsrb.com\/en\/wp-json\/wp\/v2\/types\/post"}],"author":[{"embeddable":true,"href":"https:\/\/dmcsrb.com\/en\/wp-json\/wp\/v2\/users\/1"}],"replies":[{"embeddable":true,"href":"https:\/\/dmcsrb.com\/en\/wp-json\/wp\/v2\/comments?post=958167"}],"version-history":[{"count":0,"href":"https:\/\/dmcsrb.com\/en\/wp-json\/wp\/v2\/posts\/958167\/revisions"}],"wp:featuredmedia":[{"embeddable":true,"href":"https:\/\/dmcsrb.com\/en\/wp-json\/wp\/v2\/media\/958168"}],"wp:attachment":[{"href":"https:\/\/dmcsrb.com\/en\/wp-json\/wp\/v2\/media?parent=958167"}],"wp:term":[{"taxonomy":"category","embeddable":true,"href":"https:\/\/dmcsrb.com\/en\/wp-json\/wp\/v2\/categories?post=958167"},{"taxonomy":"post_tag","embeddable":true,"href":"https:\/\/dmcsrb.com\/en\/wp-json\/wp\/v2\/tags?post=958167"},{"taxonomy":"naslovna","embeddable":true,"href":"https:\/\/dmcsrb.com\/en\/wp-json\/wp\/v2\/naslovna?post=958167"}],"curies":[{"name":"wp","href":"https:\/\/api.w.org\/{rel}","templated":true}]}}