{"id":958165,"date":"2025-10-16T11:26:42","date_gmt":"2025-10-16T09:26:42","guid":{"rendered":"https:\/\/dmcsrb.com\/uncategorized\/pkcg-zajednicka-vizija-znanje-i-saradnja-pokretacka-snaga-razvoja\/"},"modified":"2025-10-16T11:26:42","modified_gmt":"2025-10-16T09:26:42","slug":"pkcg-zajednicka-vizija-znanje-i-saradnja-pokretacka-snaga-razvoja","status":"publish","type":"post","link":"https:\/\/dmcsrb.com\/en\/ekonomija\/pkcg-zajednicka-vizija-znanje-i-saradnja-pokretacka-snaga-razvoja\/","title":{"rendered":"PKCG: Zajedni\u010dka vizija, znanje i saradnja pokreta\u010dka snaga razvoja"},"content":{"rendered":"<p><\/p>\n\n\n\n<p><\/p>\n\n\n\n<p>Predsjednica Privredne komore Crne Gore dr Nina Draki\u0107 je ocijenila da je ovaj skup, koji se odr\u017eava od 2010. godine, prerastao u prepoznatljiv regionalni forum dijaloga privrede, stru\u010dnjaka i kreatora politika, te da njegovo trajanje pokazuje da zajedni\u010dka vizija, znanje i saradnja mogu postati pokreta\u010dka snaga razvoja \u2013 ne samo na nacionalnom, ve\u0107 i regionalnom nivou.<\/p>\n\n\n\n<p>U osvrtu na temu Konferencije, predsjednica isti\u010de da \u017eivimo u vremenu koje nosi brojne izazove i prilike, a sposobnost da se prilagodimo, sara\u0111ujemo i mislimo unaprijed postaje presudan faktor konkurentnosti i stabilnosti.<\/p>\n\n\n\n<p>\u201eNa\u0161 region ima snagu, znanje i resurse da uspije, \u0161to zahtijeva strate\u0161ko planiranje, institucionalnu dosljednost i povjerenje me\u0111u partnerima. Moramo u svakoj od zemalja regiona stvarati predvidljivo poslovno okru\u017eenje, ja\u010dati pravnu sigurnost, podsticati investicije, ulagati u inovacije i otvoriti prostor za mlade i kreativne ljude\u201c, rekla je Draki\u0107 i naglasila: \u201ePrivreda jeste pokreta\u010d razvoja, ali joj institucije moraju biti oslonac \u2013 to im je obaveza. Samo tako mo\u017eemo kreirati ekonomije otporne na krize, sposobne da se transformi\u0161u i budu konkurentne u svijetu koji se ubrzano mijenja\u201c.<\/p>\n\n\n\n<p>Ekonomski pokazatelji, ka\u017ee ona, jasno potvr\u0111uju da se region oporavlja, ali su neophodne hitne mjere za ja\u010danje ljudskog kapitala, kao i to da digitalne, tehni\u010dke i zelene vje\u0161tine postanu osnova svakog \u0161kolskog programa, \u201ejer samo tako mo\u017eemo graditi konkurentnu i otpornu ekonomiju budu\u0107nosti\u201c. Regionalnu saradnju treba prepoznati kao najva\u017eniji resurs, jer u svijetu u kojem se ekonomske sile pregrupi\u0161u, a globalni lanci vrijednosti mijenjaju, male ekonomije poput na\u0161ih ne mogu sebi priu\u0161titi da djeluju izolovano.<\/p>\n\n\n\n<p>\u201eIntegracija, me\u0111usobno povjerenje i zajedni\u010dki projekti jedini su put ka ve\u0107em tr\u017ei\u0161tu, rastu i investicijama. Zapadni Balkan mora govoriti jednim ekonomskim jezikom, a taj jezik su stabilnost i saradnja\u201c, rekla je predsjednica PKCG. \u201e\u010cinjenica da se najavljuje integracija Crne Gore u EU dodatno nas mora ubrzati, jer je cilj da na\u0161a privreda bude spremna za jedinstveno tr\u017ei\u0161te, a mo\u017ee biti spremna onoliko koliko joj poslovni ambijent bude pogodovao da se razvija i ja\u010da, ali i koliko sama bude spremna da radi na sopstvenom razvoju\u201c.<\/p>\n\n\n\n<p>John W.H. Denton, generalni sekretar Me\u0111unarodne privredne komore (ICC) istakao je da je ovogodi\u0161nja tema konferencije izuzetno aktuelna, te da dolazi u pravom trenutku.<\/p>\n\n\n\n<p>\u201e\u0160irom svijeta kompanije se suo\u010davaju sa dubokom neizvijesno\u0161\u0107u, geopoliti\u010dkim tenzijama, poreme\u0107ajima u lancima snabdijevanja i ubrzanim digitalnim trendovima. Sve to direktno uti\u010de na regionalne ekonomije, oblikuju\u0107i prilike, testiraju\u0107i otpornost i zahtijevaju\u0107i hrabre odgovore\u201c, kazao je Denton.<\/p>\n\n\n\n<p>On je podsjetio da ICC predstavlja vi\u0161e od 45 miliona kompanija u vi\u0161e od 170 zemalja sa u\u010de\u0161\u0107em od 17,5 triliona dolara u ekonomskim aktivnostima, \u0161to \u010dini oko 70% svjetskih trgovinskih tokova i 20% globalnog BDP-a.<\/p>\n\n\n\n<p>\u201eMi smo najinkluzivnija poslovna organizacija na svijetu, ne u\u010destvujemo samo u razgovorima, ve\u0107 slu\u0161amo, istra\u017eujemo i koristimo svoj uticaj kako bismo sproveli konkretna rje\u0161enja\u201c, naglasio je Denton, dodaju\u0107i da osna\u017euju preduze\u0107a i preduzetnike da iskoriste prilike, da inoviraju i rastu na odr\u017eiv, inkluzivan i otporan na\u010din. \u201eNa\u0161a misija u Me\u0111unarodnoj privrednoj komori je da u\u010dinimo da poslovanje funkcioni\u0161e za sve ljude, svuda, svakog dana\u201c, poru\u010dio je Denton, uz \u017eelju za uspje\u0161an rad konferencije i nastavak saradnje sa Privrednom komorom Crne Gore.<\/p>\n\n\n\n<p>Konferencija je nastavljena predavanjem dr Kenana Crnki\u0107a, pionira motivacione literature na Balkanu, autora bestselera o uspjehu, sre\u0107i i \u017eivotu.<\/p>\n\n\n\n<p>On je kazao da je samo nesigurnost sigurna a ona se defini\u0161e kao obilje promjena. \u201eSamo su promjene sigurne i tri su vrste odnosa prema promjeni. Prvi su oni koji ignori\u0161u promjene. Veliki broj ima dijagnozu rutinizma. Drugi su oni koji adaptiraju na promjene i tre\u0107e su pobjedni\u010dke kompanije koje upravljaju i vode promjene. To su kompanije koje traju\u201d, kazao je Crnki\u0107.<\/p>\n\n\n\n<p>Tokom prvog panela o uticaju globalnih ekonomskih trendova na Region, moderator Vojin Golubovi\u0107 iz Instituta za strate\u0161ke studije i prognoze je istakao da svjetska ekonomija ulazi u fazu sporijeg i regionalno neujedna\u010denog rasta, a mijenja se i globalna mapa proizvodnje usljed trgovinskih ratova, zelene i digitalne tranzicije koje preusmjeravaju globalne investicije i potrebe tr\u017ei\u0161ta rada. \u201eSve br\u017ea difuzija vje\u0161ta\u010dke inteligencije ima ogroman potencijal da redefini\u0161e ekonomsku mo\u0107 i dovede do novog ekonomskog kolonijalizma i ekonomskih klasa\u201c, rekao je on.<\/p>\n\n\n\n<p>Aleksandar Vlahovi\u0107, predsjednik Saveza ekonomista Srbije, kazao je da su ekonomski podaci regiona sumorni. \u201eI dalje se vrtimo oko procenta rasta koji nam ne omogu\u0107ava br\u017eu konvergenciju sa EU, pa \u010dak ni sa njenim \u010dlanicama iz centralne i isto\u010dne Evrope\u201c, rekao je on.<\/p>\n\n\n\n<p>Da bi region ostvario ve\u0107e stope ekonomskog rasta, Vlahovi\u0107 smatra da rast ne treba bazirati na tradicionalnim sektorima, te da se mora uspostaviti insitucionalni okvir koji omogu\u0107ava percepciju da je ovo prostor sa niskim rizikom ulaganja. \u201eEU je najuspje\u0161niji projekat za popravljanje standarda stanovnika njenih \u010dlanica i zato za nas nema alternativu, jer region dijeli vrijednosti EU\u201c.<\/p>\n\n\n\n<p>Prof. emeritus Ljubo Jur\u010di\u0107, Hrvatsko udru\u017eenje ekonomista, osvrnuo se na aktuelne ekonomske promjene, isti\u010du\u0107i da se one sve vi\u0161e oblikuju politi\u010dkim i geopoliti\u010dkim faktorima, a ne isklju\u010divo ekonomskim. \u201eAko \u017eelimo dugoro\u010dno pozicionirati na\u0161e zemlje, moramo razumjeti su\u0161tinu tih promjena\u201c, istakao je Jur\u010di\u0107. Dodao je da Evropa funkcioni\u0161e gotovo isklju\u010divo kao tr\u017ei\u0161te roba i usluga, a \u010dija \u0107e roba na tom tr\u017ei\u0161tu dominirati zavisi od nacionalne ekonomske politike. Poru\u010duje da sve zemlje moraju razviti proizvodnju koja mo\u017ee biti konkurentna u okviru Evropske unije, jer samo \u010dlanstvo u EU nije dovoljno da bi se obezbijedio ekonomski razvoj.<\/p>\n\n\n\n<p>Ekonomski analiti\u010dar i predava\u010d Univerziteta u Sarajevu Faruk Had\u017ei\u0107 poru\u010dio je da region mora ozbiljno pristupiti demografskim promjenama i digitalnoj transformaciji, kako ne bi ostao \u201ezarobljen\u201c u niskim stopama ekonomskog rasta. Kao jedan od potencijala kojim bi se, na neki na\u010din, uticalo na stope rasta on vidi digitalnu transformaciju.<\/p>\n\n\n\n<p>\u201eDigitalna tranzicija je tranformacijski potencijal. Na taj na\u010din mo\u017eemo privu\u0107i investicije i djeluju\u0107i zajedno imamo potencijal za rast. Umre\u017eavanje regiona je klju\u010dno jer je region malo tr\u017ei\u0161te ali ako se primjene zajedni\u010dki digitalni standardi onda imamo potencijal\u201d, naveo je Had\u017ei\u0107.<\/p>","protected":false},"excerpt":{"rendered":"<p>Privredna komora Crne Gore organizovala je u Budvi XIV Konferenciju o ekonomiji Montenegro 2025, na temu \u201eEkonomije regiona u izazovima dana\u0161njice\u201c koja je okupila vi\u0161e od 400 u\u010desnika iz Crne Gore, regiona i EU \u2013 predstavnike privrede, institucija, akademske zajednice.<\/p>","protected":false},"author":1,"featured_media":958166,"comment_status":"open","ping_status":"open","sticky":false,"template":"","format":"standard","meta":{"_acf_changed":false,"footnotes":""},"categories":[27],"tags":[11488,3485],"naslovna":[],"class_list":["post-958165","post","type-post","status-publish","format-standard","has-post-thumbnail","hentry","category-ekonomija","tag-montenegro-2025","tag-pkcg"],"acf":[],"yoast_head":"<!-- This site is optimized with the Yoast SEO plugin v27.4 - https:\/\/yoast.com\/product\/yoast-seo-wordpress\/ -->\n<title>PKCG: Zajedni\u010dka vizija, znanje i saradnja pokreta\u010dka snaga razvoja - dmcsrb.com<\/title>\n<meta name=\"robots\" content=\"index, follow, max-snippet:-1, max-image-preview:large, max-video-preview:-1\" \/>\n<link rel=\"canonical\" href=\"https:\/\/dmcsrb.com\/en\/ekonomija\/pkcg-zajednicka-vizija-znanje-i-saradnja-pokretacka-snaga-razvoja\/\" \/>\n<meta property=\"og:locale\" content=\"en_GB\" \/>\n<meta property=\"og:type\" content=\"article\" \/>\n<meta property=\"og:title\" content=\"PKCG: Zajedni\u010dka vizija, znanje i saradnja pokreta\u010dka snaga razvoja - dmcsrb.com\" \/>\n<meta property=\"og:description\" content=\"Privredna komora Crne Gore organizovala je u Budvi XIV Konferenciju o ekonomiji Montenegro 2025, na temu \u201eEkonomije regiona u izazovima dana\u0161njice\u201c koja je okupila vi\u0161e od 400 u\u010desnika iz Crne Gore, regiona i EU \u2013 predstavnike privrede, institucija, akademske zajednice.\" \/>\n<meta property=\"og:url\" content=\"https:\/\/dmcsrb.com\/en\/ekonomija\/pkcg-zajednicka-vizija-znanje-i-saradnja-pokretacka-snaga-razvoja\/\" \/>\n<meta property=\"og:site_name\" content=\"dmcsrb.com\" \/>\n<meta property=\"article:published_time\" content=\"2025-10-16T09:26:42+00:00\" \/>\n<meta property=\"og:image\" content=\"https:\/\/dmcsrb.com\/wp-content\/uploads\/2026\/01\/thumbnail_kecg-panel.webp\" \/>\n\t<meta property=\"og:image:width\" content=\"1920\" \/>\n\t<meta property=\"og:image:height\" content=\"1280\" \/>\n\t<meta property=\"og:image:type\" content=\"image\/jpeg\" \/>\n<meta name=\"author\" content=\"dmcsrbija.com@gmail.com\" \/>\n<meta name=\"twitter:card\" content=\"summary_large_image\" \/>\n<meta name=\"twitter:label1\" content=\"Written by\" \/>\n\t<meta name=\"twitter:data1\" content=\"dmcsrbija.com@gmail.com\" \/>\n\t<meta name=\"twitter:label2\" content=\"Estimated reading time\" \/>\n\t<meta name=\"twitter:data2\" content=\"5 minutes\" \/>\n<script type=\"application\/ld+json\" class=\"yoast-schema-graph\">{\"@context\":\"https:\\\/\\\/schema.org\",\"@graph\":[{\"@type\":\"Article\",\"@id\":\"https:\\\/\\\/dmcsrb.com\\\/en\\\/ekonomija\\\/pkcg-zajednicka-vizija-znanje-i-saradnja-pokretacka-snaga-razvoja\\\/#article\",\"isPartOf\":{\"@id\":\"https:\\\/\\\/dmcsrb.com\\\/en\\\/ekonomija\\\/pkcg-zajednicka-vizija-znanje-i-saradnja-pokretacka-snaga-razvoja\\\/\"},\"author\":{\"name\":\"dmcsrbija.com@gmail.com\",\"@id\":\"https:\\\/\\\/dmcsrb.com\\\/#\\\/schema\\\/person\\\/5c39170f12db1b8b457732d0b5c854e2\"},\"headline\":\"PKCG: Zajedni\u010dka vizija, znanje i saradnja pokreta\u010dka snaga razvoja\",\"datePublished\":\"2025-10-16T09:26:42+00:00\",\"mainEntityOfPage\":{\"@id\":\"https:\\\/\\\/dmcsrb.com\\\/en\\\/ekonomija\\\/pkcg-zajednicka-vizija-znanje-i-saradnja-pokretacka-snaga-razvoja\\\/\"},\"wordCount\":1074,\"commentCount\":0,\"image\":{\"@id\":\"https:\\\/\\\/dmcsrb.com\\\/en\\\/ekonomija\\\/pkcg-zajednicka-vizija-znanje-i-saradnja-pokretacka-snaga-razvoja\\\/#primaryimage\"},\"thumbnailUrl\":\"https:\\\/\\\/dmcsrb.com\\\/wp-content\\\/uploads\\\/2026\\\/01\\\/thumbnail_kecg-panel.webp\",\"keywords\":[\"Montenegro 2025\",\"PKCG\"],\"articleSection\":[\"Ekonomija\"],\"inLanguage\":\"en-GB\",\"potentialAction\":[{\"@type\":\"CommentAction\",\"name\":\"Comment\",\"target\":[\"https:\\\/\\\/dmcsrb.com\\\/en\\\/ekonomija\\\/pkcg-zajednicka-vizija-znanje-i-saradnja-pokretacka-snaga-razvoja\\\/#respond\"]}]},{\"@type\":\"WebPage\",\"@id\":\"https:\\\/\\\/dmcsrb.com\\\/en\\\/ekonomija\\\/pkcg-zajednicka-vizija-znanje-i-saradnja-pokretacka-snaga-razvoja\\\/\",\"url\":\"https:\\\/\\\/dmcsrb.com\\\/en\\\/ekonomija\\\/pkcg-zajednicka-vizija-znanje-i-saradnja-pokretacka-snaga-razvoja\\\/\",\"name\":\"PKCG: Zajedni\u010dka vizija, znanje i saradnja pokreta\u010dka snaga razvoja - dmcsrb.com\",\"isPartOf\":{\"@id\":\"https:\\\/\\\/dmcsrb.com\\\/#website\"},\"primaryImageOfPage\":{\"@id\":\"https:\\\/\\\/dmcsrb.com\\\/en\\\/ekonomija\\\/pkcg-zajednicka-vizija-znanje-i-saradnja-pokretacka-snaga-razvoja\\\/#primaryimage\"},\"image\":{\"@id\":\"https:\\\/\\\/dmcsrb.com\\\/en\\\/ekonomija\\\/pkcg-zajednicka-vizija-znanje-i-saradnja-pokretacka-snaga-razvoja\\\/#primaryimage\"},\"thumbnailUrl\":\"https:\\\/\\\/dmcsrb.com\\\/wp-content\\\/uploads\\\/2026\\\/01\\\/thumbnail_kecg-panel.webp\",\"datePublished\":\"2025-10-16T09:26:42+00:00\",\"author\":{\"@id\":\"https:\\\/\\\/dmcsrb.com\\\/#\\\/schema\\\/person\\\/5c39170f12db1b8b457732d0b5c854e2\"},\"breadcrumb\":{\"@id\":\"https:\\\/\\\/dmcsrb.com\\\/en\\\/ekonomija\\\/pkcg-zajednicka-vizija-znanje-i-saradnja-pokretacka-snaga-razvoja\\\/#breadcrumb\"},\"inLanguage\":\"en-GB\",\"potentialAction\":[{\"@type\":\"ReadAction\",\"target\":[\"https:\\\/\\\/dmcsrb.com\\\/en\\\/ekonomija\\\/pkcg-zajednicka-vizija-znanje-i-saradnja-pokretacka-snaga-razvoja\\\/\"]}]},{\"@type\":\"ImageObject\",\"inLanguage\":\"en-GB\",\"@id\":\"https:\\\/\\\/dmcsrb.com\\\/en\\\/ekonomija\\\/pkcg-zajednicka-vizija-znanje-i-saradnja-pokretacka-snaga-razvoja\\\/#primaryimage\",\"url\":\"https:\\\/\\\/dmcsrb.com\\\/wp-content\\\/uploads\\\/2026\\\/01\\\/thumbnail_kecg-panel.webp\",\"contentUrl\":\"https:\\\/\\\/dmcsrb.com\\\/wp-content\\\/uploads\\\/2026\\\/01\\\/thumbnail_kecg-panel.webp\",\"width\":1920,\"height\":1280},{\"@type\":\"BreadcrumbList\",\"@id\":\"https:\\\/\\\/dmcsrb.com\\\/en\\\/ekonomija\\\/pkcg-zajednicka-vizija-znanje-i-saradnja-pokretacka-snaga-razvoja\\\/#breadcrumb\",\"itemListElement\":[{\"@type\":\"ListItem\",\"position\":1,\"name\":\"Home\",\"item\":\"https:\\\/\\\/dmcsrb.com\\\/\"},{\"@type\":\"ListItem\",\"position\":2,\"name\":\"PKCG: Zajedni\u010dka vizija, znanje i saradnja pokreta\u010dka snaga razvoja\"}]},{\"@type\":\"WebSite\",\"@id\":\"https:\\\/\\\/dmcsrb.com\\\/#website\",\"url\":\"https:\\\/\\\/dmcsrb.com\\\/\",\"name\":\"dmcsrb.com\",\"description\":\"\",\"potentialAction\":[{\"@type\":\"SearchAction\",\"target\":{\"@type\":\"EntryPoint\",\"urlTemplate\":\"https:\\\/\\\/dmcsrb.com\\\/?s={search_term_string}\"},\"query-input\":{\"@type\":\"PropertyValueSpecification\",\"valueRequired\":true,\"valueName\":\"search_term_string\"}}],\"inLanguage\":\"en-GB\"},{\"@type\":\"Person\",\"@id\":\"https:\\\/\\\/dmcsrb.com\\\/#\\\/schema\\\/person\\\/5c39170f12db1b8b457732d0b5c854e2\",\"name\":\"dmcsrbija.com@gmail.com\",\"image\":{\"@type\":\"ImageObject\",\"inLanguage\":\"en-GB\",\"@id\":\"https:\\\/\\\/secure.gravatar.com\\\/avatar\\\/68592660ad6347fad0fb587f8d5d8f1a7b44961362f56e4f2cd524feb87e9069?s=96&d=mm&r=g\",\"url\":\"https:\\\/\\\/secure.gravatar.com\\\/avatar\\\/68592660ad6347fad0fb587f8d5d8f1a7b44961362f56e4f2cd524feb87e9069?s=96&d=mm&r=g\",\"contentUrl\":\"https:\\\/\\\/secure.gravatar.com\\\/avatar\\\/68592660ad6347fad0fb587f8d5d8f1a7b44961362f56e4f2cd524feb87e9069?s=96&d=mm&r=g\",\"caption\":\"dmcsrbija.com@gmail.com\"},\"sameAs\":[\"https:\\\/\\\/dmcsrb.com\"],\"url\":\"https:\\\/\\\/dmcsrb.com\\\/en\\\/author\\\/dmcsrbija-comgmail-com\\\/\"}]}<\/script>\n<!-- \/ Yoast SEO plugin. -->","yoast_head_json":{"title":"PKCG: Zajedni\u010dka vizija, znanje i saradnja pokreta\u010dka snaga razvoja - dmcsrb.com","robots":{"index":"index","follow":"follow","max-snippet":"max-snippet:-1","max-image-preview":"max-image-preview:large","max-video-preview":"max-video-preview:-1"},"canonical":"https:\/\/dmcsrb.com\/en\/ekonomija\/pkcg-zajednicka-vizija-znanje-i-saradnja-pokretacka-snaga-razvoja\/","og_locale":"en_GB","og_type":"article","og_title":"PKCG: Zajedni\u010dka vizija, znanje i saradnja pokreta\u010dka snaga razvoja - dmcsrb.com","og_description":"Privredna komora Crne Gore organizovala je u Budvi XIV Konferenciju o ekonomiji Montenegro 2025, na temu \u201eEkonomije regiona u izazovima dana\u0161njice\u201c koja je okupila vi\u0161e od 400 u\u010desnika iz Crne Gore, regiona i EU \u2013 predstavnike privrede, institucija, akademske zajednice.","og_url":"https:\/\/dmcsrb.com\/en\/ekonomija\/pkcg-zajednicka-vizija-znanje-i-saradnja-pokretacka-snaga-razvoja\/","og_site_name":"dmcsrb.com","article_published_time":"2025-10-16T09:26:42+00:00","og_image":[{"width":1920,"height":1280,"url":"https:\/\/dmcsrb.com\/wp-content\/uploads\/2026\/01\/thumbnail_kecg-panel.webp","type":"image\/jpeg"}],"author":"dmcsrbija.com@gmail.com","twitter_card":"summary_large_image","twitter_misc":{"Written by":"dmcsrbija.com@gmail.com","Estimated reading time":"5 minutes"},"schema":{"@context":"https:\/\/schema.org","@graph":[{"@type":"Article","@id":"https:\/\/dmcsrb.com\/en\/ekonomija\/pkcg-zajednicka-vizija-znanje-i-saradnja-pokretacka-snaga-razvoja\/#article","isPartOf":{"@id":"https:\/\/dmcsrb.com\/en\/ekonomija\/pkcg-zajednicka-vizija-znanje-i-saradnja-pokretacka-snaga-razvoja\/"},"author":{"name":"dmcsrbija.com@gmail.com","@id":"https:\/\/dmcsrb.com\/#\/schema\/person\/5c39170f12db1b8b457732d0b5c854e2"},"headline":"PKCG: Zajedni\u010dka vizija, znanje i saradnja pokreta\u010dka snaga razvoja","datePublished":"2025-10-16T09:26:42+00:00","mainEntityOfPage":{"@id":"https:\/\/dmcsrb.com\/en\/ekonomija\/pkcg-zajednicka-vizija-znanje-i-saradnja-pokretacka-snaga-razvoja\/"},"wordCount":1074,"commentCount":0,"image":{"@id":"https:\/\/dmcsrb.com\/en\/ekonomija\/pkcg-zajednicka-vizija-znanje-i-saradnja-pokretacka-snaga-razvoja\/#primaryimage"},"thumbnailUrl":"https:\/\/dmcsrb.com\/wp-content\/uploads\/2026\/01\/thumbnail_kecg-panel.webp","keywords":["Montenegro 2025","PKCG"],"articleSection":["Ekonomija"],"inLanguage":"en-GB","potentialAction":[{"@type":"CommentAction","name":"Comment","target":["https:\/\/dmcsrb.com\/en\/ekonomija\/pkcg-zajednicka-vizija-znanje-i-saradnja-pokretacka-snaga-razvoja\/#respond"]}]},{"@type":"WebPage","@id":"https:\/\/dmcsrb.com\/en\/ekonomija\/pkcg-zajednicka-vizija-znanje-i-saradnja-pokretacka-snaga-razvoja\/","url":"https:\/\/dmcsrb.com\/en\/ekonomija\/pkcg-zajednicka-vizija-znanje-i-saradnja-pokretacka-snaga-razvoja\/","name":"PKCG: Zajedni\u010dka vizija, znanje i saradnja pokreta\u010dka snaga razvoja - dmcsrb.com","isPartOf":{"@id":"https:\/\/dmcsrb.com\/#website"},"primaryImageOfPage":{"@id":"https:\/\/dmcsrb.com\/en\/ekonomija\/pkcg-zajednicka-vizija-znanje-i-saradnja-pokretacka-snaga-razvoja\/#primaryimage"},"image":{"@id":"https:\/\/dmcsrb.com\/en\/ekonomija\/pkcg-zajednicka-vizija-znanje-i-saradnja-pokretacka-snaga-razvoja\/#primaryimage"},"thumbnailUrl":"https:\/\/dmcsrb.com\/wp-content\/uploads\/2026\/01\/thumbnail_kecg-panel.webp","datePublished":"2025-10-16T09:26:42+00:00","author":{"@id":"https:\/\/dmcsrb.com\/#\/schema\/person\/5c39170f12db1b8b457732d0b5c854e2"},"breadcrumb":{"@id":"https:\/\/dmcsrb.com\/en\/ekonomija\/pkcg-zajednicka-vizija-znanje-i-saradnja-pokretacka-snaga-razvoja\/#breadcrumb"},"inLanguage":"en-GB","potentialAction":[{"@type":"ReadAction","target":["https:\/\/dmcsrb.com\/en\/ekonomija\/pkcg-zajednicka-vizija-znanje-i-saradnja-pokretacka-snaga-razvoja\/"]}]},{"@type":"ImageObject","inLanguage":"en-GB","@id":"https:\/\/dmcsrb.com\/en\/ekonomija\/pkcg-zajednicka-vizija-znanje-i-saradnja-pokretacka-snaga-razvoja\/#primaryimage","url":"https:\/\/dmcsrb.com\/wp-content\/uploads\/2026\/01\/thumbnail_kecg-panel.webp","contentUrl":"https:\/\/dmcsrb.com\/wp-content\/uploads\/2026\/01\/thumbnail_kecg-panel.webp","width":1920,"height":1280},{"@type":"BreadcrumbList","@id":"https:\/\/dmcsrb.com\/en\/ekonomija\/pkcg-zajednicka-vizija-znanje-i-saradnja-pokretacka-snaga-razvoja\/#breadcrumb","itemListElement":[{"@type":"ListItem","position":1,"name":"Home","item":"https:\/\/dmcsrb.com\/"},{"@type":"ListItem","position":2,"name":"PKCG: Zajedni\u010dka vizija, znanje i saradnja pokreta\u010dka snaga razvoja"}]},{"@type":"WebSite","@id":"https:\/\/dmcsrb.com\/#website","url":"https:\/\/dmcsrb.com\/","name":"dmcsrb.com","description":"","potentialAction":[{"@type":"SearchAction","target":{"@type":"EntryPoint","urlTemplate":"https:\/\/dmcsrb.com\/?s={search_term_string}"},"query-input":{"@type":"PropertyValueSpecification","valueRequired":true,"valueName":"search_term_string"}}],"inLanguage":"en-GB"},{"@type":"Person","@id":"https:\/\/dmcsrb.com\/#\/schema\/person\/5c39170f12db1b8b457732d0b5c854e2","name":"dmcsrbija.com@gmail.com","image":{"@type":"ImageObject","inLanguage":"en-GB","@id":"https:\/\/secure.gravatar.com\/avatar\/68592660ad6347fad0fb587f8d5d8f1a7b44961362f56e4f2cd524feb87e9069?s=96&d=mm&r=g","url":"https:\/\/secure.gravatar.com\/avatar\/68592660ad6347fad0fb587f8d5d8f1a7b44961362f56e4f2cd524feb87e9069?s=96&d=mm&r=g","contentUrl":"https:\/\/secure.gravatar.com\/avatar\/68592660ad6347fad0fb587f8d5d8f1a7b44961362f56e4f2cd524feb87e9069?s=96&d=mm&r=g","caption":"dmcsrbija.com@gmail.com"},"sameAs":["https:\/\/dmcsrb.com"],"url":"https:\/\/dmcsrb.com\/en\/author\/dmcsrbija-comgmail-com\/"}]}},"_links":{"self":[{"href":"https:\/\/dmcsrb.com\/en\/wp-json\/wp\/v2\/posts\/958165","targetHints":{"allow":["GET"]}}],"collection":[{"href":"https:\/\/dmcsrb.com\/en\/wp-json\/wp\/v2\/posts"}],"about":[{"href":"https:\/\/dmcsrb.com\/en\/wp-json\/wp\/v2\/types\/post"}],"author":[{"embeddable":true,"href":"https:\/\/dmcsrb.com\/en\/wp-json\/wp\/v2\/users\/1"}],"replies":[{"embeddable":true,"href":"https:\/\/dmcsrb.com\/en\/wp-json\/wp\/v2\/comments?post=958165"}],"version-history":[{"count":0,"href":"https:\/\/dmcsrb.com\/en\/wp-json\/wp\/v2\/posts\/958165\/revisions"}],"wp:featuredmedia":[{"embeddable":true,"href":"https:\/\/dmcsrb.com\/en\/wp-json\/wp\/v2\/media\/958166"}],"wp:attachment":[{"href":"https:\/\/dmcsrb.com\/en\/wp-json\/wp\/v2\/media?parent=958165"}],"wp:term":[{"taxonomy":"category","embeddable":true,"href":"https:\/\/dmcsrb.com\/en\/wp-json\/wp\/v2\/categories?post=958165"},{"taxonomy":"post_tag","embeddable":true,"href":"https:\/\/dmcsrb.com\/en\/wp-json\/wp\/v2\/tags?post=958165"},{"taxonomy":"naslovna","embeddable":true,"href":"https:\/\/dmcsrb.com\/en\/wp-json\/wp\/v2\/naslovna?post=958165"}],"curies":[{"name":"wp","href":"https:\/\/api.w.org\/{rel}","templated":true}]}}