{"id":958155,"date":"2025-10-16T11:06:04","date_gmt":"2025-10-16T09:06:04","guid":{"rendered":"https:\/\/dmcsrb.com\/uncategorized\/cedem-spajic-najbolje-ocijenjeni-politicar-milo-djukanovic-izaziva-najvece-podjele\/"},"modified":"2025-10-16T11:06:04","modified_gmt":"2025-10-16T09:06:04","slug":"cedem-spajic-najbolje-ocijenjeni-politicar-milo-djukanovic-izaziva-najvece-podjele","status":"publish","type":"post","link":"https:\/\/dmcsrb.com\/en\/politika\/cedem-spajic-najbolje-ocijenjeni-politicar-milo-djukanovic-izaziva-najvece-podjele\/","title":{"rendered":"CEDEM: Spaji\u0107 najbolje ocijenjeni politi\u010dar, Milo \u0110ukanovi\u0107 izaziva najve\u0107e podjele"},"content":{"rendered":"<p><\/p>\n\n\n\n<p>Ukupno 38 odsto gra\u0111ana zadovoljno je vladom Milojka Spaji\u0107a, dok je njih 40 odsto izrazilo nezadovoljstvo, podaci su Istra\u017eivanja politi\u010dkog javnog mnjenja CEDEM-a.<\/p>\n\n\n\n<p>Na konferenciji ove nevladine organizacije kazali su da je od 2024. godine blago palo zadovoljstvo.<\/p>\n\n\n\n<p>&#8220;Najbolju ocjenu imaju Milojko Spaji\u0107 (18,5) zatim Milan Kne\u017eevi\u0107, Milo \u0110ukanovi\u0107 i Danijel \u017divkovi\u0107 (svi vi\u0161e od 10 odsto)&#8221;, naveli su tokom predstavljanja rezultata istra\u017eivanja.<\/p>\n\n\n\n<p>Slijede predsjednik Skup\u0161tine Andrija Mandi\u0107 i predsjednik dr\u017eave Jakov Milatovi\u0107.<\/p>\n\n\n\n<p>&#8220;Najve\u0107e podjele izaziva Milo \u0110ukanovi\u0107. Ima najvi\u0161e najvi\u0161ih i najni\u017eih ocjena, ali je njemu jedinom porastao rejting. Svima ostalima je rejting u padu&#8221;, dodali su.<\/p>\n\n\n\n<p>Kako su naveli, politi\u010dke institucije u Crnoj Gori bilje\u017ee odre\u0111eni pad.<\/p>\n\n\n\n<p>Rezultati istra\u017eivanja pokazuju da Demokratska partija socijalista (DPS) ima podr\u0161ku 25,8 odsto ispitanika, dok koalicija Za budu\u0107nost Crne Gore (ZBCG) sa 23,5 odsto podr\u0161ke bilje\u017ei najve\u0107i rast.<\/p>\n\n\n\n<p>Vladaju\u0107i Poret Evropa sad (PES), navode iz CEDEM-a, bilje\u017ei zna\u010dajan pad povjerenja sa 20,3 odsto podr\u0161ke gra\u0111ana.<\/p>\n\n\n\n<p>Demokratsku Crnu Goru, dodaju, podr\u017eava 8,2 odsto ispitanika. Ta partija bilje\u017ei pad od tri odsto za tri godine.<\/p>\n\n\n\n<p>&#8220;Za \u010dak 75,2 odsto najva\u017enija je borba za bolji \u017eivotni standard i radna mjesta. To predstavlja rast od 11 procenata u odnosu na pro\u0161lu godinu&#8221;, poru\u010dili su iz CEDEM-a.<\/p>","protected":false},"excerpt":{"rendered":"<p>Predsjednik Vlade Milojko Spaji\u0107 najbolje je ocijenjeni politi\u010dar, dok najve\u0107e podjele izaziva Milo \u0110ukanovi\u0107, pokazalo je istra\u017eivanje CEDEM-a.<\/p>","protected":false},"author":1,"featured_media":913893,"comment_status":"open","ping_status":"open","sticky":false,"template":"","format":"standard","meta":{"_acf_changed":false,"footnotes":""},"categories":[12],"tags":[5480,2429,2517,273,835,166],"naslovna":[],"class_list":["post-958155","post","type-post","status-publish","format-standard","has-post-thumbnail","hentry","category-politika","tag-cedem","tag-danijel-zivkovic","tag-istrazivanje-2","tag-milan-knezevic","tag-milo-djukanovic","tag-milojko-spajic"],"acf":[],"yoast_head":"<!-- This site is optimized with the Yoast SEO plugin v27.4 - https:\/\/yoast.com\/product\/yoast-seo-wordpress\/ -->\n<title>CEDEM: Spaji\u0107 najbolje ocijenjeni politi\u010dar, Milo \u0110ukanovi\u0107 izaziva najve\u0107e podjele - dmcsrb.com<\/title>\n<meta name=\"robots\" content=\"index, follow, max-snippet:-1, max-image-preview:large, max-video-preview:-1\" \/>\n<link rel=\"canonical\" href=\"https:\/\/dmcsrb.com\/en\/politika\/cedem-spajic-najbolje-ocijenjeni-politicar-milo-djukanovic-izaziva-najvece-podjele\/\" \/>\n<meta property=\"og:locale\" content=\"en_GB\" \/>\n<meta property=\"og:type\" content=\"article\" \/>\n<meta property=\"og:title\" content=\"CEDEM: Spaji\u0107 najbolje ocijenjeni politi\u010dar, Milo \u0110ukanovi\u0107 izaziva najve\u0107e podjele - dmcsrb.com\" \/>\n<meta property=\"og:description\" content=\"Predsjednik Vlade Milojko Spaji\u0107 najbolje je ocijenjeni politi\u010dar, dok najve\u0107e podjele izaziva Milo \u0110ukanovi\u0107, pokazalo je istra\u017eivanje CEDEM-a.\" \/>\n<meta property=\"og:url\" content=\"https:\/\/dmcsrb.com\/en\/politika\/cedem-spajic-najbolje-ocijenjeni-politicar-milo-djukanovic-izaziva-najvece-podjele\/\" \/>\n<meta property=\"og:site_name\" content=\"dmcsrb.com\" \/>\n<meta property=\"article:published_time\" content=\"2025-10-16T09:06:04+00:00\" \/>\n<meta property=\"og:image\" content=\"https:\/\/dmcsrb.com\/wp-content\/uploads\/2026\/01\/Milojko-Spajic-foto-vlada-cg-12.-avgust-2025.jpg\" \/>\n\t<meta property=\"og:image:width\" content=\"1023\" \/>\n\t<meta property=\"og:image:height\" content=\"677\" \/>\n\t<meta property=\"og:image:type\" content=\"image\/jpeg\" \/>\n<meta name=\"author\" content=\"dmcsrbija.com@gmail.com\" \/>\n<meta name=\"twitter:card\" content=\"summary_large_image\" \/>\n<meta name=\"twitter:label1\" content=\"Written by\" \/>\n\t<meta name=\"twitter:data1\" content=\"dmcsrbija.com@gmail.com\" \/>\n\t<meta name=\"twitter:label2\" content=\"Estimated reading time\" \/>\n\t<meta name=\"twitter:data2\" content=\"1 minute\" \/>\n<script type=\"application\/ld+json\" class=\"yoast-schema-graph\">{\"@context\":\"https:\\\/\\\/schema.org\",\"@graph\":[{\"@type\":\"Article\",\"@id\":\"https:\\\/\\\/dmcsrb.com\\\/en\\\/politika\\\/cedem-spajic-najbolje-ocijenjeni-politicar-milo-djukanovic-izaziva-najvece-podjele\\\/#article\",\"isPartOf\":{\"@id\":\"https:\\\/\\\/dmcsrb.com\\\/en\\\/politika\\\/cedem-spajic-najbolje-ocijenjeni-politicar-milo-djukanovic-izaziva-najvece-podjele\\\/\"},\"author\":{\"name\":\"dmcsrbija.com@gmail.com\",\"@id\":\"https:\\\/\\\/dmcsrb.com\\\/#\\\/schema\\\/person\\\/5c39170f12db1b8b457732d0b5c854e2\"},\"headline\":\"CEDEM: Spaji\u0107 najbolje ocijenjeni politi\u010dar, Milo \u0110ukanovi\u0107 izaziva najve\u0107e podjele\",\"datePublished\":\"2025-10-16T09:06:04+00:00\",\"mainEntityOfPage\":{\"@id\":\"https:\\\/\\\/dmcsrb.com\\\/en\\\/politika\\\/cedem-spajic-najbolje-ocijenjeni-politicar-milo-djukanovic-izaziva-najvece-podjele\\\/\"},\"wordCount\":233,\"commentCount\":0,\"image\":{\"@id\":\"https:\\\/\\\/dmcsrb.com\\\/en\\\/politika\\\/cedem-spajic-najbolje-ocijenjeni-politicar-milo-djukanovic-izaziva-najvece-podjele\\\/#primaryimage\"},\"thumbnailUrl\":\"https:\\\/\\\/dmcsrb.com\\\/wp-content\\\/uploads\\\/2026\\\/01\\\/Milojko-Spajic-foto-vlada-cg-12.-avgust-2025.jpg\",\"keywords\":[\"CEDEM\",\"Danijel \u017divkovi\u0107\",\"istrazivanje\",\"milan kne\u017eevi\u0107\",\"Milo \u0110ukanovi\u0107\",\"Milojko Spaji\u0107\"],\"articleSection\":[\"Politika\"],\"inLanguage\":\"en-GB\",\"potentialAction\":[{\"@type\":\"CommentAction\",\"name\":\"Comment\",\"target\":[\"https:\\\/\\\/dmcsrb.com\\\/en\\\/politika\\\/cedem-spajic-najbolje-ocijenjeni-politicar-milo-djukanovic-izaziva-najvece-podjele\\\/#respond\"]}]},{\"@type\":\"WebPage\",\"@id\":\"https:\\\/\\\/dmcsrb.com\\\/en\\\/politika\\\/cedem-spajic-najbolje-ocijenjeni-politicar-milo-djukanovic-izaziva-najvece-podjele\\\/\",\"url\":\"https:\\\/\\\/dmcsrb.com\\\/en\\\/politika\\\/cedem-spajic-najbolje-ocijenjeni-politicar-milo-djukanovic-izaziva-najvece-podjele\\\/\",\"name\":\"CEDEM: Spaji\u0107 najbolje ocijenjeni politi\u010dar, Milo \u0110ukanovi\u0107 izaziva najve\u0107e podjele - dmcsrb.com\",\"isPartOf\":{\"@id\":\"https:\\\/\\\/dmcsrb.com\\\/#website\"},\"primaryImageOfPage\":{\"@id\":\"https:\\\/\\\/dmcsrb.com\\\/en\\\/politika\\\/cedem-spajic-najbolje-ocijenjeni-politicar-milo-djukanovic-izaziva-najvece-podjele\\\/#primaryimage\"},\"image\":{\"@id\":\"https:\\\/\\\/dmcsrb.com\\\/en\\\/politika\\\/cedem-spajic-najbolje-ocijenjeni-politicar-milo-djukanovic-izaziva-najvece-podjele\\\/#primaryimage\"},\"thumbnailUrl\":\"https:\\\/\\\/dmcsrb.com\\\/wp-content\\\/uploads\\\/2026\\\/01\\\/Milojko-Spajic-foto-vlada-cg-12.-avgust-2025.jpg\",\"datePublished\":\"2025-10-16T09:06:04+00:00\",\"author\":{\"@id\":\"https:\\\/\\\/dmcsrb.com\\\/#\\\/schema\\\/person\\\/5c39170f12db1b8b457732d0b5c854e2\"},\"breadcrumb\":{\"@id\":\"https:\\\/\\\/dmcsrb.com\\\/en\\\/politika\\\/cedem-spajic-najbolje-ocijenjeni-politicar-milo-djukanovic-izaziva-najvece-podjele\\\/#breadcrumb\"},\"inLanguage\":\"en-GB\",\"potentialAction\":[{\"@type\":\"ReadAction\",\"target\":[\"https:\\\/\\\/dmcsrb.com\\\/en\\\/politika\\\/cedem-spajic-najbolje-ocijenjeni-politicar-milo-djukanovic-izaziva-najvece-podjele\\\/\"]}]},{\"@type\":\"ImageObject\",\"inLanguage\":\"en-GB\",\"@id\":\"https:\\\/\\\/dmcsrb.com\\\/en\\\/politika\\\/cedem-spajic-najbolje-ocijenjeni-politicar-milo-djukanovic-izaziva-najvece-podjele\\\/#primaryimage\",\"url\":\"https:\\\/\\\/dmcsrb.com\\\/wp-content\\\/uploads\\\/2026\\\/01\\\/Milojko-Spajic-foto-vlada-cg-12.-avgust-2025.jpg\",\"contentUrl\":\"https:\\\/\\\/dmcsrb.com\\\/wp-content\\\/uploads\\\/2026\\\/01\\\/Milojko-Spajic-foto-vlada-cg-12.-avgust-2025.jpg\",\"width\":1023,\"height\":677},{\"@type\":\"BreadcrumbList\",\"@id\":\"https:\\\/\\\/dmcsrb.com\\\/en\\\/politika\\\/cedem-spajic-najbolje-ocijenjeni-politicar-milo-djukanovic-izaziva-najvece-podjele\\\/#breadcrumb\",\"itemListElement\":[{\"@type\":\"ListItem\",\"position\":1,\"name\":\"Home\",\"item\":\"https:\\\/\\\/dmcsrb.com\\\/\"},{\"@type\":\"ListItem\",\"position\":2,\"name\":\"CEDEM: Spaji\u0107 najbolje ocijenjeni politi\u010dar, Milo \u0110ukanovi\u0107 izaziva najve\u0107e podjele\"}]},{\"@type\":\"WebSite\",\"@id\":\"https:\\\/\\\/dmcsrb.com\\\/#website\",\"url\":\"https:\\\/\\\/dmcsrb.com\\\/\",\"name\":\"dmcsrb.com\",\"description\":\"\",\"potentialAction\":[{\"@type\":\"SearchAction\",\"target\":{\"@type\":\"EntryPoint\",\"urlTemplate\":\"https:\\\/\\\/dmcsrb.com\\\/?s={search_term_string}\"},\"query-input\":{\"@type\":\"PropertyValueSpecification\",\"valueRequired\":true,\"valueName\":\"search_term_string\"}}],\"inLanguage\":\"en-GB\"},{\"@type\":\"Person\",\"@id\":\"https:\\\/\\\/dmcsrb.com\\\/#\\\/schema\\\/person\\\/5c39170f12db1b8b457732d0b5c854e2\",\"name\":\"dmcsrbija.com@gmail.com\",\"image\":{\"@type\":\"ImageObject\",\"inLanguage\":\"en-GB\",\"@id\":\"https:\\\/\\\/secure.gravatar.com\\\/avatar\\\/68592660ad6347fad0fb587f8d5d8f1a7b44961362f56e4f2cd524feb87e9069?s=96&d=mm&r=g\",\"url\":\"https:\\\/\\\/secure.gravatar.com\\\/avatar\\\/68592660ad6347fad0fb587f8d5d8f1a7b44961362f56e4f2cd524feb87e9069?s=96&d=mm&r=g\",\"contentUrl\":\"https:\\\/\\\/secure.gravatar.com\\\/avatar\\\/68592660ad6347fad0fb587f8d5d8f1a7b44961362f56e4f2cd524feb87e9069?s=96&d=mm&r=g\",\"caption\":\"dmcsrbija.com@gmail.com\"},\"sameAs\":[\"https:\\\/\\\/dmcsrb.com\"],\"url\":\"https:\\\/\\\/dmcsrb.com\\\/en\\\/author\\\/dmcsrbija-comgmail-com\\\/\"}]}<\/script>\n<!-- \/ Yoast SEO plugin. -->","yoast_head_json":{"title":"CEDEM: Spaji\u0107 najbolje ocijenjeni politi\u010dar, Milo \u0110ukanovi\u0107 izaziva najve\u0107e podjele - dmcsrb.com","robots":{"index":"index","follow":"follow","max-snippet":"max-snippet:-1","max-image-preview":"max-image-preview:large","max-video-preview":"max-video-preview:-1"},"canonical":"https:\/\/dmcsrb.com\/en\/politika\/cedem-spajic-najbolje-ocijenjeni-politicar-milo-djukanovic-izaziva-najvece-podjele\/","og_locale":"en_GB","og_type":"article","og_title":"CEDEM: Spaji\u0107 najbolje ocijenjeni politi\u010dar, Milo \u0110ukanovi\u0107 izaziva najve\u0107e podjele - dmcsrb.com","og_description":"Predsjednik Vlade Milojko Spaji\u0107 najbolje je ocijenjeni politi\u010dar, dok najve\u0107e podjele izaziva Milo \u0110ukanovi\u0107, pokazalo je istra\u017eivanje CEDEM-a.","og_url":"https:\/\/dmcsrb.com\/en\/politika\/cedem-spajic-najbolje-ocijenjeni-politicar-milo-djukanovic-izaziva-najvece-podjele\/","og_site_name":"dmcsrb.com","article_published_time":"2025-10-16T09:06:04+00:00","og_image":[{"width":1023,"height":677,"url":"https:\/\/dmcsrb.com\/wp-content\/uploads\/2026\/01\/Milojko-Spajic-foto-vlada-cg-12.-avgust-2025.jpg","type":"image\/jpeg"}],"author":"dmcsrbija.com@gmail.com","twitter_card":"summary_large_image","twitter_misc":{"Written by":"dmcsrbija.com@gmail.com","Estimated reading time":"1 minute"},"schema":{"@context":"https:\/\/schema.org","@graph":[{"@type":"Article","@id":"https:\/\/dmcsrb.com\/en\/politika\/cedem-spajic-najbolje-ocijenjeni-politicar-milo-djukanovic-izaziva-najvece-podjele\/#article","isPartOf":{"@id":"https:\/\/dmcsrb.com\/en\/politika\/cedem-spajic-najbolje-ocijenjeni-politicar-milo-djukanovic-izaziva-najvece-podjele\/"},"author":{"name":"dmcsrbija.com@gmail.com","@id":"https:\/\/dmcsrb.com\/#\/schema\/person\/5c39170f12db1b8b457732d0b5c854e2"},"headline":"CEDEM: Spaji\u0107 najbolje ocijenjeni politi\u010dar, Milo \u0110ukanovi\u0107 izaziva najve\u0107e podjele","datePublished":"2025-10-16T09:06:04+00:00","mainEntityOfPage":{"@id":"https:\/\/dmcsrb.com\/en\/politika\/cedem-spajic-najbolje-ocijenjeni-politicar-milo-djukanovic-izaziva-najvece-podjele\/"},"wordCount":233,"commentCount":0,"image":{"@id":"https:\/\/dmcsrb.com\/en\/politika\/cedem-spajic-najbolje-ocijenjeni-politicar-milo-djukanovic-izaziva-najvece-podjele\/#primaryimage"},"thumbnailUrl":"https:\/\/dmcsrb.com\/wp-content\/uploads\/2026\/01\/Milojko-Spajic-foto-vlada-cg-12.-avgust-2025.jpg","keywords":["CEDEM","Danijel \u017divkovi\u0107","istrazivanje","milan kne\u017eevi\u0107","Milo \u0110ukanovi\u0107","Milojko Spaji\u0107"],"articleSection":["Politika"],"inLanguage":"en-GB","potentialAction":[{"@type":"CommentAction","name":"Comment","target":["https:\/\/dmcsrb.com\/en\/politika\/cedem-spajic-najbolje-ocijenjeni-politicar-milo-djukanovic-izaziva-najvece-podjele\/#respond"]}]},{"@type":"WebPage","@id":"https:\/\/dmcsrb.com\/en\/politika\/cedem-spajic-najbolje-ocijenjeni-politicar-milo-djukanovic-izaziva-najvece-podjele\/","url":"https:\/\/dmcsrb.com\/en\/politika\/cedem-spajic-najbolje-ocijenjeni-politicar-milo-djukanovic-izaziva-najvece-podjele\/","name":"CEDEM: Spaji\u0107 najbolje ocijenjeni politi\u010dar, Milo \u0110ukanovi\u0107 izaziva najve\u0107e podjele - dmcsrb.com","isPartOf":{"@id":"https:\/\/dmcsrb.com\/#website"},"primaryImageOfPage":{"@id":"https:\/\/dmcsrb.com\/en\/politika\/cedem-spajic-najbolje-ocijenjeni-politicar-milo-djukanovic-izaziva-najvece-podjele\/#primaryimage"},"image":{"@id":"https:\/\/dmcsrb.com\/en\/politika\/cedem-spajic-najbolje-ocijenjeni-politicar-milo-djukanovic-izaziva-najvece-podjele\/#primaryimage"},"thumbnailUrl":"https:\/\/dmcsrb.com\/wp-content\/uploads\/2026\/01\/Milojko-Spajic-foto-vlada-cg-12.-avgust-2025.jpg","datePublished":"2025-10-16T09:06:04+00:00","author":{"@id":"https:\/\/dmcsrb.com\/#\/schema\/person\/5c39170f12db1b8b457732d0b5c854e2"},"breadcrumb":{"@id":"https:\/\/dmcsrb.com\/en\/politika\/cedem-spajic-najbolje-ocijenjeni-politicar-milo-djukanovic-izaziva-najvece-podjele\/#breadcrumb"},"inLanguage":"en-GB","potentialAction":[{"@type":"ReadAction","target":["https:\/\/dmcsrb.com\/en\/politika\/cedem-spajic-najbolje-ocijenjeni-politicar-milo-djukanovic-izaziva-najvece-podjele\/"]}]},{"@type":"ImageObject","inLanguage":"en-GB","@id":"https:\/\/dmcsrb.com\/en\/politika\/cedem-spajic-najbolje-ocijenjeni-politicar-milo-djukanovic-izaziva-najvece-podjele\/#primaryimage","url":"https:\/\/dmcsrb.com\/wp-content\/uploads\/2026\/01\/Milojko-Spajic-foto-vlada-cg-12.-avgust-2025.jpg","contentUrl":"https:\/\/dmcsrb.com\/wp-content\/uploads\/2026\/01\/Milojko-Spajic-foto-vlada-cg-12.-avgust-2025.jpg","width":1023,"height":677},{"@type":"BreadcrumbList","@id":"https:\/\/dmcsrb.com\/en\/politika\/cedem-spajic-najbolje-ocijenjeni-politicar-milo-djukanovic-izaziva-najvece-podjele\/#breadcrumb","itemListElement":[{"@type":"ListItem","position":1,"name":"Home","item":"https:\/\/dmcsrb.com\/"},{"@type":"ListItem","position":2,"name":"CEDEM: Spaji\u0107 najbolje ocijenjeni politi\u010dar, Milo \u0110ukanovi\u0107 izaziva najve\u0107e podjele"}]},{"@type":"WebSite","@id":"https:\/\/dmcsrb.com\/#website","url":"https:\/\/dmcsrb.com\/","name":"dmcsrb.com","description":"","potentialAction":[{"@type":"SearchAction","target":{"@type":"EntryPoint","urlTemplate":"https:\/\/dmcsrb.com\/?s={search_term_string}"},"query-input":{"@type":"PropertyValueSpecification","valueRequired":true,"valueName":"search_term_string"}}],"inLanguage":"en-GB"},{"@type":"Person","@id":"https:\/\/dmcsrb.com\/#\/schema\/person\/5c39170f12db1b8b457732d0b5c854e2","name":"dmcsrbija.com@gmail.com","image":{"@type":"ImageObject","inLanguage":"en-GB","@id":"https:\/\/secure.gravatar.com\/avatar\/68592660ad6347fad0fb587f8d5d8f1a7b44961362f56e4f2cd524feb87e9069?s=96&d=mm&r=g","url":"https:\/\/secure.gravatar.com\/avatar\/68592660ad6347fad0fb587f8d5d8f1a7b44961362f56e4f2cd524feb87e9069?s=96&d=mm&r=g","contentUrl":"https:\/\/secure.gravatar.com\/avatar\/68592660ad6347fad0fb587f8d5d8f1a7b44961362f56e4f2cd524feb87e9069?s=96&d=mm&r=g","caption":"dmcsrbija.com@gmail.com"},"sameAs":["https:\/\/dmcsrb.com"],"url":"https:\/\/dmcsrb.com\/en\/author\/dmcsrbija-comgmail-com\/"}]}},"_links":{"self":[{"href":"https:\/\/dmcsrb.com\/en\/wp-json\/wp\/v2\/posts\/958155","targetHints":{"allow":["GET"]}}],"collection":[{"href":"https:\/\/dmcsrb.com\/en\/wp-json\/wp\/v2\/posts"}],"about":[{"href":"https:\/\/dmcsrb.com\/en\/wp-json\/wp\/v2\/types\/post"}],"author":[{"embeddable":true,"href":"https:\/\/dmcsrb.com\/en\/wp-json\/wp\/v2\/users\/1"}],"replies":[{"embeddable":true,"href":"https:\/\/dmcsrb.com\/en\/wp-json\/wp\/v2\/comments?post=958155"}],"version-history":[{"count":0,"href":"https:\/\/dmcsrb.com\/en\/wp-json\/wp\/v2\/posts\/958155\/revisions"}],"wp:featuredmedia":[{"embeddable":true,"href":"https:\/\/dmcsrb.com\/en\/wp-json\/wp\/v2\/media\/913893"}],"wp:attachment":[{"href":"https:\/\/dmcsrb.com\/en\/wp-json\/wp\/v2\/media?parent=958155"}],"wp:term":[{"taxonomy":"category","embeddable":true,"href":"https:\/\/dmcsrb.com\/en\/wp-json\/wp\/v2\/categories?post=958155"},{"taxonomy":"post_tag","embeddable":true,"href":"https:\/\/dmcsrb.com\/en\/wp-json\/wp\/v2\/tags?post=958155"},{"taxonomy":"naslovna","embeddable":true,"href":"https:\/\/dmcsrb.com\/en\/wp-json\/wp\/v2\/naslovna?post=958155"}],"curies":[{"name":"wp","href":"https:\/\/api.w.org\/{rel}","templated":true}]}}