{"id":958144,"date":"2025-10-16T10:29:00","date_gmt":"2025-10-16T08:29:00","guid":{"rendered":"https:\/\/dmcsrb.com\/uncategorized\/sasatanak-direktora-instituta-i-skola-za-javnu-upravu-iz-eu-po-prvi-put-u-crnoj-gori\/"},"modified":"2025-10-16T10:29:00","modified_gmt":"2025-10-16T08:29:00","slug":"sasatanak-direktora-instituta-i-skola-za-javnu-upravu-iz-eu-po-prvi-put-u-crnoj-gori","status":"publish","type":"post","link":"https:\/\/dmcsrb.com\/en\/drustvo\/sasatanak-direktora-instituta-i-skola-za-javnu-upravu-iz-eu-po-prvi-put-u-crnoj-gori\/","title":{"rendered":"Sasatanak Direktora instituta i \u0161kola za javnu upravu iz EU po prvi put u Crnoj Gori"},"content":{"rendered":"<p><\/p>\n\n\n\n<p>Kako je saop\u0161teno iz Ministarstva javne uprave, ovaj istorijski skup dodatno ja\u010da most izme\u0111u Evropske unije i Zapadnog Balkana, potvr\u0111uju\u0107i klju\u010dnu ulogu ReSPA-e u unapre\u0111enju regionalne integracije u Evropski administrativni prostor kroz dijalog, inovacije i zajedni\u010dko u\u010denje.<\/p>\n\n\n\n<p>Skup su otvorili ministar javne uprave<strong>\u00a0Mara\u0161 Dukaj,\u00a0<\/strong>direktorica ReSPA-e\u00a0<strong>\u00a0Maja Handjiska-Trendafilova,<\/strong>\u00a0<strong>Anne Mitelman i Christiane Keutgens<\/strong>\u00a0iz Evropske \u0161kole za administraciju, te \u0161ef Sektora za saradnju Delegacije EU u Crnoj Gori\u00a0<strong>Bernard Brunet<\/strong>.<\/p>\n\n\n\n<p>\u201cGovornici su zajedni\u010dki istakli zna\u010daj liderstva, otpornosti i prilagodljivosti u izgradnji agilnih javnih uprava sposobnih da posti\u017eu rezultate u slo\u017eenim okolnostima dana\u0161njice\u201d, navodi se u saop\u0161tenju.<\/p>\n\n\n\n<p>Dukaj je kazao da danas DISPA (Mre\u017ea direktora instituta i \u0161kola za javnu upravu), po prvi put zasijeda u Crnoj Gori \u0161to je za nas poseban podstrek. Time na neki na\u010din postajemo aktivan u\u010desnik evropske administrativne zajednice, a ne samo kanditat za \u010dlanstvo.<\/p>\n\n\n\n<p>\u201cMinistarstvo javne uprave je prva institucija u Crnoj Gori koja je uvela evropski zajedni\u010dki okvir kvaliteta javne uprave, takozvani CAF model, a ove godine smo stekli i CAF sertifikat, koji Ministarstvu daje mogu\u0107nost da pru\u017ea tehni\u010dku i savjetodavnu podr\u0161ku svim institucijama koje \u017eele da zapo\u010dnu ili unaprijede proces upravljanja kvalitetom\u201d, istakao je Dukaj.<\/p>\n\n\n\n<p>On je naglasio da je sposobnost da se prilagodimo i unaprijedimo proces javne uprave od su\u0161tinskog zna\u010daja za ja\u010danje povjerenja gra\u0111ana u institucije, kao i za postizanje odr\u017eivog razvoja i dru\u0161tvene pravde.<\/p>\n\n\n\n<p>Handjiska Trendafilova je naglasila je da se javne uprave na Zapadnom Balkanu razvijaju u slo\u017eenim uslovima \u2013 istovremeno sprovode\u0107i reforme, podr\u017eavaju\u0107i oporavak i unapre\u0111uju\u0107i proces evropskih integracija.<\/p>\n\n\n\n<p>\u201cTo na\u0161 region \u010dini ne samo korisnikom podr\u0161ke Evropske unije, ve\u0107 i vrijednim izvorom iskustava u otpornosti i inovacijama. Kako proces pro\u0161irenja EU dobija novi zamah, ReSPA i njene \u010dlanice produbljuju uskla\u0111ivanje sa principima Evropskog administrativnog prostora, pri \u010demu Crna Gora prednja\u010di svojim primjerom. Istovremeno, \u0161irenjem saradnje sa zemljama Isto\u010dnog partnerstva \u2013 poput Ukrajine, Moldavije i Armenije \u2013 ReSPA doprinosi stvaranju povezanije, inkluzivnije i budu\u0107nosti okrenute evropske administrativne zajednice\u201c, istakla je ona. Na kraju svog obra\u0107anja, Handjiska-Trendafilova je pozvala u\u010desnike da u naredna dva dana iskoriste priliku za efikasnu razmjenu iskustava i uspostavljanje novih partnerstava \u201eka izgradnji profesionalnih, na gra\u0111ane usmjerenih i otpornih javnih uprava \u0161irom Evrope\u201d, kazala je Trendafilova.<\/p>\n\n\n\n<p><strong>Bernar Brune<\/strong>&nbsp;iz Delegacije Evropske unije u Crnoj Gori rekao je: \u201eZemlje kandidati suo\u010davaju se sa va\u017enim izazovima u izgradnji sna\u017enih i sposobnih administracija koje mogu da upravljaju procesom pristupanja, dok se istovremeno pripremaju za dinami\u010dan programski i zakonodavni okvir EU. Ovaj sastanak predstavlja odli\u010dnu priliku za zemlje u regionu da u\u010de iz iskustava \u0161kola javne uprave dr\u017eava \u010dlanica EU, koje su se suo\u010davale sa velikim izazovima povezanim sa uticajima COVID-a, novim instrumentima finansiranja, tehnolo\u0161kim napretkom i starenjem kadra, izme\u0111u ostalog.\u201c<\/p>\n\n\n\n<p>Program obuhvata i uvodno izlaganje&nbsp;<strong>Christiana Basona<\/strong>, suosniva\u010da organizacije Transition Collective i biv\u0161eg izvr\u0161nog direktora Danskog centra za dizajn, na temu \u201eKreiranje liderstva za nepoznato.\u201c Njegovo inspirativno izlaganje preispituje tradicionalne modele liderstva i nagla\u0161ava zna\u010daj pristupa usmjerenog na \u010dovjeka u periodima neizvjesnosti.<\/p>\n\n\n\n<p>Kroz panel diskusije i interaktivne World Caf\u00e9 sesije u\u010desnici \u0107e diskutovati klju\u010dne teme budu\u0107nosti javne uprave \u2013 od toga kako predvidjeti koje \u0107e vje\u0161tine biti potrebne budu\u0107oj javnoj upravi i strate\u0161kog predvi\u0111anja do etike i inovacija \u2013 promovi\u0161u\u0107i zajedni\u010dko u\u010denje i razvoj inicijativa koje ja\u010daju javni sektor u Evropi i na Zapadnom Balkanu.<\/p>\n\n\n\n<p>\u201cDrugog dana bi\u0107e predstavljeno Izvje\u0161tavanje o strate\u0161kom predvi\u0111anju za 2025. godinu \u2013 \u201eOtpornost 2.0: Osna\u017eivanje EU da napreduje uprkos turbulencijama i neizvjesnosti\u201c, uz izlaganja stru\u010dnjaka Zajedni\u010dkog istra\u017eiva\u010dkog centra Evropske komisije i dr Elefterije Ftaklaki iz Gr\u010dkog Specijalnog sekretarijata za predvi\u0111anje\u201d, navodi se u saop\u0161tenju.<\/p>\n\n\n\n<p>Kako zaklju\u010duju, ovim doga\u0111ajem ReSPA i njeni partneri ponovo potvr\u0111uju zajedni\u010dku viziju otporne, saradni\u010dke i na gra\u0111ane usmjerene javne uprave, spremne da slu\u017ei gra\u0111anima Evrope sa izvrsno\u0161\u0107u, inovativno\u0161\u0107u i integritetom.<\/p>","protected":false},"excerpt":{"rendered":"<p>Po prvi put, direktori instituta i \u0161kola za javnu upravu (DISPA) sastaju se van granica Evropske unije \u2013 na poziv Regionalne \u0161kole za javnu upravu (ReSPA), pod temom \u201ePriprema javnih slu\u017ebenika za budu\u0107nost: Vo\u0111enje kroz krize uz ostvarivanje rezultata\u201c.<\/p>","protected":false},"author":1,"featured_media":958145,"comment_status":"open","ping_status":"open","sticky":false,"template":"","format":"standard","meta":{"_acf_changed":false,"footnotes":""},"categories":[2],"tags":[11480,998],"naslovna":[],"class_list":["post-958144","post","type-post","status-publish","format-standard","has-post-thumbnail","hentry","category-drustvo","tag-dispa","tag-ministarstvo-javne-uprave"],"acf":[],"yoast_head":"<!-- This site is optimized with the Yoast SEO plugin v27.4 - https:\/\/yoast.com\/product\/yoast-seo-wordpress\/ -->\n<title>Sasatanak Direktora instituta i \u0161kola za javnu upravu iz EU po prvi put u Crnoj Gori - dmcsrb.com<\/title>\n<meta name=\"robots\" content=\"index, follow, max-snippet:-1, max-image-preview:large, max-video-preview:-1\" \/>\n<link rel=\"canonical\" href=\"https:\/\/dmcsrb.com\/en\/drustvo\/sasatanak-direktora-instituta-i-skola-za-javnu-upravu-iz-eu-po-prvi-put-u-crnoj-gori\/\" \/>\n<meta property=\"og:locale\" content=\"en_GB\" \/>\n<meta property=\"og:type\" content=\"article\" \/>\n<meta property=\"og:title\" content=\"Sasatanak Direktora instituta i \u0161kola za javnu upravu iz EU po prvi put u Crnoj Gori - dmcsrb.com\" \/>\n<meta property=\"og:description\" content=\"Po prvi put, direktori instituta i \u0161kola za javnu upravu (DISPA) sastaju se van granica Evropske unije \u2013 na poziv Regionalne \u0161kole za javnu upravu (ReSPA), pod temom \u201ePriprema javnih slu\u017ebenika za budu\u0107nost: Vo\u0111enje kroz krize uz ostvarivanje rezultata\u201c.\" \/>\n<meta property=\"og:url\" content=\"https:\/\/dmcsrb.com\/en\/drustvo\/sasatanak-direktora-instituta-i-skola-za-javnu-upravu-iz-eu-po-prvi-put-u-crnoj-gori\/\" \/>\n<meta property=\"og:site_name\" content=\"dmcsrb.com\" \/>\n<meta property=\"article:published_time\" content=\"2025-10-16T08:29:00+00:00\" \/>\n<meta property=\"og:image\" content=\"https:\/\/dmcsrb.com\/wp-content\/uploads\/2026\/01\/Ministar-Dukaj-11.webp\" \/>\n\t<meta property=\"og:image:width\" content=\"2500\" \/>\n\t<meta property=\"og:image:height\" content=\"1664\" \/>\n\t<meta property=\"og:image:type\" content=\"image\/jpeg\" \/>\n<meta name=\"author\" content=\"dmcsrbija.com@gmail.com\" \/>\n<meta name=\"twitter:card\" content=\"summary_large_image\" \/>\n<meta name=\"twitter:label1\" content=\"Written by\" \/>\n\t<meta name=\"twitter:data1\" content=\"dmcsrbija.com@gmail.com\" \/>\n\t<meta name=\"twitter:label2\" content=\"Estimated reading time\" \/>\n\t<meta name=\"twitter:data2\" content=\"4 minutes\" \/>\n<script type=\"application\/ld+json\" class=\"yoast-schema-graph\">{\"@context\":\"https:\\\/\\\/schema.org\",\"@graph\":[{\"@type\":\"Article\",\"@id\":\"https:\\\/\\\/dmcsrb.com\\\/drustvo\\\/sasatanak-direktora-instituta-i-skola-za-javnu-upravu-iz-eu-po-prvi-put-u-crnoj-gori\\\/#article\",\"isPartOf\":{\"@id\":\"https:\\\/\\\/dmcsrb.com\\\/drustvo\\\/sasatanak-direktora-instituta-i-skola-za-javnu-upravu-iz-eu-po-prvi-put-u-crnoj-gori\\\/\"},\"author\":{\"name\":\"dmcsrbija.com@gmail.com\",\"@id\":\"https:\\\/\\\/dmcsrb.com\\\/#\\\/schema\\\/person\\\/5c39170f12db1b8b457732d0b5c854e2\"},\"headline\":\"Sasatanak Direktora instituta i \u0161kola za javnu upravu iz EU po prvi put u Crnoj Gori\",\"datePublished\":\"2025-10-16T08:29:00+00:00\",\"mainEntityOfPage\":{\"@id\":\"https:\\\/\\\/dmcsrb.com\\\/drustvo\\\/sasatanak-direktora-instituta-i-skola-za-javnu-upravu-iz-eu-po-prvi-put-u-crnoj-gori\\\/\"},\"wordCount\":716,\"commentCount\":0,\"image\":{\"@id\":\"https:\\\/\\\/dmcsrb.com\\\/drustvo\\\/sasatanak-direktora-instituta-i-skola-za-javnu-upravu-iz-eu-po-prvi-put-u-crnoj-gori\\\/#primaryimage\"},\"thumbnailUrl\":\"https:\\\/\\\/dmcsrb.com\\\/wp-content\\\/uploads\\\/2026\\\/01\\\/Ministar-Dukaj-11.webp\",\"keywords\":[\"DISPA\",\"MINISTARSTVO JAVNE UPRAVE\"],\"articleSection\":[\"Dru\u0161tvo\"],\"inLanguage\":\"en-GB\",\"potentialAction\":[{\"@type\":\"CommentAction\",\"name\":\"Comment\",\"target\":[\"https:\\\/\\\/dmcsrb.com\\\/drustvo\\\/sasatanak-direktora-instituta-i-skola-za-javnu-upravu-iz-eu-po-prvi-put-u-crnoj-gori\\\/#respond\"]}]},{\"@type\":\"WebPage\",\"@id\":\"https:\\\/\\\/dmcsrb.com\\\/drustvo\\\/sasatanak-direktora-instituta-i-skola-za-javnu-upravu-iz-eu-po-prvi-put-u-crnoj-gori\\\/\",\"url\":\"https:\\\/\\\/dmcsrb.com\\\/drustvo\\\/sasatanak-direktora-instituta-i-skola-za-javnu-upravu-iz-eu-po-prvi-put-u-crnoj-gori\\\/\",\"name\":\"Sasatanak Direktora instituta i \u0161kola za javnu upravu iz EU po prvi put u Crnoj Gori - dmcsrb.com\",\"isPartOf\":{\"@id\":\"https:\\\/\\\/dmcsrb.com\\\/#website\"},\"primaryImageOfPage\":{\"@id\":\"https:\\\/\\\/dmcsrb.com\\\/drustvo\\\/sasatanak-direktora-instituta-i-skola-za-javnu-upravu-iz-eu-po-prvi-put-u-crnoj-gori\\\/#primaryimage\"},\"image\":{\"@id\":\"https:\\\/\\\/dmcsrb.com\\\/drustvo\\\/sasatanak-direktora-instituta-i-skola-za-javnu-upravu-iz-eu-po-prvi-put-u-crnoj-gori\\\/#primaryimage\"},\"thumbnailUrl\":\"https:\\\/\\\/dmcsrb.com\\\/wp-content\\\/uploads\\\/2026\\\/01\\\/Ministar-Dukaj-11.webp\",\"datePublished\":\"2025-10-16T08:29:00+00:00\",\"author\":{\"@id\":\"https:\\\/\\\/dmcsrb.com\\\/#\\\/schema\\\/person\\\/5c39170f12db1b8b457732d0b5c854e2\"},\"breadcrumb\":{\"@id\":\"https:\\\/\\\/dmcsrb.com\\\/drustvo\\\/sasatanak-direktora-instituta-i-skola-za-javnu-upravu-iz-eu-po-prvi-put-u-crnoj-gori\\\/#breadcrumb\"},\"inLanguage\":\"en-GB\",\"potentialAction\":[{\"@type\":\"ReadAction\",\"target\":[\"https:\\\/\\\/dmcsrb.com\\\/drustvo\\\/sasatanak-direktora-instituta-i-skola-za-javnu-upravu-iz-eu-po-prvi-put-u-crnoj-gori\\\/\"]}]},{\"@type\":\"ImageObject\",\"inLanguage\":\"en-GB\",\"@id\":\"https:\\\/\\\/dmcsrb.com\\\/drustvo\\\/sasatanak-direktora-instituta-i-skola-za-javnu-upravu-iz-eu-po-prvi-put-u-crnoj-gori\\\/#primaryimage\",\"url\":\"https:\\\/\\\/dmcsrb.com\\\/wp-content\\\/uploads\\\/2026\\\/01\\\/Ministar-Dukaj-11.webp\",\"contentUrl\":\"https:\\\/\\\/dmcsrb.com\\\/wp-content\\\/uploads\\\/2026\\\/01\\\/Ministar-Dukaj-11.webp\",\"width\":2500,\"height\":1664},{\"@type\":\"BreadcrumbList\",\"@id\":\"https:\\\/\\\/dmcsrb.com\\\/drustvo\\\/sasatanak-direktora-instituta-i-skola-za-javnu-upravu-iz-eu-po-prvi-put-u-crnoj-gori\\\/#breadcrumb\",\"itemListElement\":[{\"@type\":\"ListItem\",\"position\":1,\"name\":\"Home\",\"item\":\"https:\\\/\\\/dmcsrb.com\\\/\"},{\"@type\":\"ListItem\",\"position\":2,\"name\":\"Sasatanak Direktora instituta i \u0161kola za javnu upravu iz EU po prvi put u Crnoj Gori\"}]},{\"@type\":\"WebSite\",\"@id\":\"https:\\\/\\\/dmcsrb.com\\\/#website\",\"url\":\"https:\\\/\\\/dmcsrb.com\\\/\",\"name\":\"dmcsrb.com\",\"description\":\"\",\"potentialAction\":[{\"@type\":\"SearchAction\",\"target\":{\"@type\":\"EntryPoint\",\"urlTemplate\":\"https:\\\/\\\/dmcsrb.com\\\/?s={search_term_string}\"},\"query-input\":{\"@type\":\"PropertyValueSpecification\",\"valueRequired\":true,\"valueName\":\"search_term_string\"}}],\"inLanguage\":\"en-GB\"},{\"@type\":\"Person\",\"@id\":\"https:\\\/\\\/dmcsrb.com\\\/#\\\/schema\\\/person\\\/5c39170f12db1b8b457732d0b5c854e2\",\"name\":\"dmcsrbija.com@gmail.com\",\"image\":{\"@type\":\"ImageObject\",\"inLanguage\":\"en-GB\",\"@id\":\"https:\\\/\\\/secure.gravatar.com\\\/avatar\\\/68592660ad6347fad0fb587f8d5d8f1a7b44961362f56e4f2cd524feb87e9069?s=96&d=mm&r=g\",\"url\":\"https:\\\/\\\/secure.gravatar.com\\\/avatar\\\/68592660ad6347fad0fb587f8d5d8f1a7b44961362f56e4f2cd524feb87e9069?s=96&d=mm&r=g\",\"contentUrl\":\"https:\\\/\\\/secure.gravatar.com\\\/avatar\\\/68592660ad6347fad0fb587f8d5d8f1a7b44961362f56e4f2cd524feb87e9069?s=96&d=mm&r=g\",\"caption\":\"dmcsrbija.com@gmail.com\"},\"sameAs\":[\"https:\\\/\\\/dmcsrb.com\"],\"url\":\"https:\\\/\\\/dmcsrb.com\\\/en\\\/author\\\/dmcsrbija-comgmail-com\\\/\"}]}<\/script>\n<!-- \/ Yoast SEO plugin. -->","yoast_head_json":{"title":"Sasatanak Direktora instituta i \u0161kola za javnu upravu iz EU po prvi put u Crnoj Gori - dmcsrb.com","robots":{"index":"index","follow":"follow","max-snippet":"max-snippet:-1","max-image-preview":"max-image-preview:large","max-video-preview":"max-video-preview:-1"},"canonical":"https:\/\/dmcsrb.com\/en\/drustvo\/sasatanak-direktora-instituta-i-skola-za-javnu-upravu-iz-eu-po-prvi-put-u-crnoj-gori\/","og_locale":"en_GB","og_type":"article","og_title":"Sasatanak Direktora instituta i \u0161kola za javnu upravu iz EU po prvi put u Crnoj Gori - dmcsrb.com","og_description":"Po prvi put, direktori instituta i \u0161kola za javnu upravu (DISPA) sastaju se van granica Evropske unije \u2013 na poziv Regionalne \u0161kole za javnu upravu (ReSPA), pod temom \u201ePriprema javnih slu\u017ebenika za budu\u0107nost: Vo\u0111enje kroz krize uz ostvarivanje rezultata\u201c.","og_url":"https:\/\/dmcsrb.com\/en\/drustvo\/sasatanak-direktora-instituta-i-skola-za-javnu-upravu-iz-eu-po-prvi-put-u-crnoj-gori\/","og_site_name":"dmcsrb.com","article_published_time":"2025-10-16T08:29:00+00:00","og_image":[{"width":2500,"height":1664,"url":"https:\/\/dmcsrb.com\/wp-content\/uploads\/2026\/01\/Ministar-Dukaj-11.webp","type":"image\/jpeg"}],"author":"dmcsrbija.com@gmail.com","twitter_card":"summary_large_image","twitter_misc":{"Written by":"dmcsrbija.com@gmail.com","Estimated reading time":"4 minutes"},"schema":{"@context":"https:\/\/schema.org","@graph":[{"@type":"Article","@id":"https:\/\/dmcsrb.com\/drustvo\/sasatanak-direktora-instituta-i-skola-za-javnu-upravu-iz-eu-po-prvi-put-u-crnoj-gori\/#article","isPartOf":{"@id":"https:\/\/dmcsrb.com\/drustvo\/sasatanak-direktora-instituta-i-skola-za-javnu-upravu-iz-eu-po-prvi-put-u-crnoj-gori\/"},"author":{"name":"dmcsrbija.com@gmail.com","@id":"https:\/\/dmcsrb.com\/#\/schema\/person\/5c39170f12db1b8b457732d0b5c854e2"},"headline":"Sasatanak Direktora instituta i \u0161kola za javnu upravu iz EU po prvi put u Crnoj Gori","datePublished":"2025-10-16T08:29:00+00:00","mainEntityOfPage":{"@id":"https:\/\/dmcsrb.com\/drustvo\/sasatanak-direktora-instituta-i-skola-za-javnu-upravu-iz-eu-po-prvi-put-u-crnoj-gori\/"},"wordCount":716,"commentCount":0,"image":{"@id":"https:\/\/dmcsrb.com\/drustvo\/sasatanak-direktora-instituta-i-skola-za-javnu-upravu-iz-eu-po-prvi-put-u-crnoj-gori\/#primaryimage"},"thumbnailUrl":"https:\/\/dmcsrb.com\/wp-content\/uploads\/2026\/01\/Ministar-Dukaj-11.webp","keywords":["DISPA","MINISTARSTVO JAVNE UPRAVE"],"articleSection":["Dru\u0161tvo"],"inLanguage":"en-GB","potentialAction":[{"@type":"CommentAction","name":"Comment","target":["https:\/\/dmcsrb.com\/drustvo\/sasatanak-direktora-instituta-i-skola-za-javnu-upravu-iz-eu-po-prvi-put-u-crnoj-gori\/#respond"]}]},{"@type":"WebPage","@id":"https:\/\/dmcsrb.com\/drustvo\/sasatanak-direktora-instituta-i-skola-za-javnu-upravu-iz-eu-po-prvi-put-u-crnoj-gori\/","url":"https:\/\/dmcsrb.com\/drustvo\/sasatanak-direktora-instituta-i-skola-za-javnu-upravu-iz-eu-po-prvi-put-u-crnoj-gori\/","name":"Sasatanak Direktora instituta i \u0161kola za javnu upravu iz EU po prvi put u Crnoj Gori - dmcsrb.com","isPartOf":{"@id":"https:\/\/dmcsrb.com\/#website"},"primaryImageOfPage":{"@id":"https:\/\/dmcsrb.com\/drustvo\/sasatanak-direktora-instituta-i-skola-za-javnu-upravu-iz-eu-po-prvi-put-u-crnoj-gori\/#primaryimage"},"image":{"@id":"https:\/\/dmcsrb.com\/drustvo\/sasatanak-direktora-instituta-i-skola-za-javnu-upravu-iz-eu-po-prvi-put-u-crnoj-gori\/#primaryimage"},"thumbnailUrl":"https:\/\/dmcsrb.com\/wp-content\/uploads\/2026\/01\/Ministar-Dukaj-11.webp","datePublished":"2025-10-16T08:29:00+00:00","author":{"@id":"https:\/\/dmcsrb.com\/#\/schema\/person\/5c39170f12db1b8b457732d0b5c854e2"},"breadcrumb":{"@id":"https:\/\/dmcsrb.com\/drustvo\/sasatanak-direktora-instituta-i-skola-za-javnu-upravu-iz-eu-po-prvi-put-u-crnoj-gori\/#breadcrumb"},"inLanguage":"en-GB","potentialAction":[{"@type":"ReadAction","target":["https:\/\/dmcsrb.com\/drustvo\/sasatanak-direktora-instituta-i-skola-za-javnu-upravu-iz-eu-po-prvi-put-u-crnoj-gori\/"]}]},{"@type":"ImageObject","inLanguage":"en-GB","@id":"https:\/\/dmcsrb.com\/drustvo\/sasatanak-direktora-instituta-i-skola-za-javnu-upravu-iz-eu-po-prvi-put-u-crnoj-gori\/#primaryimage","url":"https:\/\/dmcsrb.com\/wp-content\/uploads\/2026\/01\/Ministar-Dukaj-11.webp","contentUrl":"https:\/\/dmcsrb.com\/wp-content\/uploads\/2026\/01\/Ministar-Dukaj-11.webp","width":2500,"height":1664},{"@type":"BreadcrumbList","@id":"https:\/\/dmcsrb.com\/drustvo\/sasatanak-direktora-instituta-i-skola-za-javnu-upravu-iz-eu-po-prvi-put-u-crnoj-gori\/#breadcrumb","itemListElement":[{"@type":"ListItem","position":1,"name":"Home","item":"https:\/\/dmcsrb.com\/"},{"@type":"ListItem","position":2,"name":"Sasatanak Direktora instituta i \u0161kola za javnu upravu iz EU po prvi put u Crnoj Gori"}]},{"@type":"WebSite","@id":"https:\/\/dmcsrb.com\/#website","url":"https:\/\/dmcsrb.com\/","name":"dmcsrb.com","description":"","potentialAction":[{"@type":"SearchAction","target":{"@type":"EntryPoint","urlTemplate":"https:\/\/dmcsrb.com\/?s={search_term_string}"},"query-input":{"@type":"PropertyValueSpecification","valueRequired":true,"valueName":"search_term_string"}}],"inLanguage":"en-GB"},{"@type":"Person","@id":"https:\/\/dmcsrb.com\/#\/schema\/person\/5c39170f12db1b8b457732d0b5c854e2","name":"dmcsrbija.com@gmail.com","image":{"@type":"ImageObject","inLanguage":"en-GB","@id":"https:\/\/secure.gravatar.com\/avatar\/68592660ad6347fad0fb587f8d5d8f1a7b44961362f56e4f2cd524feb87e9069?s=96&d=mm&r=g","url":"https:\/\/secure.gravatar.com\/avatar\/68592660ad6347fad0fb587f8d5d8f1a7b44961362f56e4f2cd524feb87e9069?s=96&d=mm&r=g","contentUrl":"https:\/\/secure.gravatar.com\/avatar\/68592660ad6347fad0fb587f8d5d8f1a7b44961362f56e4f2cd524feb87e9069?s=96&d=mm&r=g","caption":"dmcsrbija.com@gmail.com"},"sameAs":["https:\/\/dmcsrb.com"],"url":"https:\/\/dmcsrb.com\/en\/author\/dmcsrbija-comgmail-com\/"}]}},"_links":{"self":[{"href":"https:\/\/dmcsrb.com\/en\/wp-json\/wp\/v2\/posts\/958144","targetHints":{"allow":["GET"]}}],"collection":[{"href":"https:\/\/dmcsrb.com\/en\/wp-json\/wp\/v2\/posts"}],"about":[{"href":"https:\/\/dmcsrb.com\/en\/wp-json\/wp\/v2\/types\/post"}],"author":[{"embeddable":true,"href":"https:\/\/dmcsrb.com\/en\/wp-json\/wp\/v2\/users\/1"}],"replies":[{"embeddable":true,"href":"https:\/\/dmcsrb.com\/en\/wp-json\/wp\/v2\/comments?post=958144"}],"version-history":[{"count":0,"href":"https:\/\/dmcsrb.com\/en\/wp-json\/wp\/v2\/posts\/958144\/revisions"}],"wp:featuredmedia":[{"embeddable":true,"href":"https:\/\/dmcsrb.com\/en\/wp-json\/wp\/v2\/media\/958145"}],"wp:attachment":[{"href":"https:\/\/dmcsrb.com\/en\/wp-json\/wp\/v2\/media?parent=958144"}],"wp:term":[{"taxonomy":"category","embeddable":true,"href":"https:\/\/dmcsrb.com\/en\/wp-json\/wp\/v2\/categories?post=958144"},{"taxonomy":"post_tag","embeddable":true,"href":"https:\/\/dmcsrb.com\/en\/wp-json\/wp\/v2\/tags?post=958144"},{"taxonomy":"naslovna","embeddable":true,"href":"https:\/\/dmcsrb.com\/en\/wp-json\/wp\/v2\/naslovna?post=958144"}],"curies":[{"name":"wp","href":"https:\/\/api.w.org\/{rel}","templated":true}]}}