{"id":958142,"date":"2025-10-16T10:20:00","date_gmt":"2025-10-16T08:20:00","guid":{"rendered":"https:\/\/dmcsrb.com\/uncategorized\/culafic-sathof-mers-ostaje-posveceno-sprovodjenju-evropskih-standarda-kroz-odgovorne-i-odrzive-ekoloske-politike\/"},"modified":"2025-10-16T10:20:00","modified_gmt":"2025-10-16T08:20:00","slug":"culafic-sathof-mers-ostaje-posveceno-sprovodjenju-evropskih-standarda-kroz-odgovorne-i-odrzive-ekoloske-politike","status":"publish","type":"post","link":"https:\/\/dmcsrb.com\/en\/drustvo\/culafic-sathof-mers-ostaje-posveceno-sprovodjenju-evropskih-standarda-kroz-odgovorne-i-odrzive-ekoloske-politike\/","title":{"rendered":"\u0106ulafi\u0107 \u2013 Sathof: MERS ostaje posve\u0107eno sprovo\u0111enju evropskih standarda kroz odgovorne i odr\u017eive ekolo\u0161ke politike"},"content":{"rendered":"<p><\/p>\n\n\n\n<p><\/p>\n\n\n\n<p>Kako navode iz Ministarstva ekologije, sastanak sa Johanom Sathofom protekao je u konstruktivnoj atmosferi. Istakao je va\u017enost nastavka podr\u0161ke Crnoj Gori kroz projekte u oblasti za\u0161tite \u017eivotne sredine i upravljanja otpadnim vodama, uz poseban fokus na transparentnost procesa i efikasnost realizacije.<\/p>\n\n\n\n<p>Na sastanku obje strane su ocijenile da je od su\u0161tinske va\u017enosti ja\u010danje institucionalne koordinacije i komunikacije prema javnosti, kako bi gra\u0111ani imali jasan uvid u koristi i faze realizacije projekata iz oblasti za\u0161tite \u017eivotne sredine.<\/p>\n\n\n\n<p>Zahvaljuju\u0107i podr\u0161ci Njema\u010dke razvojne banke (KfW) i regionalnog fonda WBiF, obezbije\u0111eno je 30 miliona eura za postrojenje za pre\u010di\u0161\u0107avanje otpadnih voda u Ulcinju. Ministar je informisao prisutne da u narednom periodu u skladu sa strate\u0161kim dokumentima Crna Gora treba da ima ukupno 37 aglomeracija.<\/p>\n\n\n\n<p>Ministar je prisutne upoznao sa klju\u010dnim planskim i zakonskim dokumentima koji predstavljaju temelj za sprovo\u0111enje evropskih ekolo\u0161kih standarda, a koje je Crna Gora usvojila: Nacionalno utvr\u0111eni doprinos (NDC) u okviru klimatskih ciljeva, Plan adaptacije na klimatske promjene, Zakon o upravljanju otpadom i Uredbu o zabrani upotrebe odre\u0111enih plasti\u010dnih proizvoda, Predlog zakona o klimi, \u010dije se usvajanje u Skup\u0161tini o\u010dekuje brzo.<\/p>\n\n\n\n<p>Tokom razgovora posebno je nagla\u0161ena potreba za ja\u010danjem regionalne saradnje i razmjenom iskustava sa dr\u017eavama koje uspje\u0161no sprovode LIFE i srodne programe, ve\u0107om odgovorno\u0161\u0107u lokalnih samouprava u pra\u0107enju i sprovo\u0111enju projekata upravljanja otpadnim vodama i uspostavljanjem finansijske discipline i efikasnijim kori\u0161\u0107enjem raspolo\u017eivih sredstava.<\/p>\n\n\n\n<p>Sagovornici su se saglasili da \u0107e se u narednom periodu raditi na daljem unapre\u0111enju saradnje izme\u0111u Vlade Crne Gore i SR Njema\u010dke, sa ciljem ubrzanja realizacije ekolo\u0161kih projekata i ja\u010danja javne svijesti o va\u017enosti za\u0161tite \u017eivotne sredine.<\/p>\n\n\n\n<p>Na kraju, ministar je naglasio da Ministarstvo ekologije, odr\u017eivog razvoja i razvoja sjevera ostaje posve\u0107eno sprovo\u0111enju evropskih standarda i unapre\u0111enju kvaliteta \u017eivota gra\u0111ana kroz odgovorne i odr\u017eive ekolo\u0161ke politike.<\/p>","protected":false},"excerpt":{"rendered":"<p>Ministar ekologije, odr\u017eivog razvoja i razvoja sjevera, Damjan \u0106ulafi\u0107, na marginama Drugog ministarskog sastanka za Zelenu agendu za Zapadni Balkan, odr\u017eao je sastanak sa Johanom Sathofom, poslanikom u Bundestagu i dr\u017eavnim sekretarom Saveznog ministarstva za ekonomsku saradnju i razvoj Njema\u010dke (BMZ), na kojem je razgovarano o prioritetima Crne Gore u oblasti za\u0161tite \u017eivotne sredine, upravljanja otpadnim vodama i sprovo\u0111enja klimatskih politika.<\/p>","protected":false},"author":1,"featured_media":958143,"comment_status":"open","ping_status":"open","sticky":false,"template":"","format":"standard","meta":{"_acf_changed":false,"footnotes":""},"categories":[2],"tags":[1103,1946,790],"naslovna":[],"class_list":["post-958142","post","type-post","status-publish","format-standard","has-post-thumbnail","hentry","category-drustvo","tag-damjan-culafic","tag-mers","tag-ministarstvo-ekologije-odrzivog-razvoja-i-razvoja-sjevera"],"acf":[],"yoast_head":"<!-- This site is optimized with the Yoast SEO plugin v27.4 - https:\/\/yoast.com\/product\/yoast-seo-wordpress\/ -->\n<title>\u0106ulafi\u0107 \u2013 Sathof: MERS ostaje posve\u0107eno sprovo\u0111enju evropskih standarda kroz odgovorne i odr\u017eive ekolo\u0161ke politike - dmcsrb.com<\/title>\n<meta name=\"robots\" content=\"index, follow, max-snippet:-1, max-image-preview:large, max-video-preview:-1\" \/>\n<link rel=\"canonical\" href=\"https:\/\/dmcsrb.com\/en\/drustvo\/culafic-sathof-mers-ostaje-posveceno-sprovodjenju-evropskih-standarda-kroz-odgovorne-i-odrzive-ekoloske-politike\/\" \/>\n<meta property=\"og:locale\" content=\"en_GB\" \/>\n<meta property=\"og:type\" content=\"article\" \/>\n<meta property=\"og:title\" content=\"\u0106ulafi\u0107 \u2013 Sathof: MERS ostaje posve\u0107eno sprovo\u0111enju evropskih standarda kroz odgovorne i odr\u017eive ekolo\u0161ke politike - dmcsrb.com\" \/>\n<meta property=\"og:description\" content=\"Ministar ekologije, odr\u017eivog razvoja i razvoja sjevera, Damjan \u0106ulafi\u0107, na marginama Drugog ministarskog sastanka za Zelenu agendu za Zapadni Balkan, odr\u017eao je sastanak sa Johanom Sathofom, poslanikom u Bundestagu i dr\u017eavnim sekretarom Saveznog ministarstva za ekonomsku saradnju i razvoj Njema\u010dke (BMZ), na kojem je razgovarano o prioritetima Crne Gore u oblasti za\u0161tite \u017eivotne sredine, upravljanja otpadnim vodama i sprovo\u0111enja klimatskih politika.\" \/>\n<meta property=\"og:url\" content=\"https:\/\/dmcsrb.com\/en\/drustvo\/culafic-sathof-mers-ostaje-posveceno-sprovodjenju-evropskih-standarda-kroz-odgovorne-i-odrzive-ekoloske-politike\/\" \/>\n<meta property=\"og:site_name\" content=\"dmcsrb.com\" \/>\n<meta property=\"article:published_time\" content=\"2025-10-16T08:20:00+00:00\" \/>\n<meta property=\"og:image\" content=\"https:\/\/dmcsrb.com\/wp-content\/uploads\/2026\/01\/Culafic-i-Sathof-foto-MERS.webp\" \/>\n\t<meta property=\"og:image:width\" content=\"688\" \/>\n\t<meta property=\"og:image:height\" content=\"427\" \/>\n\t<meta property=\"og:image:type\" content=\"image\/jpeg\" \/>\n<meta name=\"author\" content=\"dmcsrbija.com@gmail.com\" \/>\n<meta name=\"twitter:card\" content=\"summary_large_image\" \/>\n<meta name=\"twitter:label1\" content=\"Written by\" \/>\n\t<meta name=\"twitter:data1\" content=\"dmcsrbija.com@gmail.com\" \/>\n\t<meta name=\"twitter:label2\" content=\"Estimated reading time\" \/>\n\t<meta name=\"twitter:data2\" content=\"2 minutes\" \/>\n<script type=\"application\/ld+json\" class=\"yoast-schema-graph\">{\"@context\":\"https:\\\/\\\/schema.org\",\"@graph\":[{\"@type\":\"Article\",\"@id\":\"https:\\\/\\\/dmcsrb.com\\\/drustvo\\\/culafic-sathof-mers-ostaje-posveceno-sprovodjenju-evropskih-standarda-kroz-odgovorne-i-odrzive-ekoloske-politike\\\/#article\",\"isPartOf\":{\"@id\":\"https:\\\/\\\/dmcsrb.com\\\/drustvo\\\/culafic-sathof-mers-ostaje-posveceno-sprovodjenju-evropskih-standarda-kroz-odgovorne-i-odrzive-ekoloske-politike\\\/\"},\"author\":{\"name\":\"dmcsrbija.com@gmail.com\",\"@id\":\"https:\\\/\\\/dmcsrb.com\\\/#\\\/schema\\\/person\\\/5c39170f12db1b8b457732d0b5c854e2\"},\"headline\":\"\u0106ulafi\u0107 \u2013 Sathof: MERS ostaje posve\u0107eno sprovo\u0111enju evropskih standarda kroz odgovorne i odr\u017eive ekolo\u0161ke politike\",\"datePublished\":\"2025-10-16T08:20:00+00:00\",\"mainEntityOfPage\":{\"@id\":\"https:\\\/\\\/dmcsrb.com\\\/drustvo\\\/culafic-sathof-mers-ostaje-posveceno-sprovodjenju-evropskih-standarda-kroz-odgovorne-i-odrzive-ekoloske-politike\\\/\"},\"wordCount\":352,\"commentCount\":0,\"image\":{\"@id\":\"https:\\\/\\\/dmcsrb.com\\\/drustvo\\\/culafic-sathof-mers-ostaje-posveceno-sprovodjenju-evropskih-standarda-kroz-odgovorne-i-odrzive-ekoloske-politike\\\/#primaryimage\"},\"thumbnailUrl\":\"https:\\\/\\\/dmcsrb.com\\\/wp-content\\\/uploads\\\/2026\\\/01\\\/Culafic-i-Sathof-foto-MERS.webp\",\"keywords\":[\"damjan \u0107ulafi\u0107\",\"MERS\",\"Ministarstvo ekologije odr\u017eivog razvoja i razvoja sjevera\"],\"articleSection\":[\"Dru\u0161tvo\"],\"inLanguage\":\"en-GB\",\"potentialAction\":[{\"@type\":\"CommentAction\",\"name\":\"Comment\",\"target\":[\"https:\\\/\\\/dmcsrb.com\\\/drustvo\\\/culafic-sathof-mers-ostaje-posveceno-sprovodjenju-evropskih-standarda-kroz-odgovorne-i-odrzive-ekoloske-politike\\\/#respond\"]}]},{\"@type\":\"WebPage\",\"@id\":\"https:\\\/\\\/dmcsrb.com\\\/drustvo\\\/culafic-sathof-mers-ostaje-posveceno-sprovodjenju-evropskih-standarda-kroz-odgovorne-i-odrzive-ekoloske-politike\\\/\",\"url\":\"https:\\\/\\\/dmcsrb.com\\\/drustvo\\\/culafic-sathof-mers-ostaje-posveceno-sprovodjenju-evropskih-standarda-kroz-odgovorne-i-odrzive-ekoloske-politike\\\/\",\"name\":\"\u0106ulafi\u0107 \u2013 Sathof: MERS ostaje posve\u0107eno sprovo\u0111enju evropskih standarda kroz odgovorne i odr\u017eive ekolo\u0161ke politike - dmcsrb.com\",\"isPartOf\":{\"@id\":\"https:\\\/\\\/dmcsrb.com\\\/#website\"},\"primaryImageOfPage\":{\"@id\":\"https:\\\/\\\/dmcsrb.com\\\/drustvo\\\/culafic-sathof-mers-ostaje-posveceno-sprovodjenju-evropskih-standarda-kroz-odgovorne-i-odrzive-ekoloske-politike\\\/#primaryimage\"},\"image\":{\"@id\":\"https:\\\/\\\/dmcsrb.com\\\/drustvo\\\/culafic-sathof-mers-ostaje-posveceno-sprovodjenju-evropskih-standarda-kroz-odgovorne-i-odrzive-ekoloske-politike\\\/#primaryimage\"},\"thumbnailUrl\":\"https:\\\/\\\/dmcsrb.com\\\/wp-content\\\/uploads\\\/2026\\\/01\\\/Culafic-i-Sathof-foto-MERS.webp\",\"datePublished\":\"2025-10-16T08:20:00+00:00\",\"author\":{\"@id\":\"https:\\\/\\\/dmcsrb.com\\\/#\\\/schema\\\/person\\\/5c39170f12db1b8b457732d0b5c854e2\"},\"breadcrumb\":{\"@id\":\"https:\\\/\\\/dmcsrb.com\\\/drustvo\\\/culafic-sathof-mers-ostaje-posveceno-sprovodjenju-evropskih-standarda-kroz-odgovorne-i-odrzive-ekoloske-politike\\\/#breadcrumb\"},\"inLanguage\":\"en-GB\",\"potentialAction\":[{\"@type\":\"ReadAction\",\"target\":[\"https:\\\/\\\/dmcsrb.com\\\/drustvo\\\/culafic-sathof-mers-ostaje-posveceno-sprovodjenju-evropskih-standarda-kroz-odgovorne-i-odrzive-ekoloske-politike\\\/\"]}]},{\"@type\":\"ImageObject\",\"inLanguage\":\"en-GB\",\"@id\":\"https:\\\/\\\/dmcsrb.com\\\/drustvo\\\/culafic-sathof-mers-ostaje-posveceno-sprovodjenju-evropskih-standarda-kroz-odgovorne-i-odrzive-ekoloske-politike\\\/#primaryimage\",\"url\":\"https:\\\/\\\/dmcsrb.com\\\/wp-content\\\/uploads\\\/2026\\\/01\\\/Culafic-i-Sathof-foto-MERS.webp\",\"contentUrl\":\"https:\\\/\\\/dmcsrb.com\\\/wp-content\\\/uploads\\\/2026\\\/01\\\/Culafic-i-Sathof-foto-MERS.webp\",\"width\":688,\"height\":427},{\"@type\":\"BreadcrumbList\",\"@id\":\"https:\\\/\\\/dmcsrb.com\\\/drustvo\\\/culafic-sathof-mers-ostaje-posveceno-sprovodjenju-evropskih-standarda-kroz-odgovorne-i-odrzive-ekoloske-politike\\\/#breadcrumb\",\"itemListElement\":[{\"@type\":\"ListItem\",\"position\":1,\"name\":\"Home\",\"item\":\"https:\\\/\\\/dmcsrb.com\\\/\"},{\"@type\":\"ListItem\",\"position\":2,\"name\":\"\u0106ulafi\u0107 \u2013 Sathof: MERS ostaje posve\u0107eno sprovo\u0111enju evropskih standarda kroz odgovorne i odr\u017eive ekolo\u0161ke politike\"}]},{\"@type\":\"WebSite\",\"@id\":\"https:\\\/\\\/dmcsrb.com\\\/#website\",\"url\":\"https:\\\/\\\/dmcsrb.com\\\/\",\"name\":\"dmcsrb.com\",\"description\":\"\",\"potentialAction\":[{\"@type\":\"SearchAction\",\"target\":{\"@type\":\"EntryPoint\",\"urlTemplate\":\"https:\\\/\\\/dmcsrb.com\\\/?s={search_term_string}\"},\"query-input\":{\"@type\":\"PropertyValueSpecification\",\"valueRequired\":true,\"valueName\":\"search_term_string\"}}],\"inLanguage\":\"en-GB\"},{\"@type\":\"Person\",\"@id\":\"https:\\\/\\\/dmcsrb.com\\\/#\\\/schema\\\/person\\\/5c39170f12db1b8b457732d0b5c854e2\",\"name\":\"dmcsrbija.com@gmail.com\",\"image\":{\"@type\":\"ImageObject\",\"inLanguage\":\"en-GB\",\"@id\":\"https:\\\/\\\/secure.gravatar.com\\\/avatar\\\/68592660ad6347fad0fb587f8d5d8f1a7b44961362f56e4f2cd524feb87e9069?s=96&d=mm&r=g\",\"url\":\"https:\\\/\\\/secure.gravatar.com\\\/avatar\\\/68592660ad6347fad0fb587f8d5d8f1a7b44961362f56e4f2cd524feb87e9069?s=96&d=mm&r=g\",\"contentUrl\":\"https:\\\/\\\/secure.gravatar.com\\\/avatar\\\/68592660ad6347fad0fb587f8d5d8f1a7b44961362f56e4f2cd524feb87e9069?s=96&d=mm&r=g\",\"caption\":\"dmcsrbija.com@gmail.com\"},\"sameAs\":[\"https:\\\/\\\/dmcsrb.com\"],\"url\":\"https:\\\/\\\/dmcsrb.com\\\/en\\\/author\\\/dmcsrbija-comgmail-com\\\/\"}]}<\/script>\n<!-- \/ Yoast SEO plugin. -->","yoast_head_json":{"title":"\u0106ulafi\u0107 \u2013 Sathof: MERS ostaje posve\u0107eno sprovo\u0111enju evropskih standarda kroz odgovorne i odr\u017eive ekolo\u0161ke politike - dmcsrb.com","robots":{"index":"index","follow":"follow","max-snippet":"max-snippet:-1","max-image-preview":"max-image-preview:large","max-video-preview":"max-video-preview:-1"},"canonical":"https:\/\/dmcsrb.com\/en\/drustvo\/culafic-sathof-mers-ostaje-posveceno-sprovodjenju-evropskih-standarda-kroz-odgovorne-i-odrzive-ekoloske-politike\/","og_locale":"en_GB","og_type":"article","og_title":"\u0106ulafi\u0107 \u2013 Sathof: MERS ostaje posve\u0107eno sprovo\u0111enju evropskih standarda kroz odgovorne i odr\u017eive ekolo\u0161ke politike - dmcsrb.com","og_description":"Ministar ekologije, odr\u017eivog razvoja i razvoja sjevera, Damjan \u0106ulafi\u0107, na marginama Drugog ministarskog sastanka za Zelenu agendu za Zapadni Balkan, odr\u017eao je sastanak sa Johanom Sathofom, poslanikom u Bundestagu i dr\u017eavnim sekretarom Saveznog ministarstva za ekonomsku saradnju i razvoj Njema\u010dke (BMZ), na kojem je razgovarano o prioritetima Crne Gore u oblasti za\u0161tite \u017eivotne sredine, upravljanja otpadnim vodama i sprovo\u0111enja klimatskih politika.","og_url":"https:\/\/dmcsrb.com\/en\/drustvo\/culafic-sathof-mers-ostaje-posveceno-sprovodjenju-evropskih-standarda-kroz-odgovorne-i-odrzive-ekoloske-politike\/","og_site_name":"dmcsrb.com","article_published_time":"2025-10-16T08:20:00+00:00","og_image":[{"width":688,"height":427,"url":"https:\/\/dmcsrb.com\/wp-content\/uploads\/2026\/01\/Culafic-i-Sathof-foto-MERS.webp","type":"image\/jpeg"}],"author":"dmcsrbija.com@gmail.com","twitter_card":"summary_large_image","twitter_misc":{"Written by":"dmcsrbija.com@gmail.com","Estimated reading time":"2 minutes"},"schema":{"@context":"https:\/\/schema.org","@graph":[{"@type":"Article","@id":"https:\/\/dmcsrb.com\/drustvo\/culafic-sathof-mers-ostaje-posveceno-sprovodjenju-evropskih-standarda-kroz-odgovorne-i-odrzive-ekoloske-politike\/#article","isPartOf":{"@id":"https:\/\/dmcsrb.com\/drustvo\/culafic-sathof-mers-ostaje-posveceno-sprovodjenju-evropskih-standarda-kroz-odgovorne-i-odrzive-ekoloske-politike\/"},"author":{"name":"dmcsrbija.com@gmail.com","@id":"https:\/\/dmcsrb.com\/#\/schema\/person\/5c39170f12db1b8b457732d0b5c854e2"},"headline":"\u0106ulafi\u0107 \u2013 Sathof: MERS ostaje posve\u0107eno sprovo\u0111enju evropskih standarda kroz odgovorne i odr\u017eive ekolo\u0161ke politike","datePublished":"2025-10-16T08:20:00+00:00","mainEntityOfPage":{"@id":"https:\/\/dmcsrb.com\/drustvo\/culafic-sathof-mers-ostaje-posveceno-sprovodjenju-evropskih-standarda-kroz-odgovorne-i-odrzive-ekoloske-politike\/"},"wordCount":352,"commentCount":0,"image":{"@id":"https:\/\/dmcsrb.com\/drustvo\/culafic-sathof-mers-ostaje-posveceno-sprovodjenju-evropskih-standarda-kroz-odgovorne-i-odrzive-ekoloske-politike\/#primaryimage"},"thumbnailUrl":"https:\/\/dmcsrb.com\/wp-content\/uploads\/2026\/01\/Culafic-i-Sathof-foto-MERS.webp","keywords":["damjan \u0107ulafi\u0107","MERS","Ministarstvo ekologije odr\u017eivog razvoja i razvoja sjevera"],"articleSection":["Dru\u0161tvo"],"inLanguage":"en-GB","potentialAction":[{"@type":"CommentAction","name":"Comment","target":["https:\/\/dmcsrb.com\/drustvo\/culafic-sathof-mers-ostaje-posveceno-sprovodjenju-evropskih-standarda-kroz-odgovorne-i-odrzive-ekoloske-politike\/#respond"]}]},{"@type":"WebPage","@id":"https:\/\/dmcsrb.com\/drustvo\/culafic-sathof-mers-ostaje-posveceno-sprovodjenju-evropskih-standarda-kroz-odgovorne-i-odrzive-ekoloske-politike\/","url":"https:\/\/dmcsrb.com\/drustvo\/culafic-sathof-mers-ostaje-posveceno-sprovodjenju-evropskih-standarda-kroz-odgovorne-i-odrzive-ekoloske-politike\/","name":"\u0106ulafi\u0107 \u2013 Sathof: MERS ostaje posve\u0107eno sprovo\u0111enju evropskih standarda kroz odgovorne i odr\u017eive ekolo\u0161ke politike - dmcsrb.com","isPartOf":{"@id":"https:\/\/dmcsrb.com\/#website"},"primaryImageOfPage":{"@id":"https:\/\/dmcsrb.com\/drustvo\/culafic-sathof-mers-ostaje-posveceno-sprovodjenju-evropskih-standarda-kroz-odgovorne-i-odrzive-ekoloske-politike\/#primaryimage"},"image":{"@id":"https:\/\/dmcsrb.com\/drustvo\/culafic-sathof-mers-ostaje-posveceno-sprovodjenju-evropskih-standarda-kroz-odgovorne-i-odrzive-ekoloske-politike\/#primaryimage"},"thumbnailUrl":"https:\/\/dmcsrb.com\/wp-content\/uploads\/2026\/01\/Culafic-i-Sathof-foto-MERS.webp","datePublished":"2025-10-16T08:20:00+00:00","author":{"@id":"https:\/\/dmcsrb.com\/#\/schema\/person\/5c39170f12db1b8b457732d0b5c854e2"},"breadcrumb":{"@id":"https:\/\/dmcsrb.com\/drustvo\/culafic-sathof-mers-ostaje-posveceno-sprovodjenju-evropskih-standarda-kroz-odgovorne-i-odrzive-ekoloske-politike\/#breadcrumb"},"inLanguage":"en-GB","potentialAction":[{"@type":"ReadAction","target":["https:\/\/dmcsrb.com\/drustvo\/culafic-sathof-mers-ostaje-posveceno-sprovodjenju-evropskih-standarda-kroz-odgovorne-i-odrzive-ekoloske-politike\/"]}]},{"@type":"ImageObject","inLanguage":"en-GB","@id":"https:\/\/dmcsrb.com\/drustvo\/culafic-sathof-mers-ostaje-posveceno-sprovodjenju-evropskih-standarda-kroz-odgovorne-i-odrzive-ekoloske-politike\/#primaryimage","url":"https:\/\/dmcsrb.com\/wp-content\/uploads\/2026\/01\/Culafic-i-Sathof-foto-MERS.webp","contentUrl":"https:\/\/dmcsrb.com\/wp-content\/uploads\/2026\/01\/Culafic-i-Sathof-foto-MERS.webp","width":688,"height":427},{"@type":"BreadcrumbList","@id":"https:\/\/dmcsrb.com\/drustvo\/culafic-sathof-mers-ostaje-posveceno-sprovodjenju-evropskih-standarda-kroz-odgovorne-i-odrzive-ekoloske-politike\/#breadcrumb","itemListElement":[{"@type":"ListItem","position":1,"name":"Home","item":"https:\/\/dmcsrb.com\/"},{"@type":"ListItem","position":2,"name":"\u0106ulafi\u0107 \u2013 Sathof: MERS ostaje posve\u0107eno sprovo\u0111enju evropskih standarda kroz odgovorne i odr\u017eive ekolo\u0161ke politike"}]},{"@type":"WebSite","@id":"https:\/\/dmcsrb.com\/#website","url":"https:\/\/dmcsrb.com\/","name":"dmcsrb.com","description":"","potentialAction":[{"@type":"SearchAction","target":{"@type":"EntryPoint","urlTemplate":"https:\/\/dmcsrb.com\/?s={search_term_string}"},"query-input":{"@type":"PropertyValueSpecification","valueRequired":true,"valueName":"search_term_string"}}],"inLanguage":"en-GB"},{"@type":"Person","@id":"https:\/\/dmcsrb.com\/#\/schema\/person\/5c39170f12db1b8b457732d0b5c854e2","name":"dmcsrbija.com@gmail.com","image":{"@type":"ImageObject","inLanguage":"en-GB","@id":"https:\/\/secure.gravatar.com\/avatar\/68592660ad6347fad0fb587f8d5d8f1a7b44961362f56e4f2cd524feb87e9069?s=96&d=mm&r=g","url":"https:\/\/secure.gravatar.com\/avatar\/68592660ad6347fad0fb587f8d5d8f1a7b44961362f56e4f2cd524feb87e9069?s=96&d=mm&r=g","contentUrl":"https:\/\/secure.gravatar.com\/avatar\/68592660ad6347fad0fb587f8d5d8f1a7b44961362f56e4f2cd524feb87e9069?s=96&d=mm&r=g","caption":"dmcsrbija.com@gmail.com"},"sameAs":["https:\/\/dmcsrb.com"],"url":"https:\/\/dmcsrb.com\/en\/author\/dmcsrbija-comgmail-com\/"}]}},"_links":{"self":[{"href":"https:\/\/dmcsrb.com\/en\/wp-json\/wp\/v2\/posts\/958142","targetHints":{"allow":["GET"]}}],"collection":[{"href":"https:\/\/dmcsrb.com\/en\/wp-json\/wp\/v2\/posts"}],"about":[{"href":"https:\/\/dmcsrb.com\/en\/wp-json\/wp\/v2\/types\/post"}],"author":[{"embeddable":true,"href":"https:\/\/dmcsrb.com\/en\/wp-json\/wp\/v2\/users\/1"}],"replies":[{"embeddable":true,"href":"https:\/\/dmcsrb.com\/en\/wp-json\/wp\/v2\/comments?post=958142"}],"version-history":[{"count":0,"href":"https:\/\/dmcsrb.com\/en\/wp-json\/wp\/v2\/posts\/958142\/revisions"}],"wp:featuredmedia":[{"embeddable":true,"href":"https:\/\/dmcsrb.com\/en\/wp-json\/wp\/v2\/media\/958143"}],"wp:attachment":[{"href":"https:\/\/dmcsrb.com\/en\/wp-json\/wp\/v2\/media?parent=958142"}],"wp:term":[{"taxonomy":"category","embeddable":true,"href":"https:\/\/dmcsrb.com\/en\/wp-json\/wp\/v2\/categories?post=958142"},{"taxonomy":"post_tag","embeddable":true,"href":"https:\/\/dmcsrb.com\/en\/wp-json\/wp\/v2\/tags?post=958142"},{"taxonomy":"naslovna","embeddable":true,"href":"https:\/\/dmcsrb.com\/en\/wp-json\/wp\/v2\/naslovna?post=958142"}],"curies":[{"name":"wp","href":"https:\/\/api.w.org\/{rel}","templated":true}]}}