{"id":958137,"date":"2025-10-16T09:30:18","date_gmt":"2025-10-16T07:30:18","guid":{"rendered":"https:\/\/dmcsrb.com\/uncategorized\/procesuiran-albanac-zbog-sumnje-da-je-utajom-poreza-ostetio-budzet-za-oko-165-000-eura\/"},"modified":"2025-10-16T09:30:18","modified_gmt":"2025-10-16T07:30:18","slug":"procesuiran-albanac-zbog-sumnje-da-je-utajom-poreza-ostetio-budzet-za-oko-165-000-eura","status":"publish","type":"post","link":"https:\/\/dmcsrb.com\/en\/hronika\/procesuiran-albanac-zbog-sumnje-da-je-utajom-poreza-ostetio-budzet-za-oko-165-000-eura\/","title":{"rendered":"Procesuiran Albanac zbog sumnje da je utajom poreza o\u0161tetio bud\u017eet za oko 165.000 eura"},"content":{"rendered":"<p><\/p>\n\n\n\n<p>&#8220;U toku postupka do podno\u0161enja krivi\u010dne prijave utvr\u0111eno je da su prijavljeni K.L., kao osniva\u010d i izvr\u0161ni direktor, i pravno lice d.o.o. \u201cK.\u201d iz Podgorice, krivi\u010dna djela utaje poreza i doprinosa po\u010dinili na na\u010din \u0161to su u periodu od 2020. do 2025.godine, prikrili stvarne prihode i prilikom prijave Poreskoj upravi nijesu pru\u017eili ta\u010dne i istinite podatke o ste\u010denim prihodima, u namjeri da potpuno ili djelimi\u010dno izbjegnu pla\u0107anje poreza i doprinosa, o\u0161tetiv\u0161i na taj na\u010din Bud\u017eet Crne Gore u ukupnom iznosu od 164.995,93 eura&#8221;, kazali su iz policije.<\/p>\n\n\n\n<p>Kazali su da sslu\u017ebenici Sektora za borbu protiv kriminala \u2013 Odsjeka za borbu protiv korupcije, ekonomskog kriminala i sprovo\u0111enja finansijskih istraga su u okviru nacionalnog projekta trajnog karaktera kodnog naziva \u201cEvazija\u201d nastavljaju sa intenzivnim i prioritetnim policijsko-tu\u017eila\u010dkim aktivnostima, usmjerenim na razotkrivanje i procesuiranje odgovornih lica iz privrednog sektora, a kako ka\u017eu &#8211; \u010dije kriminalne radnje direktno podrivaju ekonomski poredak dr\u017eave.<\/p>\n\n\n\n<p>&#8220;Kroz sna\u017enu multisektorsku saradnju i koordinisano djelovanje sa nadle\u017enim institucijama, preduzimaju se konkretne mjere radi za\u0161tite ekonomskih interesa gra\u0111ana i o\u010duvanja Bud\u017eeta Crne Gore. Akcija \u201cEvazija\u201d predstavlja odlu\u010dan odgovor dr\u017eave na poreske i finansijske malverzacije, sa jasnim ciljem uspostavljanje sistema odgovornosti, zakonitosti i finansijske discipline u svim segmentima privrednog \u017eivota&#8221;, zaklju\u010duju iz Uprave policije.<\/p>","protected":false},"excerpt":{"rendered":"<p>Slu\u017ebenici Sektora za borbu protiv kriminala \u2013 Odsjeka za borbu protiv korupcije, ekonomskog kriminala i sprovo\u0111enja finansijskih istraga, su danas, nakon sprovedenih vi\u0161emjese\u010dnih aktivnosti, u saradnji sa slu\u017ebenicima Sektora za finansijsko \u2013 obavje\u0161tajne poslove i Poreske uprave, a u koordinaciji sa Osnovnim dr\u017eavnim tu\u017eila\u0161tvom u Podgorici, podnijeli krivi\u010dnu prijavu protiv pravnog lica d.o.o \u201cK.\u201d Podgorica i ovla\u0161\u0107enog lica u tom pravnom licu, dr\u017eavljanina Republike Albanije K.L. (41), zbog sumnje da su izv\u0161ili krivi\u010dna djela utaje poreza i doprinosa, o\u0161tetiv\u0161i na taj na\u010din Bud\u017eet Crne Gore u ukupnom iznosu od 164.995,93 eura, saop\u0161teno je iz Uprave policije.<\/p>","protected":false},"author":1,"featured_media":908771,"comment_status":"open","ping_status":"open","sticky":false,"template":"","format":"standard","meta":{"_acf_changed":false,"footnotes":""},"categories":[17],"tags":[11478,1210],"naslovna":[],"class_list":["post-958137","post","type-post","status-publish","format-standard","has-post-thumbnail","hentry","category-hronika","tag-albanac","tag-utaja-poreza"],"acf":[],"yoast_head":"<!-- This site is optimized with the Yoast SEO plugin v27.4 - https:\/\/yoast.com\/product\/yoast-seo-wordpress\/ -->\n<title>Procesuiran Albanac zbog sumnje da je utajom poreza o\u0161tetio bud\u017eet za oko 165.000 eura - dmcsrb.com<\/title>\n<meta name=\"robots\" content=\"index, follow, max-snippet:-1, max-image-preview:large, max-video-preview:-1\" \/>\n<link rel=\"canonical\" href=\"https:\/\/dmcsrb.com\/en\/hronika\/procesuiran-albanac-zbog-sumnje-da-je-utajom-poreza-ostetio-budzet-za-oko-165-000-eura\/\" \/>\n<meta property=\"og:locale\" content=\"en_GB\" \/>\n<meta property=\"og:type\" content=\"article\" \/>\n<meta property=\"og:title\" content=\"Procesuiran Albanac zbog sumnje da je utajom poreza o\u0161tetio bud\u017eet za oko 165.000 eura - dmcsrb.com\" \/>\n<meta property=\"og:description\" content=\"Slu\u017ebenici Sektora za borbu protiv kriminala \u2013 Odsjeka za borbu protiv korupcije, ekonomskog kriminala i sprovo\u0111enja finansijskih istraga, su danas, nakon sprovedenih vi\u0161emjese\u010dnih aktivnosti, u saradnji sa slu\u017ebenicima Sektora za finansijsko \u2013 obavje\u0161tajne poslove i Poreske uprave, a u koordinaciji sa Osnovnim dr\u017eavnim tu\u017eila\u0161tvom u Podgorici, podnijeli krivi\u010dnu prijavu protiv pravnog lica d.o.o \u201cK.\u201d Podgorica i ovla\u0161\u0107enog lica u tom pravnom licu, dr\u017eavljanina Republike Albanije K.L. (41), zbog sumnje da su izv\u0161ili krivi\u010dna djela utaje poreza i doprinosa, o\u0161tetiv\u0161i na taj na\u010din Bud\u017eet Crne Gore u ukupnom iznosu od 164.995,93 eura, saop\u0161teno je iz Uprave policije.\" \/>\n<meta property=\"og:url\" content=\"https:\/\/dmcsrb.com\/en\/hronika\/procesuiran-albanac-zbog-sumnje-da-je-utajom-poreza-ostetio-budzet-za-oko-165-000-eura\/\" \/>\n<meta property=\"og:site_name\" content=\"dmcsrb.com\" \/>\n<meta property=\"article:published_time\" content=\"2025-10-16T07:30:18+00:00\" \/>\n<meta property=\"og:image\" content=\"https:\/\/dmcsrb.com\/wp-content\/uploads\/2026\/01\/Policija-ilustracija-foto-Gradski.jpg\" \/>\n\t<meta property=\"og:image:width\" content=\"828\" \/>\n\t<meta property=\"og:image:height\" content=\"465\" \/>\n\t<meta property=\"og:image:type\" content=\"image\/jpeg\" \/>\n<meta name=\"author\" content=\"dmcsrbija.com@gmail.com\" \/>\n<meta name=\"twitter:card\" content=\"summary_large_image\" \/>\n<meta name=\"twitter:label1\" content=\"Written by\" \/>\n\t<meta name=\"twitter:data1\" content=\"dmcsrbija.com@gmail.com\" \/>\n\t<meta name=\"twitter:label2\" content=\"Estimated reading time\" \/>\n\t<meta name=\"twitter:data2\" content=\"1 minute\" \/>\n<script type=\"application\/ld+json\" class=\"yoast-schema-graph\">{\"@context\":\"https:\\\/\\\/schema.org\",\"@graph\":[{\"@type\":\"Article\",\"@id\":\"https:\\\/\\\/dmcsrb.com\\\/hronika\\\/procesuiran-albanac-zbog-sumnje-da-je-utajom-poreza-ostetio-budzet-za-oko-165-000-eura\\\/#article\",\"isPartOf\":{\"@id\":\"https:\\\/\\\/dmcsrb.com\\\/hronika\\\/procesuiran-albanac-zbog-sumnje-da-je-utajom-poreza-ostetio-budzet-za-oko-165-000-eura\\\/\"},\"author\":{\"name\":\"dmcsrbija.com@gmail.com\",\"@id\":\"https:\\\/\\\/dmcsrb.com\\\/#\\\/schema\\\/person\\\/5c39170f12db1b8b457732d0b5c854e2\"},\"headline\":\"Procesuiran Albanac zbog sumnje da je utajom poreza o\u0161tetio bud\u017eet za oko 165.000 eura\",\"datePublished\":\"2025-10-16T07:30:18+00:00\",\"mainEntityOfPage\":{\"@id\":\"https:\\\/\\\/dmcsrb.com\\\/hronika\\\/procesuiran-albanac-zbog-sumnje-da-je-utajom-poreza-ostetio-budzet-za-oko-165-000-eura\\\/\"},\"wordCount\":247,\"commentCount\":0,\"image\":{\"@id\":\"https:\\\/\\\/dmcsrb.com\\\/hronika\\\/procesuiran-albanac-zbog-sumnje-da-je-utajom-poreza-ostetio-budzet-za-oko-165-000-eura\\\/#primaryimage\"},\"thumbnailUrl\":\"https:\\\/\\\/dmcsrb.com\\\/wp-content\\\/uploads\\\/2026\\\/01\\\/Policija-ilustracija-foto-Gradski.jpg\",\"keywords\":[\"Albanac\",\"utaja poreza\"],\"articleSection\":[\"Hronika\"],\"inLanguage\":\"en-GB\",\"potentialAction\":[{\"@type\":\"CommentAction\",\"name\":\"Comment\",\"target\":[\"https:\\\/\\\/dmcsrb.com\\\/hronika\\\/procesuiran-albanac-zbog-sumnje-da-je-utajom-poreza-ostetio-budzet-za-oko-165-000-eura\\\/#respond\"]}]},{\"@type\":\"WebPage\",\"@id\":\"https:\\\/\\\/dmcsrb.com\\\/hronika\\\/procesuiran-albanac-zbog-sumnje-da-je-utajom-poreza-ostetio-budzet-za-oko-165-000-eura\\\/\",\"url\":\"https:\\\/\\\/dmcsrb.com\\\/hronika\\\/procesuiran-albanac-zbog-sumnje-da-je-utajom-poreza-ostetio-budzet-za-oko-165-000-eura\\\/\",\"name\":\"Procesuiran Albanac zbog sumnje da je utajom poreza o\u0161tetio bud\u017eet za oko 165.000 eura - dmcsrb.com\",\"isPartOf\":{\"@id\":\"https:\\\/\\\/dmcsrb.com\\\/#website\"},\"primaryImageOfPage\":{\"@id\":\"https:\\\/\\\/dmcsrb.com\\\/hronika\\\/procesuiran-albanac-zbog-sumnje-da-je-utajom-poreza-ostetio-budzet-za-oko-165-000-eura\\\/#primaryimage\"},\"image\":{\"@id\":\"https:\\\/\\\/dmcsrb.com\\\/hronika\\\/procesuiran-albanac-zbog-sumnje-da-je-utajom-poreza-ostetio-budzet-za-oko-165-000-eura\\\/#primaryimage\"},\"thumbnailUrl\":\"https:\\\/\\\/dmcsrb.com\\\/wp-content\\\/uploads\\\/2026\\\/01\\\/Policija-ilustracija-foto-Gradski.jpg\",\"datePublished\":\"2025-10-16T07:30:18+00:00\",\"author\":{\"@id\":\"https:\\\/\\\/dmcsrb.com\\\/#\\\/schema\\\/person\\\/5c39170f12db1b8b457732d0b5c854e2\"},\"breadcrumb\":{\"@id\":\"https:\\\/\\\/dmcsrb.com\\\/hronika\\\/procesuiran-albanac-zbog-sumnje-da-je-utajom-poreza-ostetio-budzet-za-oko-165-000-eura\\\/#breadcrumb\"},\"inLanguage\":\"en-GB\",\"potentialAction\":[{\"@type\":\"ReadAction\",\"target\":[\"https:\\\/\\\/dmcsrb.com\\\/hronika\\\/procesuiran-albanac-zbog-sumnje-da-je-utajom-poreza-ostetio-budzet-za-oko-165-000-eura\\\/\"]}]},{\"@type\":\"ImageObject\",\"inLanguage\":\"en-GB\",\"@id\":\"https:\\\/\\\/dmcsrb.com\\\/hronika\\\/procesuiran-albanac-zbog-sumnje-da-je-utajom-poreza-ostetio-budzet-za-oko-165-000-eura\\\/#primaryimage\",\"url\":\"https:\\\/\\\/dmcsrb.com\\\/wp-content\\\/uploads\\\/2026\\\/01\\\/Policija-ilustracija-foto-Gradski.jpg\",\"contentUrl\":\"https:\\\/\\\/dmcsrb.com\\\/wp-content\\\/uploads\\\/2026\\\/01\\\/Policija-ilustracija-foto-Gradski.jpg\",\"width\":828,\"height\":465},{\"@type\":\"BreadcrumbList\",\"@id\":\"https:\\\/\\\/dmcsrb.com\\\/hronika\\\/procesuiran-albanac-zbog-sumnje-da-je-utajom-poreza-ostetio-budzet-za-oko-165-000-eura\\\/#breadcrumb\",\"itemListElement\":[{\"@type\":\"ListItem\",\"position\":1,\"name\":\"Home\",\"item\":\"https:\\\/\\\/dmcsrb.com\\\/\"},{\"@type\":\"ListItem\",\"position\":2,\"name\":\"Procesuiran Albanac zbog sumnje da je utajom poreza o\u0161tetio bud\u017eet za oko 165.000 eura\"}]},{\"@type\":\"WebSite\",\"@id\":\"https:\\\/\\\/dmcsrb.com\\\/#website\",\"url\":\"https:\\\/\\\/dmcsrb.com\\\/\",\"name\":\"dmcsrb.com\",\"description\":\"\",\"potentialAction\":[{\"@type\":\"SearchAction\",\"target\":{\"@type\":\"EntryPoint\",\"urlTemplate\":\"https:\\\/\\\/dmcsrb.com\\\/?s={search_term_string}\"},\"query-input\":{\"@type\":\"PropertyValueSpecification\",\"valueRequired\":true,\"valueName\":\"search_term_string\"}}],\"inLanguage\":\"en-GB\"},{\"@type\":\"Person\",\"@id\":\"https:\\\/\\\/dmcsrb.com\\\/#\\\/schema\\\/person\\\/5c39170f12db1b8b457732d0b5c854e2\",\"name\":\"dmcsrbija.com@gmail.com\",\"image\":{\"@type\":\"ImageObject\",\"inLanguage\":\"en-GB\",\"@id\":\"https:\\\/\\\/secure.gravatar.com\\\/avatar\\\/68592660ad6347fad0fb587f8d5d8f1a7b44961362f56e4f2cd524feb87e9069?s=96&d=mm&r=g\",\"url\":\"https:\\\/\\\/secure.gravatar.com\\\/avatar\\\/68592660ad6347fad0fb587f8d5d8f1a7b44961362f56e4f2cd524feb87e9069?s=96&d=mm&r=g\",\"contentUrl\":\"https:\\\/\\\/secure.gravatar.com\\\/avatar\\\/68592660ad6347fad0fb587f8d5d8f1a7b44961362f56e4f2cd524feb87e9069?s=96&d=mm&r=g\",\"caption\":\"dmcsrbija.com@gmail.com\"},\"sameAs\":[\"https:\\\/\\\/dmcsrb.com\"],\"url\":\"https:\\\/\\\/dmcsrb.com\\\/en\\\/author\\\/dmcsrbija-comgmail-com\\\/\"}]}<\/script>\n<!-- \/ Yoast SEO plugin. -->","yoast_head_json":{"title":"Procesuiran Albanac zbog sumnje da je utajom poreza o\u0161tetio bud\u017eet za oko 165.000 eura - dmcsrb.com","robots":{"index":"index","follow":"follow","max-snippet":"max-snippet:-1","max-image-preview":"max-image-preview:large","max-video-preview":"max-video-preview:-1"},"canonical":"https:\/\/dmcsrb.com\/en\/hronika\/procesuiran-albanac-zbog-sumnje-da-je-utajom-poreza-ostetio-budzet-za-oko-165-000-eura\/","og_locale":"en_GB","og_type":"article","og_title":"Procesuiran Albanac zbog sumnje da je utajom poreza o\u0161tetio bud\u017eet za oko 165.000 eura - dmcsrb.com","og_description":"Slu\u017ebenici Sektora za borbu protiv kriminala \u2013 Odsjeka za borbu protiv korupcije, ekonomskog kriminala i sprovo\u0111enja finansijskih istraga, su danas, nakon sprovedenih vi\u0161emjese\u010dnih aktivnosti, u saradnji sa slu\u017ebenicima Sektora za finansijsko \u2013 obavje\u0161tajne poslove i Poreske uprave, a u koordinaciji sa Osnovnim dr\u017eavnim tu\u017eila\u0161tvom u Podgorici, podnijeli krivi\u010dnu prijavu protiv pravnog lica d.o.o \u201cK.\u201d Podgorica i ovla\u0161\u0107enog lica u tom pravnom licu, dr\u017eavljanina Republike Albanije K.L. (41), zbog sumnje da su izv\u0161ili krivi\u010dna djela utaje poreza i doprinosa, o\u0161tetiv\u0161i na taj na\u010din Bud\u017eet Crne Gore u ukupnom iznosu od 164.995,93 eura, saop\u0161teno je iz Uprave policije.","og_url":"https:\/\/dmcsrb.com\/en\/hronika\/procesuiran-albanac-zbog-sumnje-da-je-utajom-poreza-ostetio-budzet-za-oko-165-000-eura\/","og_site_name":"dmcsrb.com","article_published_time":"2025-10-16T07:30:18+00:00","og_image":[{"width":828,"height":465,"url":"https:\/\/dmcsrb.com\/wp-content\/uploads\/2026\/01\/Policija-ilustracija-foto-Gradski.jpg","type":"image\/jpeg"}],"author":"dmcsrbija.com@gmail.com","twitter_card":"summary_large_image","twitter_misc":{"Written by":"dmcsrbija.com@gmail.com","Estimated reading time":"1 minute"},"schema":{"@context":"https:\/\/schema.org","@graph":[{"@type":"Article","@id":"https:\/\/dmcsrb.com\/hronika\/procesuiran-albanac-zbog-sumnje-da-je-utajom-poreza-ostetio-budzet-za-oko-165-000-eura\/#article","isPartOf":{"@id":"https:\/\/dmcsrb.com\/hronika\/procesuiran-albanac-zbog-sumnje-da-je-utajom-poreza-ostetio-budzet-za-oko-165-000-eura\/"},"author":{"name":"dmcsrbija.com@gmail.com","@id":"https:\/\/dmcsrb.com\/#\/schema\/person\/5c39170f12db1b8b457732d0b5c854e2"},"headline":"Procesuiran Albanac zbog sumnje da je utajom poreza o\u0161tetio bud\u017eet za oko 165.000 eura","datePublished":"2025-10-16T07:30:18+00:00","mainEntityOfPage":{"@id":"https:\/\/dmcsrb.com\/hronika\/procesuiran-albanac-zbog-sumnje-da-je-utajom-poreza-ostetio-budzet-za-oko-165-000-eura\/"},"wordCount":247,"commentCount":0,"image":{"@id":"https:\/\/dmcsrb.com\/hronika\/procesuiran-albanac-zbog-sumnje-da-je-utajom-poreza-ostetio-budzet-za-oko-165-000-eura\/#primaryimage"},"thumbnailUrl":"https:\/\/dmcsrb.com\/wp-content\/uploads\/2026\/01\/Policija-ilustracija-foto-Gradski.jpg","keywords":["Albanac","utaja poreza"],"articleSection":["Hronika"],"inLanguage":"en-GB","potentialAction":[{"@type":"CommentAction","name":"Comment","target":["https:\/\/dmcsrb.com\/hronika\/procesuiran-albanac-zbog-sumnje-da-je-utajom-poreza-ostetio-budzet-za-oko-165-000-eura\/#respond"]}]},{"@type":"WebPage","@id":"https:\/\/dmcsrb.com\/hronika\/procesuiran-albanac-zbog-sumnje-da-je-utajom-poreza-ostetio-budzet-za-oko-165-000-eura\/","url":"https:\/\/dmcsrb.com\/hronika\/procesuiran-albanac-zbog-sumnje-da-je-utajom-poreza-ostetio-budzet-za-oko-165-000-eura\/","name":"Procesuiran Albanac zbog sumnje da je utajom poreza o\u0161tetio bud\u017eet za oko 165.000 eura - dmcsrb.com","isPartOf":{"@id":"https:\/\/dmcsrb.com\/#website"},"primaryImageOfPage":{"@id":"https:\/\/dmcsrb.com\/hronika\/procesuiran-albanac-zbog-sumnje-da-je-utajom-poreza-ostetio-budzet-za-oko-165-000-eura\/#primaryimage"},"image":{"@id":"https:\/\/dmcsrb.com\/hronika\/procesuiran-albanac-zbog-sumnje-da-je-utajom-poreza-ostetio-budzet-za-oko-165-000-eura\/#primaryimage"},"thumbnailUrl":"https:\/\/dmcsrb.com\/wp-content\/uploads\/2026\/01\/Policija-ilustracija-foto-Gradski.jpg","datePublished":"2025-10-16T07:30:18+00:00","author":{"@id":"https:\/\/dmcsrb.com\/#\/schema\/person\/5c39170f12db1b8b457732d0b5c854e2"},"breadcrumb":{"@id":"https:\/\/dmcsrb.com\/hronika\/procesuiran-albanac-zbog-sumnje-da-je-utajom-poreza-ostetio-budzet-za-oko-165-000-eura\/#breadcrumb"},"inLanguage":"en-GB","potentialAction":[{"@type":"ReadAction","target":["https:\/\/dmcsrb.com\/hronika\/procesuiran-albanac-zbog-sumnje-da-je-utajom-poreza-ostetio-budzet-za-oko-165-000-eura\/"]}]},{"@type":"ImageObject","inLanguage":"en-GB","@id":"https:\/\/dmcsrb.com\/hronika\/procesuiran-albanac-zbog-sumnje-da-je-utajom-poreza-ostetio-budzet-za-oko-165-000-eura\/#primaryimage","url":"https:\/\/dmcsrb.com\/wp-content\/uploads\/2026\/01\/Policija-ilustracija-foto-Gradski.jpg","contentUrl":"https:\/\/dmcsrb.com\/wp-content\/uploads\/2026\/01\/Policija-ilustracija-foto-Gradski.jpg","width":828,"height":465},{"@type":"BreadcrumbList","@id":"https:\/\/dmcsrb.com\/hronika\/procesuiran-albanac-zbog-sumnje-da-je-utajom-poreza-ostetio-budzet-za-oko-165-000-eura\/#breadcrumb","itemListElement":[{"@type":"ListItem","position":1,"name":"Home","item":"https:\/\/dmcsrb.com\/"},{"@type":"ListItem","position":2,"name":"Procesuiran Albanac zbog sumnje da je utajom poreza o\u0161tetio bud\u017eet za oko 165.000 eura"}]},{"@type":"WebSite","@id":"https:\/\/dmcsrb.com\/#website","url":"https:\/\/dmcsrb.com\/","name":"dmcsrb.com","description":"","potentialAction":[{"@type":"SearchAction","target":{"@type":"EntryPoint","urlTemplate":"https:\/\/dmcsrb.com\/?s={search_term_string}"},"query-input":{"@type":"PropertyValueSpecification","valueRequired":true,"valueName":"search_term_string"}}],"inLanguage":"en-GB"},{"@type":"Person","@id":"https:\/\/dmcsrb.com\/#\/schema\/person\/5c39170f12db1b8b457732d0b5c854e2","name":"dmcsrbija.com@gmail.com","image":{"@type":"ImageObject","inLanguage":"en-GB","@id":"https:\/\/secure.gravatar.com\/avatar\/68592660ad6347fad0fb587f8d5d8f1a7b44961362f56e4f2cd524feb87e9069?s=96&d=mm&r=g","url":"https:\/\/secure.gravatar.com\/avatar\/68592660ad6347fad0fb587f8d5d8f1a7b44961362f56e4f2cd524feb87e9069?s=96&d=mm&r=g","contentUrl":"https:\/\/secure.gravatar.com\/avatar\/68592660ad6347fad0fb587f8d5d8f1a7b44961362f56e4f2cd524feb87e9069?s=96&d=mm&r=g","caption":"dmcsrbija.com@gmail.com"},"sameAs":["https:\/\/dmcsrb.com"],"url":"https:\/\/dmcsrb.com\/en\/author\/dmcsrbija-comgmail-com\/"}]}},"_links":{"self":[{"href":"https:\/\/dmcsrb.com\/en\/wp-json\/wp\/v2\/posts\/958137","targetHints":{"allow":["GET"]}}],"collection":[{"href":"https:\/\/dmcsrb.com\/en\/wp-json\/wp\/v2\/posts"}],"about":[{"href":"https:\/\/dmcsrb.com\/en\/wp-json\/wp\/v2\/types\/post"}],"author":[{"embeddable":true,"href":"https:\/\/dmcsrb.com\/en\/wp-json\/wp\/v2\/users\/1"}],"replies":[{"embeddable":true,"href":"https:\/\/dmcsrb.com\/en\/wp-json\/wp\/v2\/comments?post=958137"}],"version-history":[{"count":0,"href":"https:\/\/dmcsrb.com\/en\/wp-json\/wp\/v2\/posts\/958137\/revisions"}],"wp:featuredmedia":[{"embeddable":true,"href":"https:\/\/dmcsrb.com\/en\/wp-json\/wp\/v2\/media\/908771"}],"wp:attachment":[{"href":"https:\/\/dmcsrb.com\/en\/wp-json\/wp\/v2\/media?parent=958137"}],"wp:term":[{"taxonomy":"category","embeddable":true,"href":"https:\/\/dmcsrb.com\/en\/wp-json\/wp\/v2\/categories?post=958137"},{"taxonomy":"post_tag","embeddable":true,"href":"https:\/\/dmcsrb.com\/en\/wp-json\/wp\/v2\/tags?post=958137"},{"taxonomy":"naslovna","embeddable":true,"href":"https:\/\/dmcsrb.com\/en\/wp-json\/wp\/v2\/naslovna?post=958137"}],"curies":[{"name":"wp","href":"https:\/\/api.w.org\/{rel}","templated":true}]}}