{"id":958100,"date":"2025-10-16T07:54:00","date_gmt":"2025-10-16T05:54:00","guid":{"rendered":"https:\/\/dmcsrb.com\/uncategorized\/radulovic-posveceni-smo-unapredjenju-pomorskog-sektora-i-zastiti-morske-sredine-kroz-jacanje-saradnje-sa-imo-om\/"},"modified":"2025-10-16T07:54:00","modified_gmt":"2025-10-16T05:54:00","slug":"radulovic-posveceni-smo-unapredjenju-pomorskog-sektora-i-zastiti-morske-sredine-kroz-jacanje-saradnje-sa-imo-om","status":"publish","type":"post","link":"https:\/\/dmcsrb.com\/en\/ekonomija\/radulovic-posveceni-smo-unapredjenju-pomorskog-sektora-i-zastiti-morske-sredine-kroz-jacanje-saradnje-sa-imo-om\/","title":{"rendered":"Radulovi\u0107: Posve\u0107eni smo unapre\u0111enju pomorskog sektora i za\u0161titi morske sredine kroz ja\u010danje saradnje sa IMO-om"},"content":{"rendered":"<p><\/p>\n\n\n\n<p><\/p>\n\n\n\n<p>Tokom sastanka, ministar Radulovi\u0107 je upoznao generalnog sekretara sa teku\u0107im i planiranim aktivnostima Ministarstva pomorstva u vezi sa implementacijom i sprovo\u0111enjem obaveznih IMO instrumenata u Crnoj Gori. Ministar je naglasio zna\u010daj sastanka.<\/p>\n\n\n\n<p>&#8220;Ovaj sastanak potvr\u0111uje posve\u0107enost Crne Gore unapre\u0111enju pomorskog sektora i za\u0161titi morske sredine kroz aktivno u\u010de\u0161\u0107e u me\u0111unarodnim procesima i ja\u010danje saradnje sa IMO-om&#8221;, rekao je Radulovi\u0107.<\/p>\n\n\n\n<p>Generalni sekretar Dominguez izrazio je zadovoljstvo zbog prisustva delegacije Crne Gore na vanrednoj sjednici MEPC-a i zahvalio na aktivnom u\u010de\u0161\u0107u i interesovanju Crne Gore u procesu glasanja o amandmanima na Aneks VI MARPOL Konvencije. Domingues je tako\u0111e istakao spremnost IMO-a da Crnoj Gori pru\u017ei tehni\u010du podr\u0161ku kroz mehanizme za ja\u010danje kapaciteta i razvoj pomorskih institucija, s ciljem daljeg unapre\u0111enja sprovo\u0111enja me\u0111unarodnih standarda u oblasti za\u0161tite morske sredine i pomorstva.<\/p>\n\n\n\n<figure class=\"wp-block-image size-large\"><img decoding=\"async\" src=\"https:\/\/gradski.me\/wp-content\/uploads\/2025\/10\/image-18-1024x768.png\" alt=\"\" class=\"wp-image-852304\"\/><\/figure>\n\n\n\n<p>Na kraju sastanka, generalni sekretar IMO-a se zahvalio crnogorskoj delegaciji na doprinosu u radu i ohrabrio nastavak aktivnog u\u010de\u0161\u0107a Crne Gore na predstoje\u0107oj redovnoj Skup\u0161tini IMO-a krajem godine, kao i kroz intenzivniju saradnju sa radnim tijelima organizacije.<\/p>\n\n\n\n<p>Ministar Radulovi\u0107 je prepoznao zna\u010daj aktivnog u\u010de\u0161\u0107a u me\u0111unarodnim procesima jer se kroz intenzivnu saradnju sa IMO-om ja\u010daju kapaciteti na\u0161ih institucija I doprinosi globalnim standardima u oblasti pomorstva.<\/p>","protected":false},"excerpt":{"rendered":"<p>Ministar pomorstva Filip Radulovi\u0107 se sastao sa generalnim sekretarom Me\u0111unarodne organizacije (IMO) Arseniom Dominguezom na marginama vanredne sjednice Komiteta za za\u0161titu morske sredine (MEPC) u Londonu.<\/p>","protected":false},"author":1,"featured_media":958101,"comment_status":"open","ping_status":"open","sticky":false,"template":"","format":"standard","meta":{"_acf_changed":false,"footnotes":""},"categories":[27],"tags":[1279,1280],"naslovna":[],"class_list":["post-958100","post","type-post","status-publish","format-standard","has-post-thumbnail","hentry","category-ekonomija","tag-filip-radulovic-2","tag-ministarstvo-pomorstva"],"acf":[],"yoast_head":"<!-- This site is optimized with the Yoast SEO plugin v27.0 - https:\/\/yoast.com\/product\/yoast-seo-wordpress\/ -->\n<title>Radulovi\u0107: Posve\u0107eni smo unapre\u0111enju pomorskog sektora i za\u0161titi morske sredine kroz ja\u010danje saradnje sa IMO-om - dmcsrb.com<\/title>\n<meta name=\"robots\" content=\"index, follow, max-snippet:-1, max-image-preview:large, max-video-preview:-1\" \/>\n<link rel=\"canonical\" href=\"https:\/\/dmcsrb.com\/en\/ekonomija\/radulovic-posveceni-smo-unapredjenju-pomorskog-sektora-i-zastiti-morske-sredine-kroz-jacanje-saradnje-sa-imo-om\/\" \/>\n<meta property=\"og:locale\" content=\"en_GB\" \/>\n<meta property=\"og:type\" content=\"article\" \/>\n<meta property=\"og:title\" content=\"Radulovi\u0107: Posve\u0107eni smo unapre\u0111enju pomorskog sektora i za\u0161titi morske sredine kroz ja\u010danje saradnje sa IMO-om - dmcsrb.com\" \/>\n<meta property=\"og:description\" content=\"Ministar pomorstva Filip Radulovi\u0107 se sastao sa generalnim sekretarom Me\u0111unarodne organizacije (IMO) Arseniom Dominguezom na marginama vanredne sjednice Komiteta za za\u0161titu morske sredine (MEPC) u Londonu.\" \/>\n<meta property=\"og:url\" content=\"https:\/\/dmcsrb.com\/en\/ekonomija\/radulovic-posveceni-smo-unapredjenju-pomorskog-sektora-i-zastiti-morske-sredine-kroz-jacanje-saradnje-sa-imo-om\/\" \/>\n<meta property=\"og:site_name\" content=\"dmcsrb.com\" \/>\n<meta property=\"article:published_time\" content=\"2025-10-16T05:54:00+00:00\" \/>\n<meta property=\"og:image\" content=\"https:\/\/dmcsrb.com\/wp-content\/uploads\/2026\/01\/Radulovic-i-Domingez-foto-Ministarstvo-pomorstva.webp\" \/>\n\t<meta property=\"og:image:width\" content=\"1149\" \/>\n\t<meta property=\"og:image:height\" content=\"763\" \/>\n\t<meta property=\"og:image:type\" content=\"image\/jpeg\" \/>\n<meta name=\"author\" content=\"dmcsrbija.com@gmail.com\" \/>\n<meta name=\"twitter:card\" content=\"summary_large_image\" \/>\n<meta name=\"twitter:label1\" content=\"Written by\" \/>\n\t<meta name=\"twitter:data1\" content=\"dmcsrbija.com@gmail.com\" \/>\n\t<meta name=\"twitter:label2\" content=\"Estimated reading time\" \/>\n\t<meta name=\"twitter:data2\" content=\"1 minute\" \/>\n<script type=\"application\/ld+json\" class=\"yoast-schema-graph\">{\"@context\":\"https:\/\/schema.org\",\"@graph\":[{\"@type\":\"Article\",\"@id\":\"https:\/\/dmcsrb.com\/ekonomija\/radulovic-posveceni-smo-unapredjenju-pomorskog-sektora-i-zastiti-morske-sredine-kroz-jacanje-saradnje-sa-imo-om\/#article\",\"isPartOf\":{\"@id\":\"https:\/\/dmcsrb.com\/ekonomija\/radulovic-posveceni-smo-unapredjenju-pomorskog-sektora-i-zastiti-morske-sredine-kroz-jacanje-saradnje-sa-imo-om\/\"},\"author\":{\"name\":\"dmcsrbija.com@gmail.com\",\"@id\":\"https:\/\/dmcsrb.com\/#\/schema\/person\/5c39170f12db1b8b457732d0b5c854e2\"},\"headline\":\"Radulovi\u0107: Posve\u0107eni smo unapre\u0111enju pomorskog sektora i za\u0161titi morske sredine kroz ja\u010danje saradnje sa IMO-om\",\"datePublished\":\"2025-10-16T05:54:00+00:00\",\"mainEntityOfPage\":{\"@id\":\"https:\/\/dmcsrb.com\/ekonomija\/radulovic-posveceni-smo-unapredjenju-pomorskog-sektora-i-zastiti-morske-sredine-kroz-jacanje-saradnje-sa-imo-om\/\"},\"wordCount\":244,\"commentCount\":0,\"image\":{\"@id\":\"https:\/\/dmcsrb.com\/ekonomija\/radulovic-posveceni-smo-unapredjenju-pomorskog-sektora-i-zastiti-morske-sredine-kroz-jacanje-saradnje-sa-imo-om\/#primaryimage\"},\"thumbnailUrl\":\"https:\/\/dmcsrb.com\/wp-content\/uploads\/2026\/01\/Radulovic-i-Domingez-foto-Ministarstvo-pomorstva.webp\",\"keywords\":[\"Filip Radulovi\u0107\",\"Ministarstvo pomorstva\"],\"articleSection\":[\"Ekonomija\"],\"inLanguage\":\"en-GB\",\"potentialAction\":[{\"@type\":\"CommentAction\",\"name\":\"Comment\",\"target\":[\"https:\/\/dmcsrb.com\/ekonomija\/radulovic-posveceni-smo-unapredjenju-pomorskog-sektora-i-zastiti-morske-sredine-kroz-jacanje-saradnje-sa-imo-om\/#respond\"]}]},{\"@type\":\"WebPage\",\"@id\":\"https:\/\/dmcsrb.com\/ekonomija\/radulovic-posveceni-smo-unapredjenju-pomorskog-sektora-i-zastiti-morske-sredine-kroz-jacanje-saradnje-sa-imo-om\/\",\"url\":\"https:\/\/dmcsrb.com\/ekonomija\/radulovic-posveceni-smo-unapredjenju-pomorskog-sektora-i-zastiti-morske-sredine-kroz-jacanje-saradnje-sa-imo-om\/\",\"name\":\"Radulovi\u0107: Posve\u0107eni smo unapre\u0111enju pomorskog sektora i za\u0161titi morske sredine kroz ja\u010danje saradnje sa IMO-om - dmcsrb.com\",\"isPartOf\":{\"@id\":\"https:\/\/dmcsrb.com\/#website\"},\"primaryImageOfPage\":{\"@id\":\"https:\/\/dmcsrb.com\/ekonomija\/radulovic-posveceni-smo-unapredjenju-pomorskog-sektora-i-zastiti-morske-sredine-kroz-jacanje-saradnje-sa-imo-om\/#primaryimage\"},\"image\":{\"@id\":\"https:\/\/dmcsrb.com\/ekonomija\/radulovic-posveceni-smo-unapredjenju-pomorskog-sektora-i-zastiti-morske-sredine-kroz-jacanje-saradnje-sa-imo-om\/#primaryimage\"},\"thumbnailUrl\":\"https:\/\/dmcsrb.com\/wp-content\/uploads\/2026\/01\/Radulovic-i-Domingez-foto-Ministarstvo-pomorstva.webp\",\"datePublished\":\"2025-10-16T05:54:00+00:00\",\"author\":{\"@id\":\"https:\/\/dmcsrb.com\/#\/schema\/person\/5c39170f12db1b8b457732d0b5c854e2\"},\"breadcrumb\":{\"@id\":\"https:\/\/dmcsrb.com\/ekonomija\/radulovic-posveceni-smo-unapredjenju-pomorskog-sektora-i-zastiti-morske-sredine-kroz-jacanje-saradnje-sa-imo-om\/#breadcrumb\"},\"inLanguage\":\"en-GB\",\"potentialAction\":[{\"@type\":\"ReadAction\",\"target\":[\"https:\/\/dmcsrb.com\/ekonomija\/radulovic-posveceni-smo-unapredjenju-pomorskog-sektora-i-zastiti-morske-sredine-kroz-jacanje-saradnje-sa-imo-om\/\"]}]},{\"@type\":\"ImageObject\",\"inLanguage\":\"en-GB\",\"@id\":\"https:\/\/dmcsrb.com\/ekonomija\/radulovic-posveceni-smo-unapredjenju-pomorskog-sektora-i-zastiti-morske-sredine-kroz-jacanje-saradnje-sa-imo-om\/#primaryimage\",\"url\":\"https:\/\/dmcsrb.com\/wp-content\/uploads\/2026\/01\/Radulovic-i-Domingez-foto-Ministarstvo-pomorstva.webp\",\"contentUrl\":\"https:\/\/dmcsrb.com\/wp-content\/uploads\/2026\/01\/Radulovic-i-Domingez-foto-Ministarstvo-pomorstva.webp\",\"width\":1149,\"height\":763},{\"@type\":\"BreadcrumbList\",\"@id\":\"https:\/\/dmcsrb.com\/ekonomija\/radulovic-posveceni-smo-unapredjenju-pomorskog-sektora-i-zastiti-morske-sredine-kroz-jacanje-saradnje-sa-imo-om\/#breadcrumb\",\"itemListElement\":[{\"@type\":\"ListItem\",\"position\":1,\"name\":\"Home\",\"item\":\"https:\/\/dmcsrb.com\/\"},{\"@type\":\"ListItem\",\"position\":2,\"name\":\"Radulovi\u0107: Posve\u0107eni smo unapre\u0111enju pomorskog sektora i za\u0161titi morske sredine kroz ja\u010danje saradnje sa IMO-om\"}]},{\"@type\":\"WebSite\",\"@id\":\"https:\/\/dmcsrb.com\/#website\",\"url\":\"https:\/\/dmcsrb.com\/\",\"name\":\"dmcsrb.com\",\"description\":\"\",\"potentialAction\":[{\"@type\":\"SearchAction\",\"target\":{\"@type\":\"EntryPoint\",\"urlTemplate\":\"https:\/\/dmcsrb.com\/?s={search_term_string}\"},\"query-input\":{\"@type\":\"PropertyValueSpecification\",\"valueRequired\":true,\"valueName\":\"search_term_string\"}}],\"inLanguage\":\"en-GB\"},{\"@type\":\"Person\",\"@id\":\"https:\/\/dmcsrb.com\/#\/schema\/person\/5c39170f12db1b8b457732d0b5c854e2\",\"name\":\"dmcsrbija.com@gmail.com\",\"image\":{\"@type\":\"ImageObject\",\"inLanguage\":\"en-GB\",\"@id\":\"https:\/\/dmcsrb.com\/#\/schema\/person\/image\/\",\"url\":\"https:\/\/secure.gravatar.com\/avatar\/68592660ad6347fad0fb587f8d5d8f1a7b44961362f56e4f2cd524feb87e9069?s=96&d=mm&r=g\",\"contentUrl\":\"https:\/\/secure.gravatar.com\/avatar\/68592660ad6347fad0fb587f8d5d8f1a7b44961362f56e4f2cd524feb87e9069?s=96&d=mm&r=g\",\"caption\":\"dmcsrbija.com@gmail.com\"},\"sameAs\":[\"https:\/\/dmcsrb.com\"],\"url\":\"https:\/\/dmcsrb.com\/en\/author\/dmcsrbija-comgmail-com\/\"}]}<\/script>\n<!-- \/ Yoast SEO plugin. -->","yoast_head_json":{"title":"Radulovi\u0107: Posve\u0107eni smo unapre\u0111enju pomorskog sektora i za\u0161titi morske sredine kroz ja\u010danje saradnje sa IMO-om - dmcsrb.com","robots":{"index":"index","follow":"follow","max-snippet":"max-snippet:-1","max-image-preview":"max-image-preview:large","max-video-preview":"max-video-preview:-1"},"canonical":"https:\/\/dmcsrb.com\/en\/ekonomija\/radulovic-posveceni-smo-unapredjenju-pomorskog-sektora-i-zastiti-morske-sredine-kroz-jacanje-saradnje-sa-imo-om\/","og_locale":"en_GB","og_type":"article","og_title":"Radulovi\u0107: Posve\u0107eni smo unapre\u0111enju pomorskog sektora i za\u0161titi morske sredine kroz ja\u010danje saradnje sa IMO-om - dmcsrb.com","og_description":"Ministar pomorstva Filip Radulovi\u0107 se sastao sa generalnim sekretarom Me\u0111unarodne organizacije (IMO) Arseniom Dominguezom na marginama vanredne sjednice Komiteta za za\u0161titu morske sredine (MEPC) u Londonu.","og_url":"https:\/\/dmcsrb.com\/en\/ekonomija\/radulovic-posveceni-smo-unapredjenju-pomorskog-sektora-i-zastiti-morske-sredine-kroz-jacanje-saradnje-sa-imo-om\/","og_site_name":"dmcsrb.com","article_published_time":"2025-10-16T05:54:00+00:00","og_image":[{"width":1149,"height":763,"url":"https:\/\/dmcsrb.com\/wp-content\/uploads\/2026\/01\/Radulovic-i-Domingez-foto-Ministarstvo-pomorstva.webp","type":"image\/jpeg"}],"author":"dmcsrbija.com@gmail.com","twitter_card":"summary_large_image","twitter_misc":{"Written by":"dmcsrbija.com@gmail.com","Estimated reading time":"1 minute"},"schema":{"@context":"https:\/\/schema.org","@graph":[{"@type":"Article","@id":"https:\/\/dmcsrb.com\/ekonomija\/radulovic-posveceni-smo-unapredjenju-pomorskog-sektora-i-zastiti-morske-sredine-kroz-jacanje-saradnje-sa-imo-om\/#article","isPartOf":{"@id":"https:\/\/dmcsrb.com\/ekonomija\/radulovic-posveceni-smo-unapredjenju-pomorskog-sektora-i-zastiti-morske-sredine-kroz-jacanje-saradnje-sa-imo-om\/"},"author":{"name":"dmcsrbija.com@gmail.com","@id":"https:\/\/dmcsrb.com\/#\/schema\/person\/5c39170f12db1b8b457732d0b5c854e2"},"headline":"Radulovi\u0107: Posve\u0107eni smo unapre\u0111enju pomorskog sektora i za\u0161titi morske sredine kroz ja\u010danje saradnje sa IMO-om","datePublished":"2025-10-16T05:54:00+00:00","mainEntityOfPage":{"@id":"https:\/\/dmcsrb.com\/ekonomija\/radulovic-posveceni-smo-unapredjenju-pomorskog-sektora-i-zastiti-morske-sredine-kroz-jacanje-saradnje-sa-imo-om\/"},"wordCount":244,"commentCount":0,"image":{"@id":"https:\/\/dmcsrb.com\/ekonomija\/radulovic-posveceni-smo-unapredjenju-pomorskog-sektora-i-zastiti-morske-sredine-kroz-jacanje-saradnje-sa-imo-om\/#primaryimage"},"thumbnailUrl":"https:\/\/dmcsrb.com\/wp-content\/uploads\/2026\/01\/Radulovic-i-Domingez-foto-Ministarstvo-pomorstva.webp","keywords":["Filip Radulovi\u0107","Ministarstvo pomorstva"],"articleSection":["Ekonomija"],"inLanguage":"en-GB","potentialAction":[{"@type":"CommentAction","name":"Comment","target":["https:\/\/dmcsrb.com\/ekonomija\/radulovic-posveceni-smo-unapredjenju-pomorskog-sektora-i-zastiti-morske-sredine-kroz-jacanje-saradnje-sa-imo-om\/#respond"]}]},{"@type":"WebPage","@id":"https:\/\/dmcsrb.com\/ekonomija\/radulovic-posveceni-smo-unapredjenju-pomorskog-sektora-i-zastiti-morske-sredine-kroz-jacanje-saradnje-sa-imo-om\/","url":"https:\/\/dmcsrb.com\/ekonomija\/radulovic-posveceni-smo-unapredjenju-pomorskog-sektora-i-zastiti-morske-sredine-kroz-jacanje-saradnje-sa-imo-om\/","name":"Radulovi\u0107: Posve\u0107eni smo unapre\u0111enju pomorskog sektora i za\u0161titi morske sredine kroz ja\u010danje saradnje sa IMO-om - dmcsrb.com","isPartOf":{"@id":"https:\/\/dmcsrb.com\/#website"},"primaryImageOfPage":{"@id":"https:\/\/dmcsrb.com\/ekonomija\/radulovic-posveceni-smo-unapredjenju-pomorskog-sektora-i-zastiti-morske-sredine-kroz-jacanje-saradnje-sa-imo-om\/#primaryimage"},"image":{"@id":"https:\/\/dmcsrb.com\/ekonomija\/radulovic-posveceni-smo-unapredjenju-pomorskog-sektora-i-zastiti-morske-sredine-kroz-jacanje-saradnje-sa-imo-om\/#primaryimage"},"thumbnailUrl":"https:\/\/dmcsrb.com\/wp-content\/uploads\/2026\/01\/Radulovic-i-Domingez-foto-Ministarstvo-pomorstva.webp","datePublished":"2025-10-16T05:54:00+00:00","author":{"@id":"https:\/\/dmcsrb.com\/#\/schema\/person\/5c39170f12db1b8b457732d0b5c854e2"},"breadcrumb":{"@id":"https:\/\/dmcsrb.com\/ekonomija\/radulovic-posveceni-smo-unapredjenju-pomorskog-sektora-i-zastiti-morske-sredine-kroz-jacanje-saradnje-sa-imo-om\/#breadcrumb"},"inLanguage":"en-GB","potentialAction":[{"@type":"ReadAction","target":["https:\/\/dmcsrb.com\/ekonomija\/radulovic-posveceni-smo-unapredjenju-pomorskog-sektora-i-zastiti-morske-sredine-kroz-jacanje-saradnje-sa-imo-om\/"]}]},{"@type":"ImageObject","inLanguage":"en-GB","@id":"https:\/\/dmcsrb.com\/ekonomija\/radulovic-posveceni-smo-unapredjenju-pomorskog-sektora-i-zastiti-morske-sredine-kroz-jacanje-saradnje-sa-imo-om\/#primaryimage","url":"https:\/\/dmcsrb.com\/wp-content\/uploads\/2026\/01\/Radulovic-i-Domingez-foto-Ministarstvo-pomorstva.webp","contentUrl":"https:\/\/dmcsrb.com\/wp-content\/uploads\/2026\/01\/Radulovic-i-Domingez-foto-Ministarstvo-pomorstva.webp","width":1149,"height":763},{"@type":"BreadcrumbList","@id":"https:\/\/dmcsrb.com\/ekonomija\/radulovic-posveceni-smo-unapredjenju-pomorskog-sektora-i-zastiti-morske-sredine-kroz-jacanje-saradnje-sa-imo-om\/#breadcrumb","itemListElement":[{"@type":"ListItem","position":1,"name":"Home","item":"https:\/\/dmcsrb.com\/"},{"@type":"ListItem","position":2,"name":"Radulovi\u0107: Posve\u0107eni smo unapre\u0111enju pomorskog sektora i za\u0161titi morske sredine kroz ja\u010danje saradnje sa IMO-om"}]},{"@type":"WebSite","@id":"https:\/\/dmcsrb.com\/#website","url":"https:\/\/dmcsrb.com\/","name":"dmcsrb.com","description":"","potentialAction":[{"@type":"SearchAction","target":{"@type":"EntryPoint","urlTemplate":"https:\/\/dmcsrb.com\/?s={search_term_string}"},"query-input":{"@type":"PropertyValueSpecification","valueRequired":true,"valueName":"search_term_string"}}],"inLanguage":"en-GB"},{"@type":"Person","@id":"https:\/\/dmcsrb.com\/#\/schema\/person\/5c39170f12db1b8b457732d0b5c854e2","name":"dmcsrbija.com@gmail.com","image":{"@type":"ImageObject","inLanguage":"en-GB","@id":"https:\/\/dmcsrb.com\/#\/schema\/person\/image\/","url":"https:\/\/secure.gravatar.com\/avatar\/68592660ad6347fad0fb587f8d5d8f1a7b44961362f56e4f2cd524feb87e9069?s=96&d=mm&r=g","contentUrl":"https:\/\/secure.gravatar.com\/avatar\/68592660ad6347fad0fb587f8d5d8f1a7b44961362f56e4f2cd524feb87e9069?s=96&d=mm&r=g","caption":"dmcsrbija.com@gmail.com"},"sameAs":["https:\/\/dmcsrb.com"],"url":"https:\/\/dmcsrb.com\/en\/author\/dmcsrbija-comgmail-com\/"}]}},"_links":{"self":[{"href":"https:\/\/dmcsrb.com\/en\/wp-json\/wp\/v2\/posts\/958100","targetHints":{"allow":["GET"]}}],"collection":[{"href":"https:\/\/dmcsrb.com\/en\/wp-json\/wp\/v2\/posts"}],"about":[{"href":"https:\/\/dmcsrb.com\/en\/wp-json\/wp\/v2\/types\/post"}],"author":[{"embeddable":true,"href":"https:\/\/dmcsrb.com\/en\/wp-json\/wp\/v2\/users\/1"}],"replies":[{"embeddable":true,"href":"https:\/\/dmcsrb.com\/en\/wp-json\/wp\/v2\/comments?post=958100"}],"version-history":[{"count":0,"href":"https:\/\/dmcsrb.com\/en\/wp-json\/wp\/v2\/posts\/958100\/revisions"}],"wp:featuredmedia":[{"embeddable":true,"href":"https:\/\/dmcsrb.com\/en\/wp-json\/wp\/v2\/media\/958101"}],"wp:attachment":[{"href":"https:\/\/dmcsrb.com\/en\/wp-json\/wp\/v2\/media?parent=958100"}],"wp:term":[{"taxonomy":"category","embeddable":true,"href":"https:\/\/dmcsrb.com\/en\/wp-json\/wp\/v2\/categories?post=958100"},{"taxonomy":"post_tag","embeddable":true,"href":"https:\/\/dmcsrb.com\/en\/wp-json\/wp\/v2\/tags?post=958100"},{"taxonomy":"naslovna","embeddable":true,"href":"https:\/\/dmcsrb.com\/en\/wp-json\/wp\/v2\/naslovna?post=958100"}],"curies":[{"name":"wp","href":"https:\/\/api.w.org\/{rel}","templated":true}]}}