{"id":958096,"date":"2025-10-16T11:41:00","date_gmt":"2025-10-16T09:41:00","guid":{"rendered":"https:\/\/dmcsrb.com\/uncategorized\/ivanovic-priveden-kod-sudije-za-prekrsaje\/"},"modified":"2025-10-16T11:41:00","modified_gmt":"2025-10-16T09:41:00","slug":"ivanovic-priveden-kod-sudije-za-prekrsaje","status":"publish","type":"post","link":"https:\/\/dmcsrb.com\/en\/hronika\/ivanovic-priveden-kod-sudije-za-prekrsaje\/","title":{"rendered":"Ivanovi\u0107 priveden kod sudije za prekr\u0161aje"},"content":{"rendered":"<p><\/p>\n\n\n\n<p>Ivanovi\u0107 je vozilom marke tojota, registarskih oznaka Podgorica, upao u kolonu vozila koja su pratila predsjednika Vlade.&nbsp;<\/p>\n\n\n\n<p>&#8220;Naime, P.I. se sumnji\u010di da je 15.oktobra, oko 15 \u010dasova, upravljaju\u0107i vozilom marke Toyota, podgori\u010dkih registarskih oznaka, ometao kretanje slu\u017ebene kolone Uprave policije, tokom realizacije zadatka obezbje\u0111enja i pratnje predsjednika Vlade Crne Gore. On je tokom vo\u017enje bulevarom Svetog Petra Cetinjskog, presjekao kolonu vozila iz pratnje, a nije postupio po jasno istaknutim svjetlosnim i zvu\u010dnim signalima slu\u017ebenih vozila, \u010dime je ugrozio bezbjedno kretanje \u0161ti\u0107ene li\u010dnosti i slu\u017ebenih lica u pratnji&#8221;, saop\u0161teno je iz policije.<\/p>\n\n\n\n<p>Ivanovi\u0107 je odbio da pru\u017ei dokumenta na uvid policijskim slu\u017ebenicima i u dva navrata uputio niz uvredljivih i prijete\u0107ih rije\u010di policijskim slu\u017ebenicima iz pratnje premijera.<\/p>\n\n\n\n<p>&#8220;Slu\u017ebenici Odjeljenja bezbjednosti Podgorica su nakon prikupljenog obavje\u0161tenja od P.I. sa doga\u0111ajem upoznali dr\u017eavnog tu\u017eioca u Osnovnom dr\u017eavnom tu\u017eila\u0161tvu u Podgorici koji se izjasnio da u navedenom doga\u0111aju nema elemenata bi\u0107a krivi\u010dnog djela&#8221;, navodi se u saop\u0161tenju.&nbsp;<\/p>\n\n\n\n<p>Policijski slu\u017ebenici Odjeljenja bezbjednosti Podgorica su uhapsili Ivanovi\u0107a zbog po\u010dinjenog prekr\u0161aja iz \u010dlana 11 Zakona o javnom redu i miru \u2013 ometanje i omalova\u017eavanje slu\u017ebenog lica.<\/p>\n\n\n\n<p>&#8220;Osumnji\u010deni P.I. \u0107e u zakonskom roku biti sproveden na dalju nadle\u017enost Sudu za prekr\u0161aje u Podgorici&#8221;, navodi se u saop\u0161tenju.&nbsp;<\/p>\n\n\n\n<p><\/p>\n\n\n\n<p><a target=\"_blank\" href=\"https:\/\/play.google.com\/store\/apps\/details?id=me.rtcg\" rel=\"noreferrer noopener\"><\/a><a target=\"_blank\" href=\"https:\/\/apps.apple.com\/us\/app\/rtcg\/id1400067551\" rel=\"noreferrer noopener\"><\/a><\/p>\n\n\n\n<p><\/p>","protected":false},"excerpt":{"rendered":"<p>Biv\u0161i ministar poljoprivrede i nekada\u0161nji poslanik Demokratske partije socijalista (DPS), Petar Ivanovi\u0107 priveden je kod sudije Prekr\u0161ajnog suda u Podgorici. On je uhap\u0161en zbog ju\u010dera\u0161njeg incidenta na Bla\u017eovom mostu u Podgorici kada je prvo &#8220;presjekao\u201c kolonu vozila u pratnji premijera Milojka Spaji\u0107a, a zatim je pratio kolonu uz uvrede upu\u0107ene slu\u017ebenicima obezbje\u0111enja sve do zgrade Vlade, saop\u0161teno je iz Uprave policije.<\/p>","protected":false},"author":1,"featured_media":958097,"comment_status":"open","ping_status":"open","sticky":false,"template":"","format":"standard","meta":{"_acf_changed":false,"footnotes":""},"categories":[17],"tags":[939,11462,11463,72],"naslovna":[],"class_list":["post-958096","post","type-post","status-publish","format-standard","has-post-thumbnail","hentry","category-hronika","tag-petar-ivanovic","tag-pratnja-premijera","tag-sudija-za-prekrsaje","tag-uprava-policije"],"acf":[],"yoast_head":"<!-- This site is optimized with the Yoast SEO plugin v27.4 - https:\/\/yoast.com\/product\/yoast-seo-wordpress\/ -->\n<title>Ivanovi\u0107 priveden kod sudije za prekr\u0161aje - dmcsrb.com<\/title>\n<meta name=\"robots\" content=\"index, follow, max-snippet:-1, max-image-preview:large, max-video-preview:-1\" \/>\n<link rel=\"canonical\" href=\"https:\/\/dmcsrb.com\/en\/hronika\/ivanovic-priveden-kod-sudije-za-prekrsaje\/\" \/>\n<meta property=\"og:locale\" content=\"en_GB\" \/>\n<meta property=\"og:type\" content=\"article\" \/>\n<meta property=\"og:title\" content=\"Ivanovi\u0107 priveden kod sudije za prekr\u0161aje - dmcsrb.com\" \/>\n<meta property=\"og:description\" content=\"Biv\u0161i ministar poljoprivrede i nekada\u0161nji poslanik Demokratske partije socijalista (DPS), Petar Ivanovi\u0107 priveden je kod sudije Prekr\u0161ajnog suda u Podgorici. On je uhap\u0161en zbog ju\u010dera\u0161njeg incidenta na Bla\u017eovom mostu u Podgorici kada je prvo &quot;presjekao\u201c kolonu vozila u pratnji premijera Milojka Spaji\u0107a, a zatim je pratio kolonu uz uvrede upu\u0107ene slu\u017ebenicima obezbje\u0111enja sve do zgrade Vlade, saop\u0161teno je iz Uprave policije.\" \/>\n<meta property=\"og:url\" content=\"https:\/\/dmcsrb.com\/en\/hronika\/ivanovic-priveden-kod-sudije-za-prekrsaje\/\" \/>\n<meta property=\"og:site_name\" content=\"dmcsrb.com\" \/>\n<meta property=\"article:published_time\" content=\"2025-10-16T09:41:00+00:00\" \/>\n<meta property=\"og:image\" content=\"https:\/\/dmcsrb.com\/wp-content\/uploads\/2026\/01\/vlcsnap-2025-10-16-13h18m30s285_506x900-1.webp\" \/>\n\t<meta property=\"og:image:width\" content=\"900\" \/>\n\t<meta property=\"og:image:height\" content=\"506\" \/>\n\t<meta property=\"og:image:type\" content=\"image\/png\" \/>\n<meta name=\"author\" content=\"dmcsrbija.com@gmail.com\" \/>\n<meta name=\"twitter:card\" content=\"summary_large_image\" \/>\n<meta name=\"twitter:label1\" content=\"Written by\" \/>\n\t<meta name=\"twitter:data1\" content=\"dmcsrbija.com@gmail.com\" \/>\n\t<meta name=\"twitter:label2\" content=\"Estimated reading time\" \/>\n\t<meta name=\"twitter:data2\" content=\"1 minute\" \/>\n<script type=\"application\/ld+json\" class=\"yoast-schema-graph\">{\"@context\":\"https:\\\/\\\/schema.org\",\"@graph\":[{\"@type\":\"Article\",\"@id\":\"https:\\\/\\\/dmcsrb.com\\\/hronika\\\/ivanovic-priveden-kod-sudije-za-prekrsaje\\\/#article\",\"isPartOf\":{\"@id\":\"https:\\\/\\\/dmcsrb.com\\\/hronika\\\/ivanovic-priveden-kod-sudije-za-prekrsaje\\\/\"},\"author\":{\"name\":\"dmcsrbija.com@gmail.com\",\"@id\":\"https:\\\/\\\/dmcsrb.com\\\/#\\\/schema\\\/person\\\/5c39170f12db1b8b457732d0b5c854e2\"},\"headline\":\"Ivanovi\u0107 priveden kod sudije za prekr\u0161aje\",\"datePublished\":\"2025-10-16T09:41:00+00:00\",\"mainEntityOfPage\":{\"@id\":\"https:\\\/\\\/dmcsrb.com\\\/hronika\\\/ivanovic-priveden-kod-sudije-za-prekrsaje\\\/\"},\"wordCount\":248,\"commentCount\":0,\"image\":{\"@id\":\"https:\\\/\\\/dmcsrb.com\\\/hronika\\\/ivanovic-priveden-kod-sudije-za-prekrsaje\\\/#primaryimage\"},\"thumbnailUrl\":\"https:\\\/\\\/dmcsrb.com\\\/wp-content\\\/uploads\\\/2026\\\/01\\\/vlcsnap-2025-10-16-13h18m30s285_506x900-1.webp\",\"keywords\":[\"Petar Ivanovi\u0107\",\"Pratnja premijera\",\"Sudija za prekr\u0161aje\",\"Uprava policije\"],\"articleSection\":[\"Hronika\"],\"inLanguage\":\"en-GB\",\"potentialAction\":[{\"@type\":\"CommentAction\",\"name\":\"Comment\",\"target\":[\"https:\\\/\\\/dmcsrb.com\\\/hronika\\\/ivanovic-priveden-kod-sudije-za-prekrsaje\\\/#respond\"]}]},{\"@type\":\"WebPage\",\"@id\":\"https:\\\/\\\/dmcsrb.com\\\/hronika\\\/ivanovic-priveden-kod-sudije-za-prekrsaje\\\/\",\"url\":\"https:\\\/\\\/dmcsrb.com\\\/hronika\\\/ivanovic-priveden-kod-sudije-za-prekrsaje\\\/\",\"name\":\"Ivanovi\u0107 priveden kod sudije za prekr\u0161aje - dmcsrb.com\",\"isPartOf\":{\"@id\":\"https:\\\/\\\/dmcsrb.com\\\/#website\"},\"primaryImageOfPage\":{\"@id\":\"https:\\\/\\\/dmcsrb.com\\\/hronika\\\/ivanovic-priveden-kod-sudije-za-prekrsaje\\\/#primaryimage\"},\"image\":{\"@id\":\"https:\\\/\\\/dmcsrb.com\\\/hronika\\\/ivanovic-priveden-kod-sudije-za-prekrsaje\\\/#primaryimage\"},\"thumbnailUrl\":\"https:\\\/\\\/dmcsrb.com\\\/wp-content\\\/uploads\\\/2026\\\/01\\\/vlcsnap-2025-10-16-13h18m30s285_506x900-1.webp\",\"datePublished\":\"2025-10-16T09:41:00+00:00\",\"author\":{\"@id\":\"https:\\\/\\\/dmcsrb.com\\\/#\\\/schema\\\/person\\\/5c39170f12db1b8b457732d0b5c854e2\"},\"breadcrumb\":{\"@id\":\"https:\\\/\\\/dmcsrb.com\\\/hronika\\\/ivanovic-priveden-kod-sudije-za-prekrsaje\\\/#breadcrumb\"},\"inLanguage\":\"en-GB\",\"potentialAction\":[{\"@type\":\"ReadAction\",\"target\":[\"https:\\\/\\\/dmcsrb.com\\\/hronika\\\/ivanovic-priveden-kod-sudije-za-prekrsaje\\\/\"]}]},{\"@type\":\"ImageObject\",\"inLanguage\":\"en-GB\",\"@id\":\"https:\\\/\\\/dmcsrb.com\\\/hronika\\\/ivanovic-priveden-kod-sudije-za-prekrsaje\\\/#primaryimage\",\"url\":\"https:\\\/\\\/dmcsrb.com\\\/wp-content\\\/uploads\\\/2026\\\/01\\\/vlcsnap-2025-10-16-13h18m30s285_506x900-1.webp\",\"contentUrl\":\"https:\\\/\\\/dmcsrb.com\\\/wp-content\\\/uploads\\\/2026\\\/01\\\/vlcsnap-2025-10-16-13h18m30s285_506x900-1.webp\",\"width\":900,\"height\":506},{\"@type\":\"BreadcrumbList\",\"@id\":\"https:\\\/\\\/dmcsrb.com\\\/hronika\\\/ivanovic-priveden-kod-sudije-za-prekrsaje\\\/#breadcrumb\",\"itemListElement\":[{\"@type\":\"ListItem\",\"position\":1,\"name\":\"Home\",\"item\":\"https:\\\/\\\/dmcsrb.com\\\/\"},{\"@type\":\"ListItem\",\"position\":2,\"name\":\"Ivanovi\u0107 priveden kod sudije za prekr\u0161aje\"}]},{\"@type\":\"WebSite\",\"@id\":\"https:\\\/\\\/dmcsrb.com\\\/#website\",\"url\":\"https:\\\/\\\/dmcsrb.com\\\/\",\"name\":\"dmcsrb.com\",\"description\":\"\",\"potentialAction\":[{\"@type\":\"SearchAction\",\"target\":{\"@type\":\"EntryPoint\",\"urlTemplate\":\"https:\\\/\\\/dmcsrb.com\\\/?s={search_term_string}\"},\"query-input\":{\"@type\":\"PropertyValueSpecification\",\"valueRequired\":true,\"valueName\":\"search_term_string\"}}],\"inLanguage\":\"en-GB\"},{\"@type\":\"Person\",\"@id\":\"https:\\\/\\\/dmcsrb.com\\\/#\\\/schema\\\/person\\\/5c39170f12db1b8b457732d0b5c854e2\",\"name\":\"dmcsrbija.com@gmail.com\",\"image\":{\"@type\":\"ImageObject\",\"inLanguage\":\"en-GB\",\"@id\":\"https:\\\/\\\/secure.gravatar.com\\\/avatar\\\/68592660ad6347fad0fb587f8d5d8f1a7b44961362f56e4f2cd524feb87e9069?s=96&d=mm&r=g\",\"url\":\"https:\\\/\\\/secure.gravatar.com\\\/avatar\\\/68592660ad6347fad0fb587f8d5d8f1a7b44961362f56e4f2cd524feb87e9069?s=96&d=mm&r=g\",\"contentUrl\":\"https:\\\/\\\/secure.gravatar.com\\\/avatar\\\/68592660ad6347fad0fb587f8d5d8f1a7b44961362f56e4f2cd524feb87e9069?s=96&d=mm&r=g\",\"caption\":\"dmcsrbija.com@gmail.com\"},\"sameAs\":[\"https:\\\/\\\/dmcsrb.com\"],\"url\":\"https:\\\/\\\/dmcsrb.com\\\/en\\\/author\\\/dmcsrbija-comgmail-com\\\/\"}]}<\/script>\n<!-- \/ Yoast SEO plugin. -->","yoast_head_json":{"title":"Ivanovi\u0107 priveden kod sudije za prekr\u0161aje - dmcsrb.com","robots":{"index":"index","follow":"follow","max-snippet":"max-snippet:-1","max-image-preview":"max-image-preview:large","max-video-preview":"max-video-preview:-1"},"canonical":"https:\/\/dmcsrb.com\/en\/hronika\/ivanovic-priveden-kod-sudije-za-prekrsaje\/","og_locale":"en_GB","og_type":"article","og_title":"Ivanovi\u0107 priveden kod sudije za prekr\u0161aje - dmcsrb.com","og_description":"Biv\u0161i ministar poljoprivrede i nekada\u0161nji poslanik Demokratske partije socijalista (DPS), Petar Ivanovi\u0107 priveden je kod sudije Prekr\u0161ajnog suda u Podgorici. On je uhap\u0161en zbog ju\u010dera\u0161njeg incidenta na Bla\u017eovom mostu u Podgorici kada je prvo \"presjekao\u201c kolonu vozila u pratnji premijera Milojka Spaji\u0107a, a zatim je pratio kolonu uz uvrede upu\u0107ene slu\u017ebenicima obezbje\u0111enja sve do zgrade Vlade, saop\u0161teno je iz Uprave policije.","og_url":"https:\/\/dmcsrb.com\/en\/hronika\/ivanovic-priveden-kod-sudije-za-prekrsaje\/","og_site_name":"dmcsrb.com","article_published_time":"2025-10-16T09:41:00+00:00","og_image":[{"width":900,"height":506,"url":"https:\/\/dmcsrb.com\/wp-content\/uploads\/2026\/01\/vlcsnap-2025-10-16-13h18m30s285_506x900-1.webp","type":"image\/png"}],"author":"dmcsrbija.com@gmail.com","twitter_card":"summary_large_image","twitter_misc":{"Written by":"dmcsrbija.com@gmail.com","Estimated reading time":"1 minute"},"schema":{"@context":"https:\/\/schema.org","@graph":[{"@type":"Article","@id":"https:\/\/dmcsrb.com\/hronika\/ivanovic-priveden-kod-sudije-za-prekrsaje\/#article","isPartOf":{"@id":"https:\/\/dmcsrb.com\/hronika\/ivanovic-priveden-kod-sudije-za-prekrsaje\/"},"author":{"name":"dmcsrbija.com@gmail.com","@id":"https:\/\/dmcsrb.com\/#\/schema\/person\/5c39170f12db1b8b457732d0b5c854e2"},"headline":"Ivanovi\u0107 priveden kod sudije za prekr\u0161aje","datePublished":"2025-10-16T09:41:00+00:00","mainEntityOfPage":{"@id":"https:\/\/dmcsrb.com\/hronika\/ivanovic-priveden-kod-sudije-za-prekrsaje\/"},"wordCount":248,"commentCount":0,"image":{"@id":"https:\/\/dmcsrb.com\/hronika\/ivanovic-priveden-kod-sudije-za-prekrsaje\/#primaryimage"},"thumbnailUrl":"https:\/\/dmcsrb.com\/wp-content\/uploads\/2026\/01\/vlcsnap-2025-10-16-13h18m30s285_506x900-1.webp","keywords":["Petar Ivanovi\u0107","Pratnja premijera","Sudija za prekr\u0161aje","Uprava policije"],"articleSection":["Hronika"],"inLanguage":"en-GB","potentialAction":[{"@type":"CommentAction","name":"Comment","target":["https:\/\/dmcsrb.com\/hronika\/ivanovic-priveden-kod-sudije-za-prekrsaje\/#respond"]}]},{"@type":"WebPage","@id":"https:\/\/dmcsrb.com\/hronika\/ivanovic-priveden-kod-sudije-za-prekrsaje\/","url":"https:\/\/dmcsrb.com\/hronika\/ivanovic-priveden-kod-sudije-za-prekrsaje\/","name":"Ivanovi\u0107 priveden kod sudije za prekr\u0161aje - dmcsrb.com","isPartOf":{"@id":"https:\/\/dmcsrb.com\/#website"},"primaryImageOfPage":{"@id":"https:\/\/dmcsrb.com\/hronika\/ivanovic-priveden-kod-sudije-za-prekrsaje\/#primaryimage"},"image":{"@id":"https:\/\/dmcsrb.com\/hronika\/ivanovic-priveden-kod-sudije-za-prekrsaje\/#primaryimage"},"thumbnailUrl":"https:\/\/dmcsrb.com\/wp-content\/uploads\/2026\/01\/vlcsnap-2025-10-16-13h18m30s285_506x900-1.webp","datePublished":"2025-10-16T09:41:00+00:00","author":{"@id":"https:\/\/dmcsrb.com\/#\/schema\/person\/5c39170f12db1b8b457732d0b5c854e2"},"breadcrumb":{"@id":"https:\/\/dmcsrb.com\/hronika\/ivanovic-priveden-kod-sudije-za-prekrsaje\/#breadcrumb"},"inLanguage":"en-GB","potentialAction":[{"@type":"ReadAction","target":["https:\/\/dmcsrb.com\/hronika\/ivanovic-priveden-kod-sudije-za-prekrsaje\/"]}]},{"@type":"ImageObject","inLanguage":"en-GB","@id":"https:\/\/dmcsrb.com\/hronika\/ivanovic-priveden-kod-sudije-za-prekrsaje\/#primaryimage","url":"https:\/\/dmcsrb.com\/wp-content\/uploads\/2026\/01\/vlcsnap-2025-10-16-13h18m30s285_506x900-1.webp","contentUrl":"https:\/\/dmcsrb.com\/wp-content\/uploads\/2026\/01\/vlcsnap-2025-10-16-13h18m30s285_506x900-1.webp","width":900,"height":506},{"@type":"BreadcrumbList","@id":"https:\/\/dmcsrb.com\/hronika\/ivanovic-priveden-kod-sudije-za-prekrsaje\/#breadcrumb","itemListElement":[{"@type":"ListItem","position":1,"name":"Home","item":"https:\/\/dmcsrb.com\/"},{"@type":"ListItem","position":2,"name":"Ivanovi\u0107 priveden kod sudije za prekr\u0161aje"}]},{"@type":"WebSite","@id":"https:\/\/dmcsrb.com\/#website","url":"https:\/\/dmcsrb.com\/","name":"dmcsrb.com","description":"","potentialAction":[{"@type":"SearchAction","target":{"@type":"EntryPoint","urlTemplate":"https:\/\/dmcsrb.com\/?s={search_term_string}"},"query-input":{"@type":"PropertyValueSpecification","valueRequired":true,"valueName":"search_term_string"}}],"inLanguage":"en-GB"},{"@type":"Person","@id":"https:\/\/dmcsrb.com\/#\/schema\/person\/5c39170f12db1b8b457732d0b5c854e2","name":"dmcsrbija.com@gmail.com","image":{"@type":"ImageObject","inLanguage":"en-GB","@id":"https:\/\/secure.gravatar.com\/avatar\/68592660ad6347fad0fb587f8d5d8f1a7b44961362f56e4f2cd524feb87e9069?s=96&d=mm&r=g","url":"https:\/\/secure.gravatar.com\/avatar\/68592660ad6347fad0fb587f8d5d8f1a7b44961362f56e4f2cd524feb87e9069?s=96&d=mm&r=g","contentUrl":"https:\/\/secure.gravatar.com\/avatar\/68592660ad6347fad0fb587f8d5d8f1a7b44961362f56e4f2cd524feb87e9069?s=96&d=mm&r=g","caption":"dmcsrbija.com@gmail.com"},"sameAs":["https:\/\/dmcsrb.com"],"url":"https:\/\/dmcsrb.com\/en\/author\/dmcsrbija-comgmail-com\/"}]}},"_links":{"self":[{"href":"https:\/\/dmcsrb.com\/en\/wp-json\/wp\/v2\/posts\/958096","targetHints":{"allow":["GET"]}}],"collection":[{"href":"https:\/\/dmcsrb.com\/en\/wp-json\/wp\/v2\/posts"}],"about":[{"href":"https:\/\/dmcsrb.com\/en\/wp-json\/wp\/v2\/types\/post"}],"author":[{"embeddable":true,"href":"https:\/\/dmcsrb.com\/en\/wp-json\/wp\/v2\/users\/1"}],"replies":[{"embeddable":true,"href":"https:\/\/dmcsrb.com\/en\/wp-json\/wp\/v2\/comments?post=958096"}],"version-history":[{"count":0,"href":"https:\/\/dmcsrb.com\/en\/wp-json\/wp\/v2\/posts\/958096\/revisions"}],"wp:featuredmedia":[{"embeddable":true,"href":"https:\/\/dmcsrb.com\/en\/wp-json\/wp\/v2\/media\/958097"}],"wp:attachment":[{"href":"https:\/\/dmcsrb.com\/en\/wp-json\/wp\/v2\/media?parent=958096"}],"wp:term":[{"taxonomy":"category","embeddable":true,"href":"https:\/\/dmcsrb.com\/en\/wp-json\/wp\/v2\/categories?post=958096"},{"taxonomy":"post_tag","embeddable":true,"href":"https:\/\/dmcsrb.com\/en\/wp-json\/wp\/v2\/tags?post=958096"},{"taxonomy":"naslovna","embeddable":true,"href":"https:\/\/dmcsrb.com\/en\/wp-json\/wp\/v2\/naslovna?post=958096"}],"curies":[{"name":"wp","href":"https:\/\/api.w.org\/{rel}","templated":true}]}}