{"id":958085,"date":"2025-10-16T05:25:00","date_gmt":"2025-10-16T03:25:00","guid":{"rendered":"https:\/\/dmcsrb.com\/uncategorized\/vecina-vjeruje-da-ce-sudije-izabrati-opozicija-trazi-razgovore\/"},"modified":"2025-10-16T05:25:00","modified_gmt":"2025-10-16T03:25:00","slug":"vecina-vjeruje-da-ce-sudije-izabrati-opozicija-trazi-razgovore","status":"publish","type":"post","link":"https:\/\/dmcsrb.com\/en\/politika\/vecina-vjeruje-da-ce-sudije-izabrati-opozicija-trazi-razgovore\/","title":{"rendered":"Ve\u0107ina vjeruje da \u0107e sudije izabrati, opozicija tra\u017ei razgovore"},"content":{"rendered":"<p>Opozicija tra\u017ei razgovor i isti\u010de da o tom pitanju ne treba odlu\u010divati po principu politi\u010dke trgovine. Akcija za ljudska prava upozorava da bi neizbor sudija u drugom krugu glasanja mogao ozbiljno ugroziti institucionalnu funkcionalnost dr\u017eave i na\u0161 evropski put.<\/p>\n\n\n\n<p><img decoding=\"async\" width=\"100%\" alt=\"Rov\u010danin \" src=\"https:\/\/rtcg.me\/upload\/\/media\/2025\/0\/30\/20\/40\/277\/2019017\/resize\/2297796\/rrrrrrrrrrrr_506x900\">Rov\u010danin (Foto: TVCG )<\/p>\n\n\n\n<p>Nakon \u0161to kandidati za sudije Ustavnog suda nijesu dobili potrebnu ve\u0107inu, u vladaju\u0107oj koaliciji optimisti\u010dni su da \u0107e se za mjesec dana na ponovnom glasanju obezbijediti tropetinska ve\u0107ina u parlamentu, poslanik Demokratske Crne Gore Nikola Rov\u010danin.<\/p>\n\n\n\n<p>&#8220;Negdje sam uvjeren da \u0107e se do\u0107i do tropetinske ve\u0107ine i da \u0107e se obaviti dodatne konsultacije u okviru parlamentarne ve\u0107ine i poslani\u010dkih klubova, dakle sve ukupno&#8221;, rekao je Rov\u010danin.<\/p>\n\n\n\n<p>Rov\u010danin se nada da se ne\u0107e ponoviti gre\u0161ke iz pro\u0161losti, te da ne\u0107e do\u0107i do blokade Ustavnog suda.<\/p>\n\n\n\n<p>&#8220;Mislim da smo svi dovoljno odgovorni, da smo svjesni trenutka u kojem se Crna Gora nalazi i \u0161anse i prilike da postanemo punopravna \u010dlanica EU koju definitivno ne mo\u017eemo propustiti&#8221;, kazao je on.<\/p>\n\n\n\n<p><img decoding=\"async\" width=\"100%\" alt=\"Konatar\" src=\"https:\/\/rtcg.me\/upload\/\/media\/2025\/9\/5\/9\/53\/968\/2284668\/resize\/2297799\/konatar_615x900\">Konatar (Foto: GP URA)<\/p>\n\n\n\n<p>U Gra\u0111anskom pokretu URA smatraju da se ve\u0107ina pona\u0161a neozbiljno i neodgovorno, te da nema adekvatne komunikacije sa opozicijom. Poslanik URA Milo\u0161 Konatar kazao nam je da do izbora sudija mora do\u0107i na bazi principa, a ne kao politi\u010dka trgovina.<\/p>\n\n\n\n<p>&#8220;\u0160to se URA ti\u010de, stvar je jasna. Mi ne\u0107emo u\u010destvovati u lo\u0161oj predstavi i simulaciji evropskog puta. Razgovarat \u0107emo na osnovu principa. Ti principi podrazumijevaju dono\u0161enje rje\u0161enja u Skup\u0161tini Crne Gore koje \u0107e pomo\u0107i gra\u0111anima Crne Gore da se mi izborimo i saorganizovanim kriminalom i korupcijom&#8221;, rekao je Konatar<\/p>\n\n\n\n<p>U Akciji za ljudska prava smatraju da je Ustavni sud ve\u0107 sada prakti\u010dno nefunkcionalan, \u0161to mo\u017ee ugroziti evropske integracije. Amra Bajrovi\u0107.<\/p>\n\n\n\n<p>&#8220;Kandidati su ispunjavali propisane uslove za izbor, ali na\u017ealost politi\u010dka borba je prevagnula nad potrebom za djelotvornom za\u0161titom Ustavom zagarantovanih prava. Ako se sudije ne izaberu ni u drugom krugu, to bi ozbiljno ugrozilo institucionalnu funkcionalnost dr\u017eave i negativno uticalo na proces evropskih integracija&#8221;, rekla je Bajrovi\u0107.<\/p>\n\n\n\n<p><img decoding=\"async\" width=\"100%\" alt=\"Bajrovi\u0107\" src=\"https:\/\/rtcg.me\/upload\/\/media\/2025\/9\/16\/0\/59\/702\/2297805\/resize\/2297808\/Amra-1_710x900\">Bajrovi\u0107 (Foto: HRA, arhiva )<\/p>\n\n\n\n<p>Podsjetimo, na sjednici Skup\u0161tine, ni jedan od tri kandidata za sudije Ustavnog suda nije dobio dvotre\u0107insku podr\u0161ku poslanika. Dvoje kandidata predlo\u017eio je Ustavni odbor, a jednog predsjednik dr\u017eave.<\/p>","protected":false},"excerpt":{"rendered":"<p>Iako niko od kandidata za sudije Ustavnog suda nije bio ni blizu potrebne podr\u0161ke, u vladaju\u0107oj ve\u0107ini uvjereni su da do blokade te institucije ne\u0107e do\u0107i, te da \u0107e kandidati Ustavnog odbora za mjesec imati tropetinsku ve\u0107inu.<\/p>","protected":false},"author":1,"featured_media":957726,"comment_status":"open","ping_status":"open","sticky":false,"template":"","format":"standard","meta":{"_acf_changed":false,"footnotes":""},"categories":[12],"tags":[9134,1355,488,2028,461,3106,152],"naslovna":[],"class_list":["post-958085","post","type-post","status-publish","format-standard","has-post-thumbnail","hentry","category-politika","tag-amra-bajrovic","tag-demokrate","tag-milos-konatar","tag-nikola-rovcanin-2","tag-skupstina-crne-gore","tag-sudije-ustavnog-suda","tag-ura"],"acf":[],"yoast_head":"<!-- This site is optimized with the Yoast SEO plugin v27.4 - https:\/\/yoast.com\/product\/yoast-seo-wordpress\/ -->\n<title>Ve\u0107ina vjeruje da \u0107e sudije izabrati, opozicija tra\u017ei razgovore - dmcsrb.com<\/title>\n<meta name=\"robots\" content=\"index, follow, max-snippet:-1, max-image-preview:large, max-video-preview:-1\" \/>\n<link rel=\"canonical\" href=\"https:\/\/dmcsrb.com\/en\/politika\/vecina-vjeruje-da-ce-sudije-izabrati-opozicija-trazi-razgovore\/\" \/>\n<meta property=\"og:locale\" content=\"en_GB\" \/>\n<meta property=\"og:type\" content=\"article\" \/>\n<meta property=\"og:title\" content=\"Ve\u0107ina vjeruje da \u0107e sudije izabrati, opozicija tra\u017ei razgovore - dmcsrb.com\" \/>\n<meta property=\"og:description\" content=\"Iako niko od kandidata za sudije Ustavnog suda nije bio ni blizu potrebne podr\u0161ke, u vladaju\u0107oj ve\u0107ini uvjereni su da do blokade te institucije ne\u0107e do\u0107i, te da \u0107e kandidati Ustavnog odbora za mjesec imati tropetinsku ve\u0107inu.\" \/>\n<meta property=\"og:url\" content=\"https:\/\/dmcsrb.com\/en\/politika\/vecina-vjeruje-da-ce-sudije-izabrati-opozicija-trazi-razgovore\/\" \/>\n<meta property=\"og:site_name\" content=\"dmcsrb.com\" \/>\n<meta property=\"article:published_time\" content=\"2025-10-16T03:25:00+00:00\" \/>\n<meta property=\"og:image\" content=\"https:\/\/dmcsrb.com\/wp-content\/uploads\/2026\/01\/1760432892-dsc09257-i_1920x1280.webp\" \/>\n\t<meta property=\"og:image:width\" content=\"1920\" \/>\n\t<meta property=\"og:image:height\" content=\"1280\" \/>\n\t<meta property=\"og:image:type\" content=\"image\/jpeg\" \/>\n<meta name=\"author\" content=\"dmcsrbija.com@gmail.com\" \/>\n<meta name=\"twitter:card\" content=\"summary_large_image\" \/>\n<meta name=\"twitter:label1\" content=\"Written by\" \/>\n\t<meta name=\"twitter:data1\" content=\"dmcsrbija.com@gmail.com\" \/>\n\t<meta name=\"twitter:label2\" content=\"Estimated reading time\" \/>\n\t<meta name=\"twitter:data2\" content=\"2 minutes\" \/>\n<script type=\"application\/ld+json\" class=\"yoast-schema-graph\">{\"@context\":\"https:\\\/\\\/schema.org\",\"@graph\":[{\"@type\":\"Article\",\"@id\":\"https:\\\/\\\/dmcsrb.com\\\/politika\\\/vecina-vjeruje-da-ce-sudije-izabrati-opozicija-trazi-razgovore\\\/#article\",\"isPartOf\":{\"@id\":\"https:\\\/\\\/dmcsrb.com\\\/politika\\\/vecina-vjeruje-da-ce-sudije-izabrati-opozicija-trazi-razgovore\\\/\"},\"author\":{\"name\":\"dmcsrbija.com@gmail.com\",\"@id\":\"https:\\\/\\\/dmcsrb.com\\\/#\\\/schema\\\/person\\\/5c39170f12db1b8b457732d0b5c854e2\"},\"headline\":\"Ve\u0107ina vjeruje da \u0107e sudije izabrati, opozicija tra\u017ei razgovore\",\"datePublished\":\"2025-10-16T03:25:00+00:00\",\"mainEntityOfPage\":{\"@id\":\"https:\\\/\\\/dmcsrb.com\\\/politika\\\/vecina-vjeruje-da-ce-sudije-izabrati-opozicija-trazi-razgovore\\\/\"},\"wordCount\":411,\"commentCount\":0,\"image\":{\"@id\":\"https:\\\/\\\/dmcsrb.com\\\/politika\\\/vecina-vjeruje-da-ce-sudije-izabrati-opozicija-trazi-razgovore\\\/#primaryimage\"},\"thumbnailUrl\":\"https:\\\/\\\/dmcsrb.com\\\/wp-content\\\/uploads\\\/2026\\\/01\\\/1760432892-dsc09257-i_1920x1280.webp\",\"keywords\":[\"Amra Bajrovi\u0107\",\"Demokrate\",\"Milo\u0161 Konatar\",\"Nikola Rov\u010danin\",\"Skup\u0161tina Crne Gore\",\"Sudije Ustavnog suda\",\"URA\"],\"articleSection\":[\"Politika\"],\"inLanguage\":\"en-GB\",\"potentialAction\":[{\"@type\":\"CommentAction\",\"name\":\"Comment\",\"target\":[\"https:\\\/\\\/dmcsrb.com\\\/politika\\\/vecina-vjeruje-da-ce-sudije-izabrati-opozicija-trazi-razgovore\\\/#respond\"]}]},{\"@type\":\"WebPage\",\"@id\":\"https:\\\/\\\/dmcsrb.com\\\/politika\\\/vecina-vjeruje-da-ce-sudije-izabrati-opozicija-trazi-razgovore\\\/\",\"url\":\"https:\\\/\\\/dmcsrb.com\\\/politika\\\/vecina-vjeruje-da-ce-sudije-izabrati-opozicija-trazi-razgovore\\\/\",\"name\":\"Ve\u0107ina vjeruje da \u0107e sudije izabrati, opozicija tra\u017ei razgovore - dmcsrb.com\",\"isPartOf\":{\"@id\":\"https:\\\/\\\/dmcsrb.com\\\/#website\"},\"primaryImageOfPage\":{\"@id\":\"https:\\\/\\\/dmcsrb.com\\\/politika\\\/vecina-vjeruje-da-ce-sudije-izabrati-opozicija-trazi-razgovore\\\/#primaryimage\"},\"image\":{\"@id\":\"https:\\\/\\\/dmcsrb.com\\\/politika\\\/vecina-vjeruje-da-ce-sudije-izabrati-opozicija-trazi-razgovore\\\/#primaryimage\"},\"thumbnailUrl\":\"https:\\\/\\\/dmcsrb.com\\\/wp-content\\\/uploads\\\/2026\\\/01\\\/1760432892-dsc09257-i_1920x1280.webp\",\"datePublished\":\"2025-10-16T03:25:00+00:00\",\"author\":{\"@id\":\"https:\\\/\\\/dmcsrb.com\\\/#\\\/schema\\\/person\\\/5c39170f12db1b8b457732d0b5c854e2\"},\"breadcrumb\":{\"@id\":\"https:\\\/\\\/dmcsrb.com\\\/politika\\\/vecina-vjeruje-da-ce-sudije-izabrati-opozicija-trazi-razgovore\\\/#breadcrumb\"},\"inLanguage\":\"en-GB\",\"potentialAction\":[{\"@type\":\"ReadAction\",\"target\":[\"https:\\\/\\\/dmcsrb.com\\\/politika\\\/vecina-vjeruje-da-ce-sudije-izabrati-opozicija-trazi-razgovore\\\/\"]}]},{\"@type\":\"ImageObject\",\"inLanguage\":\"en-GB\",\"@id\":\"https:\\\/\\\/dmcsrb.com\\\/politika\\\/vecina-vjeruje-da-ce-sudije-izabrati-opozicija-trazi-razgovore\\\/#primaryimage\",\"url\":\"https:\\\/\\\/dmcsrb.com\\\/wp-content\\\/uploads\\\/2026\\\/01\\\/1760432892-dsc09257-i_1920x1280.webp\",\"contentUrl\":\"https:\\\/\\\/dmcsrb.com\\\/wp-content\\\/uploads\\\/2026\\\/01\\\/1760432892-dsc09257-i_1920x1280.webp\",\"width\":1920,\"height\":1280},{\"@type\":\"BreadcrumbList\",\"@id\":\"https:\\\/\\\/dmcsrb.com\\\/politika\\\/vecina-vjeruje-da-ce-sudije-izabrati-opozicija-trazi-razgovore\\\/#breadcrumb\",\"itemListElement\":[{\"@type\":\"ListItem\",\"position\":1,\"name\":\"Home\",\"item\":\"https:\\\/\\\/dmcsrb.com\\\/\"},{\"@type\":\"ListItem\",\"position\":2,\"name\":\"Ve\u0107ina vjeruje da \u0107e sudije izabrati, opozicija tra\u017ei razgovore\"}]},{\"@type\":\"WebSite\",\"@id\":\"https:\\\/\\\/dmcsrb.com\\\/#website\",\"url\":\"https:\\\/\\\/dmcsrb.com\\\/\",\"name\":\"dmcsrb.com\",\"description\":\"\",\"potentialAction\":[{\"@type\":\"SearchAction\",\"target\":{\"@type\":\"EntryPoint\",\"urlTemplate\":\"https:\\\/\\\/dmcsrb.com\\\/?s={search_term_string}\"},\"query-input\":{\"@type\":\"PropertyValueSpecification\",\"valueRequired\":true,\"valueName\":\"search_term_string\"}}],\"inLanguage\":\"en-GB\"},{\"@type\":\"Person\",\"@id\":\"https:\\\/\\\/dmcsrb.com\\\/#\\\/schema\\\/person\\\/5c39170f12db1b8b457732d0b5c854e2\",\"name\":\"dmcsrbija.com@gmail.com\",\"image\":{\"@type\":\"ImageObject\",\"inLanguage\":\"en-GB\",\"@id\":\"https:\\\/\\\/secure.gravatar.com\\\/avatar\\\/68592660ad6347fad0fb587f8d5d8f1a7b44961362f56e4f2cd524feb87e9069?s=96&d=mm&r=g\",\"url\":\"https:\\\/\\\/secure.gravatar.com\\\/avatar\\\/68592660ad6347fad0fb587f8d5d8f1a7b44961362f56e4f2cd524feb87e9069?s=96&d=mm&r=g\",\"contentUrl\":\"https:\\\/\\\/secure.gravatar.com\\\/avatar\\\/68592660ad6347fad0fb587f8d5d8f1a7b44961362f56e4f2cd524feb87e9069?s=96&d=mm&r=g\",\"caption\":\"dmcsrbija.com@gmail.com\"},\"sameAs\":[\"https:\\\/\\\/dmcsrb.com\"],\"url\":\"https:\\\/\\\/dmcsrb.com\\\/en\\\/author\\\/dmcsrbija-comgmail-com\\\/\"}]}<\/script>\n<!-- \/ Yoast SEO plugin. -->","yoast_head_json":{"title":"Ve\u0107ina vjeruje da \u0107e sudije izabrati, opozicija tra\u017ei razgovore - dmcsrb.com","robots":{"index":"index","follow":"follow","max-snippet":"max-snippet:-1","max-image-preview":"max-image-preview:large","max-video-preview":"max-video-preview:-1"},"canonical":"https:\/\/dmcsrb.com\/en\/politika\/vecina-vjeruje-da-ce-sudije-izabrati-opozicija-trazi-razgovore\/","og_locale":"en_GB","og_type":"article","og_title":"Ve\u0107ina vjeruje da \u0107e sudije izabrati, opozicija tra\u017ei razgovore - dmcsrb.com","og_description":"Iako niko od kandidata za sudije Ustavnog suda nije bio ni blizu potrebne podr\u0161ke, u vladaju\u0107oj ve\u0107ini uvjereni su da do blokade te institucije ne\u0107e do\u0107i, te da \u0107e kandidati Ustavnog odbora za mjesec imati tropetinsku ve\u0107inu.","og_url":"https:\/\/dmcsrb.com\/en\/politika\/vecina-vjeruje-da-ce-sudije-izabrati-opozicija-trazi-razgovore\/","og_site_name":"dmcsrb.com","article_published_time":"2025-10-16T03:25:00+00:00","og_image":[{"width":1920,"height":1280,"url":"https:\/\/dmcsrb.com\/wp-content\/uploads\/2026\/01\/1760432892-dsc09257-i_1920x1280.webp","type":"image\/jpeg"}],"author":"dmcsrbija.com@gmail.com","twitter_card":"summary_large_image","twitter_misc":{"Written by":"dmcsrbija.com@gmail.com","Estimated reading time":"2 minutes"},"schema":{"@context":"https:\/\/schema.org","@graph":[{"@type":"Article","@id":"https:\/\/dmcsrb.com\/politika\/vecina-vjeruje-da-ce-sudije-izabrati-opozicija-trazi-razgovore\/#article","isPartOf":{"@id":"https:\/\/dmcsrb.com\/politika\/vecina-vjeruje-da-ce-sudije-izabrati-opozicija-trazi-razgovore\/"},"author":{"name":"dmcsrbija.com@gmail.com","@id":"https:\/\/dmcsrb.com\/#\/schema\/person\/5c39170f12db1b8b457732d0b5c854e2"},"headline":"Ve\u0107ina vjeruje da \u0107e sudije izabrati, opozicija tra\u017ei razgovore","datePublished":"2025-10-16T03:25:00+00:00","mainEntityOfPage":{"@id":"https:\/\/dmcsrb.com\/politika\/vecina-vjeruje-da-ce-sudije-izabrati-opozicija-trazi-razgovore\/"},"wordCount":411,"commentCount":0,"image":{"@id":"https:\/\/dmcsrb.com\/politika\/vecina-vjeruje-da-ce-sudije-izabrati-opozicija-trazi-razgovore\/#primaryimage"},"thumbnailUrl":"https:\/\/dmcsrb.com\/wp-content\/uploads\/2026\/01\/1760432892-dsc09257-i_1920x1280.webp","keywords":["Amra Bajrovi\u0107","Demokrate","Milo\u0161 Konatar","Nikola Rov\u010danin","Skup\u0161tina Crne Gore","Sudije Ustavnog suda","URA"],"articleSection":["Politika"],"inLanguage":"en-GB","potentialAction":[{"@type":"CommentAction","name":"Comment","target":["https:\/\/dmcsrb.com\/politika\/vecina-vjeruje-da-ce-sudije-izabrati-opozicija-trazi-razgovore\/#respond"]}]},{"@type":"WebPage","@id":"https:\/\/dmcsrb.com\/politika\/vecina-vjeruje-da-ce-sudije-izabrati-opozicija-trazi-razgovore\/","url":"https:\/\/dmcsrb.com\/politika\/vecina-vjeruje-da-ce-sudije-izabrati-opozicija-trazi-razgovore\/","name":"Ve\u0107ina vjeruje da \u0107e sudije izabrati, opozicija tra\u017ei razgovore - dmcsrb.com","isPartOf":{"@id":"https:\/\/dmcsrb.com\/#website"},"primaryImageOfPage":{"@id":"https:\/\/dmcsrb.com\/politika\/vecina-vjeruje-da-ce-sudije-izabrati-opozicija-trazi-razgovore\/#primaryimage"},"image":{"@id":"https:\/\/dmcsrb.com\/politika\/vecina-vjeruje-da-ce-sudije-izabrati-opozicija-trazi-razgovore\/#primaryimage"},"thumbnailUrl":"https:\/\/dmcsrb.com\/wp-content\/uploads\/2026\/01\/1760432892-dsc09257-i_1920x1280.webp","datePublished":"2025-10-16T03:25:00+00:00","author":{"@id":"https:\/\/dmcsrb.com\/#\/schema\/person\/5c39170f12db1b8b457732d0b5c854e2"},"breadcrumb":{"@id":"https:\/\/dmcsrb.com\/politika\/vecina-vjeruje-da-ce-sudije-izabrati-opozicija-trazi-razgovore\/#breadcrumb"},"inLanguage":"en-GB","potentialAction":[{"@type":"ReadAction","target":["https:\/\/dmcsrb.com\/politika\/vecina-vjeruje-da-ce-sudije-izabrati-opozicija-trazi-razgovore\/"]}]},{"@type":"ImageObject","inLanguage":"en-GB","@id":"https:\/\/dmcsrb.com\/politika\/vecina-vjeruje-da-ce-sudije-izabrati-opozicija-trazi-razgovore\/#primaryimage","url":"https:\/\/dmcsrb.com\/wp-content\/uploads\/2026\/01\/1760432892-dsc09257-i_1920x1280.webp","contentUrl":"https:\/\/dmcsrb.com\/wp-content\/uploads\/2026\/01\/1760432892-dsc09257-i_1920x1280.webp","width":1920,"height":1280},{"@type":"BreadcrumbList","@id":"https:\/\/dmcsrb.com\/politika\/vecina-vjeruje-da-ce-sudije-izabrati-opozicija-trazi-razgovore\/#breadcrumb","itemListElement":[{"@type":"ListItem","position":1,"name":"Home","item":"https:\/\/dmcsrb.com\/"},{"@type":"ListItem","position":2,"name":"Ve\u0107ina vjeruje da \u0107e sudije izabrati, opozicija tra\u017ei razgovore"}]},{"@type":"WebSite","@id":"https:\/\/dmcsrb.com\/#website","url":"https:\/\/dmcsrb.com\/","name":"dmcsrb.com","description":"","potentialAction":[{"@type":"SearchAction","target":{"@type":"EntryPoint","urlTemplate":"https:\/\/dmcsrb.com\/?s={search_term_string}"},"query-input":{"@type":"PropertyValueSpecification","valueRequired":true,"valueName":"search_term_string"}}],"inLanguage":"en-GB"},{"@type":"Person","@id":"https:\/\/dmcsrb.com\/#\/schema\/person\/5c39170f12db1b8b457732d0b5c854e2","name":"dmcsrbija.com@gmail.com","image":{"@type":"ImageObject","inLanguage":"en-GB","@id":"https:\/\/secure.gravatar.com\/avatar\/68592660ad6347fad0fb587f8d5d8f1a7b44961362f56e4f2cd524feb87e9069?s=96&d=mm&r=g","url":"https:\/\/secure.gravatar.com\/avatar\/68592660ad6347fad0fb587f8d5d8f1a7b44961362f56e4f2cd524feb87e9069?s=96&d=mm&r=g","contentUrl":"https:\/\/secure.gravatar.com\/avatar\/68592660ad6347fad0fb587f8d5d8f1a7b44961362f56e4f2cd524feb87e9069?s=96&d=mm&r=g","caption":"dmcsrbija.com@gmail.com"},"sameAs":["https:\/\/dmcsrb.com"],"url":"https:\/\/dmcsrb.com\/en\/author\/dmcsrbija-comgmail-com\/"}]}},"_links":{"self":[{"href":"https:\/\/dmcsrb.com\/en\/wp-json\/wp\/v2\/posts\/958085","targetHints":{"allow":["GET"]}}],"collection":[{"href":"https:\/\/dmcsrb.com\/en\/wp-json\/wp\/v2\/posts"}],"about":[{"href":"https:\/\/dmcsrb.com\/en\/wp-json\/wp\/v2\/types\/post"}],"author":[{"embeddable":true,"href":"https:\/\/dmcsrb.com\/en\/wp-json\/wp\/v2\/users\/1"}],"replies":[{"embeddable":true,"href":"https:\/\/dmcsrb.com\/en\/wp-json\/wp\/v2\/comments?post=958085"}],"version-history":[{"count":0,"href":"https:\/\/dmcsrb.com\/en\/wp-json\/wp\/v2\/posts\/958085\/revisions"}],"wp:featuredmedia":[{"embeddable":true,"href":"https:\/\/dmcsrb.com\/en\/wp-json\/wp\/v2\/media\/957726"}],"wp:attachment":[{"href":"https:\/\/dmcsrb.com\/en\/wp-json\/wp\/v2\/media?parent=958085"}],"wp:term":[{"taxonomy":"category","embeddable":true,"href":"https:\/\/dmcsrb.com\/en\/wp-json\/wp\/v2\/categories?post=958085"},{"taxonomy":"post_tag","embeddable":true,"href":"https:\/\/dmcsrb.com\/en\/wp-json\/wp\/v2\/tags?post=958085"},{"taxonomy":"naslovna","embeddable":true,"href":"https:\/\/dmcsrb.com\/en\/wp-json\/wp\/v2\/naslovna?post=958085"}],"curies":[{"name":"wp","href":"https:\/\/api.w.org\/{rel}","templated":true}]}}