{"id":958068,"date":"2025-10-15T18:55:00","date_gmt":"2025-10-15T16:55:00","guid":{"rendered":"https:\/\/dmcsrb.com\/uncategorized\/natalija-lekic-nakon-debija-nevjerovatan-osjecaj\/"},"modified":"2025-10-15T18:55:00","modified_gmt":"2025-10-15T16:55:00","slug":"natalija-lekic-nakon-debija-nevjerovatan-osjecaj","status":"publish","type":"post","link":"https:\/\/dmcsrb.com\/en\/sport\/natalija-lekic-nakon-debija-nevjerovatan-osjecaj\/","title":{"rendered":"Natalija Leki\u0107 nakon debija: Nevjerovatan osje\u0107aj"},"content":{"rendered":"<p>Natalija je, ba\u0161 kao i Elena Mitrovi\u0107 dobila priliku u fini\u0161u da upi\u0161e prve minute u seniorskom dresu sa dr\u017eavnim grbom. <\/p>\n\n\n\n<p>\u201cNevjerovatan osje\u0107aj, posebna no\u0107 za mene u sjajnoj atmosferi. Pamti\u0107u debi, ali najva\u017enije je da \u0107u ga pamtiti po pobjedi. Tribine su bile pune. Bile smo fokusirane i spremne i odradile smo odli\u010dan posao&#8221;, kazala je Leki\u0107.<\/p>\n\n\n\n<p>Vremena za odmor gotovo da nema, po\u0161to &#8220;lavice&#8221; ve\u0107 u subotu o\u010dekuje gostovanje Farskim Ostrvima. <\/p>\n\n\n\n<p>\u201cNajbitnije je da smo uzele bodove i da su sve igra\u010dice dobile \u0161ansu. U\u0161le smo maksimalno u me\u010d i na kraju slavile&#8221;, kazala je pivotkinja Ivana Gode\u010d i dodala: <\/p>\n\n\n\n<p>&#8220;\u017delimo sve pobjede u grupi, a sada je fokus na Farska Ostrva i da\u0107emo sve od sebe da upi\u0161emo nova dva boda&#8221;. <\/p>\n\n\n\n<figure class=\"wp-block-embed is-type-wp-embed is-provider-gradski-portal wp-block-embed-gradski-portal\"><div class=\"wp-block-embed__wrapper\">\nhttps:\/\/gradski.me\/siguran-pocetak-lavice-rutinirale-portugal-u-podgorici\/\n<\/div><\/figure>","protected":false},"excerpt":{"rendered":"<p>Jedna od dvije debitantkinje i MVP Evropskog juniorskog prvenstva, Natalija Leki\u0107 nije krila odu\u0161evljenje zbog ukazane \u0161anse i pobjede nad Portugalom (29:22).<\/p>","protected":false},"author":1,"featured_media":958069,"comment_status":"open","ping_status":"open","sticky":false,"template":"","format":"standard","meta":{"_acf_changed":false,"footnotes":""},"categories":[148],"tags":[613,11351,11450,259],"naslovna":[],"class_list":["post-958068","post","type-post","status-publish","format-standard","has-post-thumbnail","hentry","category-sport","tag-ivana-godec","tag-kvalifikacije-za-ehf-euro-2026","tag-natalija-lekic","tag-zenska-rukometna-reprezentacija-crne-gore"],"acf":[],"yoast_head":"<!-- This site is optimized with the Yoast SEO plugin v27.4 - https:\/\/yoast.com\/product\/yoast-seo-wordpress\/ -->\n<title>Natalija Leki\u0107 nakon debija: Nevjerovatan osje\u0107aj - dmcsrb.com<\/title>\n<meta name=\"robots\" content=\"index, follow, max-snippet:-1, max-image-preview:large, max-video-preview:-1\" \/>\n<link rel=\"canonical\" href=\"https:\/\/dmcsrb.com\/en\/sport\/natalija-lekic-nakon-debija-nevjerovatan-osjecaj\/\" \/>\n<meta property=\"og:locale\" content=\"en_GB\" \/>\n<meta property=\"og:type\" content=\"article\" \/>\n<meta property=\"og:title\" content=\"Natalija Leki\u0107 nakon debija: Nevjerovatan osje\u0107aj - dmcsrb.com\" \/>\n<meta property=\"og:description\" content=\"Jedna od dvije debitantkinje i MVP Evropskog juniorskog prvenstva, Natalija Leki\u0107 nije krila odu\u0161evljenje zbog ukazane \u0161anse i pobjede nad Portugalom (29:22).\" \/>\n<meta property=\"og:url\" content=\"https:\/\/dmcsrb.com\/en\/sport\/natalija-lekic-nakon-debija-nevjerovatan-osjecaj\/\" \/>\n<meta property=\"og:site_name\" content=\"dmcsrb.com\" \/>\n<meta property=\"article:published_time\" content=\"2025-10-15T16:55:00+00:00\" \/>\n<meta property=\"og:image\" content=\"https:\/\/dmcsrb.com\/wp-content\/uploads\/2026\/01\/Lavice-MatchLens.webp\" \/>\n\t<meta property=\"og:image:width\" content=\"1440\" \/>\n\t<meta property=\"og:image:height\" content=\"959\" \/>\n\t<meta property=\"og:image:type\" content=\"image\/jpeg\" \/>\n<meta name=\"author\" content=\"dmcsrbija.com@gmail.com\" \/>\n<meta name=\"twitter:card\" content=\"summary_large_image\" \/>\n<meta name=\"twitter:label1\" content=\"Written by\" \/>\n\t<meta name=\"twitter:data1\" content=\"dmcsrbija.com@gmail.com\" \/>\n\t<meta name=\"twitter:label2\" content=\"Estimated reading time\" \/>\n\t<meta name=\"twitter:data2\" content=\"1 minute\" \/>\n<script type=\"application\/ld+json\" class=\"yoast-schema-graph\">{\"@context\":\"https:\\\/\\\/schema.org\",\"@graph\":[{\"@type\":\"Article\",\"@id\":\"https:\\\/\\\/dmcsrb.com\\\/sport\\\/natalija-lekic-nakon-debija-nevjerovatan-osjecaj\\\/#article\",\"isPartOf\":{\"@id\":\"https:\\\/\\\/dmcsrb.com\\\/sport\\\/natalija-lekic-nakon-debija-nevjerovatan-osjecaj\\\/\"},\"author\":{\"name\":\"dmcsrbija.com@gmail.com\",\"@id\":\"https:\\\/\\\/dmcsrb.com\\\/#\\\/schema\\\/person\\\/5c39170f12db1b8b457732d0b5c854e2\"},\"headline\":\"Natalija Leki\u0107 nakon debija: Nevjerovatan osje\u0107aj\",\"datePublished\":\"2025-10-15T16:55:00+00:00\",\"mainEntityOfPage\":{\"@id\":\"https:\\\/\\\/dmcsrb.com\\\/sport\\\/natalija-lekic-nakon-debija-nevjerovatan-osjecaj\\\/\"},\"wordCount\":148,\"commentCount\":0,\"image\":{\"@id\":\"https:\\\/\\\/dmcsrb.com\\\/sport\\\/natalija-lekic-nakon-debija-nevjerovatan-osjecaj\\\/#primaryimage\"},\"thumbnailUrl\":\"https:\\\/\\\/dmcsrb.com\\\/wp-content\\\/uploads\\\/2026\\\/01\\\/Lavice-MatchLens.webp\",\"keywords\":[\"Ivana Gode\u010d\",\"kvalifikacije za EHF Euro 2026\",\"Natalija Leki\u0107\",\"\u017denska rukometna reprezentacija Crne Gore\"],\"articleSection\":[\"Sport\"],\"inLanguage\":\"en-GB\",\"potentialAction\":[{\"@type\":\"CommentAction\",\"name\":\"Comment\",\"target\":[\"https:\\\/\\\/dmcsrb.com\\\/sport\\\/natalija-lekic-nakon-debija-nevjerovatan-osjecaj\\\/#respond\"]}]},{\"@type\":\"WebPage\",\"@id\":\"https:\\\/\\\/dmcsrb.com\\\/sport\\\/natalija-lekic-nakon-debija-nevjerovatan-osjecaj\\\/\",\"url\":\"https:\\\/\\\/dmcsrb.com\\\/sport\\\/natalija-lekic-nakon-debija-nevjerovatan-osjecaj\\\/\",\"name\":\"Natalija Leki\u0107 nakon debija: Nevjerovatan osje\u0107aj - dmcsrb.com\",\"isPartOf\":{\"@id\":\"https:\\\/\\\/dmcsrb.com\\\/#website\"},\"primaryImageOfPage\":{\"@id\":\"https:\\\/\\\/dmcsrb.com\\\/sport\\\/natalija-lekic-nakon-debija-nevjerovatan-osjecaj\\\/#primaryimage\"},\"image\":{\"@id\":\"https:\\\/\\\/dmcsrb.com\\\/sport\\\/natalija-lekic-nakon-debija-nevjerovatan-osjecaj\\\/#primaryimage\"},\"thumbnailUrl\":\"https:\\\/\\\/dmcsrb.com\\\/wp-content\\\/uploads\\\/2026\\\/01\\\/Lavice-MatchLens.webp\",\"datePublished\":\"2025-10-15T16:55:00+00:00\",\"author\":{\"@id\":\"https:\\\/\\\/dmcsrb.com\\\/#\\\/schema\\\/person\\\/5c39170f12db1b8b457732d0b5c854e2\"},\"breadcrumb\":{\"@id\":\"https:\\\/\\\/dmcsrb.com\\\/sport\\\/natalija-lekic-nakon-debija-nevjerovatan-osjecaj\\\/#breadcrumb\"},\"inLanguage\":\"en-GB\",\"potentialAction\":[{\"@type\":\"ReadAction\",\"target\":[\"https:\\\/\\\/dmcsrb.com\\\/sport\\\/natalija-lekic-nakon-debija-nevjerovatan-osjecaj\\\/\"]}]},{\"@type\":\"ImageObject\",\"inLanguage\":\"en-GB\",\"@id\":\"https:\\\/\\\/dmcsrb.com\\\/sport\\\/natalija-lekic-nakon-debija-nevjerovatan-osjecaj\\\/#primaryimage\",\"url\":\"https:\\\/\\\/dmcsrb.com\\\/wp-content\\\/uploads\\\/2026\\\/01\\\/Lavice-MatchLens.webp\",\"contentUrl\":\"https:\\\/\\\/dmcsrb.com\\\/wp-content\\\/uploads\\\/2026\\\/01\\\/Lavice-MatchLens.webp\",\"width\":1440,\"height\":959},{\"@type\":\"BreadcrumbList\",\"@id\":\"https:\\\/\\\/dmcsrb.com\\\/sport\\\/natalija-lekic-nakon-debija-nevjerovatan-osjecaj\\\/#breadcrumb\",\"itemListElement\":[{\"@type\":\"ListItem\",\"position\":1,\"name\":\"Home\",\"item\":\"https:\\\/\\\/dmcsrb.com\\\/\"},{\"@type\":\"ListItem\",\"position\":2,\"name\":\"Natalija Leki\u0107 nakon debija: Nevjerovatan osje\u0107aj\"}]},{\"@type\":\"WebSite\",\"@id\":\"https:\\\/\\\/dmcsrb.com\\\/#website\",\"url\":\"https:\\\/\\\/dmcsrb.com\\\/\",\"name\":\"dmcsrb.com\",\"description\":\"\",\"potentialAction\":[{\"@type\":\"SearchAction\",\"target\":{\"@type\":\"EntryPoint\",\"urlTemplate\":\"https:\\\/\\\/dmcsrb.com\\\/?s={search_term_string}\"},\"query-input\":{\"@type\":\"PropertyValueSpecification\",\"valueRequired\":true,\"valueName\":\"search_term_string\"}}],\"inLanguage\":\"en-GB\"},{\"@type\":\"Person\",\"@id\":\"https:\\\/\\\/dmcsrb.com\\\/#\\\/schema\\\/person\\\/5c39170f12db1b8b457732d0b5c854e2\",\"name\":\"dmcsrbija.com@gmail.com\",\"image\":{\"@type\":\"ImageObject\",\"inLanguage\":\"en-GB\",\"@id\":\"https:\\\/\\\/secure.gravatar.com\\\/avatar\\\/68592660ad6347fad0fb587f8d5d8f1a7b44961362f56e4f2cd524feb87e9069?s=96&d=mm&r=g\",\"url\":\"https:\\\/\\\/secure.gravatar.com\\\/avatar\\\/68592660ad6347fad0fb587f8d5d8f1a7b44961362f56e4f2cd524feb87e9069?s=96&d=mm&r=g\",\"contentUrl\":\"https:\\\/\\\/secure.gravatar.com\\\/avatar\\\/68592660ad6347fad0fb587f8d5d8f1a7b44961362f56e4f2cd524feb87e9069?s=96&d=mm&r=g\",\"caption\":\"dmcsrbija.com@gmail.com\"},\"sameAs\":[\"https:\\\/\\\/dmcsrb.com\"],\"url\":\"https:\\\/\\\/dmcsrb.com\\\/en\\\/author\\\/dmcsrbija-comgmail-com\\\/\"}]}<\/script>\n<!-- \/ Yoast SEO plugin. -->","yoast_head_json":{"title":"Natalija Leki\u0107 nakon debija: Nevjerovatan osje\u0107aj - dmcsrb.com","robots":{"index":"index","follow":"follow","max-snippet":"max-snippet:-1","max-image-preview":"max-image-preview:large","max-video-preview":"max-video-preview:-1"},"canonical":"https:\/\/dmcsrb.com\/en\/sport\/natalija-lekic-nakon-debija-nevjerovatan-osjecaj\/","og_locale":"en_GB","og_type":"article","og_title":"Natalija Leki\u0107 nakon debija: Nevjerovatan osje\u0107aj - dmcsrb.com","og_description":"Jedna od dvije debitantkinje i MVP Evropskog juniorskog prvenstva, Natalija Leki\u0107 nije krila odu\u0161evljenje zbog ukazane \u0161anse i pobjede nad Portugalom (29:22).","og_url":"https:\/\/dmcsrb.com\/en\/sport\/natalija-lekic-nakon-debija-nevjerovatan-osjecaj\/","og_site_name":"dmcsrb.com","article_published_time":"2025-10-15T16:55:00+00:00","og_image":[{"width":1440,"height":959,"url":"https:\/\/dmcsrb.com\/wp-content\/uploads\/2026\/01\/Lavice-MatchLens.webp","type":"image\/jpeg"}],"author":"dmcsrbija.com@gmail.com","twitter_card":"summary_large_image","twitter_misc":{"Written by":"dmcsrbija.com@gmail.com","Estimated reading time":"1 minute"},"schema":{"@context":"https:\/\/schema.org","@graph":[{"@type":"Article","@id":"https:\/\/dmcsrb.com\/sport\/natalija-lekic-nakon-debija-nevjerovatan-osjecaj\/#article","isPartOf":{"@id":"https:\/\/dmcsrb.com\/sport\/natalija-lekic-nakon-debija-nevjerovatan-osjecaj\/"},"author":{"name":"dmcsrbija.com@gmail.com","@id":"https:\/\/dmcsrb.com\/#\/schema\/person\/5c39170f12db1b8b457732d0b5c854e2"},"headline":"Natalija Leki\u0107 nakon debija: Nevjerovatan osje\u0107aj","datePublished":"2025-10-15T16:55:00+00:00","mainEntityOfPage":{"@id":"https:\/\/dmcsrb.com\/sport\/natalija-lekic-nakon-debija-nevjerovatan-osjecaj\/"},"wordCount":148,"commentCount":0,"image":{"@id":"https:\/\/dmcsrb.com\/sport\/natalija-lekic-nakon-debija-nevjerovatan-osjecaj\/#primaryimage"},"thumbnailUrl":"https:\/\/dmcsrb.com\/wp-content\/uploads\/2026\/01\/Lavice-MatchLens.webp","keywords":["Ivana Gode\u010d","kvalifikacije za EHF Euro 2026","Natalija Leki\u0107","\u017denska rukometna reprezentacija Crne Gore"],"articleSection":["Sport"],"inLanguage":"en-GB","potentialAction":[{"@type":"CommentAction","name":"Comment","target":["https:\/\/dmcsrb.com\/sport\/natalija-lekic-nakon-debija-nevjerovatan-osjecaj\/#respond"]}]},{"@type":"WebPage","@id":"https:\/\/dmcsrb.com\/sport\/natalija-lekic-nakon-debija-nevjerovatan-osjecaj\/","url":"https:\/\/dmcsrb.com\/sport\/natalija-lekic-nakon-debija-nevjerovatan-osjecaj\/","name":"Natalija Leki\u0107 nakon debija: Nevjerovatan osje\u0107aj - dmcsrb.com","isPartOf":{"@id":"https:\/\/dmcsrb.com\/#website"},"primaryImageOfPage":{"@id":"https:\/\/dmcsrb.com\/sport\/natalija-lekic-nakon-debija-nevjerovatan-osjecaj\/#primaryimage"},"image":{"@id":"https:\/\/dmcsrb.com\/sport\/natalija-lekic-nakon-debija-nevjerovatan-osjecaj\/#primaryimage"},"thumbnailUrl":"https:\/\/dmcsrb.com\/wp-content\/uploads\/2026\/01\/Lavice-MatchLens.webp","datePublished":"2025-10-15T16:55:00+00:00","author":{"@id":"https:\/\/dmcsrb.com\/#\/schema\/person\/5c39170f12db1b8b457732d0b5c854e2"},"breadcrumb":{"@id":"https:\/\/dmcsrb.com\/sport\/natalija-lekic-nakon-debija-nevjerovatan-osjecaj\/#breadcrumb"},"inLanguage":"en-GB","potentialAction":[{"@type":"ReadAction","target":["https:\/\/dmcsrb.com\/sport\/natalija-lekic-nakon-debija-nevjerovatan-osjecaj\/"]}]},{"@type":"ImageObject","inLanguage":"en-GB","@id":"https:\/\/dmcsrb.com\/sport\/natalija-lekic-nakon-debija-nevjerovatan-osjecaj\/#primaryimage","url":"https:\/\/dmcsrb.com\/wp-content\/uploads\/2026\/01\/Lavice-MatchLens.webp","contentUrl":"https:\/\/dmcsrb.com\/wp-content\/uploads\/2026\/01\/Lavice-MatchLens.webp","width":1440,"height":959},{"@type":"BreadcrumbList","@id":"https:\/\/dmcsrb.com\/sport\/natalija-lekic-nakon-debija-nevjerovatan-osjecaj\/#breadcrumb","itemListElement":[{"@type":"ListItem","position":1,"name":"Home","item":"https:\/\/dmcsrb.com\/"},{"@type":"ListItem","position":2,"name":"Natalija Leki\u0107 nakon debija: Nevjerovatan osje\u0107aj"}]},{"@type":"WebSite","@id":"https:\/\/dmcsrb.com\/#website","url":"https:\/\/dmcsrb.com\/","name":"dmcsrb.com","description":"","potentialAction":[{"@type":"SearchAction","target":{"@type":"EntryPoint","urlTemplate":"https:\/\/dmcsrb.com\/?s={search_term_string}"},"query-input":{"@type":"PropertyValueSpecification","valueRequired":true,"valueName":"search_term_string"}}],"inLanguage":"en-GB"},{"@type":"Person","@id":"https:\/\/dmcsrb.com\/#\/schema\/person\/5c39170f12db1b8b457732d0b5c854e2","name":"dmcsrbija.com@gmail.com","image":{"@type":"ImageObject","inLanguage":"en-GB","@id":"https:\/\/secure.gravatar.com\/avatar\/68592660ad6347fad0fb587f8d5d8f1a7b44961362f56e4f2cd524feb87e9069?s=96&d=mm&r=g","url":"https:\/\/secure.gravatar.com\/avatar\/68592660ad6347fad0fb587f8d5d8f1a7b44961362f56e4f2cd524feb87e9069?s=96&d=mm&r=g","contentUrl":"https:\/\/secure.gravatar.com\/avatar\/68592660ad6347fad0fb587f8d5d8f1a7b44961362f56e4f2cd524feb87e9069?s=96&d=mm&r=g","caption":"dmcsrbija.com@gmail.com"},"sameAs":["https:\/\/dmcsrb.com"],"url":"https:\/\/dmcsrb.com\/en\/author\/dmcsrbija-comgmail-com\/"}]}},"_links":{"self":[{"href":"https:\/\/dmcsrb.com\/en\/wp-json\/wp\/v2\/posts\/958068","targetHints":{"allow":["GET"]}}],"collection":[{"href":"https:\/\/dmcsrb.com\/en\/wp-json\/wp\/v2\/posts"}],"about":[{"href":"https:\/\/dmcsrb.com\/en\/wp-json\/wp\/v2\/types\/post"}],"author":[{"embeddable":true,"href":"https:\/\/dmcsrb.com\/en\/wp-json\/wp\/v2\/users\/1"}],"replies":[{"embeddable":true,"href":"https:\/\/dmcsrb.com\/en\/wp-json\/wp\/v2\/comments?post=958068"}],"version-history":[{"count":0,"href":"https:\/\/dmcsrb.com\/en\/wp-json\/wp\/v2\/posts\/958068\/revisions"}],"wp:featuredmedia":[{"embeddable":true,"href":"https:\/\/dmcsrb.com\/en\/wp-json\/wp\/v2\/media\/958069"}],"wp:attachment":[{"href":"https:\/\/dmcsrb.com\/en\/wp-json\/wp\/v2\/media?parent=958068"}],"wp:term":[{"taxonomy":"category","embeddable":true,"href":"https:\/\/dmcsrb.com\/en\/wp-json\/wp\/v2\/categories?post=958068"},{"taxonomy":"post_tag","embeddable":true,"href":"https:\/\/dmcsrb.com\/en\/wp-json\/wp\/v2\/tags?post=958068"},{"taxonomy":"naslovna","embeddable":true,"href":"https:\/\/dmcsrb.com\/en\/wp-json\/wp\/v2\/naslovna?post=958068"}],"curies":[{"name":"wp","href":"https:\/\/api.w.org\/{rel}","templated":true}]}}