{"id":958015,"date":"2025-10-15T20:05:00","date_gmt":"2025-10-15T18:05:00","guid":{"rendered":"https:\/\/dmcsrb.com\/uncategorized\/podnijeta-krivicna-prijava-protiv-orbana\/"},"modified":"2025-10-15T20:05:00","modified_gmt":"2025-10-15T18:05:00","slug":"podnijeta-krivicna-prijava-protiv-orbana","status":"publish","type":"post","link":"https:\/\/dmcsrb.com\/en\/svijet\/podnijeta-krivicna-prijava-protiv-orbana\/","title":{"rendered":"Podnijeta krivi\u010dna prijava protiv Orbana"},"content":{"rendered":"<p>Njema\u010dki poslanik Evropskog parlamenta iz redova Zelenih, <strong>Danijel Frojnd<\/strong>, i nema\u010dka nevladina organizacija Dru\u0161tvo za gra\u0111anska prava, u \u017ealbi, u koju je briselski portal Politiko imao uvid, naveli su &#8220;<strong>Viktora Orbana <\/strong>i nepoznate&#8221; i zatra\u017eili da dr\u017eavni tu\u017eilac u zapadnonjema\u010dkom gradu Krefeldu i vlasti za borbu protiv sajber kriminala pokrenu istragu.<\/p>\n\n\n\n<p>&#8220;Postoje naznake da iza napada stoji <strong>ma\u0111arska tajna slu\u017eba<\/strong>&#8220;, saop\u0161tili su Frojnd i nevladina organizacija u zajedni\u010dkom saop\u0161tenju.<\/p>\n\n\n\n<p>\u017dalba daje detalje o imejlu koji je neko ko tvrdi da je ukrajinski student poslao na Frojndovu parlamentarnu imejl adresu krajem maja 2024. godine. U poruci je od poslanika <strong>Evropskog parlamenta <\/strong>tra\u017eeno da napi\u0161e kratku poruku u kojoj \u0107e podeliti svoja &#8220;uverenja u vezi sa pristupanjem <strong>Ukrajine <\/strong>Evropskoj uniji&#8221;, kao i link. Frojnd nije kliknuo na link.<\/p>\n\n\n\n<p>U \u017ealbi se navodi da je <strong>Parlament upozorio Frojnda <\/strong>da link sadr\u017ei \u0161pijunski softver koji je verovatno napravila izraelska kompanija Candiru, koju je ameri\u010dka vlada stavila na crnu listu 2021. godine zbog kr\u0161enja ljudskih prava.<\/p>\n\n\n\n<p>&#8220;Prema stru\u010dnjacima za IT Evropskog parlamenta, ma\u0111arska vlada bi mogla da stoji iza mog prislu\u0161kivanja&#8221;, rekao je Frojnd u saop\u0161tenju.<\/p>\n\n\n\n<p>&#8220;Ovo nije iznena\u0111enje: <strong>Orban <\/strong>prezire <strong>demokratiju <\/strong>i <strong>vladavinu prava<\/strong>. Ako se sumnja potvrdi, to bi bio skandalozan napad na Evropski parlament.&#8221;<\/p>\n\n\n\n<p>Frojnd i nevladina organizacija zatra\u017eili su od tu\u017eilaca da pokrenu istragu kako bi razjasnili &#8220;\u010dinjenice slu\u010daja&#8221; kroz istra\u017ene mere, uklju\u010duju\u0107i ispitivanje svedoka i sprovo\u0111enje nezavisne forenzi\u010dke analize.<\/p>\n\n\n\n<p>Ma\u0111arska vlada nije odgovorila na zahtev za komentar u vreme objavljivanja.<\/p>\n\n\n\n<p>Ako je ure\u0111aj zara\u017een \u0161pijunskim softverom, napada\u010di mogu pristupiti svim sa\u010duvanim podacima i komunikacijama. Tako\u0111e mogu aktivirati kameru i mikrofon da bi prislu\u0161kivali razgovore.<\/p>\n\n\n\n<p>Frojnd je bio jedan od klju\u010dnih igra\u010da koji se uspe\u0161no zalagao za zamrzavanje sredstava <strong>EU <\/strong>za <strong>Ma\u0111arsku<\/strong>. Tako\u0111e je predvodio inicijativu za <strong>suspenziju ma\u0111arskog predsedavanja <\/strong>Savetom EU pro\u0161le godine.<\/p>","protected":false},"excerpt":{"rendered":"<p>Jedan od najotvorenijih kriti\u010dara Ma\u0111arske u Briselu podnio je krivi\u010dnu prijavu protiv ma\u0111arskog premijera Viktora Orbana nakon neuspjelog poku\u0161aja hakovanja njegovog imejl naloga kori\u0161\u0107enjem \u0161pijunskog softvera uo\u010di izbora za Evropski parlament.<\/p>","protected":false},"author":1,"featured_media":958016,"comment_status":"open","ping_status":"open","sticky":false,"template":"","format":"standard","meta":{"_acf_changed":false,"footnotes":""},"categories":[144],"tags":[11430,10255,1844],"naslovna":[],"class_list":["post-958015","post","type-post","status-publish","format-standard","has-post-thumbnail","hentry","category-svijet","tag-danijel-frojnd","tag-evropski-parlament","tag-viktor-orban"],"acf":[],"yoast_head":"<!-- This site is optimized with the Yoast SEO plugin v27.0 - https:\/\/yoast.com\/product\/yoast-seo-wordpress\/ -->\n<title>Podnijeta krivi\u010dna prijava protiv Orbana - dmcsrb.com<\/title>\n<meta name=\"robots\" content=\"index, follow, max-snippet:-1, max-image-preview:large, max-video-preview:-1\" \/>\n<link rel=\"canonical\" href=\"https:\/\/dmcsrb.com\/en\/svijet\/podnijeta-krivicna-prijava-protiv-orbana\/\" \/>\n<meta property=\"og:locale\" content=\"en_GB\" \/>\n<meta property=\"og:type\" content=\"article\" \/>\n<meta property=\"og:title\" content=\"Podnijeta krivi\u010dna prijava protiv Orbana - dmcsrb.com\" \/>\n<meta property=\"og:description\" content=\"Jedan od najotvorenijih kriti\u010dara Ma\u0111arske u Briselu podnio je krivi\u010dnu prijavu protiv ma\u0111arskog premijera Viktora Orbana nakon neuspjelog poku\u0161aja hakovanja njegovog imejl naloga kori\u0161\u0107enjem \u0161pijunskog softvera uo\u010di izbora za Evropski parlament.\" \/>\n<meta property=\"og:url\" content=\"https:\/\/dmcsrb.com\/en\/svijet\/podnijeta-krivicna-prijava-protiv-orbana\/\" \/>\n<meta property=\"og:site_name\" content=\"dmcsrb.com\" \/>\n<meta property=\"article:published_time\" content=\"2025-10-15T18:05:00+00:00\" \/>\n<meta property=\"og:image\" content=\"https:\/\/dmcsrb.com\/wp-content\/uploads\/2026\/01\/Viktor-Orban.webp\" \/>\n\t<meta property=\"og:image:width\" content=\"1000\" \/>\n\t<meta property=\"og:image:height\" content=\"660\" \/>\n\t<meta property=\"og:image:type\" content=\"image\/webp\" \/>\n<meta name=\"author\" content=\"dmcsrbija.com@gmail.com\" \/>\n<meta name=\"twitter:card\" content=\"summary_large_image\" \/>\n<meta name=\"twitter:label1\" content=\"Written by\" \/>\n\t<meta name=\"twitter:data1\" content=\"dmcsrbija.com@gmail.com\" \/>\n\t<meta name=\"twitter:label2\" content=\"Estimated reading time\" \/>\n\t<meta name=\"twitter:data2\" content=\"2 minutes\" \/>\n<script type=\"application\/ld+json\" class=\"yoast-schema-graph\">{\"@context\":\"https:\/\/schema.org\",\"@graph\":[{\"@type\":\"Article\",\"@id\":\"https:\/\/dmcsrb.com\/svijet\/podnijeta-krivicna-prijava-protiv-orbana\/#article\",\"isPartOf\":{\"@id\":\"https:\/\/dmcsrb.com\/svijet\/podnijeta-krivicna-prijava-protiv-orbana\/\"},\"author\":{\"name\":\"dmcsrbija.com@gmail.com\",\"@id\":\"https:\/\/dmcsrb.com\/#\/schema\/person\/5c39170f12db1b8b457732d0b5c854e2\"},\"headline\":\"Podnijeta krivi\u010dna prijava protiv Orbana\",\"datePublished\":\"2025-10-15T18:05:00+00:00\",\"mainEntityOfPage\":{\"@id\":\"https:\/\/dmcsrb.com\/svijet\/podnijeta-krivicna-prijava-protiv-orbana\/\"},\"wordCount\":342,\"commentCount\":0,\"image\":{\"@id\":\"https:\/\/dmcsrb.com\/svijet\/podnijeta-krivicna-prijava-protiv-orbana\/#primaryimage\"},\"thumbnailUrl\":\"https:\/\/dmcsrb.com\/wp-content\/uploads\/2026\/01\/Viktor-Orban.webp\",\"keywords\":[\"Danijel Frojnd\",\"Evropski parlament\",\"Viktor Orban\"],\"articleSection\":[\"Svijet\"],\"inLanguage\":\"en-GB\",\"potentialAction\":[{\"@type\":\"CommentAction\",\"name\":\"Comment\",\"target\":[\"https:\/\/dmcsrb.com\/svijet\/podnijeta-krivicna-prijava-protiv-orbana\/#respond\"]}]},{\"@type\":\"WebPage\",\"@id\":\"https:\/\/dmcsrb.com\/svijet\/podnijeta-krivicna-prijava-protiv-orbana\/\",\"url\":\"https:\/\/dmcsrb.com\/svijet\/podnijeta-krivicna-prijava-protiv-orbana\/\",\"name\":\"Podnijeta krivi\u010dna prijava protiv Orbana - dmcsrb.com\",\"isPartOf\":{\"@id\":\"https:\/\/dmcsrb.com\/#website\"},\"primaryImageOfPage\":{\"@id\":\"https:\/\/dmcsrb.com\/svijet\/podnijeta-krivicna-prijava-protiv-orbana\/#primaryimage\"},\"image\":{\"@id\":\"https:\/\/dmcsrb.com\/svijet\/podnijeta-krivicna-prijava-protiv-orbana\/#primaryimage\"},\"thumbnailUrl\":\"https:\/\/dmcsrb.com\/wp-content\/uploads\/2026\/01\/Viktor-Orban.webp\",\"datePublished\":\"2025-10-15T18:05:00+00:00\",\"author\":{\"@id\":\"https:\/\/dmcsrb.com\/#\/schema\/person\/5c39170f12db1b8b457732d0b5c854e2\"},\"breadcrumb\":{\"@id\":\"https:\/\/dmcsrb.com\/svijet\/podnijeta-krivicna-prijava-protiv-orbana\/#breadcrumb\"},\"inLanguage\":\"en-GB\",\"potentialAction\":[{\"@type\":\"ReadAction\",\"target\":[\"https:\/\/dmcsrb.com\/svijet\/podnijeta-krivicna-prijava-protiv-orbana\/\"]}]},{\"@type\":\"ImageObject\",\"inLanguage\":\"en-GB\",\"@id\":\"https:\/\/dmcsrb.com\/svijet\/podnijeta-krivicna-prijava-protiv-orbana\/#primaryimage\",\"url\":\"https:\/\/dmcsrb.com\/wp-content\/uploads\/2026\/01\/Viktor-Orban.webp\",\"contentUrl\":\"https:\/\/dmcsrb.com\/wp-content\/uploads\/2026\/01\/Viktor-Orban.webp\",\"width\":1000,\"height\":660},{\"@type\":\"BreadcrumbList\",\"@id\":\"https:\/\/dmcsrb.com\/svijet\/podnijeta-krivicna-prijava-protiv-orbana\/#breadcrumb\",\"itemListElement\":[{\"@type\":\"ListItem\",\"position\":1,\"name\":\"Home\",\"item\":\"https:\/\/dmcsrb.com\/\"},{\"@type\":\"ListItem\",\"position\":2,\"name\":\"Podnijeta krivi\u010dna prijava protiv Orbana\"}]},{\"@type\":\"WebSite\",\"@id\":\"https:\/\/dmcsrb.com\/#website\",\"url\":\"https:\/\/dmcsrb.com\/\",\"name\":\"dmcsrb.com\",\"description\":\"\",\"potentialAction\":[{\"@type\":\"SearchAction\",\"target\":{\"@type\":\"EntryPoint\",\"urlTemplate\":\"https:\/\/dmcsrb.com\/?s={search_term_string}\"},\"query-input\":{\"@type\":\"PropertyValueSpecification\",\"valueRequired\":true,\"valueName\":\"search_term_string\"}}],\"inLanguage\":\"en-GB\"},{\"@type\":\"Person\",\"@id\":\"https:\/\/dmcsrb.com\/#\/schema\/person\/5c39170f12db1b8b457732d0b5c854e2\",\"name\":\"dmcsrbija.com@gmail.com\",\"image\":{\"@type\":\"ImageObject\",\"inLanguage\":\"en-GB\",\"@id\":\"https:\/\/dmcsrb.com\/#\/schema\/person\/image\/\",\"url\":\"https:\/\/secure.gravatar.com\/avatar\/68592660ad6347fad0fb587f8d5d8f1a7b44961362f56e4f2cd524feb87e9069?s=96&d=mm&r=g\",\"contentUrl\":\"https:\/\/secure.gravatar.com\/avatar\/68592660ad6347fad0fb587f8d5d8f1a7b44961362f56e4f2cd524feb87e9069?s=96&d=mm&r=g\",\"caption\":\"dmcsrbija.com@gmail.com\"},\"sameAs\":[\"https:\/\/dmcsrb.com\"],\"url\":\"https:\/\/dmcsrb.com\/en\/author\/dmcsrbija-comgmail-com\/\"}]}<\/script>\n<!-- \/ Yoast SEO plugin. -->","yoast_head_json":{"title":"Podnijeta krivi\u010dna prijava protiv Orbana - dmcsrb.com","robots":{"index":"index","follow":"follow","max-snippet":"max-snippet:-1","max-image-preview":"max-image-preview:large","max-video-preview":"max-video-preview:-1"},"canonical":"https:\/\/dmcsrb.com\/en\/svijet\/podnijeta-krivicna-prijava-protiv-orbana\/","og_locale":"en_GB","og_type":"article","og_title":"Podnijeta krivi\u010dna prijava protiv Orbana - dmcsrb.com","og_description":"Jedan od najotvorenijih kriti\u010dara Ma\u0111arske u Briselu podnio je krivi\u010dnu prijavu protiv ma\u0111arskog premijera Viktora Orbana nakon neuspjelog poku\u0161aja hakovanja njegovog imejl naloga kori\u0161\u0107enjem \u0161pijunskog softvera uo\u010di izbora za Evropski parlament.","og_url":"https:\/\/dmcsrb.com\/en\/svijet\/podnijeta-krivicna-prijava-protiv-orbana\/","og_site_name":"dmcsrb.com","article_published_time":"2025-10-15T18:05:00+00:00","og_image":[{"width":1000,"height":660,"url":"https:\/\/dmcsrb.com\/wp-content\/uploads\/2026\/01\/Viktor-Orban.webp","type":"image\/webp"}],"author":"dmcsrbija.com@gmail.com","twitter_card":"summary_large_image","twitter_misc":{"Written by":"dmcsrbija.com@gmail.com","Estimated reading time":"2 minutes"},"schema":{"@context":"https:\/\/schema.org","@graph":[{"@type":"Article","@id":"https:\/\/dmcsrb.com\/svijet\/podnijeta-krivicna-prijava-protiv-orbana\/#article","isPartOf":{"@id":"https:\/\/dmcsrb.com\/svijet\/podnijeta-krivicna-prijava-protiv-orbana\/"},"author":{"name":"dmcsrbija.com@gmail.com","@id":"https:\/\/dmcsrb.com\/#\/schema\/person\/5c39170f12db1b8b457732d0b5c854e2"},"headline":"Podnijeta krivi\u010dna prijava protiv Orbana","datePublished":"2025-10-15T18:05:00+00:00","mainEntityOfPage":{"@id":"https:\/\/dmcsrb.com\/svijet\/podnijeta-krivicna-prijava-protiv-orbana\/"},"wordCount":342,"commentCount":0,"image":{"@id":"https:\/\/dmcsrb.com\/svijet\/podnijeta-krivicna-prijava-protiv-orbana\/#primaryimage"},"thumbnailUrl":"https:\/\/dmcsrb.com\/wp-content\/uploads\/2026\/01\/Viktor-Orban.webp","keywords":["Danijel Frojnd","Evropski parlament","Viktor Orban"],"articleSection":["Svijet"],"inLanguage":"en-GB","potentialAction":[{"@type":"CommentAction","name":"Comment","target":["https:\/\/dmcsrb.com\/svijet\/podnijeta-krivicna-prijava-protiv-orbana\/#respond"]}]},{"@type":"WebPage","@id":"https:\/\/dmcsrb.com\/svijet\/podnijeta-krivicna-prijava-protiv-orbana\/","url":"https:\/\/dmcsrb.com\/svijet\/podnijeta-krivicna-prijava-protiv-orbana\/","name":"Podnijeta krivi\u010dna prijava protiv Orbana - dmcsrb.com","isPartOf":{"@id":"https:\/\/dmcsrb.com\/#website"},"primaryImageOfPage":{"@id":"https:\/\/dmcsrb.com\/svijet\/podnijeta-krivicna-prijava-protiv-orbana\/#primaryimage"},"image":{"@id":"https:\/\/dmcsrb.com\/svijet\/podnijeta-krivicna-prijava-protiv-orbana\/#primaryimage"},"thumbnailUrl":"https:\/\/dmcsrb.com\/wp-content\/uploads\/2026\/01\/Viktor-Orban.webp","datePublished":"2025-10-15T18:05:00+00:00","author":{"@id":"https:\/\/dmcsrb.com\/#\/schema\/person\/5c39170f12db1b8b457732d0b5c854e2"},"breadcrumb":{"@id":"https:\/\/dmcsrb.com\/svijet\/podnijeta-krivicna-prijava-protiv-orbana\/#breadcrumb"},"inLanguage":"en-GB","potentialAction":[{"@type":"ReadAction","target":["https:\/\/dmcsrb.com\/svijet\/podnijeta-krivicna-prijava-protiv-orbana\/"]}]},{"@type":"ImageObject","inLanguage":"en-GB","@id":"https:\/\/dmcsrb.com\/svijet\/podnijeta-krivicna-prijava-protiv-orbana\/#primaryimage","url":"https:\/\/dmcsrb.com\/wp-content\/uploads\/2026\/01\/Viktor-Orban.webp","contentUrl":"https:\/\/dmcsrb.com\/wp-content\/uploads\/2026\/01\/Viktor-Orban.webp","width":1000,"height":660},{"@type":"BreadcrumbList","@id":"https:\/\/dmcsrb.com\/svijet\/podnijeta-krivicna-prijava-protiv-orbana\/#breadcrumb","itemListElement":[{"@type":"ListItem","position":1,"name":"Home","item":"https:\/\/dmcsrb.com\/"},{"@type":"ListItem","position":2,"name":"Podnijeta krivi\u010dna prijava protiv Orbana"}]},{"@type":"WebSite","@id":"https:\/\/dmcsrb.com\/#website","url":"https:\/\/dmcsrb.com\/","name":"dmcsrb.com","description":"","potentialAction":[{"@type":"SearchAction","target":{"@type":"EntryPoint","urlTemplate":"https:\/\/dmcsrb.com\/?s={search_term_string}"},"query-input":{"@type":"PropertyValueSpecification","valueRequired":true,"valueName":"search_term_string"}}],"inLanguage":"en-GB"},{"@type":"Person","@id":"https:\/\/dmcsrb.com\/#\/schema\/person\/5c39170f12db1b8b457732d0b5c854e2","name":"dmcsrbija.com@gmail.com","image":{"@type":"ImageObject","inLanguage":"en-GB","@id":"https:\/\/dmcsrb.com\/#\/schema\/person\/image\/","url":"https:\/\/secure.gravatar.com\/avatar\/68592660ad6347fad0fb587f8d5d8f1a7b44961362f56e4f2cd524feb87e9069?s=96&d=mm&r=g","contentUrl":"https:\/\/secure.gravatar.com\/avatar\/68592660ad6347fad0fb587f8d5d8f1a7b44961362f56e4f2cd524feb87e9069?s=96&d=mm&r=g","caption":"dmcsrbija.com@gmail.com"},"sameAs":["https:\/\/dmcsrb.com"],"url":"https:\/\/dmcsrb.com\/en\/author\/dmcsrbija-comgmail-com\/"}]}},"_links":{"self":[{"href":"https:\/\/dmcsrb.com\/en\/wp-json\/wp\/v2\/posts\/958015","targetHints":{"allow":["GET"]}}],"collection":[{"href":"https:\/\/dmcsrb.com\/en\/wp-json\/wp\/v2\/posts"}],"about":[{"href":"https:\/\/dmcsrb.com\/en\/wp-json\/wp\/v2\/types\/post"}],"author":[{"embeddable":true,"href":"https:\/\/dmcsrb.com\/en\/wp-json\/wp\/v2\/users\/1"}],"replies":[{"embeddable":true,"href":"https:\/\/dmcsrb.com\/en\/wp-json\/wp\/v2\/comments?post=958015"}],"version-history":[{"count":0,"href":"https:\/\/dmcsrb.com\/en\/wp-json\/wp\/v2\/posts\/958015\/revisions"}],"wp:featuredmedia":[{"embeddable":true,"href":"https:\/\/dmcsrb.com\/en\/wp-json\/wp\/v2\/media\/958016"}],"wp:attachment":[{"href":"https:\/\/dmcsrb.com\/en\/wp-json\/wp\/v2\/media?parent=958015"}],"wp:term":[{"taxonomy":"category","embeddable":true,"href":"https:\/\/dmcsrb.com\/en\/wp-json\/wp\/v2\/categories?post=958015"},{"taxonomy":"post_tag","embeddable":true,"href":"https:\/\/dmcsrb.com\/en\/wp-json\/wp\/v2\/tags?post=958015"},{"taxonomy":"naslovna","embeddable":true,"href":"https:\/\/dmcsrb.com\/en\/wp-json\/wp\/v2\/naslovna?post=958015"}],"curies":[{"name":"wp","href":"https:\/\/api.w.org\/{rel}","templated":true}]}}