{"id":958008,"date":"2025-10-15T17:26:00","date_gmt":"2025-10-15T15:26:00","guid":{"rendered":"https:\/\/dmcsrb.com\/uncategorized\/siguran-pocetak-lavice-rutinirale-portugal-u-podgorici\/"},"modified":"2025-10-15T17:26:00","modified_gmt":"2025-10-15T15:26:00","slug":"siguran-pocetak-lavice-rutinirale-portugal-u-podgorici","status":"publish","type":"post","link":"https:\/\/dmcsrb.com\/en\/sport\/siguran-pocetak-lavice-rutinirale-portugal-u-podgorici\/","title":{"rendered":"Siguran po\u010detak: &#8220;Lavice&#8221; rutinirale Portugal u Podgorici"},"content":{"rendered":"<p>Izabranice Suzane Lazovi\u0107 savladale su lako i ubjedljivo selekciju Portugala 29:22 (17:11) u prvom kolu grupe 4 kvalifikacija za EHF Euro 2026.<\/p>\n\n\n\n<p>&#8220;Lavice&#8221; su tako tre\u0107i put u nizu iza\u0161le kao pobjednice protiv dana\u0161anjeg rivala, nakon \u0161to su prethodno dva puta bile bolje u kvalifikacijama za Svjetsko prvenstvo. <\/p>\n\n\n\n<p>Portugalke su hrabro u\u0161le u me\u010d, imale su po gol vi\u0161ka u tri navrata (1:0, 2:1 i 3:2), a onda su na\u0161e djevojke golovima Tatjane Brnovi\u0107 i raspolo\u017eene Dijane Trivi\u0107 iz kontre poslije ukradene lopte prvi put pre\u0161le u vo\u0111stvo &#8211; 4:3 u sedmom minutu utakmice.<\/p>\n\n\n\n<figure class=\"wp-block-image size-large\"><img decoding=\"async\" src=\"https:\/\/gradski.me\/wp-content\/uploads\/2025\/10\/Tanja-Brnovic-protiv-Portugala-MatchLens-1024x682.jpg\" alt=\"\" class=\"wp-image-852076\"\/><figcaption class=\"wp-element-caption\">Foto: MatchLens<\/figcaption><\/figure>\n\n\n\n<p>Tre\u0107im golom Trivi\u0107 na me\u010du, prvim sa penala, bilo je 7:4 u korist Crne Gore, ali su go\u0161\u0107e mini serijom 2:0 pri\u0161le na samo gol zaostatka &#8211; 7:6. <\/p>\n\n\n\n<p>U 20. minutu Marija Marseni\u0107 je na golu zamijenila Armel Atingre i upisala dvije sjajne odbrane, koje su dale dodatni motiv njenim saigra\u010dicama rema naprijed, te su na krilima kapitenke \u0110ine Jaukovi\u0107 i Katarine D\u017eaferovi\u0107 na veliki odmor oti\u0161le sa maksimalnih plus \u0161est (u prvom dijelu igre) &#8211; 17:11.<\/p>\n\n\n\n<figure class=\"wp-block-embed is-type-rich is-provider-twitter wp-block-embed-twitter\"><div class=\"wp-block-embed__wrapper\">\n<blockquote class=\"twitter-tweet\" data-width=\"500\" data-dnt=\"true\"><p lang=\"en\" dir=\"ltr\">Remember the name: \ud835\udc0c\ud835\udc1a\ud835\udc2b\ud835\udc22\ud835\udc23\ud835\udc1a \ud835\udc0c\ud835\udc1a\ud835\udc2b\ud835\udc2c\ud835\udc1e\ud835\udc27\ud835\udc22\ud835\udc1c! \ud83c\uddf2\ud83c\uddea<a href=\"https:\/\/twitter.com\/hashtag\/ehfeuro2026?src=hash&amp;ref_src=twsrc%5Etfw\">#ehfeuro2026<\/a> <a href=\"https:\/\/twitter.com\/hashtag\/behere?src=hash&amp;ref_src=twsrc%5Etfw\">#behere<\/a> <a href=\"https:\/\/t.co\/GduTFSUHuI\">pic.twitter.com\/GduTFSUHuI<\/a><\/p>&mdash; EHF EURO (@EHFEURO) <a href=\"https:\/\/twitter.com\/EHFEURO\/status\/1978501627142094862?ref_src=twsrc%5Etfw\">October 15, 2025<\/a><\/blockquote><script async src=\"https:\/\/platform.twitter.com\/widgets.js\" charset=\"utf-8\"><\/script>\n<\/div><\/figure>\n\n\n\n<p>Na poluvremenu publika u &#8220;Bemas areni&#8221; pozdravila je na\u0161e bronzane djevojke (kadetkinje) koje su na nedavnom Evropskom prvenstvu za igra\u010dice do 17 godina u Podgorici osvojile tre\u0107e mjesto. <\/p>\n\n\n\n<p>Nakon dva vezana gola Matee Pletikosi\u0107, na\u0161 nacionalni tim se odlijepio na plus sedam &#8211; 21:14. Ipak, Portugalke su brzo odgovorile serijom 3:0 i smanjile zaostatak na 21:17. Crna Gora je tada odbila nalet rivala i uzvratila serijom 4:1, kojom je ponovo stigla do sedam golova prednosti \u2013 25:18. Time je sredinom drugog poluvremena prakti\u010dno otklonjena svaka dilema oko pobjednika, ukoliko je uop\u0161te i postojala.<\/p>\n\n\n\n<figure class=\"wp-block-image size-large\"><img decoding=\"async\" src=\"https:\/\/gradski.me\/wp-content\/uploads\/2025\/10\/Dijana-Trivic-MatchLens-1024x682.jpg\" alt=\"\" class=\"wp-image-852081\"\/><figcaption class=\"wp-element-caption\">Foto: MatchLens<\/figcaption><\/figure>\n\n\n\n<p>U samom fini\u0161u Lazovi\u0107 je dala \u0161ansu prakti\u010dno svim igra\u010dicama, a seniorski debi upisalu su Natalija Leki\u0107 i Elena Mitrovi\u0107.<\/p>\n\n\n\n<p>Najefikasnija u na\u0161em sastavu bila je \u0110ur\u0111ina Jaukovi\u0107 sa osam golova. Dijana Trivi\u0107 dodala je \u0161est, Katarina D\u017eaferovi\u0107 i Matea Pletikosi\u0107 postigle su po pet.. Tatjana Brnovi\u0107 tri puta je zatresla protivni\u010dku mre\u017eu, a Jelena Vuk\u010devi\u0107 dva. <\/p>\n\n\n\n<p>Marija Mareni\u0107 je upisala devet odbrana, Armel Atingre tri.<\/p>\n\n\n\n<p>Na drugoj strani istakla se Karmen Figeiredo sa \u0161est golova (sve u prvom poluvremenu).<\/p>\n\n\n\n<p>Crna Gora \u0107e ve\u0107 za tri dana (subota, 20h) gostovati Farskim Ostrvima u Tor\u0161avnu, a u grupi je jo\u0161 Island. <\/p>\n\n\n\n<p>Dvije prvoplasirane selekcije iz svih grupa, kao i najbolje \u010detiri tre\u0107eplasirane selekcije izbori\u0107e plasman na Euro.<\/p>","protected":false},"excerpt":{"rendered":"<p>Rukometa\u0161ice Crne Gore uspje\u0161no su zapo\u010dele kvalifikacije za Evropsko prvenstvo.<\/p>","protected":false},"author":1,"featured_media":908779,"comment_status":"open","ping_status":"open","sticky":false,"template":"","format":"standard","meta":{"_acf_changed":false,"footnotes":""},"categories":[148],"tags":[11351,259,10589],"naslovna":[],"class_list":["post-958008","post","type-post","status-publish","format-standard","has-post-thumbnail","hentry","category-sport","tag-kvalifikacije-za-ehf-euro-2026","tag-zenska-rukometna-reprezentacija-crne-gore","tag-zenska-rukometna-reprezentacija-portugala"],"acf":[],"yoast_head":"<!-- This site is optimized with the Yoast SEO plugin v27.4 - https:\/\/yoast.com\/product\/yoast-seo-wordpress\/ -->\n<title>Siguran po\u010detak: &quot;Lavice&quot; rutinirale Portugal u Podgorici - dmcsrb.com<\/title>\n<meta name=\"robots\" content=\"index, follow, max-snippet:-1, max-image-preview:large, max-video-preview:-1\" \/>\n<link rel=\"canonical\" href=\"https:\/\/dmcsrb.com\/en\/sport\/siguran-pocetak-lavice-rutinirale-portugal-u-podgorici\/\" \/>\n<meta property=\"og:locale\" content=\"en_GB\" \/>\n<meta property=\"og:type\" content=\"article\" \/>\n<meta property=\"og:title\" content=\"Siguran po\u010detak: &quot;Lavice&quot; rutinirale Portugal u Podgorici - dmcsrb.com\" \/>\n<meta property=\"og:description\" content=\"Rukometa\u0161ice Crne Gore uspje\u0161no su zapo\u010dele kvalifikacije za Evropsko prvenstvo.\" \/>\n<meta property=\"og:url\" content=\"https:\/\/dmcsrb.com\/en\/sport\/siguran-pocetak-lavice-rutinirale-portugal-u-podgorici\/\" \/>\n<meta property=\"og:site_name\" content=\"dmcsrb.com\" \/>\n<meta property=\"article:published_time\" content=\"2025-10-15T15:26:00+00:00\" \/>\n<meta property=\"og:image\" content=\"https:\/\/dmcsrb.com\/wp-content\/uploads\/2026\/01\/DJina-Jaukovic-MatchLens.jpg\" \/>\n\t<meta property=\"og:image:width\" content=\"1440\" \/>\n\t<meta property=\"og:image:height\" content=\"959\" \/>\n\t<meta property=\"og:image:type\" content=\"image\/jpeg\" \/>\n<meta name=\"author\" content=\"dmcsrbija.com@gmail.com\" \/>\n<meta name=\"twitter:card\" content=\"summary_large_image\" \/>\n<meta name=\"twitter:label1\" content=\"Written by\" \/>\n\t<meta name=\"twitter:data1\" content=\"dmcsrbija.com@gmail.com\" \/>\n\t<meta name=\"twitter:label2\" content=\"Estimated reading time\" \/>\n\t<meta name=\"twitter:data2\" content=\"2 minutes\" \/>\n<script type=\"application\/ld+json\" class=\"yoast-schema-graph\">{\"@context\":\"https:\\\/\\\/schema.org\",\"@graph\":[{\"@type\":\"Article\",\"@id\":\"https:\\\/\\\/dmcsrb.com\\\/sport\\\/siguran-pocetak-lavice-rutinirale-portugal-u-podgorici\\\/#article\",\"isPartOf\":{\"@id\":\"https:\\\/\\\/dmcsrb.com\\\/sport\\\/siguran-pocetak-lavice-rutinirale-portugal-u-podgorici\\\/\"},\"author\":{\"name\":\"dmcsrbija.com@gmail.com\",\"@id\":\"https:\\\/\\\/dmcsrb.com\\\/#\\\/schema\\\/person\\\/5c39170f12db1b8b457732d0b5c854e2\"},\"headline\":\"Siguran po\u010detak: &#8220;Lavice&#8221; rutinirale Portugal u Podgorici\",\"datePublished\":\"2025-10-15T15:26:00+00:00\",\"mainEntityOfPage\":{\"@id\":\"https:\\\/\\\/dmcsrb.com\\\/sport\\\/siguran-pocetak-lavice-rutinirale-portugal-u-podgorici\\\/\"},\"wordCount\":410,\"commentCount\":0,\"image\":{\"@id\":\"https:\\\/\\\/dmcsrb.com\\\/sport\\\/siguran-pocetak-lavice-rutinirale-portugal-u-podgorici\\\/#primaryimage\"},\"thumbnailUrl\":\"https:\\\/\\\/dmcsrb.com\\\/wp-content\\\/uploads\\\/2026\\\/01\\\/DJina-Jaukovic-MatchLens.jpg\",\"keywords\":[\"kvalifikacije za EHF Euro 2026\",\"\u017denska rukometna reprezentacija Crne Gore\",\"\u017denska rukometna reprezentacija Portugala\"],\"articleSection\":[\"Sport\"],\"inLanguage\":\"en-GB\",\"potentialAction\":[{\"@type\":\"CommentAction\",\"name\":\"Comment\",\"target\":[\"https:\\\/\\\/dmcsrb.com\\\/sport\\\/siguran-pocetak-lavice-rutinirale-portugal-u-podgorici\\\/#respond\"]}]},{\"@type\":\"WebPage\",\"@id\":\"https:\\\/\\\/dmcsrb.com\\\/sport\\\/siguran-pocetak-lavice-rutinirale-portugal-u-podgorici\\\/\",\"url\":\"https:\\\/\\\/dmcsrb.com\\\/sport\\\/siguran-pocetak-lavice-rutinirale-portugal-u-podgorici\\\/\",\"name\":\"Siguran po\u010detak: \\\"Lavice\\\" rutinirale Portugal u Podgorici - dmcsrb.com\",\"isPartOf\":{\"@id\":\"https:\\\/\\\/dmcsrb.com\\\/#website\"},\"primaryImageOfPage\":{\"@id\":\"https:\\\/\\\/dmcsrb.com\\\/sport\\\/siguran-pocetak-lavice-rutinirale-portugal-u-podgorici\\\/#primaryimage\"},\"image\":{\"@id\":\"https:\\\/\\\/dmcsrb.com\\\/sport\\\/siguran-pocetak-lavice-rutinirale-portugal-u-podgorici\\\/#primaryimage\"},\"thumbnailUrl\":\"https:\\\/\\\/dmcsrb.com\\\/wp-content\\\/uploads\\\/2026\\\/01\\\/DJina-Jaukovic-MatchLens.jpg\",\"datePublished\":\"2025-10-15T15:26:00+00:00\",\"author\":{\"@id\":\"https:\\\/\\\/dmcsrb.com\\\/#\\\/schema\\\/person\\\/5c39170f12db1b8b457732d0b5c854e2\"},\"breadcrumb\":{\"@id\":\"https:\\\/\\\/dmcsrb.com\\\/sport\\\/siguran-pocetak-lavice-rutinirale-portugal-u-podgorici\\\/#breadcrumb\"},\"inLanguage\":\"en-GB\",\"potentialAction\":[{\"@type\":\"ReadAction\",\"target\":[\"https:\\\/\\\/dmcsrb.com\\\/sport\\\/siguran-pocetak-lavice-rutinirale-portugal-u-podgorici\\\/\"]}]},{\"@type\":\"ImageObject\",\"inLanguage\":\"en-GB\",\"@id\":\"https:\\\/\\\/dmcsrb.com\\\/sport\\\/siguran-pocetak-lavice-rutinirale-portugal-u-podgorici\\\/#primaryimage\",\"url\":\"https:\\\/\\\/dmcsrb.com\\\/wp-content\\\/uploads\\\/2026\\\/01\\\/DJina-Jaukovic-MatchLens.jpg\",\"contentUrl\":\"https:\\\/\\\/dmcsrb.com\\\/wp-content\\\/uploads\\\/2026\\\/01\\\/DJina-Jaukovic-MatchLens.jpg\",\"width\":1440,\"height\":959},{\"@type\":\"BreadcrumbList\",\"@id\":\"https:\\\/\\\/dmcsrb.com\\\/sport\\\/siguran-pocetak-lavice-rutinirale-portugal-u-podgorici\\\/#breadcrumb\",\"itemListElement\":[{\"@type\":\"ListItem\",\"position\":1,\"name\":\"Home\",\"item\":\"https:\\\/\\\/dmcsrb.com\\\/\"},{\"@type\":\"ListItem\",\"position\":2,\"name\":\"Siguran po\u010detak: &#8220;Lavice&#8221; rutinirale Portugal u Podgorici\"}]},{\"@type\":\"WebSite\",\"@id\":\"https:\\\/\\\/dmcsrb.com\\\/#website\",\"url\":\"https:\\\/\\\/dmcsrb.com\\\/\",\"name\":\"dmcsrb.com\",\"description\":\"\",\"potentialAction\":[{\"@type\":\"SearchAction\",\"target\":{\"@type\":\"EntryPoint\",\"urlTemplate\":\"https:\\\/\\\/dmcsrb.com\\\/?s={search_term_string}\"},\"query-input\":{\"@type\":\"PropertyValueSpecification\",\"valueRequired\":true,\"valueName\":\"search_term_string\"}}],\"inLanguage\":\"en-GB\"},{\"@type\":\"Person\",\"@id\":\"https:\\\/\\\/dmcsrb.com\\\/#\\\/schema\\\/person\\\/5c39170f12db1b8b457732d0b5c854e2\",\"name\":\"dmcsrbija.com@gmail.com\",\"image\":{\"@type\":\"ImageObject\",\"inLanguage\":\"en-GB\",\"@id\":\"https:\\\/\\\/secure.gravatar.com\\\/avatar\\\/68592660ad6347fad0fb587f8d5d8f1a7b44961362f56e4f2cd524feb87e9069?s=96&d=mm&r=g\",\"url\":\"https:\\\/\\\/secure.gravatar.com\\\/avatar\\\/68592660ad6347fad0fb587f8d5d8f1a7b44961362f56e4f2cd524feb87e9069?s=96&d=mm&r=g\",\"contentUrl\":\"https:\\\/\\\/secure.gravatar.com\\\/avatar\\\/68592660ad6347fad0fb587f8d5d8f1a7b44961362f56e4f2cd524feb87e9069?s=96&d=mm&r=g\",\"caption\":\"dmcsrbija.com@gmail.com\"},\"sameAs\":[\"https:\\\/\\\/dmcsrb.com\"],\"url\":\"https:\\\/\\\/dmcsrb.com\\\/en\\\/author\\\/dmcsrbija-comgmail-com\\\/\"}]}<\/script>\n<!-- \/ Yoast SEO plugin. -->","yoast_head_json":{"title":"Siguran po\u010detak: \"Lavice\" rutinirale Portugal u Podgorici - dmcsrb.com","robots":{"index":"index","follow":"follow","max-snippet":"max-snippet:-1","max-image-preview":"max-image-preview:large","max-video-preview":"max-video-preview:-1"},"canonical":"https:\/\/dmcsrb.com\/en\/sport\/siguran-pocetak-lavice-rutinirale-portugal-u-podgorici\/","og_locale":"en_GB","og_type":"article","og_title":"Siguran po\u010detak: \"Lavice\" rutinirale Portugal u Podgorici - dmcsrb.com","og_description":"Rukometa\u0161ice Crne Gore uspje\u0161no su zapo\u010dele kvalifikacije za Evropsko prvenstvo.","og_url":"https:\/\/dmcsrb.com\/en\/sport\/siguran-pocetak-lavice-rutinirale-portugal-u-podgorici\/","og_site_name":"dmcsrb.com","article_published_time":"2025-10-15T15:26:00+00:00","og_image":[{"width":1440,"height":959,"url":"https:\/\/dmcsrb.com\/wp-content\/uploads\/2026\/01\/DJina-Jaukovic-MatchLens.jpg","type":"image\/jpeg"}],"author":"dmcsrbija.com@gmail.com","twitter_card":"summary_large_image","twitter_misc":{"Written by":"dmcsrbija.com@gmail.com","Estimated reading time":"2 minutes"},"schema":{"@context":"https:\/\/schema.org","@graph":[{"@type":"Article","@id":"https:\/\/dmcsrb.com\/sport\/siguran-pocetak-lavice-rutinirale-portugal-u-podgorici\/#article","isPartOf":{"@id":"https:\/\/dmcsrb.com\/sport\/siguran-pocetak-lavice-rutinirale-portugal-u-podgorici\/"},"author":{"name":"dmcsrbija.com@gmail.com","@id":"https:\/\/dmcsrb.com\/#\/schema\/person\/5c39170f12db1b8b457732d0b5c854e2"},"headline":"Siguran po\u010detak: &#8220;Lavice&#8221; rutinirale Portugal u Podgorici","datePublished":"2025-10-15T15:26:00+00:00","mainEntityOfPage":{"@id":"https:\/\/dmcsrb.com\/sport\/siguran-pocetak-lavice-rutinirale-portugal-u-podgorici\/"},"wordCount":410,"commentCount":0,"image":{"@id":"https:\/\/dmcsrb.com\/sport\/siguran-pocetak-lavice-rutinirale-portugal-u-podgorici\/#primaryimage"},"thumbnailUrl":"https:\/\/dmcsrb.com\/wp-content\/uploads\/2026\/01\/DJina-Jaukovic-MatchLens.jpg","keywords":["kvalifikacije za EHF Euro 2026","\u017denska rukometna reprezentacija Crne Gore","\u017denska rukometna reprezentacija Portugala"],"articleSection":["Sport"],"inLanguage":"en-GB","potentialAction":[{"@type":"CommentAction","name":"Comment","target":["https:\/\/dmcsrb.com\/sport\/siguran-pocetak-lavice-rutinirale-portugal-u-podgorici\/#respond"]}]},{"@type":"WebPage","@id":"https:\/\/dmcsrb.com\/sport\/siguran-pocetak-lavice-rutinirale-portugal-u-podgorici\/","url":"https:\/\/dmcsrb.com\/sport\/siguran-pocetak-lavice-rutinirale-portugal-u-podgorici\/","name":"Siguran po\u010detak: \"Lavice\" rutinirale Portugal u Podgorici - dmcsrb.com","isPartOf":{"@id":"https:\/\/dmcsrb.com\/#website"},"primaryImageOfPage":{"@id":"https:\/\/dmcsrb.com\/sport\/siguran-pocetak-lavice-rutinirale-portugal-u-podgorici\/#primaryimage"},"image":{"@id":"https:\/\/dmcsrb.com\/sport\/siguran-pocetak-lavice-rutinirale-portugal-u-podgorici\/#primaryimage"},"thumbnailUrl":"https:\/\/dmcsrb.com\/wp-content\/uploads\/2026\/01\/DJina-Jaukovic-MatchLens.jpg","datePublished":"2025-10-15T15:26:00+00:00","author":{"@id":"https:\/\/dmcsrb.com\/#\/schema\/person\/5c39170f12db1b8b457732d0b5c854e2"},"breadcrumb":{"@id":"https:\/\/dmcsrb.com\/sport\/siguran-pocetak-lavice-rutinirale-portugal-u-podgorici\/#breadcrumb"},"inLanguage":"en-GB","potentialAction":[{"@type":"ReadAction","target":["https:\/\/dmcsrb.com\/sport\/siguran-pocetak-lavice-rutinirale-portugal-u-podgorici\/"]}]},{"@type":"ImageObject","inLanguage":"en-GB","@id":"https:\/\/dmcsrb.com\/sport\/siguran-pocetak-lavice-rutinirale-portugal-u-podgorici\/#primaryimage","url":"https:\/\/dmcsrb.com\/wp-content\/uploads\/2026\/01\/DJina-Jaukovic-MatchLens.jpg","contentUrl":"https:\/\/dmcsrb.com\/wp-content\/uploads\/2026\/01\/DJina-Jaukovic-MatchLens.jpg","width":1440,"height":959},{"@type":"BreadcrumbList","@id":"https:\/\/dmcsrb.com\/sport\/siguran-pocetak-lavice-rutinirale-portugal-u-podgorici\/#breadcrumb","itemListElement":[{"@type":"ListItem","position":1,"name":"Home","item":"https:\/\/dmcsrb.com\/"},{"@type":"ListItem","position":2,"name":"Siguran po\u010detak: &#8220;Lavice&#8221; rutinirale Portugal u Podgorici"}]},{"@type":"WebSite","@id":"https:\/\/dmcsrb.com\/#website","url":"https:\/\/dmcsrb.com\/","name":"dmcsrb.com","description":"","potentialAction":[{"@type":"SearchAction","target":{"@type":"EntryPoint","urlTemplate":"https:\/\/dmcsrb.com\/?s={search_term_string}"},"query-input":{"@type":"PropertyValueSpecification","valueRequired":true,"valueName":"search_term_string"}}],"inLanguage":"en-GB"},{"@type":"Person","@id":"https:\/\/dmcsrb.com\/#\/schema\/person\/5c39170f12db1b8b457732d0b5c854e2","name":"dmcsrbija.com@gmail.com","image":{"@type":"ImageObject","inLanguage":"en-GB","@id":"https:\/\/secure.gravatar.com\/avatar\/68592660ad6347fad0fb587f8d5d8f1a7b44961362f56e4f2cd524feb87e9069?s=96&d=mm&r=g","url":"https:\/\/secure.gravatar.com\/avatar\/68592660ad6347fad0fb587f8d5d8f1a7b44961362f56e4f2cd524feb87e9069?s=96&d=mm&r=g","contentUrl":"https:\/\/secure.gravatar.com\/avatar\/68592660ad6347fad0fb587f8d5d8f1a7b44961362f56e4f2cd524feb87e9069?s=96&d=mm&r=g","caption":"dmcsrbija.com@gmail.com"},"sameAs":["https:\/\/dmcsrb.com"],"url":"https:\/\/dmcsrb.com\/en\/author\/dmcsrbija-comgmail-com\/"}]}},"_links":{"self":[{"href":"https:\/\/dmcsrb.com\/en\/wp-json\/wp\/v2\/posts\/958008","targetHints":{"allow":["GET"]}}],"collection":[{"href":"https:\/\/dmcsrb.com\/en\/wp-json\/wp\/v2\/posts"}],"about":[{"href":"https:\/\/dmcsrb.com\/en\/wp-json\/wp\/v2\/types\/post"}],"author":[{"embeddable":true,"href":"https:\/\/dmcsrb.com\/en\/wp-json\/wp\/v2\/users\/1"}],"replies":[{"embeddable":true,"href":"https:\/\/dmcsrb.com\/en\/wp-json\/wp\/v2\/comments?post=958008"}],"version-history":[{"count":0,"href":"https:\/\/dmcsrb.com\/en\/wp-json\/wp\/v2\/posts\/958008\/revisions"}],"wp:featuredmedia":[{"embeddable":true,"href":"https:\/\/dmcsrb.com\/en\/wp-json\/wp\/v2\/media\/908779"}],"wp:attachment":[{"href":"https:\/\/dmcsrb.com\/en\/wp-json\/wp\/v2\/media?parent=958008"}],"wp:term":[{"taxonomy":"category","embeddable":true,"href":"https:\/\/dmcsrb.com\/en\/wp-json\/wp\/v2\/categories?post=958008"},{"taxonomy":"post_tag","embeddable":true,"href":"https:\/\/dmcsrb.com\/en\/wp-json\/wp\/v2\/tags?post=958008"},{"taxonomy":"naslovna","embeddable":true,"href":"https:\/\/dmcsrb.com\/en\/wp-json\/wp\/v2\/naslovna?post=958008"}],"curies":[{"name":"wp","href":"https:\/\/api.w.org\/{rel}","templated":true}]}}