{"id":957910,"date":"2025-10-15T09:43:00","date_gmt":"2025-10-15T07:43:00","guid":{"rendered":"https:\/\/dmcsrb.com\/uncategorized\/rup-podrzao-nicer-evropski-projekat-za-razvoj-sjevera\/"},"modified":"2025-10-15T09:43:00","modified_gmt":"2025-10-15T07:43:00","slug":"rup-podrzao-nicer-evropski-projekat-za-razvoj-sjevera","status":"publish","type":"post","link":"https:\/\/dmcsrb.com\/en\/ekonomija\/rup-podrzao-nicer-evropski-projekat-za-razvoj-sjevera\/","title":{"rendered":"RUP podr\u017eao NICER \u2013 Evropski projekat za razvoj sjevera"},"content":{"rendered":"<p><\/p>\n\n\n\n<p><\/p>\n\n\n\n<p>\u201cZa manje od godinu dana kako je Plan pravedne tranzciije kroz poslovnu transformaciju predstavljen rezultati pokazuju usmjerenost na otvaranje novih i o\u010duvanje postoje\u0107ih radnih mjesta, prekvalifikaciju radne snage i unapre\u0111enje ekonomske aktivnosti. RUP je ovim zapo\u010deo dio aktivnosti, a u budu\u0107nosti se i dalje mora uklju\u010divati u pojekte koji se oslanjanju na kori\u0161\u0107enje zemlji\u0161ta za obnovljive izvore, dekarbonizaciju transporta, digitalizaciju poslovanja i kori\u0161\u0107enje potencijala za drvoprera\u0111iva\u010dku industriju.\u201d, objasnio je Lakovi\u0107.<\/p>\n\n\n\n<figure class=\"wp-block-image\"><a class=\"colorbox\" href=\"https:\/\/www.rupv.me\/sites\/rupv.me\/files\/users\/dijana\/15.10.-sajt.jpg\"><img decoding=\"async\" src=\"https:\/\/www.rupv.me\/sites\/rupv.me\/files\/resize\/users\/dijana\/15.10.-sajt-700x806.jpg\" alt=\"\"\/><\/a><\/figure>\n\n\n\n<p>Izvr\u0161ni direktor istakao je posebno zadovoljstvo \u0161to je na konferenciji predstavljen <em>Northern Investment Compact for Ecology ang Resilience <\/em>(NICER) projekat koji \u0107e omogu\u0107iti&nbsp; da sjever Crne Gore postane model razvoja pravedne i odr\u017eive tranzciije i primjer kako se ekonomija mo\u017ee graditi na o\u010duvanju prirode i otvaranju novih radnih mjesta.<\/p>\n\n\n\n<p>\u201cNadam se da \u0107emo vrlo brzo biti dio ovog projekta \u010dije su glavne komponente program prekvalifikacija kako bi se obezbijedio pravedan prelazak na novu energetsku ekonomiju, modernizacija drvoprerade i ja\u010danje izvozne konkurentnosti sektora, zatim zeleni turizam i razvoj solarnih i vjetroelektrana. Ovaj projekat objedinjuje inovacije, odgovornost prema \u017eivotnoj sredini i otpornost crnogorske ekonomije\u201d, objasnio je Lakovi\u0107.<\/p>\n\n\n\n<p>On je dodao da se nada da \u0107e uklju\u010denost u ovakve projekte omogu\u0107iti finansijsku i eskpertsku podr\u0161ku koja je prijeko potrebna malim ekonomijama kako bi se \u0161to efikasnije sproveo proces pravedne tranzicije. Projekti u okviru Plana RUP-a i Plana za oporavak Pljevalja otvoreni su za sve zainteresovane investitore koji su spremni da ula\u017eu u pravcu odr\u017eivog razvoja i modernizacije lokalne zajednice.<\/p>\n\n\n\n<figure class=\"wp-block-image\"><a class=\"colorbox\" href=\"https:\/\/www.rupv.me\/sites\/rupv.me\/files\/users\/dijana\/15.10.2025-sajt.jpg\"><img decoding=\"async\" src=\"https:\/\/www.rupv.me\/sites\/rupv.me\/files\/resize\/users\/dijana\/15.10.2025-sajt-700x481.jpg\" alt=\"\"\/><\/a><\/figure>\n\n\n\n<p>Govore\u0107i u okviru panela \u201cFinansiranje zelene ekonomije i regionalnog razvoja\u201d dodao je da kao kompanija sa vizijom odr\u017eivosti, planiramo zna\u010dajna ulaganja u obnovljive izvore energije te je, planom predvi\u0111ena izgradnja solarne elektrane nominalnog kapaciteta 81,1 MW za koju je Vlada Crne Gore&nbsp; izdala UT uslove za izradu tehni\u010dke dokumentacije i MHE \u201cDurutovi\u0107i\u201d snage 2,2 megavata.<\/p>\n\n\n\n<p>Investiciona konferencija pokazala je posve\u0107enost crnogorskih kompanija i institucija EU na zajedni\u010dkom djelovanju u budu\u0107nosti s ciljem podsticanja i ostvarivanja odr\u017eivih i inkluzivnih ulaganja u Crnoj Gori uz prisustvo brojnih uglednih investitora, predstavnika delegacije Evropske komsije dr\u017eavnih institucija i diplomtskog kora.&nbsp;<\/p>","protected":false},"excerpt":{"rendered":"<p>Izvr\u0161ni direktor Rudnika uglja Pljevlja (RUP) Nemanja Lakovi\u0107 govore\u0107i na investicionoj konferenciji \u201ePametan rast, zelena budu\u0107nost: Ubrzavanje investicija u Crnoj Gori\u201d, koja se odr\u017eava u Tivtu istakao je da je fokus kompanije na strate\u0161koj i planski orijentisanoj odr\u017eivosti s ciljem diversifikacije poslovanja kroz razvoj razli\u010ditih djelatnosti zasnovanih na zelenim politikama.<\/p>","protected":false},"author":1,"featured_media":957911,"comment_status":"open","ping_status":"open","sticky":false,"template":"","format":"standard","meta":{"_acf_changed":false,"footnotes":""},"categories":[27],"tags":[11387,5462],"naslovna":[],"class_list":["post-957910","post","type-post","status-publish","format-standard","has-post-thumbnail","hentry","category-ekonomija","tag-nicer","tag-rudnik-uglja"],"acf":[],"yoast_head":"<!-- This site is optimized with the Yoast SEO plugin v27.4 - https:\/\/yoast.com\/product\/yoast-seo-wordpress\/ -->\n<title>RUP podr\u017eao NICER \u2013 Evropski projekat za razvoj sjevera - dmcsrb.com<\/title>\n<meta name=\"robots\" content=\"index, follow, max-snippet:-1, max-image-preview:large, max-video-preview:-1\" \/>\n<link rel=\"canonical\" href=\"https:\/\/dmcsrb.com\/en\/ekonomija\/rup-podrzao-nicer-evropski-projekat-za-razvoj-sjevera\/\" \/>\n<meta property=\"og:locale\" content=\"en_GB\" \/>\n<meta property=\"og:type\" content=\"article\" \/>\n<meta property=\"og:title\" content=\"RUP podr\u017eao NICER \u2013 Evropski projekat za razvoj sjevera - dmcsrb.com\" \/>\n<meta property=\"og:description\" content=\"Izvr\u0161ni direktor Rudnika uglja Pljevlja (RUP) Nemanja Lakovi\u0107 govore\u0107i na investicionoj konferenciji \u201ePametan rast, zelena budu\u0107nost: Ubrzavanje investicija u Crnoj Gori\u201d, koja se odr\u017eava u Tivtu istakao je da je fokus kompanije na strate\u0161koj i planski orijentisanoj odr\u017eivosti s ciljem diversifikacije poslovanja kroz razvoj razli\u010ditih djelatnosti zasnovanih na zelenim politikama.\" \/>\n<meta property=\"og:url\" content=\"https:\/\/dmcsrb.com\/en\/ekonomija\/rup-podrzao-nicer-evropski-projekat-za-razvoj-sjevera\/\" \/>\n<meta property=\"og:site_name\" content=\"dmcsrb.com\" \/>\n<meta property=\"article:published_time\" content=\"2025-10-15T07:43:00+00:00\" \/>\n<meta property=\"og:image\" content=\"https:\/\/dmcsrb.com\/wp-content\/uploads\/2026\/01\/naslovna-sajt_0.webp\" \/>\n\t<meta property=\"og:image:width\" content=\"800\" \/>\n\t<meta property=\"og:image:height\" content=\"600\" \/>\n\t<meta property=\"og:image:type\" content=\"image\/jpeg\" \/>\n<meta name=\"author\" content=\"dmcsrbija.com@gmail.com\" \/>\n<meta name=\"twitter:card\" content=\"summary_large_image\" \/>\n<meta name=\"twitter:label1\" content=\"Written by\" \/>\n\t<meta name=\"twitter:data1\" content=\"dmcsrbija.com@gmail.com\" \/>\n\t<meta name=\"twitter:label2\" content=\"Estimated reading time\" \/>\n\t<meta name=\"twitter:data2\" content=\"2 minutes\" \/>\n<script type=\"application\/ld+json\" class=\"yoast-schema-graph\">{\"@context\":\"https:\\\/\\\/schema.org\",\"@graph\":[{\"@type\":\"Article\",\"@id\":\"https:\\\/\\\/dmcsrb.com\\\/ekonomija\\\/rup-podrzao-nicer-evropski-projekat-za-razvoj-sjevera\\\/#article\",\"isPartOf\":{\"@id\":\"https:\\\/\\\/dmcsrb.com\\\/ekonomija\\\/rup-podrzao-nicer-evropski-projekat-za-razvoj-sjevera\\\/\"},\"author\":{\"name\":\"dmcsrbija.com@gmail.com\",\"@id\":\"https:\\\/\\\/dmcsrb.com\\\/#\\\/schema\\\/person\\\/5c39170f12db1b8b457732d0b5c854e2\"},\"headline\":\"RUP podr\u017eao NICER \u2013 Evropski projekat za razvoj sjevera\",\"datePublished\":\"2025-10-15T07:43:00+00:00\",\"mainEntityOfPage\":{\"@id\":\"https:\\\/\\\/dmcsrb.com\\\/ekonomija\\\/rup-podrzao-nicer-evropski-projekat-za-razvoj-sjevera\\\/\"},\"wordCount\":375,\"commentCount\":0,\"image\":{\"@id\":\"https:\\\/\\\/dmcsrb.com\\\/ekonomija\\\/rup-podrzao-nicer-evropski-projekat-za-razvoj-sjevera\\\/#primaryimage\"},\"thumbnailUrl\":\"https:\\\/\\\/dmcsrb.com\\\/wp-content\\\/uploads\\\/2026\\\/01\\\/naslovna-sajt_0.webp\",\"keywords\":[\"nicer\",\"Rudnik uglja\"],\"articleSection\":[\"Ekonomija\"],\"inLanguage\":\"en-GB\",\"potentialAction\":[{\"@type\":\"CommentAction\",\"name\":\"Comment\",\"target\":[\"https:\\\/\\\/dmcsrb.com\\\/ekonomija\\\/rup-podrzao-nicer-evropski-projekat-za-razvoj-sjevera\\\/#respond\"]}]},{\"@type\":\"WebPage\",\"@id\":\"https:\\\/\\\/dmcsrb.com\\\/ekonomija\\\/rup-podrzao-nicer-evropski-projekat-za-razvoj-sjevera\\\/\",\"url\":\"https:\\\/\\\/dmcsrb.com\\\/ekonomija\\\/rup-podrzao-nicer-evropski-projekat-za-razvoj-sjevera\\\/\",\"name\":\"RUP podr\u017eao NICER \u2013 Evropski projekat za razvoj sjevera - dmcsrb.com\",\"isPartOf\":{\"@id\":\"https:\\\/\\\/dmcsrb.com\\\/#website\"},\"primaryImageOfPage\":{\"@id\":\"https:\\\/\\\/dmcsrb.com\\\/ekonomija\\\/rup-podrzao-nicer-evropski-projekat-za-razvoj-sjevera\\\/#primaryimage\"},\"image\":{\"@id\":\"https:\\\/\\\/dmcsrb.com\\\/ekonomija\\\/rup-podrzao-nicer-evropski-projekat-za-razvoj-sjevera\\\/#primaryimage\"},\"thumbnailUrl\":\"https:\\\/\\\/dmcsrb.com\\\/wp-content\\\/uploads\\\/2026\\\/01\\\/naslovna-sajt_0.webp\",\"datePublished\":\"2025-10-15T07:43:00+00:00\",\"author\":{\"@id\":\"https:\\\/\\\/dmcsrb.com\\\/#\\\/schema\\\/person\\\/5c39170f12db1b8b457732d0b5c854e2\"},\"breadcrumb\":{\"@id\":\"https:\\\/\\\/dmcsrb.com\\\/ekonomija\\\/rup-podrzao-nicer-evropski-projekat-za-razvoj-sjevera\\\/#breadcrumb\"},\"inLanguage\":\"en-GB\",\"potentialAction\":[{\"@type\":\"ReadAction\",\"target\":[\"https:\\\/\\\/dmcsrb.com\\\/ekonomija\\\/rup-podrzao-nicer-evropski-projekat-za-razvoj-sjevera\\\/\"]}]},{\"@type\":\"ImageObject\",\"inLanguage\":\"en-GB\",\"@id\":\"https:\\\/\\\/dmcsrb.com\\\/ekonomija\\\/rup-podrzao-nicer-evropski-projekat-za-razvoj-sjevera\\\/#primaryimage\",\"url\":\"https:\\\/\\\/dmcsrb.com\\\/wp-content\\\/uploads\\\/2026\\\/01\\\/naslovna-sajt_0.webp\",\"contentUrl\":\"https:\\\/\\\/dmcsrb.com\\\/wp-content\\\/uploads\\\/2026\\\/01\\\/naslovna-sajt_0.webp\",\"width\":800,\"height\":600},{\"@type\":\"BreadcrumbList\",\"@id\":\"https:\\\/\\\/dmcsrb.com\\\/ekonomija\\\/rup-podrzao-nicer-evropski-projekat-za-razvoj-sjevera\\\/#breadcrumb\",\"itemListElement\":[{\"@type\":\"ListItem\",\"position\":1,\"name\":\"Home\",\"item\":\"https:\\\/\\\/dmcsrb.com\\\/\"},{\"@type\":\"ListItem\",\"position\":2,\"name\":\"RUP podr\u017eao NICER \u2013 Evropski projekat za razvoj sjevera\"}]},{\"@type\":\"WebSite\",\"@id\":\"https:\\\/\\\/dmcsrb.com\\\/#website\",\"url\":\"https:\\\/\\\/dmcsrb.com\\\/\",\"name\":\"dmcsrb.com\",\"description\":\"\",\"potentialAction\":[{\"@type\":\"SearchAction\",\"target\":{\"@type\":\"EntryPoint\",\"urlTemplate\":\"https:\\\/\\\/dmcsrb.com\\\/?s={search_term_string}\"},\"query-input\":{\"@type\":\"PropertyValueSpecification\",\"valueRequired\":true,\"valueName\":\"search_term_string\"}}],\"inLanguage\":\"en-GB\"},{\"@type\":\"Person\",\"@id\":\"https:\\\/\\\/dmcsrb.com\\\/#\\\/schema\\\/person\\\/5c39170f12db1b8b457732d0b5c854e2\",\"name\":\"dmcsrbija.com@gmail.com\",\"image\":{\"@type\":\"ImageObject\",\"inLanguage\":\"en-GB\",\"@id\":\"https:\\\/\\\/secure.gravatar.com\\\/avatar\\\/68592660ad6347fad0fb587f8d5d8f1a7b44961362f56e4f2cd524feb87e9069?s=96&d=mm&r=g\",\"url\":\"https:\\\/\\\/secure.gravatar.com\\\/avatar\\\/68592660ad6347fad0fb587f8d5d8f1a7b44961362f56e4f2cd524feb87e9069?s=96&d=mm&r=g\",\"contentUrl\":\"https:\\\/\\\/secure.gravatar.com\\\/avatar\\\/68592660ad6347fad0fb587f8d5d8f1a7b44961362f56e4f2cd524feb87e9069?s=96&d=mm&r=g\",\"caption\":\"dmcsrbija.com@gmail.com\"},\"sameAs\":[\"https:\\\/\\\/dmcsrb.com\"],\"url\":\"https:\\\/\\\/dmcsrb.com\\\/en\\\/author\\\/dmcsrbija-comgmail-com\\\/\"}]}<\/script>\n<!-- \/ Yoast SEO plugin. -->","yoast_head_json":{"title":"RUP podr\u017eao NICER \u2013 Evropski projekat za razvoj sjevera - dmcsrb.com","robots":{"index":"index","follow":"follow","max-snippet":"max-snippet:-1","max-image-preview":"max-image-preview:large","max-video-preview":"max-video-preview:-1"},"canonical":"https:\/\/dmcsrb.com\/en\/ekonomija\/rup-podrzao-nicer-evropski-projekat-za-razvoj-sjevera\/","og_locale":"en_GB","og_type":"article","og_title":"RUP podr\u017eao NICER \u2013 Evropski projekat za razvoj sjevera - dmcsrb.com","og_description":"Izvr\u0161ni direktor Rudnika uglja Pljevlja (RUP) Nemanja Lakovi\u0107 govore\u0107i na investicionoj konferenciji \u201ePametan rast, zelena budu\u0107nost: Ubrzavanje investicija u Crnoj Gori\u201d, koja se odr\u017eava u Tivtu istakao je da je fokus kompanije na strate\u0161koj i planski orijentisanoj odr\u017eivosti s ciljem diversifikacije poslovanja kroz razvoj razli\u010ditih djelatnosti zasnovanih na zelenim politikama.","og_url":"https:\/\/dmcsrb.com\/en\/ekonomija\/rup-podrzao-nicer-evropski-projekat-za-razvoj-sjevera\/","og_site_name":"dmcsrb.com","article_published_time":"2025-10-15T07:43:00+00:00","og_image":[{"width":800,"height":600,"url":"https:\/\/dmcsrb.com\/wp-content\/uploads\/2026\/01\/naslovna-sajt_0.webp","type":"image\/jpeg"}],"author":"dmcsrbija.com@gmail.com","twitter_card":"summary_large_image","twitter_misc":{"Written by":"dmcsrbija.com@gmail.com","Estimated reading time":"2 minutes"},"schema":{"@context":"https:\/\/schema.org","@graph":[{"@type":"Article","@id":"https:\/\/dmcsrb.com\/ekonomija\/rup-podrzao-nicer-evropski-projekat-za-razvoj-sjevera\/#article","isPartOf":{"@id":"https:\/\/dmcsrb.com\/ekonomija\/rup-podrzao-nicer-evropski-projekat-za-razvoj-sjevera\/"},"author":{"name":"dmcsrbija.com@gmail.com","@id":"https:\/\/dmcsrb.com\/#\/schema\/person\/5c39170f12db1b8b457732d0b5c854e2"},"headline":"RUP podr\u017eao NICER \u2013 Evropski projekat za razvoj sjevera","datePublished":"2025-10-15T07:43:00+00:00","mainEntityOfPage":{"@id":"https:\/\/dmcsrb.com\/ekonomija\/rup-podrzao-nicer-evropski-projekat-za-razvoj-sjevera\/"},"wordCount":375,"commentCount":0,"image":{"@id":"https:\/\/dmcsrb.com\/ekonomija\/rup-podrzao-nicer-evropski-projekat-za-razvoj-sjevera\/#primaryimage"},"thumbnailUrl":"https:\/\/dmcsrb.com\/wp-content\/uploads\/2026\/01\/naslovna-sajt_0.webp","keywords":["nicer","Rudnik uglja"],"articleSection":["Ekonomija"],"inLanguage":"en-GB","potentialAction":[{"@type":"CommentAction","name":"Comment","target":["https:\/\/dmcsrb.com\/ekonomija\/rup-podrzao-nicer-evropski-projekat-za-razvoj-sjevera\/#respond"]}]},{"@type":"WebPage","@id":"https:\/\/dmcsrb.com\/ekonomija\/rup-podrzao-nicer-evropski-projekat-za-razvoj-sjevera\/","url":"https:\/\/dmcsrb.com\/ekonomija\/rup-podrzao-nicer-evropski-projekat-za-razvoj-sjevera\/","name":"RUP podr\u017eao NICER \u2013 Evropski projekat za razvoj sjevera - dmcsrb.com","isPartOf":{"@id":"https:\/\/dmcsrb.com\/#website"},"primaryImageOfPage":{"@id":"https:\/\/dmcsrb.com\/ekonomija\/rup-podrzao-nicer-evropski-projekat-za-razvoj-sjevera\/#primaryimage"},"image":{"@id":"https:\/\/dmcsrb.com\/ekonomija\/rup-podrzao-nicer-evropski-projekat-za-razvoj-sjevera\/#primaryimage"},"thumbnailUrl":"https:\/\/dmcsrb.com\/wp-content\/uploads\/2026\/01\/naslovna-sajt_0.webp","datePublished":"2025-10-15T07:43:00+00:00","author":{"@id":"https:\/\/dmcsrb.com\/#\/schema\/person\/5c39170f12db1b8b457732d0b5c854e2"},"breadcrumb":{"@id":"https:\/\/dmcsrb.com\/ekonomija\/rup-podrzao-nicer-evropski-projekat-za-razvoj-sjevera\/#breadcrumb"},"inLanguage":"en-GB","potentialAction":[{"@type":"ReadAction","target":["https:\/\/dmcsrb.com\/ekonomija\/rup-podrzao-nicer-evropski-projekat-za-razvoj-sjevera\/"]}]},{"@type":"ImageObject","inLanguage":"en-GB","@id":"https:\/\/dmcsrb.com\/ekonomija\/rup-podrzao-nicer-evropski-projekat-za-razvoj-sjevera\/#primaryimage","url":"https:\/\/dmcsrb.com\/wp-content\/uploads\/2026\/01\/naslovna-sajt_0.webp","contentUrl":"https:\/\/dmcsrb.com\/wp-content\/uploads\/2026\/01\/naslovna-sajt_0.webp","width":800,"height":600},{"@type":"BreadcrumbList","@id":"https:\/\/dmcsrb.com\/ekonomija\/rup-podrzao-nicer-evropski-projekat-za-razvoj-sjevera\/#breadcrumb","itemListElement":[{"@type":"ListItem","position":1,"name":"Home","item":"https:\/\/dmcsrb.com\/"},{"@type":"ListItem","position":2,"name":"RUP podr\u017eao NICER \u2013 Evropski projekat za razvoj sjevera"}]},{"@type":"WebSite","@id":"https:\/\/dmcsrb.com\/#website","url":"https:\/\/dmcsrb.com\/","name":"dmcsrb.com","description":"","potentialAction":[{"@type":"SearchAction","target":{"@type":"EntryPoint","urlTemplate":"https:\/\/dmcsrb.com\/?s={search_term_string}"},"query-input":{"@type":"PropertyValueSpecification","valueRequired":true,"valueName":"search_term_string"}}],"inLanguage":"en-GB"},{"@type":"Person","@id":"https:\/\/dmcsrb.com\/#\/schema\/person\/5c39170f12db1b8b457732d0b5c854e2","name":"dmcsrbija.com@gmail.com","image":{"@type":"ImageObject","inLanguage":"en-GB","@id":"https:\/\/secure.gravatar.com\/avatar\/68592660ad6347fad0fb587f8d5d8f1a7b44961362f56e4f2cd524feb87e9069?s=96&d=mm&r=g","url":"https:\/\/secure.gravatar.com\/avatar\/68592660ad6347fad0fb587f8d5d8f1a7b44961362f56e4f2cd524feb87e9069?s=96&d=mm&r=g","contentUrl":"https:\/\/secure.gravatar.com\/avatar\/68592660ad6347fad0fb587f8d5d8f1a7b44961362f56e4f2cd524feb87e9069?s=96&d=mm&r=g","caption":"dmcsrbija.com@gmail.com"},"sameAs":["https:\/\/dmcsrb.com"],"url":"https:\/\/dmcsrb.com\/en\/author\/dmcsrbija-comgmail-com\/"}]}},"_links":{"self":[{"href":"https:\/\/dmcsrb.com\/en\/wp-json\/wp\/v2\/posts\/957910","targetHints":{"allow":["GET"]}}],"collection":[{"href":"https:\/\/dmcsrb.com\/en\/wp-json\/wp\/v2\/posts"}],"about":[{"href":"https:\/\/dmcsrb.com\/en\/wp-json\/wp\/v2\/types\/post"}],"author":[{"embeddable":true,"href":"https:\/\/dmcsrb.com\/en\/wp-json\/wp\/v2\/users\/1"}],"replies":[{"embeddable":true,"href":"https:\/\/dmcsrb.com\/en\/wp-json\/wp\/v2\/comments?post=957910"}],"version-history":[{"count":0,"href":"https:\/\/dmcsrb.com\/en\/wp-json\/wp\/v2\/posts\/957910\/revisions"}],"wp:featuredmedia":[{"embeddable":true,"href":"https:\/\/dmcsrb.com\/en\/wp-json\/wp\/v2\/media\/957911"}],"wp:attachment":[{"href":"https:\/\/dmcsrb.com\/en\/wp-json\/wp\/v2\/media?parent=957910"}],"wp:term":[{"taxonomy":"category","embeddable":true,"href":"https:\/\/dmcsrb.com\/en\/wp-json\/wp\/v2\/categories?post=957910"},{"taxonomy":"post_tag","embeddable":true,"href":"https:\/\/dmcsrb.com\/en\/wp-json\/wp\/v2\/tags?post=957910"},{"taxonomy":"naslovna","embeddable":true,"href":"https:\/\/dmcsrb.com\/en\/wp-json\/wp\/v2\/naslovna?post=957910"}],"curies":[{"name":"wp","href":"https:\/\/api.w.org\/{rel}","templated":true}]}}