{"id":957875,"date":"2025-10-15T08:39:00","date_gmt":"2025-10-15T06:39:00","guid":{"rendered":"https:\/\/dmcsrb.com\/uncategorized\/danas-ce-biti-odrzana-govornica-medijska-pismenost-i-konstruktivno-novinarstvo-vs-govor-mrznje\/"},"modified":"2025-10-15T08:39:00","modified_gmt":"2025-10-15T06:39:00","slug":"danas-ce-biti-odrzana-govornica-medijska-pismenost-i-konstruktivno-novinarstvo-vs-govor-mrznje","status":"publish","type":"post","link":"https:\/\/dmcsrb.com\/en\/drustvo\/danas-ce-biti-odrzana-govornica-medijska-pismenost-i-konstruktivno-novinarstvo-vs-govor-mrznje\/","title":{"rendered":"Danas \u0107e biti odr\u017eana Govornica \u201cMedijska pismenost i konstruktivno novinarstvo VS govor mr\u017enje\u201d"},"content":{"rendered":"<p>&#8220;Na ovom doga\u0111aju u\u010destvova\u0107e ombudsman\u00a0<strong>Sini\u0161a\u00a0Bjekovi\u0107<\/strong>, pomo\u0107nica direktorice Agencije za audiovizuelne medijske usluge\u00a0<strong>Elvira\u00a0Cekovi\u0107<\/strong>, novinar i osniva\u010d PCNEN-a\u00a0<strong>Dragoljub Du\u0161ko Vukovi\u0107<\/strong>\u00a0i novinar\u00a0<strong>Srdan\u00a0Kosovi\u0107,<\/strong>\u00a0dok \u0107e moderator biti\u00a0<strong>Milica Nikoli\u0107\u00a0<\/strong>iz organizacije UNESCO&#8221;, stoji u saop\u0161tenju.<\/p>\n\n\n\n<p>Kako ka\u017eu, rije\u010d je o organizovanju akademskog dijaloga koji \u0107e okupiti studente, profesore, istra\u017eiva\u010de i predstavnike medija kako bi razmijenili mi\u0161ljenja o klju\u010dnim izazovima savremenog dru\u0161tva.<\/p>\n\n\n\n<p>\u00a0&#8220;Dru\u0161tvenoj koheziji, govoru mr\u017enje i dezinformacijama. Poseban fokus bi\u0107e na promociji medijske i informacijske pismenosti (MIL) kao alata za prepoznavanje i suzbijanje dezinformacija, te na pristupu novinarstva rje\u0161enja (solution journalism)\u00a0koje, umjesto \u0161irenja podjela i\u00a0senzacionalizma, nudi primjere dobre prakse i odr\u017eive odgovore na govor mr\u017enje&#8221;, navode iz univerziteta.<\/p>\n\n\n\n<p>Dijalog\u00a0je, zaklju\u010duju,\u00a0zami\u0161ljen\u00a0kao interaktivna diskusija uz kratka uvodna izlaganja stru\u010dnjaka i otvoren prostor za studentska pitanja i predloge, sa ciljem da se podstakne kultura dijaloga bliska mladima, razvijanje kriti\u010dkog mi\u0161ljenja i zajedni\u010dko kreiranje ideja za dru\u0161tvo zasnovano na uva\u017eavanju i solidarnosti.<\/p>\n\n\n\n<p><\/p>","protected":false},"excerpt":{"rendered":"<p>U okviru Festivala umjetnosti, nauke i kulture\u00a0\u2013 FUNK 2025,\u00a015. oktobra u 12.00\u00a0\u010dasova u Plavoj sali Rektorata bi\u0107e odr\u017eana Govornica na temu \u201cMedijska pismenost i konstruktivno novinarstvo VS govor mr\u017enje\u201d, posve\u0107ena dijalogu o ulozi medija i javnosti u ja\u010danju dru\u0161tvene kohezije i suzbijanju dezinformacija, saop\u0161teno je iz Univerziteta Crne Gore (UCG).<\/p>","protected":false},"author":1,"featured_media":913932,"comment_status":"open","ping_status":"open","sticky":false,"template":"","format":"standard","meta":{"_acf_changed":false,"footnotes":""},"categories":[2],"tags":[10850,38],"naslovna":[],"class_list":["post-957875","post","type-post","status-publish","format-standard","has-post-thumbnail","hentry","category-drustvo","tag-govornica","tag-ucg"],"acf":[],"yoast_head":"<!-- This site is optimized with the Yoast SEO plugin v27.4 - https:\/\/yoast.com\/product\/yoast-seo-wordpress\/ -->\n<title>Danas \u0107e biti odr\u017eana Govornica \u201cMedijska pismenost i konstruktivno novinarstvo VS govor mr\u017enje\u201d - dmcsrb.com<\/title>\n<meta name=\"robots\" content=\"index, follow, max-snippet:-1, max-image-preview:large, max-video-preview:-1\" \/>\n<link rel=\"canonical\" href=\"https:\/\/dmcsrb.com\/en\/drustvo\/danas-ce-biti-odrzana-govornica-medijska-pismenost-i-konstruktivno-novinarstvo-vs-govor-mrznje\/\" \/>\n<meta property=\"og:locale\" content=\"en_GB\" \/>\n<meta property=\"og:type\" content=\"article\" \/>\n<meta property=\"og:title\" content=\"Danas \u0107e biti odr\u017eana Govornica \u201cMedijska pismenost i konstruktivno novinarstvo VS govor mr\u017enje\u201d - dmcsrb.com\" \/>\n<meta property=\"og:description\" content=\"U okviru Festivala umjetnosti, nauke i kulture\u00a0\u2013 FUNK 2025,\u00a015. oktobra u 12.00\u00a0\u010dasova u Plavoj sali Rektorata bi\u0107e odr\u017eana Govornica na temu \u201cMedijska pismenost i konstruktivno novinarstvo VS govor mr\u017enje\u201d, posve\u0107ena dijalogu o ulozi medija i javnosti u ja\u010danju dru\u0161tvene kohezije i suzbijanju dezinformacija, saop\u0161teno je iz Univerziteta Crne Gore (UCG).\" \/>\n<meta property=\"og:url\" content=\"https:\/\/dmcsrb.com\/en\/drustvo\/danas-ce-biti-odrzana-govornica-medijska-pismenost-i-konstruktivno-novinarstvo-vs-govor-mrznje\/\" \/>\n<meta property=\"og:site_name\" content=\"dmcsrb.com\" \/>\n<meta property=\"article:published_time\" content=\"2025-10-15T06:39:00+00:00\" \/>\n<meta property=\"og:image\" content=\"https:\/\/dmcsrb.com\/wp-content\/uploads\/2026\/01\/Univerzitet-i-rektorat-foto-UCG.jpg\" \/>\n\t<meta property=\"og:image:width\" content=\"961\" \/>\n\t<meta property=\"og:image:height\" content=\"562\" \/>\n\t<meta property=\"og:image:type\" content=\"image\/jpeg\" \/>\n<meta name=\"author\" content=\"dmcsrbija.com@gmail.com\" \/>\n<meta name=\"twitter:card\" content=\"summary_large_image\" \/>\n<meta name=\"twitter:label1\" content=\"Written by\" \/>\n\t<meta name=\"twitter:data1\" content=\"dmcsrbija.com@gmail.com\" \/>\n\t<meta name=\"twitter:label2\" content=\"Estimated reading time\" \/>\n\t<meta name=\"twitter:data2\" content=\"1 minute\" \/>\n<script type=\"application\/ld+json\" class=\"yoast-schema-graph\">{\"@context\":\"https:\\\/\\\/schema.org\",\"@graph\":[{\"@type\":\"Article\",\"@id\":\"https:\\\/\\\/dmcsrb.com\\\/drustvo\\\/danas-ce-biti-odrzana-govornica-medijska-pismenost-i-konstruktivno-novinarstvo-vs-govor-mrznje\\\/#article\",\"isPartOf\":{\"@id\":\"https:\\\/\\\/dmcsrb.com\\\/drustvo\\\/danas-ce-biti-odrzana-govornica-medijska-pismenost-i-konstruktivno-novinarstvo-vs-govor-mrznje\\\/\"},\"author\":{\"name\":\"dmcsrbija.com@gmail.com\",\"@id\":\"https:\\\/\\\/dmcsrb.com\\\/#\\\/schema\\\/person\\\/5c39170f12db1b8b457732d0b5c854e2\"},\"headline\":\"Danas \u0107e biti odr\u017eana Govornica \u201cMedijska pismenost i konstruktivno novinarstvo VS govor mr\u017enje\u201d\",\"datePublished\":\"2025-10-15T06:39:00+00:00\",\"mainEntityOfPage\":{\"@id\":\"https:\\\/\\\/dmcsrb.com\\\/drustvo\\\/danas-ce-biti-odrzana-govornica-medijska-pismenost-i-konstruktivno-novinarstvo-vs-govor-mrznje\\\/\"},\"wordCount\":199,\"commentCount\":0,\"image\":{\"@id\":\"https:\\\/\\\/dmcsrb.com\\\/drustvo\\\/danas-ce-biti-odrzana-govornica-medijska-pismenost-i-konstruktivno-novinarstvo-vs-govor-mrznje\\\/#primaryimage\"},\"thumbnailUrl\":\"https:\\\/\\\/dmcsrb.com\\\/wp-content\\\/uploads\\\/2026\\\/01\\\/Univerzitet-i-rektorat-foto-UCG.jpg\",\"keywords\":[\"govornica\",\"UCG\"],\"articleSection\":[\"Dru\u0161tvo\"],\"inLanguage\":\"en-GB\",\"potentialAction\":[{\"@type\":\"CommentAction\",\"name\":\"Comment\",\"target\":[\"https:\\\/\\\/dmcsrb.com\\\/drustvo\\\/danas-ce-biti-odrzana-govornica-medijska-pismenost-i-konstruktivno-novinarstvo-vs-govor-mrznje\\\/#respond\"]}]},{\"@type\":\"WebPage\",\"@id\":\"https:\\\/\\\/dmcsrb.com\\\/drustvo\\\/danas-ce-biti-odrzana-govornica-medijska-pismenost-i-konstruktivno-novinarstvo-vs-govor-mrznje\\\/\",\"url\":\"https:\\\/\\\/dmcsrb.com\\\/drustvo\\\/danas-ce-biti-odrzana-govornica-medijska-pismenost-i-konstruktivno-novinarstvo-vs-govor-mrznje\\\/\",\"name\":\"Danas \u0107e biti odr\u017eana Govornica \u201cMedijska pismenost i konstruktivno novinarstvo VS govor mr\u017enje\u201d - dmcsrb.com\",\"isPartOf\":{\"@id\":\"https:\\\/\\\/dmcsrb.com\\\/#website\"},\"primaryImageOfPage\":{\"@id\":\"https:\\\/\\\/dmcsrb.com\\\/drustvo\\\/danas-ce-biti-odrzana-govornica-medijska-pismenost-i-konstruktivno-novinarstvo-vs-govor-mrznje\\\/#primaryimage\"},\"image\":{\"@id\":\"https:\\\/\\\/dmcsrb.com\\\/drustvo\\\/danas-ce-biti-odrzana-govornica-medijska-pismenost-i-konstruktivno-novinarstvo-vs-govor-mrznje\\\/#primaryimage\"},\"thumbnailUrl\":\"https:\\\/\\\/dmcsrb.com\\\/wp-content\\\/uploads\\\/2026\\\/01\\\/Univerzitet-i-rektorat-foto-UCG.jpg\",\"datePublished\":\"2025-10-15T06:39:00+00:00\",\"author\":{\"@id\":\"https:\\\/\\\/dmcsrb.com\\\/#\\\/schema\\\/person\\\/5c39170f12db1b8b457732d0b5c854e2\"},\"breadcrumb\":{\"@id\":\"https:\\\/\\\/dmcsrb.com\\\/drustvo\\\/danas-ce-biti-odrzana-govornica-medijska-pismenost-i-konstruktivno-novinarstvo-vs-govor-mrznje\\\/#breadcrumb\"},\"inLanguage\":\"en-GB\",\"potentialAction\":[{\"@type\":\"ReadAction\",\"target\":[\"https:\\\/\\\/dmcsrb.com\\\/drustvo\\\/danas-ce-biti-odrzana-govornica-medijska-pismenost-i-konstruktivno-novinarstvo-vs-govor-mrznje\\\/\"]}]},{\"@type\":\"ImageObject\",\"inLanguage\":\"en-GB\",\"@id\":\"https:\\\/\\\/dmcsrb.com\\\/drustvo\\\/danas-ce-biti-odrzana-govornica-medijska-pismenost-i-konstruktivno-novinarstvo-vs-govor-mrznje\\\/#primaryimage\",\"url\":\"https:\\\/\\\/dmcsrb.com\\\/wp-content\\\/uploads\\\/2026\\\/01\\\/Univerzitet-i-rektorat-foto-UCG.jpg\",\"contentUrl\":\"https:\\\/\\\/dmcsrb.com\\\/wp-content\\\/uploads\\\/2026\\\/01\\\/Univerzitet-i-rektorat-foto-UCG.jpg\",\"width\":961,\"height\":562},{\"@type\":\"BreadcrumbList\",\"@id\":\"https:\\\/\\\/dmcsrb.com\\\/drustvo\\\/danas-ce-biti-odrzana-govornica-medijska-pismenost-i-konstruktivno-novinarstvo-vs-govor-mrznje\\\/#breadcrumb\",\"itemListElement\":[{\"@type\":\"ListItem\",\"position\":1,\"name\":\"Home\",\"item\":\"https:\\\/\\\/dmcsrb.com\\\/\"},{\"@type\":\"ListItem\",\"position\":2,\"name\":\"Danas \u0107e biti odr\u017eana Govornica \u201cMedijska pismenost i konstruktivno novinarstvo VS govor mr\u017enje\u201d\"}]},{\"@type\":\"WebSite\",\"@id\":\"https:\\\/\\\/dmcsrb.com\\\/#website\",\"url\":\"https:\\\/\\\/dmcsrb.com\\\/\",\"name\":\"dmcsrb.com\",\"description\":\"\",\"potentialAction\":[{\"@type\":\"SearchAction\",\"target\":{\"@type\":\"EntryPoint\",\"urlTemplate\":\"https:\\\/\\\/dmcsrb.com\\\/?s={search_term_string}\"},\"query-input\":{\"@type\":\"PropertyValueSpecification\",\"valueRequired\":true,\"valueName\":\"search_term_string\"}}],\"inLanguage\":\"en-GB\"},{\"@type\":\"Person\",\"@id\":\"https:\\\/\\\/dmcsrb.com\\\/#\\\/schema\\\/person\\\/5c39170f12db1b8b457732d0b5c854e2\",\"name\":\"dmcsrbija.com@gmail.com\",\"image\":{\"@type\":\"ImageObject\",\"inLanguage\":\"en-GB\",\"@id\":\"https:\\\/\\\/secure.gravatar.com\\\/avatar\\\/68592660ad6347fad0fb587f8d5d8f1a7b44961362f56e4f2cd524feb87e9069?s=96&d=mm&r=g\",\"url\":\"https:\\\/\\\/secure.gravatar.com\\\/avatar\\\/68592660ad6347fad0fb587f8d5d8f1a7b44961362f56e4f2cd524feb87e9069?s=96&d=mm&r=g\",\"contentUrl\":\"https:\\\/\\\/secure.gravatar.com\\\/avatar\\\/68592660ad6347fad0fb587f8d5d8f1a7b44961362f56e4f2cd524feb87e9069?s=96&d=mm&r=g\",\"caption\":\"dmcsrbija.com@gmail.com\"},\"sameAs\":[\"https:\\\/\\\/dmcsrb.com\"],\"url\":\"https:\\\/\\\/dmcsrb.com\\\/en\\\/author\\\/dmcsrbija-comgmail-com\\\/\"}]}<\/script>\n<!-- \/ Yoast SEO plugin. -->","yoast_head_json":{"title":"Danas \u0107e biti odr\u017eana Govornica \u201cMedijska pismenost i konstruktivno novinarstvo VS govor mr\u017enje\u201d - dmcsrb.com","robots":{"index":"index","follow":"follow","max-snippet":"max-snippet:-1","max-image-preview":"max-image-preview:large","max-video-preview":"max-video-preview:-1"},"canonical":"https:\/\/dmcsrb.com\/en\/drustvo\/danas-ce-biti-odrzana-govornica-medijska-pismenost-i-konstruktivno-novinarstvo-vs-govor-mrznje\/","og_locale":"en_GB","og_type":"article","og_title":"Danas \u0107e biti odr\u017eana Govornica \u201cMedijska pismenost i konstruktivno novinarstvo VS govor mr\u017enje\u201d - dmcsrb.com","og_description":"U okviru Festivala umjetnosti, nauke i kulture\u00a0\u2013 FUNK 2025,\u00a015. oktobra u 12.00\u00a0\u010dasova u Plavoj sali Rektorata bi\u0107e odr\u017eana Govornica na temu \u201cMedijska pismenost i konstruktivno novinarstvo VS govor mr\u017enje\u201d, posve\u0107ena dijalogu o ulozi medija i javnosti u ja\u010danju dru\u0161tvene kohezije i suzbijanju dezinformacija, saop\u0161teno je iz Univerziteta Crne Gore (UCG).","og_url":"https:\/\/dmcsrb.com\/en\/drustvo\/danas-ce-biti-odrzana-govornica-medijska-pismenost-i-konstruktivno-novinarstvo-vs-govor-mrznje\/","og_site_name":"dmcsrb.com","article_published_time":"2025-10-15T06:39:00+00:00","og_image":[{"width":961,"height":562,"url":"https:\/\/dmcsrb.com\/wp-content\/uploads\/2026\/01\/Univerzitet-i-rektorat-foto-UCG.jpg","type":"image\/jpeg"}],"author":"dmcsrbija.com@gmail.com","twitter_card":"summary_large_image","twitter_misc":{"Written by":"dmcsrbija.com@gmail.com","Estimated reading time":"1 minute"},"schema":{"@context":"https:\/\/schema.org","@graph":[{"@type":"Article","@id":"https:\/\/dmcsrb.com\/drustvo\/danas-ce-biti-odrzana-govornica-medijska-pismenost-i-konstruktivno-novinarstvo-vs-govor-mrznje\/#article","isPartOf":{"@id":"https:\/\/dmcsrb.com\/drustvo\/danas-ce-biti-odrzana-govornica-medijska-pismenost-i-konstruktivno-novinarstvo-vs-govor-mrznje\/"},"author":{"name":"dmcsrbija.com@gmail.com","@id":"https:\/\/dmcsrb.com\/#\/schema\/person\/5c39170f12db1b8b457732d0b5c854e2"},"headline":"Danas \u0107e biti odr\u017eana Govornica \u201cMedijska pismenost i konstruktivno novinarstvo VS govor mr\u017enje\u201d","datePublished":"2025-10-15T06:39:00+00:00","mainEntityOfPage":{"@id":"https:\/\/dmcsrb.com\/drustvo\/danas-ce-biti-odrzana-govornica-medijska-pismenost-i-konstruktivno-novinarstvo-vs-govor-mrznje\/"},"wordCount":199,"commentCount":0,"image":{"@id":"https:\/\/dmcsrb.com\/drustvo\/danas-ce-biti-odrzana-govornica-medijska-pismenost-i-konstruktivno-novinarstvo-vs-govor-mrznje\/#primaryimage"},"thumbnailUrl":"https:\/\/dmcsrb.com\/wp-content\/uploads\/2026\/01\/Univerzitet-i-rektorat-foto-UCG.jpg","keywords":["govornica","UCG"],"articleSection":["Dru\u0161tvo"],"inLanguage":"en-GB","potentialAction":[{"@type":"CommentAction","name":"Comment","target":["https:\/\/dmcsrb.com\/drustvo\/danas-ce-biti-odrzana-govornica-medijska-pismenost-i-konstruktivno-novinarstvo-vs-govor-mrznje\/#respond"]}]},{"@type":"WebPage","@id":"https:\/\/dmcsrb.com\/drustvo\/danas-ce-biti-odrzana-govornica-medijska-pismenost-i-konstruktivno-novinarstvo-vs-govor-mrznje\/","url":"https:\/\/dmcsrb.com\/drustvo\/danas-ce-biti-odrzana-govornica-medijska-pismenost-i-konstruktivno-novinarstvo-vs-govor-mrznje\/","name":"Danas \u0107e biti odr\u017eana Govornica \u201cMedijska pismenost i konstruktivno novinarstvo VS govor mr\u017enje\u201d - dmcsrb.com","isPartOf":{"@id":"https:\/\/dmcsrb.com\/#website"},"primaryImageOfPage":{"@id":"https:\/\/dmcsrb.com\/drustvo\/danas-ce-biti-odrzana-govornica-medijska-pismenost-i-konstruktivno-novinarstvo-vs-govor-mrznje\/#primaryimage"},"image":{"@id":"https:\/\/dmcsrb.com\/drustvo\/danas-ce-biti-odrzana-govornica-medijska-pismenost-i-konstruktivno-novinarstvo-vs-govor-mrznje\/#primaryimage"},"thumbnailUrl":"https:\/\/dmcsrb.com\/wp-content\/uploads\/2026\/01\/Univerzitet-i-rektorat-foto-UCG.jpg","datePublished":"2025-10-15T06:39:00+00:00","author":{"@id":"https:\/\/dmcsrb.com\/#\/schema\/person\/5c39170f12db1b8b457732d0b5c854e2"},"breadcrumb":{"@id":"https:\/\/dmcsrb.com\/drustvo\/danas-ce-biti-odrzana-govornica-medijska-pismenost-i-konstruktivno-novinarstvo-vs-govor-mrznje\/#breadcrumb"},"inLanguage":"en-GB","potentialAction":[{"@type":"ReadAction","target":["https:\/\/dmcsrb.com\/drustvo\/danas-ce-biti-odrzana-govornica-medijska-pismenost-i-konstruktivno-novinarstvo-vs-govor-mrznje\/"]}]},{"@type":"ImageObject","inLanguage":"en-GB","@id":"https:\/\/dmcsrb.com\/drustvo\/danas-ce-biti-odrzana-govornica-medijska-pismenost-i-konstruktivno-novinarstvo-vs-govor-mrznje\/#primaryimage","url":"https:\/\/dmcsrb.com\/wp-content\/uploads\/2026\/01\/Univerzitet-i-rektorat-foto-UCG.jpg","contentUrl":"https:\/\/dmcsrb.com\/wp-content\/uploads\/2026\/01\/Univerzitet-i-rektorat-foto-UCG.jpg","width":961,"height":562},{"@type":"BreadcrumbList","@id":"https:\/\/dmcsrb.com\/drustvo\/danas-ce-biti-odrzana-govornica-medijska-pismenost-i-konstruktivno-novinarstvo-vs-govor-mrznje\/#breadcrumb","itemListElement":[{"@type":"ListItem","position":1,"name":"Home","item":"https:\/\/dmcsrb.com\/"},{"@type":"ListItem","position":2,"name":"Danas \u0107e biti odr\u017eana Govornica \u201cMedijska pismenost i konstruktivno novinarstvo VS govor mr\u017enje\u201d"}]},{"@type":"WebSite","@id":"https:\/\/dmcsrb.com\/#website","url":"https:\/\/dmcsrb.com\/","name":"dmcsrb.com","description":"","potentialAction":[{"@type":"SearchAction","target":{"@type":"EntryPoint","urlTemplate":"https:\/\/dmcsrb.com\/?s={search_term_string}"},"query-input":{"@type":"PropertyValueSpecification","valueRequired":true,"valueName":"search_term_string"}}],"inLanguage":"en-GB"},{"@type":"Person","@id":"https:\/\/dmcsrb.com\/#\/schema\/person\/5c39170f12db1b8b457732d0b5c854e2","name":"dmcsrbija.com@gmail.com","image":{"@type":"ImageObject","inLanguage":"en-GB","@id":"https:\/\/secure.gravatar.com\/avatar\/68592660ad6347fad0fb587f8d5d8f1a7b44961362f56e4f2cd524feb87e9069?s=96&d=mm&r=g","url":"https:\/\/secure.gravatar.com\/avatar\/68592660ad6347fad0fb587f8d5d8f1a7b44961362f56e4f2cd524feb87e9069?s=96&d=mm&r=g","contentUrl":"https:\/\/secure.gravatar.com\/avatar\/68592660ad6347fad0fb587f8d5d8f1a7b44961362f56e4f2cd524feb87e9069?s=96&d=mm&r=g","caption":"dmcsrbija.com@gmail.com"},"sameAs":["https:\/\/dmcsrb.com"],"url":"https:\/\/dmcsrb.com\/en\/author\/dmcsrbija-comgmail-com\/"}]}},"_links":{"self":[{"href":"https:\/\/dmcsrb.com\/en\/wp-json\/wp\/v2\/posts\/957875","targetHints":{"allow":["GET"]}}],"collection":[{"href":"https:\/\/dmcsrb.com\/en\/wp-json\/wp\/v2\/posts"}],"about":[{"href":"https:\/\/dmcsrb.com\/en\/wp-json\/wp\/v2\/types\/post"}],"author":[{"embeddable":true,"href":"https:\/\/dmcsrb.com\/en\/wp-json\/wp\/v2\/users\/1"}],"replies":[{"embeddable":true,"href":"https:\/\/dmcsrb.com\/en\/wp-json\/wp\/v2\/comments?post=957875"}],"version-history":[{"count":0,"href":"https:\/\/dmcsrb.com\/en\/wp-json\/wp\/v2\/posts\/957875\/revisions"}],"wp:featuredmedia":[{"embeddable":true,"href":"https:\/\/dmcsrb.com\/en\/wp-json\/wp\/v2\/media\/913932"}],"wp:attachment":[{"href":"https:\/\/dmcsrb.com\/en\/wp-json\/wp\/v2\/media?parent=957875"}],"wp:term":[{"taxonomy":"category","embeddable":true,"href":"https:\/\/dmcsrb.com\/en\/wp-json\/wp\/v2\/categories?post=957875"},{"taxonomy":"post_tag","embeddable":true,"href":"https:\/\/dmcsrb.com\/en\/wp-json\/wp\/v2\/tags?post=957875"},{"taxonomy":"naslovna","embeddable":true,"href":"https:\/\/dmcsrb.com\/en\/wp-json\/wp\/v2\/naslovna?post=957875"}],"curies":[{"name":"wp","href":"https:\/\/api.w.org\/{rel}","templated":true}]}}