{"id":957846,"date":"2025-10-14T19:34:20","date_gmt":"2025-10-14T17:34:20","guid":{"rendered":"https:\/\/dmcsrb.com\/uncategorized\/kljajevic-momci-su-zasluzili-pobjedu-boricemo-se-do-kraja\/"},"modified":"2025-10-14T19:34:20","modified_gmt":"2025-10-14T17:34:20","slug":"kljajevic-momci-su-zasluzili-pobjedu-boricemo-se-do-kraja","status":"publish","type":"post","link":"https:\/\/dmcsrb.com\/en\/sport\/kljajevic-momci-su-zasluzili-pobjedu-boricemo-se-do-kraja\/","title":{"rendered":"Kljajevi\u0107: Momci su zaslu\u017eili pobjedu, bori\u0107emo se do kraja"},"content":{"rendered":"<p>Na\u0161 nacionalni tim je gubio na poluvremenu, ali je u nastavku pokazao karakter i golovima, Peri\u0161i\u0107a, Jukovi\u0107a i Mrvaljevi\u0107a do\u0161ao do cijelog plijena.<\/p>\n\n\n\n<p>&#8220;Momci su zaslu\u017eili pobjedu u ovoj utakmici. I pored rezultatskog zaostatka, imali smo \u0161ansi u prvom poluvremenu, a primili smo gol nakon jednog prekida i konfuzije. U nastavku smo odigrali odli\u010dno, pogodili sa izmjenama. Nekoliko igra\u010da koji su u\u0161li sa klupe napravili su prevagu, dali smo tri gola i na kraju zaslu\u017eeno osvojili tri boda&#8221;, rekao je Nemanja Kljajevi\u0107, prvi pomo\u0107nik Gorana Peri\u0161i\u0107a koji je u samom fini\u0161u isklju\u010den zbog protesta. <\/p>\n\n\n\n<p>Crna Gora nakon \u010detiri kola ima \u0161est bodova, \u0161est manje od Poljske i Italije.<\/p>\n\n\n\n<p>&#8220;I dalje vjerujemo, iako je te\u0161ka grupa. Bori\u0107emo se do kraja&#8221;, dodao je Kljajevi\u0107. <\/p>\n\n\n\n<p>&#8220;Sokoli&#8221; kvalifikacije nastavljaju u novembru, me\u010devima sa Jermenijom i Italijom. <\/p>\n\n\n\n<figure class=\"wp-block-embed is-type-wp-embed is-provider-gradski-portal wp-block-embed-gradski-portal\"><div class=\"wp-block-embed__wrapper\">\nhttps:\/\/gradski.me\/mogu-i-bez-najvecih-zvijezda-mladi-sokoli-nakon-preokreta-preletjeli-makedonce\/\n<\/div><\/figure>","protected":false},"excerpt":{"rendered":"<p>Mladi fudbaleri Crne Gore ostvarili su drugu pobjedu u kvalifikacijama za EURO &#8211; izabranici Gorana Peri\u0161i\u0107a savladali su Sjevernu Makedoniju na &#8220;Besa areni&#8221; nakon preokreta (3:2).<\/p>","protected":false},"author":1,"featured_media":957847,"comment_status":"open","ping_status":"open","sticky":false,"template":"","format":"standard","meta":{"_acf_changed":false,"footnotes":""},"categories":[148],"tags":[1966,6807,10258,11354],"naslovna":[],"class_list":["post-957846","post","type-post","status-publish","format-standard","has-post-thumbnail","hentry","category-sport","tag-kvalifikacije-za-euro","tag-mlada-fudbalska-reprezentacija-crne-gore","tag-mlada-fudbalska-reprezentacija-sjeverne-makedonije","tag-nemanja-kljajevic"],"acf":[],"yoast_head":"<!-- This site is optimized with the Yoast SEO plugin v27.4 - https:\/\/yoast.com\/product\/yoast-seo-wordpress\/ -->\n<title>Kljajevi\u0107: Momci su zaslu\u017eili pobjedu, bori\u0107emo se do kraja - dmcsrb.com<\/title>\n<meta name=\"robots\" content=\"index, follow, max-snippet:-1, max-image-preview:large, max-video-preview:-1\" \/>\n<link rel=\"canonical\" href=\"https:\/\/dmcsrb.com\/en\/sport\/kljajevic-momci-su-zasluzili-pobjedu-boricemo-se-do-kraja\/\" \/>\n<meta property=\"og:locale\" content=\"en_GB\" \/>\n<meta property=\"og:type\" content=\"article\" \/>\n<meta property=\"og:title\" content=\"Kljajevi\u0107: Momci su zaslu\u017eili pobjedu, bori\u0107emo se do kraja - dmcsrb.com\" \/>\n<meta property=\"og:description\" content=\"Mladi fudbaleri Crne Gore ostvarili su drugu pobjedu u kvalifikacijama za EURO - izabranici Gorana Peri\u0161i\u0107a savladali su Sjevernu Makedoniju na &quot;Besa areni&quot; nakon preokreta (3:2).\" \/>\n<meta property=\"og:url\" content=\"https:\/\/dmcsrb.com\/en\/sport\/kljajevic-momci-su-zasluzili-pobjedu-boricemo-se-do-kraja\/\" \/>\n<meta property=\"og:site_name\" content=\"dmcsrb.com\" \/>\n<meta property=\"article:published_time\" content=\"2025-10-14T17:34:20+00:00\" \/>\n<meta property=\"og:image\" content=\"https:\/\/dmcsrb.com\/wp-content\/uploads\/2026\/01\/Mladi-sokoli-slavlje-FSCG.webp\" \/>\n\t<meta property=\"og:image:width\" content=\"1200\" \/>\n\t<meta property=\"og:image:height\" content=\"800\" \/>\n\t<meta property=\"og:image:type\" content=\"image\/jpeg\" \/>\n<meta name=\"author\" content=\"dmcsrbija.com@gmail.com\" \/>\n<meta name=\"twitter:card\" content=\"summary_large_image\" \/>\n<meta name=\"twitter:label1\" content=\"Written by\" \/>\n\t<meta name=\"twitter:data1\" content=\"dmcsrbija.com@gmail.com\" \/>\n\t<meta name=\"twitter:label2\" content=\"Estimated reading time\" \/>\n\t<meta name=\"twitter:data2\" content=\"1 minute\" \/>\n<script type=\"application\/ld+json\" class=\"yoast-schema-graph\">{\"@context\":\"https:\\\/\\\/schema.org\",\"@graph\":[{\"@type\":\"Article\",\"@id\":\"https:\\\/\\\/dmcsrb.com\\\/sport\\\/kljajevic-momci-su-zasluzili-pobjedu-boricemo-se-do-kraja\\\/#article\",\"isPartOf\":{\"@id\":\"https:\\\/\\\/dmcsrb.com\\\/sport\\\/kljajevic-momci-su-zasluzili-pobjedu-boricemo-se-do-kraja\\\/\"},\"author\":{\"name\":\"dmcsrbija.com@gmail.com\",\"@id\":\"https:\\\/\\\/dmcsrb.com\\\/#\\\/schema\\\/person\\\/5c39170f12db1b8b457732d0b5c854e2\"},\"headline\":\"Kljajevi\u0107: Momci su zaslu\u017eili pobjedu, bori\u0107emo se do kraja\",\"datePublished\":\"2025-10-14T17:34:20+00:00\",\"mainEntityOfPage\":{\"@id\":\"https:\\\/\\\/dmcsrb.com\\\/sport\\\/kljajevic-momci-su-zasluzili-pobjedu-boricemo-se-do-kraja\\\/\"},\"wordCount\":165,\"commentCount\":0,\"image\":{\"@id\":\"https:\\\/\\\/dmcsrb.com\\\/sport\\\/kljajevic-momci-su-zasluzili-pobjedu-boricemo-se-do-kraja\\\/#primaryimage\"},\"thumbnailUrl\":\"https:\\\/\\\/dmcsrb.com\\\/wp-content\\\/uploads\\\/2026\\\/01\\\/Mladi-sokoli-slavlje-FSCG.webp\",\"keywords\":[\"kvalifikacije za EURO\",\"Mlada fudbalska reprezentacija Crne Gore\",\"Mlada fudbalska reprezentacija Sjeverne Makedonije\",\"Nemanja Kljajevi\u0107\"],\"articleSection\":[\"Sport\"],\"inLanguage\":\"en-GB\",\"potentialAction\":[{\"@type\":\"CommentAction\",\"name\":\"Comment\",\"target\":[\"https:\\\/\\\/dmcsrb.com\\\/sport\\\/kljajevic-momci-su-zasluzili-pobjedu-boricemo-se-do-kraja\\\/#respond\"]}]},{\"@type\":\"WebPage\",\"@id\":\"https:\\\/\\\/dmcsrb.com\\\/sport\\\/kljajevic-momci-su-zasluzili-pobjedu-boricemo-se-do-kraja\\\/\",\"url\":\"https:\\\/\\\/dmcsrb.com\\\/sport\\\/kljajevic-momci-su-zasluzili-pobjedu-boricemo-se-do-kraja\\\/\",\"name\":\"Kljajevi\u0107: Momci su zaslu\u017eili pobjedu, bori\u0107emo se do kraja - dmcsrb.com\",\"isPartOf\":{\"@id\":\"https:\\\/\\\/dmcsrb.com\\\/#website\"},\"primaryImageOfPage\":{\"@id\":\"https:\\\/\\\/dmcsrb.com\\\/sport\\\/kljajevic-momci-su-zasluzili-pobjedu-boricemo-se-do-kraja\\\/#primaryimage\"},\"image\":{\"@id\":\"https:\\\/\\\/dmcsrb.com\\\/sport\\\/kljajevic-momci-su-zasluzili-pobjedu-boricemo-se-do-kraja\\\/#primaryimage\"},\"thumbnailUrl\":\"https:\\\/\\\/dmcsrb.com\\\/wp-content\\\/uploads\\\/2026\\\/01\\\/Mladi-sokoli-slavlje-FSCG.webp\",\"datePublished\":\"2025-10-14T17:34:20+00:00\",\"author\":{\"@id\":\"https:\\\/\\\/dmcsrb.com\\\/#\\\/schema\\\/person\\\/5c39170f12db1b8b457732d0b5c854e2\"},\"breadcrumb\":{\"@id\":\"https:\\\/\\\/dmcsrb.com\\\/sport\\\/kljajevic-momci-su-zasluzili-pobjedu-boricemo-se-do-kraja\\\/#breadcrumb\"},\"inLanguage\":\"en-GB\",\"potentialAction\":[{\"@type\":\"ReadAction\",\"target\":[\"https:\\\/\\\/dmcsrb.com\\\/sport\\\/kljajevic-momci-su-zasluzili-pobjedu-boricemo-se-do-kraja\\\/\"]}]},{\"@type\":\"ImageObject\",\"inLanguage\":\"en-GB\",\"@id\":\"https:\\\/\\\/dmcsrb.com\\\/sport\\\/kljajevic-momci-su-zasluzili-pobjedu-boricemo-se-do-kraja\\\/#primaryimage\",\"url\":\"https:\\\/\\\/dmcsrb.com\\\/wp-content\\\/uploads\\\/2026\\\/01\\\/Mladi-sokoli-slavlje-FSCG.webp\",\"contentUrl\":\"https:\\\/\\\/dmcsrb.com\\\/wp-content\\\/uploads\\\/2026\\\/01\\\/Mladi-sokoli-slavlje-FSCG.webp\",\"width\":1200,\"height\":800},{\"@type\":\"BreadcrumbList\",\"@id\":\"https:\\\/\\\/dmcsrb.com\\\/sport\\\/kljajevic-momci-su-zasluzili-pobjedu-boricemo-se-do-kraja\\\/#breadcrumb\",\"itemListElement\":[{\"@type\":\"ListItem\",\"position\":1,\"name\":\"Home\",\"item\":\"https:\\\/\\\/dmcsrb.com\\\/\"},{\"@type\":\"ListItem\",\"position\":2,\"name\":\"Kljajevi\u0107: Momci su zaslu\u017eili pobjedu, bori\u0107emo se do kraja\"}]},{\"@type\":\"WebSite\",\"@id\":\"https:\\\/\\\/dmcsrb.com\\\/#website\",\"url\":\"https:\\\/\\\/dmcsrb.com\\\/\",\"name\":\"dmcsrb.com\",\"description\":\"\",\"potentialAction\":[{\"@type\":\"SearchAction\",\"target\":{\"@type\":\"EntryPoint\",\"urlTemplate\":\"https:\\\/\\\/dmcsrb.com\\\/?s={search_term_string}\"},\"query-input\":{\"@type\":\"PropertyValueSpecification\",\"valueRequired\":true,\"valueName\":\"search_term_string\"}}],\"inLanguage\":\"en-GB\"},{\"@type\":\"Person\",\"@id\":\"https:\\\/\\\/dmcsrb.com\\\/#\\\/schema\\\/person\\\/5c39170f12db1b8b457732d0b5c854e2\",\"name\":\"dmcsrbija.com@gmail.com\",\"image\":{\"@type\":\"ImageObject\",\"inLanguage\":\"en-GB\",\"@id\":\"https:\\\/\\\/secure.gravatar.com\\\/avatar\\\/68592660ad6347fad0fb587f8d5d8f1a7b44961362f56e4f2cd524feb87e9069?s=96&d=mm&r=g\",\"url\":\"https:\\\/\\\/secure.gravatar.com\\\/avatar\\\/68592660ad6347fad0fb587f8d5d8f1a7b44961362f56e4f2cd524feb87e9069?s=96&d=mm&r=g\",\"contentUrl\":\"https:\\\/\\\/secure.gravatar.com\\\/avatar\\\/68592660ad6347fad0fb587f8d5d8f1a7b44961362f56e4f2cd524feb87e9069?s=96&d=mm&r=g\",\"caption\":\"dmcsrbija.com@gmail.com\"},\"sameAs\":[\"https:\\\/\\\/dmcsrb.com\"],\"url\":\"https:\\\/\\\/dmcsrb.com\\\/en\\\/author\\\/dmcsrbija-comgmail-com\\\/\"}]}<\/script>\n<!-- \/ Yoast SEO plugin. -->","yoast_head_json":{"title":"Kljajevi\u0107: Momci su zaslu\u017eili pobjedu, bori\u0107emo se do kraja - dmcsrb.com","robots":{"index":"index","follow":"follow","max-snippet":"max-snippet:-1","max-image-preview":"max-image-preview:large","max-video-preview":"max-video-preview:-1"},"canonical":"https:\/\/dmcsrb.com\/en\/sport\/kljajevic-momci-su-zasluzili-pobjedu-boricemo-se-do-kraja\/","og_locale":"en_GB","og_type":"article","og_title":"Kljajevi\u0107: Momci su zaslu\u017eili pobjedu, bori\u0107emo se do kraja - dmcsrb.com","og_description":"Mladi fudbaleri Crne Gore ostvarili su drugu pobjedu u kvalifikacijama za EURO - izabranici Gorana Peri\u0161i\u0107a savladali su Sjevernu Makedoniju na \"Besa areni\" nakon preokreta (3:2).","og_url":"https:\/\/dmcsrb.com\/en\/sport\/kljajevic-momci-su-zasluzili-pobjedu-boricemo-se-do-kraja\/","og_site_name":"dmcsrb.com","article_published_time":"2025-10-14T17:34:20+00:00","og_image":[{"width":1200,"height":800,"url":"https:\/\/dmcsrb.com\/wp-content\/uploads\/2026\/01\/Mladi-sokoli-slavlje-FSCG.webp","type":"image\/jpeg"}],"author":"dmcsrbija.com@gmail.com","twitter_card":"summary_large_image","twitter_misc":{"Written by":"dmcsrbija.com@gmail.com","Estimated reading time":"1 minute"},"schema":{"@context":"https:\/\/schema.org","@graph":[{"@type":"Article","@id":"https:\/\/dmcsrb.com\/sport\/kljajevic-momci-su-zasluzili-pobjedu-boricemo-se-do-kraja\/#article","isPartOf":{"@id":"https:\/\/dmcsrb.com\/sport\/kljajevic-momci-su-zasluzili-pobjedu-boricemo-se-do-kraja\/"},"author":{"name":"dmcsrbija.com@gmail.com","@id":"https:\/\/dmcsrb.com\/#\/schema\/person\/5c39170f12db1b8b457732d0b5c854e2"},"headline":"Kljajevi\u0107: Momci su zaslu\u017eili pobjedu, bori\u0107emo se do kraja","datePublished":"2025-10-14T17:34:20+00:00","mainEntityOfPage":{"@id":"https:\/\/dmcsrb.com\/sport\/kljajevic-momci-su-zasluzili-pobjedu-boricemo-se-do-kraja\/"},"wordCount":165,"commentCount":0,"image":{"@id":"https:\/\/dmcsrb.com\/sport\/kljajevic-momci-su-zasluzili-pobjedu-boricemo-se-do-kraja\/#primaryimage"},"thumbnailUrl":"https:\/\/dmcsrb.com\/wp-content\/uploads\/2026\/01\/Mladi-sokoli-slavlje-FSCG.webp","keywords":["kvalifikacije za EURO","Mlada fudbalska reprezentacija Crne Gore","Mlada fudbalska reprezentacija Sjeverne Makedonije","Nemanja Kljajevi\u0107"],"articleSection":["Sport"],"inLanguage":"en-GB","potentialAction":[{"@type":"CommentAction","name":"Comment","target":["https:\/\/dmcsrb.com\/sport\/kljajevic-momci-su-zasluzili-pobjedu-boricemo-se-do-kraja\/#respond"]}]},{"@type":"WebPage","@id":"https:\/\/dmcsrb.com\/sport\/kljajevic-momci-su-zasluzili-pobjedu-boricemo-se-do-kraja\/","url":"https:\/\/dmcsrb.com\/sport\/kljajevic-momci-su-zasluzili-pobjedu-boricemo-se-do-kraja\/","name":"Kljajevi\u0107: Momci su zaslu\u017eili pobjedu, bori\u0107emo se do kraja - dmcsrb.com","isPartOf":{"@id":"https:\/\/dmcsrb.com\/#website"},"primaryImageOfPage":{"@id":"https:\/\/dmcsrb.com\/sport\/kljajevic-momci-su-zasluzili-pobjedu-boricemo-se-do-kraja\/#primaryimage"},"image":{"@id":"https:\/\/dmcsrb.com\/sport\/kljajevic-momci-su-zasluzili-pobjedu-boricemo-se-do-kraja\/#primaryimage"},"thumbnailUrl":"https:\/\/dmcsrb.com\/wp-content\/uploads\/2026\/01\/Mladi-sokoli-slavlje-FSCG.webp","datePublished":"2025-10-14T17:34:20+00:00","author":{"@id":"https:\/\/dmcsrb.com\/#\/schema\/person\/5c39170f12db1b8b457732d0b5c854e2"},"breadcrumb":{"@id":"https:\/\/dmcsrb.com\/sport\/kljajevic-momci-su-zasluzili-pobjedu-boricemo-se-do-kraja\/#breadcrumb"},"inLanguage":"en-GB","potentialAction":[{"@type":"ReadAction","target":["https:\/\/dmcsrb.com\/sport\/kljajevic-momci-su-zasluzili-pobjedu-boricemo-se-do-kraja\/"]}]},{"@type":"ImageObject","inLanguage":"en-GB","@id":"https:\/\/dmcsrb.com\/sport\/kljajevic-momci-su-zasluzili-pobjedu-boricemo-se-do-kraja\/#primaryimage","url":"https:\/\/dmcsrb.com\/wp-content\/uploads\/2026\/01\/Mladi-sokoli-slavlje-FSCG.webp","contentUrl":"https:\/\/dmcsrb.com\/wp-content\/uploads\/2026\/01\/Mladi-sokoli-slavlje-FSCG.webp","width":1200,"height":800},{"@type":"BreadcrumbList","@id":"https:\/\/dmcsrb.com\/sport\/kljajevic-momci-su-zasluzili-pobjedu-boricemo-se-do-kraja\/#breadcrumb","itemListElement":[{"@type":"ListItem","position":1,"name":"Home","item":"https:\/\/dmcsrb.com\/"},{"@type":"ListItem","position":2,"name":"Kljajevi\u0107: Momci su zaslu\u017eili pobjedu, bori\u0107emo se do kraja"}]},{"@type":"WebSite","@id":"https:\/\/dmcsrb.com\/#website","url":"https:\/\/dmcsrb.com\/","name":"dmcsrb.com","description":"","potentialAction":[{"@type":"SearchAction","target":{"@type":"EntryPoint","urlTemplate":"https:\/\/dmcsrb.com\/?s={search_term_string}"},"query-input":{"@type":"PropertyValueSpecification","valueRequired":true,"valueName":"search_term_string"}}],"inLanguage":"en-GB"},{"@type":"Person","@id":"https:\/\/dmcsrb.com\/#\/schema\/person\/5c39170f12db1b8b457732d0b5c854e2","name":"dmcsrbija.com@gmail.com","image":{"@type":"ImageObject","inLanguage":"en-GB","@id":"https:\/\/secure.gravatar.com\/avatar\/68592660ad6347fad0fb587f8d5d8f1a7b44961362f56e4f2cd524feb87e9069?s=96&d=mm&r=g","url":"https:\/\/secure.gravatar.com\/avatar\/68592660ad6347fad0fb587f8d5d8f1a7b44961362f56e4f2cd524feb87e9069?s=96&d=mm&r=g","contentUrl":"https:\/\/secure.gravatar.com\/avatar\/68592660ad6347fad0fb587f8d5d8f1a7b44961362f56e4f2cd524feb87e9069?s=96&d=mm&r=g","caption":"dmcsrbija.com@gmail.com"},"sameAs":["https:\/\/dmcsrb.com"],"url":"https:\/\/dmcsrb.com\/en\/author\/dmcsrbija-comgmail-com\/"}]}},"_links":{"self":[{"href":"https:\/\/dmcsrb.com\/en\/wp-json\/wp\/v2\/posts\/957846","targetHints":{"allow":["GET"]}}],"collection":[{"href":"https:\/\/dmcsrb.com\/en\/wp-json\/wp\/v2\/posts"}],"about":[{"href":"https:\/\/dmcsrb.com\/en\/wp-json\/wp\/v2\/types\/post"}],"author":[{"embeddable":true,"href":"https:\/\/dmcsrb.com\/en\/wp-json\/wp\/v2\/users\/1"}],"replies":[{"embeddable":true,"href":"https:\/\/dmcsrb.com\/en\/wp-json\/wp\/v2\/comments?post=957846"}],"version-history":[{"count":0,"href":"https:\/\/dmcsrb.com\/en\/wp-json\/wp\/v2\/posts\/957846\/revisions"}],"wp:featuredmedia":[{"embeddable":true,"href":"https:\/\/dmcsrb.com\/en\/wp-json\/wp\/v2\/media\/957847"}],"wp:attachment":[{"href":"https:\/\/dmcsrb.com\/en\/wp-json\/wp\/v2\/media?parent=957846"}],"wp:term":[{"taxonomy":"category","embeddable":true,"href":"https:\/\/dmcsrb.com\/en\/wp-json\/wp\/v2\/categories?post=957846"},{"taxonomy":"post_tag","embeddable":true,"href":"https:\/\/dmcsrb.com\/en\/wp-json\/wp\/v2\/tags?post=957846"},{"taxonomy":"naslovna","embeddable":true,"href":"https:\/\/dmcsrb.com\/en\/wp-json\/wp\/v2\/naslovna?post=957846"}],"curies":[{"name":"wp","href":"https:\/\/api.w.org\/{rel}","templated":true}]}}