{"id":957823,"date":"2025-10-14T18:38:00","date_gmt":"2025-10-14T16:38:00","guid":{"rendered":"https:\/\/dmcsrb.com\/uncategorized\/perovic-jacanje-otpornosti-primarno-je-nacionalna-odgovornost-ali-i-kolektivna-obaveza\/"},"modified":"2025-10-14T18:38:00","modified_gmt":"2025-10-14T16:38:00","slug":"perovic-jacanje-otpornosti-primarno-je-nacionalna-odgovornost-ali-i-kolektivna-obaveza","status":"publish","type":"post","link":"https:\/\/dmcsrb.com\/en\/politika\/perovic-jacanje-otpornosti-primarno-je-nacionalna-odgovornost-ali-i-kolektivna-obaveza\/","title":{"rendered":"Perovi\u0107: Ja\u010danje otpornosti primarno je nacionalna odgovornost, ali i kolektivna obaveza"},"content":{"rendered":"<p><\/p>\n\n\n\n<p>Kako je saop\u0161teno iz Ministarstva odbrane, Perovi\u0107 je to rekla na sastanku politi\u010dkih direktora ministarstava odbrane zemalja \u010dlanica Ameri\u010dko-jadranske povelje, odr\u017eanom u Sarajevu.<\/p>\n\n\n\n<p>Navodi se da je na sesiji otvorenoj za zemlje posmatra\u010de bilo rije\u010di o aktivnostima koje se preduzimaju na nacionalnom nivou u cilju ja\u010danja op\u0161te dru\u0161tvene otpornosti u odnosu na savremene bezbjednosne izazove i prijetnje.<\/p>\n\n\n\n<p>Perovi\u0107 je ukazala na mjere koje Crna Gora preduzima na planu ja\u010danja nacionalne otpornosti.<\/p>\n\n\n\n<p>\u201cJa\u010danje otpornosti je primarno nacionalna odgovornost, ali i kolektivna obaveza u cilju o\u010duvanja kredibiliteta odvra\u0107anja i odbrane NATO saveza\u201d, kazala je Perovi\u0107.<\/p>\n\n\n\n<p>Ona je dodala da je Crna Gora za ovu godinu opredijelila preko dva odsto BDP-a za odbranu, kao i da je tre\u0107ina tih sredstava namijenjena modernazaciji i opremanju Vojske Crne Gore i implementaciji NATO ciljeva sposobnosti.<\/p>\n\n\n\n<p>Kako se naovodi u saop\u0161tenju Ministarstva, na sesiji u formatu zemalja \u010dlanica Povelje razgovarano je o budu\u0107nosti Ameri\u010dko-jadranske povelje u svijetlu aktuelnih bezbjednosnih de\u0161avanja i ravnopravnije raspodjele tereta unutar evroatlantske zajednice.<\/p>\n\n\n\n<p>\u201cOcijenjeno je da je A5 platforma dokazan okvir, kako za ja\u010danje regionalne stabilnosti i unapre\u0111enje saradnje zemalja Zapadnog Balkana sa Sjedinjenim Ameri\u010dkim Dr\u017eavama (SAD), tako i okvir za regionalni doprinos \u0161irim kolektivnim naporima na planu dorinosa me\u0111unarodnom miru i stabilnosti\u201d, ka\u017ee se u saop\u0161tenju.<\/p>\n\n\n\n<p>Dodaje se da su na tim linijama zemlje \u010dlanice A-5 saglasne da Inicijativa mo\u017ee imati dodatnu vrijednost i konkretnim aktivnostima doprinijeti stabilnijoj i sna\u017enijoj Evropi.<\/p>\n\n\n\n<p>\u201cIako budu\u010bnost ove regionalne inicijative zavisi prije svega od posve\u0107enosti zemalja iz regiona, zaklju\u010deno je da je saradnja sa SAD i njihova uloga u o\u010duvanju stabilnosti na Zapadnom Balkanu od su\u0161tinske va\u017enosti\u201d, navodi se u saop\u0161tenju.<\/p>","protected":false},"excerpt":{"rendered":"<p>Ja\u010danje otpornosti primarno je nacionalna odgovornost, ali i kolektivna obaveza u cilju o\u010duvanja kredibiliteta odvra\u0107anja i odbrane NATO saveza, poru\u010dila je direktorica Direktorata za politiku odbrane, Radmila Perovi\u0107.<\/p>","protected":false},"author":1,"featured_media":957824,"comment_status":"open","ping_status":"open","sticky":false,"template":"","format":"standard","meta":{"_acf_changed":false,"footnotes":""},"categories":[12],"tags":[11347,1879],"naslovna":[],"class_list":["post-957823","post","type-post","status-publish","format-standard","has-post-thumbnail","hentry","category-politika","tag-radmila-perovic","tag-sarajevo"],"acf":[],"yoast_head":"<!-- This site is optimized with the Yoast SEO plugin v27.0 - https:\/\/yoast.com\/product\/yoast-seo-wordpress\/ -->\n<title>Perovi\u0107: Ja\u010danje otpornosti primarno je nacionalna odgovornost, ali i kolektivna obaveza - dmcsrb.com<\/title>\n<meta name=\"robots\" content=\"index, follow, max-snippet:-1, max-image-preview:large, max-video-preview:-1\" \/>\n<link rel=\"canonical\" href=\"https:\/\/dmcsrb.com\/en\/politika\/perovic-jacanje-otpornosti-primarno-je-nacionalna-odgovornost-ali-i-kolektivna-obaveza\/\" \/>\n<meta property=\"og:locale\" content=\"en_GB\" \/>\n<meta property=\"og:type\" content=\"article\" \/>\n<meta property=\"og:title\" content=\"Perovi\u0107: Ja\u010danje otpornosti primarno je nacionalna odgovornost, ali i kolektivna obaveza - dmcsrb.com\" \/>\n<meta property=\"og:description\" content=\"Ja\u010danje otpornosti primarno je nacionalna odgovornost, ali i kolektivna obaveza u cilju o\u010duvanja kredibiliteta odvra\u0107anja i odbrane NATO saveza, poru\u010dila je direktorica Direktorata za politiku odbrane, Radmila Perovi\u0107.\" \/>\n<meta property=\"og:url\" content=\"https:\/\/dmcsrb.com\/en\/politika\/perovic-jacanje-otpornosti-primarno-je-nacionalna-odgovornost-ali-i-kolektivna-obaveza\/\" \/>\n<meta property=\"og:site_name\" content=\"dmcsrb.com\" \/>\n<meta property=\"article:published_time\" content=\"2025-10-14T16:38:00+00:00\" \/>\n<meta property=\"og:image\" content=\"https:\/\/dmcsrb.com\/wp-content\/uploads\/2026\/01\/sastanak-politickih-direktora-u-Sarajevu-foto-MO.webp\" \/>\n\t<meta property=\"og:image:width\" content=\"811\" \/>\n\t<meta property=\"og:image:height\" content=\"524\" \/>\n\t<meta property=\"og:image:type\" content=\"image\/jpeg\" \/>\n<meta name=\"author\" content=\"dmcsrbija.com@gmail.com\" \/>\n<meta name=\"twitter:card\" content=\"summary_large_image\" \/>\n<meta name=\"twitter:label1\" content=\"Written by\" \/>\n\t<meta name=\"twitter:data1\" content=\"dmcsrbija.com@gmail.com\" \/>\n\t<meta name=\"twitter:label2\" content=\"Estimated reading time\" \/>\n\t<meta name=\"twitter:data2\" content=\"1 minute\" \/>\n<script type=\"application\/ld+json\" class=\"yoast-schema-graph\">{\"@context\":\"https:\/\/schema.org\",\"@graph\":[{\"@type\":\"Article\",\"@id\":\"https:\/\/dmcsrb.com\/politika\/perovic-jacanje-otpornosti-primarno-je-nacionalna-odgovornost-ali-i-kolektivna-obaveza\/#article\",\"isPartOf\":{\"@id\":\"https:\/\/dmcsrb.com\/politika\/perovic-jacanje-otpornosti-primarno-je-nacionalna-odgovornost-ali-i-kolektivna-obaveza\/\"},\"author\":{\"name\":\"dmcsrbija.com@gmail.com\",\"@id\":\"https:\/\/dmcsrb.com\/#\/schema\/person\/5c39170f12db1b8b457732d0b5c854e2\"},\"headline\":\"Perovi\u0107: Ja\u010danje otpornosti primarno je nacionalna odgovornost, ali i kolektivna obaveza\",\"datePublished\":\"2025-10-14T16:38:00+00:00\",\"mainEntityOfPage\":{\"@id\":\"https:\/\/dmcsrb.com\/politika\/perovic-jacanje-otpornosti-primarno-je-nacionalna-odgovornost-ali-i-kolektivna-obaveza\/\"},\"wordCount\":311,\"commentCount\":0,\"image\":{\"@id\":\"https:\/\/dmcsrb.com\/politika\/perovic-jacanje-otpornosti-primarno-je-nacionalna-odgovornost-ali-i-kolektivna-obaveza\/#primaryimage\"},\"thumbnailUrl\":\"https:\/\/dmcsrb.com\/wp-content\/uploads\/2026\/01\/sastanak-politickih-direktora-u-Sarajevu-foto-MO.webp\",\"keywords\":[\"Radmila Perovi\u0107\",\"Sarajevo\"],\"articleSection\":[\"Politika\"],\"inLanguage\":\"en-GB\",\"potentialAction\":[{\"@type\":\"CommentAction\",\"name\":\"Comment\",\"target\":[\"https:\/\/dmcsrb.com\/politika\/perovic-jacanje-otpornosti-primarno-je-nacionalna-odgovornost-ali-i-kolektivna-obaveza\/#respond\"]}]},{\"@type\":\"WebPage\",\"@id\":\"https:\/\/dmcsrb.com\/politika\/perovic-jacanje-otpornosti-primarno-je-nacionalna-odgovornost-ali-i-kolektivna-obaveza\/\",\"url\":\"https:\/\/dmcsrb.com\/politika\/perovic-jacanje-otpornosti-primarno-je-nacionalna-odgovornost-ali-i-kolektivna-obaveza\/\",\"name\":\"Perovi\u0107: Ja\u010danje otpornosti primarno je nacionalna odgovornost, ali i kolektivna obaveza - dmcsrb.com\",\"isPartOf\":{\"@id\":\"https:\/\/dmcsrb.com\/#website\"},\"primaryImageOfPage\":{\"@id\":\"https:\/\/dmcsrb.com\/politika\/perovic-jacanje-otpornosti-primarno-je-nacionalna-odgovornost-ali-i-kolektivna-obaveza\/#primaryimage\"},\"image\":{\"@id\":\"https:\/\/dmcsrb.com\/politika\/perovic-jacanje-otpornosti-primarno-je-nacionalna-odgovornost-ali-i-kolektivna-obaveza\/#primaryimage\"},\"thumbnailUrl\":\"https:\/\/dmcsrb.com\/wp-content\/uploads\/2026\/01\/sastanak-politickih-direktora-u-Sarajevu-foto-MO.webp\",\"datePublished\":\"2025-10-14T16:38:00+00:00\",\"author\":{\"@id\":\"https:\/\/dmcsrb.com\/#\/schema\/person\/5c39170f12db1b8b457732d0b5c854e2\"},\"breadcrumb\":{\"@id\":\"https:\/\/dmcsrb.com\/politika\/perovic-jacanje-otpornosti-primarno-je-nacionalna-odgovornost-ali-i-kolektivna-obaveza\/#breadcrumb\"},\"inLanguage\":\"en-GB\",\"potentialAction\":[{\"@type\":\"ReadAction\",\"target\":[\"https:\/\/dmcsrb.com\/politika\/perovic-jacanje-otpornosti-primarno-je-nacionalna-odgovornost-ali-i-kolektivna-obaveza\/\"]}]},{\"@type\":\"ImageObject\",\"inLanguage\":\"en-GB\",\"@id\":\"https:\/\/dmcsrb.com\/politika\/perovic-jacanje-otpornosti-primarno-je-nacionalna-odgovornost-ali-i-kolektivna-obaveza\/#primaryimage\",\"url\":\"https:\/\/dmcsrb.com\/wp-content\/uploads\/2026\/01\/sastanak-politickih-direktora-u-Sarajevu-foto-MO.webp\",\"contentUrl\":\"https:\/\/dmcsrb.com\/wp-content\/uploads\/2026\/01\/sastanak-politickih-direktora-u-Sarajevu-foto-MO.webp\",\"width\":811,\"height\":524},{\"@type\":\"BreadcrumbList\",\"@id\":\"https:\/\/dmcsrb.com\/politika\/perovic-jacanje-otpornosti-primarno-je-nacionalna-odgovornost-ali-i-kolektivna-obaveza\/#breadcrumb\",\"itemListElement\":[{\"@type\":\"ListItem\",\"position\":1,\"name\":\"Home\",\"item\":\"https:\/\/dmcsrb.com\/\"},{\"@type\":\"ListItem\",\"position\":2,\"name\":\"Perovi\u0107: Ja\u010danje otpornosti primarno je nacionalna odgovornost, ali i kolektivna obaveza\"}]},{\"@type\":\"WebSite\",\"@id\":\"https:\/\/dmcsrb.com\/#website\",\"url\":\"https:\/\/dmcsrb.com\/\",\"name\":\"dmcsrb.com\",\"description\":\"\",\"potentialAction\":[{\"@type\":\"SearchAction\",\"target\":{\"@type\":\"EntryPoint\",\"urlTemplate\":\"https:\/\/dmcsrb.com\/?s={search_term_string}\"},\"query-input\":{\"@type\":\"PropertyValueSpecification\",\"valueRequired\":true,\"valueName\":\"search_term_string\"}}],\"inLanguage\":\"en-GB\"},{\"@type\":\"Person\",\"@id\":\"https:\/\/dmcsrb.com\/#\/schema\/person\/5c39170f12db1b8b457732d0b5c854e2\",\"name\":\"dmcsrbija.com@gmail.com\",\"image\":{\"@type\":\"ImageObject\",\"inLanguage\":\"en-GB\",\"@id\":\"https:\/\/dmcsrb.com\/#\/schema\/person\/image\/\",\"url\":\"https:\/\/secure.gravatar.com\/avatar\/68592660ad6347fad0fb587f8d5d8f1a7b44961362f56e4f2cd524feb87e9069?s=96&d=mm&r=g\",\"contentUrl\":\"https:\/\/secure.gravatar.com\/avatar\/68592660ad6347fad0fb587f8d5d8f1a7b44961362f56e4f2cd524feb87e9069?s=96&d=mm&r=g\",\"caption\":\"dmcsrbija.com@gmail.com\"},\"sameAs\":[\"https:\/\/dmcsrb.com\"],\"url\":\"https:\/\/dmcsrb.com\/en\/author\/dmcsrbija-comgmail-com\/\"}]}<\/script>\n<!-- \/ Yoast SEO plugin. -->","yoast_head_json":{"title":"Perovi\u0107: Ja\u010danje otpornosti primarno je nacionalna odgovornost, ali i kolektivna obaveza - dmcsrb.com","robots":{"index":"index","follow":"follow","max-snippet":"max-snippet:-1","max-image-preview":"max-image-preview:large","max-video-preview":"max-video-preview:-1"},"canonical":"https:\/\/dmcsrb.com\/en\/politika\/perovic-jacanje-otpornosti-primarno-je-nacionalna-odgovornost-ali-i-kolektivna-obaveza\/","og_locale":"en_GB","og_type":"article","og_title":"Perovi\u0107: Ja\u010danje otpornosti primarno je nacionalna odgovornost, ali i kolektivna obaveza - dmcsrb.com","og_description":"Ja\u010danje otpornosti primarno je nacionalna odgovornost, ali i kolektivna obaveza u cilju o\u010duvanja kredibiliteta odvra\u0107anja i odbrane NATO saveza, poru\u010dila je direktorica Direktorata za politiku odbrane, Radmila Perovi\u0107.","og_url":"https:\/\/dmcsrb.com\/en\/politika\/perovic-jacanje-otpornosti-primarno-je-nacionalna-odgovornost-ali-i-kolektivna-obaveza\/","og_site_name":"dmcsrb.com","article_published_time":"2025-10-14T16:38:00+00:00","og_image":[{"width":811,"height":524,"url":"https:\/\/dmcsrb.com\/wp-content\/uploads\/2026\/01\/sastanak-politickih-direktora-u-Sarajevu-foto-MO.webp","type":"image\/jpeg"}],"author":"dmcsrbija.com@gmail.com","twitter_card":"summary_large_image","twitter_misc":{"Written by":"dmcsrbija.com@gmail.com","Estimated reading time":"1 minute"},"schema":{"@context":"https:\/\/schema.org","@graph":[{"@type":"Article","@id":"https:\/\/dmcsrb.com\/politika\/perovic-jacanje-otpornosti-primarno-je-nacionalna-odgovornost-ali-i-kolektivna-obaveza\/#article","isPartOf":{"@id":"https:\/\/dmcsrb.com\/politika\/perovic-jacanje-otpornosti-primarno-je-nacionalna-odgovornost-ali-i-kolektivna-obaveza\/"},"author":{"name":"dmcsrbija.com@gmail.com","@id":"https:\/\/dmcsrb.com\/#\/schema\/person\/5c39170f12db1b8b457732d0b5c854e2"},"headline":"Perovi\u0107: Ja\u010danje otpornosti primarno je nacionalna odgovornost, ali i kolektivna obaveza","datePublished":"2025-10-14T16:38:00+00:00","mainEntityOfPage":{"@id":"https:\/\/dmcsrb.com\/politika\/perovic-jacanje-otpornosti-primarno-je-nacionalna-odgovornost-ali-i-kolektivna-obaveza\/"},"wordCount":311,"commentCount":0,"image":{"@id":"https:\/\/dmcsrb.com\/politika\/perovic-jacanje-otpornosti-primarno-je-nacionalna-odgovornost-ali-i-kolektivna-obaveza\/#primaryimage"},"thumbnailUrl":"https:\/\/dmcsrb.com\/wp-content\/uploads\/2026\/01\/sastanak-politickih-direktora-u-Sarajevu-foto-MO.webp","keywords":["Radmila Perovi\u0107","Sarajevo"],"articleSection":["Politika"],"inLanguage":"en-GB","potentialAction":[{"@type":"CommentAction","name":"Comment","target":["https:\/\/dmcsrb.com\/politika\/perovic-jacanje-otpornosti-primarno-je-nacionalna-odgovornost-ali-i-kolektivna-obaveza\/#respond"]}]},{"@type":"WebPage","@id":"https:\/\/dmcsrb.com\/politika\/perovic-jacanje-otpornosti-primarno-je-nacionalna-odgovornost-ali-i-kolektivna-obaveza\/","url":"https:\/\/dmcsrb.com\/politika\/perovic-jacanje-otpornosti-primarno-je-nacionalna-odgovornost-ali-i-kolektivna-obaveza\/","name":"Perovi\u0107: Ja\u010danje otpornosti primarno je nacionalna odgovornost, ali i kolektivna obaveza - dmcsrb.com","isPartOf":{"@id":"https:\/\/dmcsrb.com\/#website"},"primaryImageOfPage":{"@id":"https:\/\/dmcsrb.com\/politika\/perovic-jacanje-otpornosti-primarno-je-nacionalna-odgovornost-ali-i-kolektivna-obaveza\/#primaryimage"},"image":{"@id":"https:\/\/dmcsrb.com\/politika\/perovic-jacanje-otpornosti-primarno-je-nacionalna-odgovornost-ali-i-kolektivna-obaveza\/#primaryimage"},"thumbnailUrl":"https:\/\/dmcsrb.com\/wp-content\/uploads\/2026\/01\/sastanak-politickih-direktora-u-Sarajevu-foto-MO.webp","datePublished":"2025-10-14T16:38:00+00:00","author":{"@id":"https:\/\/dmcsrb.com\/#\/schema\/person\/5c39170f12db1b8b457732d0b5c854e2"},"breadcrumb":{"@id":"https:\/\/dmcsrb.com\/politika\/perovic-jacanje-otpornosti-primarno-je-nacionalna-odgovornost-ali-i-kolektivna-obaveza\/#breadcrumb"},"inLanguage":"en-GB","potentialAction":[{"@type":"ReadAction","target":["https:\/\/dmcsrb.com\/politika\/perovic-jacanje-otpornosti-primarno-je-nacionalna-odgovornost-ali-i-kolektivna-obaveza\/"]}]},{"@type":"ImageObject","inLanguage":"en-GB","@id":"https:\/\/dmcsrb.com\/politika\/perovic-jacanje-otpornosti-primarno-je-nacionalna-odgovornost-ali-i-kolektivna-obaveza\/#primaryimage","url":"https:\/\/dmcsrb.com\/wp-content\/uploads\/2026\/01\/sastanak-politickih-direktora-u-Sarajevu-foto-MO.webp","contentUrl":"https:\/\/dmcsrb.com\/wp-content\/uploads\/2026\/01\/sastanak-politickih-direktora-u-Sarajevu-foto-MO.webp","width":811,"height":524},{"@type":"BreadcrumbList","@id":"https:\/\/dmcsrb.com\/politika\/perovic-jacanje-otpornosti-primarno-je-nacionalna-odgovornost-ali-i-kolektivna-obaveza\/#breadcrumb","itemListElement":[{"@type":"ListItem","position":1,"name":"Home","item":"https:\/\/dmcsrb.com\/"},{"@type":"ListItem","position":2,"name":"Perovi\u0107: Ja\u010danje otpornosti primarno je nacionalna odgovornost, ali i kolektivna obaveza"}]},{"@type":"WebSite","@id":"https:\/\/dmcsrb.com\/#website","url":"https:\/\/dmcsrb.com\/","name":"dmcsrb.com","description":"","potentialAction":[{"@type":"SearchAction","target":{"@type":"EntryPoint","urlTemplate":"https:\/\/dmcsrb.com\/?s={search_term_string}"},"query-input":{"@type":"PropertyValueSpecification","valueRequired":true,"valueName":"search_term_string"}}],"inLanguage":"en-GB"},{"@type":"Person","@id":"https:\/\/dmcsrb.com\/#\/schema\/person\/5c39170f12db1b8b457732d0b5c854e2","name":"dmcsrbija.com@gmail.com","image":{"@type":"ImageObject","inLanguage":"en-GB","@id":"https:\/\/dmcsrb.com\/#\/schema\/person\/image\/","url":"https:\/\/secure.gravatar.com\/avatar\/68592660ad6347fad0fb587f8d5d8f1a7b44961362f56e4f2cd524feb87e9069?s=96&d=mm&r=g","contentUrl":"https:\/\/secure.gravatar.com\/avatar\/68592660ad6347fad0fb587f8d5d8f1a7b44961362f56e4f2cd524feb87e9069?s=96&d=mm&r=g","caption":"dmcsrbija.com@gmail.com"},"sameAs":["https:\/\/dmcsrb.com"],"url":"https:\/\/dmcsrb.com\/en\/author\/dmcsrbija-comgmail-com\/"}]}},"_links":{"self":[{"href":"https:\/\/dmcsrb.com\/en\/wp-json\/wp\/v2\/posts\/957823","targetHints":{"allow":["GET"]}}],"collection":[{"href":"https:\/\/dmcsrb.com\/en\/wp-json\/wp\/v2\/posts"}],"about":[{"href":"https:\/\/dmcsrb.com\/en\/wp-json\/wp\/v2\/types\/post"}],"author":[{"embeddable":true,"href":"https:\/\/dmcsrb.com\/en\/wp-json\/wp\/v2\/users\/1"}],"replies":[{"embeddable":true,"href":"https:\/\/dmcsrb.com\/en\/wp-json\/wp\/v2\/comments?post=957823"}],"version-history":[{"count":0,"href":"https:\/\/dmcsrb.com\/en\/wp-json\/wp\/v2\/posts\/957823\/revisions"}],"wp:featuredmedia":[{"embeddable":true,"href":"https:\/\/dmcsrb.com\/en\/wp-json\/wp\/v2\/media\/957824"}],"wp:attachment":[{"href":"https:\/\/dmcsrb.com\/en\/wp-json\/wp\/v2\/media?parent=957823"}],"wp:term":[{"taxonomy":"category","embeddable":true,"href":"https:\/\/dmcsrb.com\/en\/wp-json\/wp\/v2\/categories?post=957823"},{"taxonomy":"post_tag","embeddable":true,"href":"https:\/\/dmcsrb.com\/en\/wp-json\/wp\/v2\/tags?post=957823"},{"taxonomy":"naslovna","embeddable":true,"href":"https:\/\/dmcsrb.com\/en\/wp-json\/wp\/v2\/naslovna?post=957823"}],"curies":[{"name":"wp","href":"https:\/\/api.w.org\/{rel}","templated":true}]}}