{"id":957816,"date":"2025-10-14T17:37:40","date_gmt":"2025-10-14T15:37:40","guid":{"rendered":"https:\/\/dmcsrb.com\/uncategorized\/ulcinjaninu-60-dana-zatvora-zbog-nasilja-u-porodici-napao-roditelje-sestru-i-sestricinu\/"},"modified":"2025-10-14T17:37:40","modified_gmt":"2025-10-14T15:37:40","slug":"ulcinjaninu-60-dana-zatvora-zbog-nasilja-u-porodici-napao-roditelje-sestru-i-sestricinu","status":"publish","type":"post","link":"https:\/\/dmcsrb.com\/en\/hronika\/ulcinjaninu-60-dana-zatvora-zbog-nasilja-u-porodici-napao-roditelje-sestru-i-sestricinu\/","title":{"rendered":"Ulcinjaninu 60 dana zatvora zbog nasilja u porodici: Napao roditelje, sestru i sestri\u010dinu"},"content":{"rendered":"<p><\/p>\n\n\n\n<p>&#8220;Njemu je su\u0111eno u hitnom postupku, a osim kazne sutkinja Anka Ra\u0161ovi\u0107 mu je izrekla tri za\u0161titne mjere i to: udaljenje iz stana, zabranu prilaska \u010dlanovima porodice na udaljenosti ne manjoj od pet metara i zabranu uznemiravanja i uho\u0111enja \u017ertava nasilja u trajanju od 6 mjesci, koje \u0107e izvr\u0161iti Uprava policije po izdr\u017eanoj zatvorskoj kazni, saop\u0161teno je iz Suda za prekr\u0161aje u Budvi&#8221;, naveli su u saop\u0161tenju.<\/p>\n\n\n\n<p>Kako su kazali, njemu je stavljeno na teret da\u00a0je dana 13.oktobra 2025.godine u ve\u010dernjim \u010dasovima u porodi\u010dnom domu u ulcinjskom naselju Darza fizi\u010dki napao oca, majku, sestru i sestri\u010dnu.<\/p>\n\n\n\n<p>&#8220;Ocu je zadao udarce otvorenom \u0161akom u predjelu glave, dok je drugom rukom udario majku po lijevoj ruci, da bi iste ve\u010deri zadao je udarac \u0161akom sestri u predjelu \u010dela, dok je sestri\u010dnu vukao za kosu i oborio na pod. Okrivljeni je zbog bojazni od ponavljanja prekr\u0161aja odmah upu\u0107en na izdr\u017eavanje kazne u UIKS Spu\u017e&#8221;, zaklju\u010duju.\u00a0<\/p>","protected":false},"excerpt":{"rendered":"<p>Ulcinjanin D. M. (43) ka\u017enjen je zatvorom u trajanju od maksimalnih 60 dana zbog nasilja u porodici.<\/p>","protected":false},"author":1,"featured_media":908745,"comment_status":"open","ping_status":"open","sticky":false,"template":"","format":"standard","meta":{"_acf_changed":false,"footnotes":""},"categories":[17],"tags":[186,1002],"naslovna":[],"class_list":["post-957816","post","type-post","status-publish","format-standard","has-post-thumbnail","hentry","category-hronika","tag-budva","tag-nasilje-u-porodici"],"acf":[],"yoast_head":"<!-- This site is optimized with the Yoast SEO plugin v27.0 - https:\/\/yoast.com\/product\/yoast-seo-wordpress\/ -->\n<title>Ulcinjaninu 60 dana zatvora zbog nasilja u porodici: Napao roditelje, sestru i sestri\u010dinu - dmcsrb.com<\/title>\n<meta name=\"robots\" content=\"index, follow, max-snippet:-1, max-image-preview:large, max-video-preview:-1\" \/>\n<link rel=\"canonical\" href=\"https:\/\/dmcsrb.com\/en\/hronika\/ulcinjaninu-60-dana-zatvora-zbog-nasilja-u-porodici-napao-roditelje-sestru-i-sestricinu\/\" \/>\n<meta property=\"og:locale\" content=\"en_GB\" \/>\n<meta property=\"og:type\" content=\"article\" \/>\n<meta property=\"og:title\" content=\"Ulcinjaninu 60 dana zatvora zbog nasilja u porodici: Napao roditelje, sestru i sestri\u010dinu - dmcsrb.com\" \/>\n<meta property=\"og:description\" content=\"Ulcinjanin D. M. (43) ka\u017enjen je zatvorom u trajanju od maksimalnih 60 dana zbog nasilja u porodici.\" \/>\n<meta property=\"og:url\" content=\"https:\/\/dmcsrb.com\/en\/hronika\/ulcinjaninu-60-dana-zatvora-zbog-nasilja-u-porodici-napao-roditelje-sestru-i-sestricinu\/\" \/>\n<meta property=\"og:site_name\" content=\"dmcsrb.com\" \/>\n<meta property=\"article:published_time\" content=\"2025-10-14T15:37:40+00:00\" \/>\n<meta property=\"og:image\" content=\"https:\/\/dmcsrb.com\/wp-content\/uploads\/2026\/01\/feral-bar-1626098132_sud-za-prekrsaje-budva.jpg\" \/>\n\t<meta property=\"og:image:width\" content=\"960\" \/>\n\t<meta property=\"og:image:height\" content=\"600\" \/>\n\t<meta property=\"og:image:type\" content=\"image\/jpeg\" \/>\n<meta name=\"author\" content=\"dmcsrbija.com@gmail.com\" \/>\n<meta name=\"twitter:card\" content=\"summary_large_image\" \/>\n<meta name=\"twitter:label1\" content=\"Written by\" \/>\n\t<meta name=\"twitter:data1\" content=\"dmcsrbija.com@gmail.com\" \/>\n\t<meta name=\"twitter:label2\" content=\"Estimated reading time\" \/>\n\t<meta name=\"twitter:data2\" content=\"1 minute\" \/>\n<script type=\"application\/ld+json\" class=\"yoast-schema-graph\">{\"@context\":\"https:\/\/schema.org\",\"@graph\":[{\"@type\":\"Article\",\"@id\":\"https:\/\/dmcsrb.com\/hronika\/ulcinjaninu-60-dana-zatvora-zbog-nasilja-u-porodici-napao-roditelje-sestru-i-sestricinu\/#article\",\"isPartOf\":{\"@id\":\"https:\/\/dmcsrb.com\/hronika\/ulcinjaninu-60-dana-zatvora-zbog-nasilja-u-porodici-napao-roditelje-sestru-i-sestricinu\/\"},\"author\":{\"name\":\"dmcsrbija.com@gmail.com\",\"@id\":\"https:\/\/dmcsrb.com\/#\/schema\/person\/5c39170f12db1b8b457732d0b5c854e2\"},\"headline\":\"Ulcinjaninu 60 dana zatvora zbog nasilja u porodici: Napao roditelje, sestru i sestri\u010dinu\",\"datePublished\":\"2025-10-14T15:37:40+00:00\",\"mainEntityOfPage\":{\"@id\":\"https:\/\/dmcsrb.com\/hronika\/ulcinjaninu-60-dana-zatvora-zbog-nasilja-u-porodici-napao-roditelje-sestru-i-sestricinu\/\"},\"wordCount\":184,\"commentCount\":0,\"image\":{\"@id\":\"https:\/\/dmcsrb.com\/hronika\/ulcinjaninu-60-dana-zatvora-zbog-nasilja-u-porodici-napao-roditelje-sestru-i-sestricinu\/#primaryimage\"},\"thumbnailUrl\":\"https:\/\/dmcsrb.com\/wp-content\/uploads\/2026\/01\/feral-bar-1626098132_sud-za-prekrsaje-budva.jpg\",\"keywords\":[\"budva\",\"nasilje u porodici\"],\"articleSection\":[\"Hronika\"],\"inLanguage\":\"en-GB\",\"potentialAction\":[{\"@type\":\"CommentAction\",\"name\":\"Comment\",\"target\":[\"https:\/\/dmcsrb.com\/hronika\/ulcinjaninu-60-dana-zatvora-zbog-nasilja-u-porodici-napao-roditelje-sestru-i-sestricinu\/#respond\"]}]},{\"@type\":\"WebPage\",\"@id\":\"https:\/\/dmcsrb.com\/hronika\/ulcinjaninu-60-dana-zatvora-zbog-nasilja-u-porodici-napao-roditelje-sestru-i-sestricinu\/\",\"url\":\"https:\/\/dmcsrb.com\/hronika\/ulcinjaninu-60-dana-zatvora-zbog-nasilja-u-porodici-napao-roditelje-sestru-i-sestricinu\/\",\"name\":\"Ulcinjaninu 60 dana zatvora zbog nasilja u porodici: Napao roditelje, sestru i sestri\u010dinu - dmcsrb.com\",\"isPartOf\":{\"@id\":\"https:\/\/dmcsrb.com\/#website\"},\"primaryImageOfPage\":{\"@id\":\"https:\/\/dmcsrb.com\/hronika\/ulcinjaninu-60-dana-zatvora-zbog-nasilja-u-porodici-napao-roditelje-sestru-i-sestricinu\/#primaryimage\"},\"image\":{\"@id\":\"https:\/\/dmcsrb.com\/hronika\/ulcinjaninu-60-dana-zatvora-zbog-nasilja-u-porodici-napao-roditelje-sestru-i-sestricinu\/#primaryimage\"},\"thumbnailUrl\":\"https:\/\/dmcsrb.com\/wp-content\/uploads\/2026\/01\/feral-bar-1626098132_sud-za-prekrsaje-budva.jpg\",\"datePublished\":\"2025-10-14T15:37:40+00:00\",\"author\":{\"@id\":\"https:\/\/dmcsrb.com\/#\/schema\/person\/5c39170f12db1b8b457732d0b5c854e2\"},\"breadcrumb\":{\"@id\":\"https:\/\/dmcsrb.com\/hronika\/ulcinjaninu-60-dana-zatvora-zbog-nasilja-u-porodici-napao-roditelje-sestru-i-sestricinu\/#breadcrumb\"},\"inLanguage\":\"en-GB\",\"potentialAction\":[{\"@type\":\"ReadAction\",\"target\":[\"https:\/\/dmcsrb.com\/hronika\/ulcinjaninu-60-dana-zatvora-zbog-nasilja-u-porodici-napao-roditelje-sestru-i-sestricinu\/\"]}]},{\"@type\":\"ImageObject\",\"inLanguage\":\"en-GB\",\"@id\":\"https:\/\/dmcsrb.com\/hronika\/ulcinjaninu-60-dana-zatvora-zbog-nasilja-u-porodici-napao-roditelje-sestru-i-sestricinu\/#primaryimage\",\"url\":\"https:\/\/dmcsrb.com\/wp-content\/uploads\/2026\/01\/feral-bar-1626098132_sud-za-prekrsaje-budva.jpg\",\"contentUrl\":\"https:\/\/dmcsrb.com\/wp-content\/uploads\/2026\/01\/feral-bar-1626098132_sud-za-prekrsaje-budva.jpg\",\"width\":960,\"height\":600},{\"@type\":\"BreadcrumbList\",\"@id\":\"https:\/\/dmcsrb.com\/hronika\/ulcinjaninu-60-dana-zatvora-zbog-nasilja-u-porodici-napao-roditelje-sestru-i-sestricinu\/#breadcrumb\",\"itemListElement\":[{\"@type\":\"ListItem\",\"position\":1,\"name\":\"Home\",\"item\":\"https:\/\/dmcsrb.com\/\"},{\"@type\":\"ListItem\",\"position\":2,\"name\":\"Ulcinjaninu 60 dana zatvora zbog nasilja u porodici: Napao roditelje, sestru i sestri\u010dinu\"}]},{\"@type\":\"WebSite\",\"@id\":\"https:\/\/dmcsrb.com\/#website\",\"url\":\"https:\/\/dmcsrb.com\/\",\"name\":\"dmcsrb.com\",\"description\":\"\",\"potentialAction\":[{\"@type\":\"SearchAction\",\"target\":{\"@type\":\"EntryPoint\",\"urlTemplate\":\"https:\/\/dmcsrb.com\/?s={search_term_string}\"},\"query-input\":{\"@type\":\"PropertyValueSpecification\",\"valueRequired\":true,\"valueName\":\"search_term_string\"}}],\"inLanguage\":\"en-GB\"},{\"@type\":\"Person\",\"@id\":\"https:\/\/dmcsrb.com\/#\/schema\/person\/5c39170f12db1b8b457732d0b5c854e2\",\"name\":\"dmcsrbija.com@gmail.com\",\"image\":{\"@type\":\"ImageObject\",\"inLanguage\":\"en-GB\",\"@id\":\"https:\/\/dmcsrb.com\/#\/schema\/person\/image\/\",\"url\":\"https:\/\/secure.gravatar.com\/avatar\/68592660ad6347fad0fb587f8d5d8f1a7b44961362f56e4f2cd524feb87e9069?s=96&d=mm&r=g\",\"contentUrl\":\"https:\/\/secure.gravatar.com\/avatar\/68592660ad6347fad0fb587f8d5d8f1a7b44961362f56e4f2cd524feb87e9069?s=96&d=mm&r=g\",\"caption\":\"dmcsrbija.com@gmail.com\"},\"sameAs\":[\"https:\/\/dmcsrb.com\"],\"url\":\"https:\/\/dmcsrb.com\/en\/author\/dmcsrbija-comgmail-com\/\"}]}<\/script>\n<!-- \/ Yoast SEO plugin. -->","yoast_head_json":{"title":"Ulcinjaninu 60 dana zatvora zbog nasilja u porodici: Napao roditelje, sestru i sestri\u010dinu - dmcsrb.com","robots":{"index":"index","follow":"follow","max-snippet":"max-snippet:-1","max-image-preview":"max-image-preview:large","max-video-preview":"max-video-preview:-1"},"canonical":"https:\/\/dmcsrb.com\/en\/hronika\/ulcinjaninu-60-dana-zatvora-zbog-nasilja-u-porodici-napao-roditelje-sestru-i-sestricinu\/","og_locale":"en_GB","og_type":"article","og_title":"Ulcinjaninu 60 dana zatvora zbog nasilja u porodici: Napao roditelje, sestru i sestri\u010dinu - dmcsrb.com","og_description":"Ulcinjanin D. M. (43) ka\u017enjen je zatvorom u trajanju od maksimalnih 60 dana zbog nasilja u porodici.","og_url":"https:\/\/dmcsrb.com\/en\/hronika\/ulcinjaninu-60-dana-zatvora-zbog-nasilja-u-porodici-napao-roditelje-sestru-i-sestricinu\/","og_site_name":"dmcsrb.com","article_published_time":"2025-10-14T15:37:40+00:00","og_image":[{"width":960,"height":600,"url":"https:\/\/dmcsrb.com\/wp-content\/uploads\/2026\/01\/feral-bar-1626098132_sud-za-prekrsaje-budva.jpg","type":"image\/jpeg"}],"author":"dmcsrbija.com@gmail.com","twitter_card":"summary_large_image","twitter_misc":{"Written by":"dmcsrbija.com@gmail.com","Estimated reading time":"1 minute"},"schema":{"@context":"https:\/\/schema.org","@graph":[{"@type":"Article","@id":"https:\/\/dmcsrb.com\/hronika\/ulcinjaninu-60-dana-zatvora-zbog-nasilja-u-porodici-napao-roditelje-sestru-i-sestricinu\/#article","isPartOf":{"@id":"https:\/\/dmcsrb.com\/hronika\/ulcinjaninu-60-dana-zatvora-zbog-nasilja-u-porodici-napao-roditelje-sestru-i-sestricinu\/"},"author":{"name":"dmcsrbija.com@gmail.com","@id":"https:\/\/dmcsrb.com\/#\/schema\/person\/5c39170f12db1b8b457732d0b5c854e2"},"headline":"Ulcinjaninu 60 dana zatvora zbog nasilja u porodici: Napao roditelje, sestru i sestri\u010dinu","datePublished":"2025-10-14T15:37:40+00:00","mainEntityOfPage":{"@id":"https:\/\/dmcsrb.com\/hronika\/ulcinjaninu-60-dana-zatvora-zbog-nasilja-u-porodici-napao-roditelje-sestru-i-sestricinu\/"},"wordCount":184,"commentCount":0,"image":{"@id":"https:\/\/dmcsrb.com\/hronika\/ulcinjaninu-60-dana-zatvora-zbog-nasilja-u-porodici-napao-roditelje-sestru-i-sestricinu\/#primaryimage"},"thumbnailUrl":"https:\/\/dmcsrb.com\/wp-content\/uploads\/2026\/01\/feral-bar-1626098132_sud-za-prekrsaje-budva.jpg","keywords":["budva","nasilje u porodici"],"articleSection":["Hronika"],"inLanguage":"en-GB","potentialAction":[{"@type":"CommentAction","name":"Comment","target":["https:\/\/dmcsrb.com\/hronika\/ulcinjaninu-60-dana-zatvora-zbog-nasilja-u-porodici-napao-roditelje-sestru-i-sestricinu\/#respond"]}]},{"@type":"WebPage","@id":"https:\/\/dmcsrb.com\/hronika\/ulcinjaninu-60-dana-zatvora-zbog-nasilja-u-porodici-napao-roditelje-sestru-i-sestricinu\/","url":"https:\/\/dmcsrb.com\/hronika\/ulcinjaninu-60-dana-zatvora-zbog-nasilja-u-porodici-napao-roditelje-sestru-i-sestricinu\/","name":"Ulcinjaninu 60 dana zatvora zbog nasilja u porodici: Napao roditelje, sestru i sestri\u010dinu - dmcsrb.com","isPartOf":{"@id":"https:\/\/dmcsrb.com\/#website"},"primaryImageOfPage":{"@id":"https:\/\/dmcsrb.com\/hronika\/ulcinjaninu-60-dana-zatvora-zbog-nasilja-u-porodici-napao-roditelje-sestru-i-sestricinu\/#primaryimage"},"image":{"@id":"https:\/\/dmcsrb.com\/hronika\/ulcinjaninu-60-dana-zatvora-zbog-nasilja-u-porodici-napao-roditelje-sestru-i-sestricinu\/#primaryimage"},"thumbnailUrl":"https:\/\/dmcsrb.com\/wp-content\/uploads\/2026\/01\/feral-bar-1626098132_sud-za-prekrsaje-budva.jpg","datePublished":"2025-10-14T15:37:40+00:00","author":{"@id":"https:\/\/dmcsrb.com\/#\/schema\/person\/5c39170f12db1b8b457732d0b5c854e2"},"breadcrumb":{"@id":"https:\/\/dmcsrb.com\/hronika\/ulcinjaninu-60-dana-zatvora-zbog-nasilja-u-porodici-napao-roditelje-sestru-i-sestricinu\/#breadcrumb"},"inLanguage":"en-GB","potentialAction":[{"@type":"ReadAction","target":["https:\/\/dmcsrb.com\/hronika\/ulcinjaninu-60-dana-zatvora-zbog-nasilja-u-porodici-napao-roditelje-sestru-i-sestricinu\/"]}]},{"@type":"ImageObject","inLanguage":"en-GB","@id":"https:\/\/dmcsrb.com\/hronika\/ulcinjaninu-60-dana-zatvora-zbog-nasilja-u-porodici-napao-roditelje-sestru-i-sestricinu\/#primaryimage","url":"https:\/\/dmcsrb.com\/wp-content\/uploads\/2026\/01\/feral-bar-1626098132_sud-za-prekrsaje-budva.jpg","contentUrl":"https:\/\/dmcsrb.com\/wp-content\/uploads\/2026\/01\/feral-bar-1626098132_sud-za-prekrsaje-budva.jpg","width":960,"height":600},{"@type":"BreadcrumbList","@id":"https:\/\/dmcsrb.com\/hronika\/ulcinjaninu-60-dana-zatvora-zbog-nasilja-u-porodici-napao-roditelje-sestru-i-sestricinu\/#breadcrumb","itemListElement":[{"@type":"ListItem","position":1,"name":"Home","item":"https:\/\/dmcsrb.com\/"},{"@type":"ListItem","position":2,"name":"Ulcinjaninu 60 dana zatvora zbog nasilja u porodici: Napao roditelje, sestru i sestri\u010dinu"}]},{"@type":"WebSite","@id":"https:\/\/dmcsrb.com\/#website","url":"https:\/\/dmcsrb.com\/","name":"dmcsrb.com","description":"","potentialAction":[{"@type":"SearchAction","target":{"@type":"EntryPoint","urlTemplate":"https:\/\/dmcsrb.com\/?s={search_term_string}"},"query-input":{"@type":"PropertyValueSpecification","valueRequired":true,"valueName":"search_term_string"}}],"inLanguage":"en-GB"},{"@type":"Person","@id":"https:\/\/dmcsrb.com\/#\/schema\/person\/5c39170f12db1b8b457732d0b5c854e2","name":"dmcsrbija.com@gmail.com","image":{"@type":"ImageObject","inLanguage":"en-GB","@id":"https:\/\/dmcsrb.com\/#\/schema\/person\/image\/","url":"https:\/\/secure.gravatar.com\/avatar\/68592660ad6347fad0fb587f8d5d8f1a7b44961362f56e4f2cd524feb87e9069?s=96&d=mm&r=g","contentUrl":"https:\/\/secure.gravatar.com\/avatar\/68592660ad6347fad0fb587f8d5d8f1a7b44961362f56e4f2cd524feb87e9069?s=96&d=mm&r=g","caption":"dmcsrbija.com@gmail.com"},"sameAs":["https:\/\/dmcsrb.com"],"url":"https:\/\/dmcsrb.com\/en\/author\/dmcsrbija-comgmail-com\/"}]}},"_links":{"self":[{"href":"https:\/\/dmcsrb.com\/en\/wp-json\/wp\/v2\/posts\/957816","targetHints":{"allow":["GET"]}}],"collection":[{"href":"https:\/\/dmcsrb.com\/en\/wp-json\/wp\/v2\/posts"}],"about":[{"href":"https:\/\/dmcsrb.com\/en\/wp-json\/wp\/v2\/types\/post"}],"author":[{"embeddable":true,"href":"https:\/\/dmcsrb.com\/en\/wp-json\/wp\/v2\/users\/1"}],"replies":[{"embeddable":true,"href":"https:\/\/dmcsrb.com\/en\/wp-json\/wp\/v2\/comments?post=957816"}],"version-history":[{"count":0,"href":"https:\/\/dmcsrb.com\/en\/wp-json\/wp\/v2\/posts\/957816\/revisions"}],"wp:featuredmedia":[{"embeddable":true,"href":"https:\/\/dmcsrb.com\/en\/wp-json\/wp\/v2\/media\/908745"}],"wp:attachment":[{"href":"https:\/\/dmcsrb.com\/en\/wp-json\/wp\/v2\/media?parent=957816"}],"wp:term":[{"taxonomy":"category","embeddable":true,"href":"https:\/\/dmcsrb.com\/en\/wp-json\/wp\/v2\/categories?post=957816"},{"taxonomy":"post_tag","embeddable":true,"href":"https:\/\/dmcsrb.com\/en\/wp-json\/wp\/v2\/tags?post=957816"},{"taxonomy":"naslovna","embeddable":true,"href":"https:\/\/dmcsrb.com\/en\/wp-json\/wp\/v2\/naslovna?post=957816"}],"curies":[{"name":"wp","href":"https:\/\/api.w.org\/{rel}","templated":true}]}}