{"id":957804,"date":"2025-10-14T18:17:08","date_gmt":"2025-10-14T16:17:08","guid":{"rendered":"https:\/\/dmcsrb.com\/uncategorized\/mogu-i-bez-najvecih-zvijezda-mladi-sokoli-nakon-preokreta-preletjeli-makedonce\/"},"modified":"2025-10-14T18:17:08","modified_gmt":"2025-10-14T16:17:08","slug":"mogu-i-bez-najvecih-zvijezda-mladi-sokoli-nakon-preokreta-preletjeli-makedonce","status":"publish","type":"post","link":"https:\/\/dmcsrb.com\/en\/sport\/mogu-i-bez-najvecih-zvijezda-mladi-sokoli-nakon-preokreta-preletjeli-makedonce\/","title":{"rendered":"Mogu i bez najve\u0107ih zvijezda: Mladi &#8220;sokoli&#8221; nakon preokreta &#8216;preletjeli&#8217; Makedonce"},"content":{"rendered":"<p>&#8220;Sokoli&#8221; su tako iz sedmog poku\u0161aja uspjeli prvi put da iza\u0111u kao pobjednici protiv dana\u0161njeg rivala (prethodnih \u0161est duela dobili Makedonci).<\/p>\n\n\n\n<p>Tim Gorana Peri\u0161i\u0107a u ovom me\u010du je bio znatno oslabljen, neigranjem Viktora \u0110ukanovi\u0107a, Andreja Kosti\u0107a i Andrije Bulatovi\u0107a, me\u0111utim i u okrnjenom sastavu je uspio da do\u0111e do va\u017ena tri boda.<\/p>\n\n\n\n<p>Gosti su stigli u vo\u0111stvo u 13. minutu, kada je Anes Melji\u0107i matirao Bal\u0161u Radanovi\u0107a.<\/p>\n\n\n\n<p>Na\u0161 nacionalni tim je poravnao u 11. minutu nastavka. Danilo Vukani\u0107 je \u0161utirao, golman gostiju lo\u0161e reagovao, a odbitak je u mre\u017eu sproveo Vladimir Peri\u0161i\u0107.<\/p>\n\n\n\n<figure class=\"wp-block-image size-large\"><img decoding=\"async\" src=\"https:\/\/gradski.me\/wp-content\/uploads\/2025\/10\/Mladi-sokoli-FSCG--1024x693.jpg\" alt=\"\" class=\"wp-image-851482\"\/><figcaption class=\"wp-element-caption\">Foto: FSCG<\/figcaption><\/figure>\n\n\n\n<p>A onda u 68. minutu potpuni preokret. Bal\u0161a Mrvaljevi\u0107 je prona\u0161ao Meda Jukovi\u0107a koji je u trku primio loptu, oslobodio se \u010duvara i preciznim udarcem sa 12-13 metara savladao Vaska Vasileva.<\/p>\n\n\n\n<figure class=\"wp-block-image size-large\"><img decoding=\"async\" src=\"https:\/\/gradski.me\/wp-content\/uploads\/2025\/10\/Mladi-sokoli-slavlje-FSCG-1024x683.jpg\" alt=\"\" class=\"wp-image-851480\"\/><figcaption class=\"wp-element-caption\">Foto: FSCG<\/figcaption><\/figure>\n\n\n\n<p>Samo pet minuta kasnije upravo je Mrvaljevi\u0107 prelijepo plasirao loptu nakon sjajnog i pravovremenog dodavanja imenjaka Radusinovi\u0107a.<\/p>\n\n\n\n<p>Poraz gostuju\u0107e reprezentacije ubla\u017eio je Dimitar Trajkov u prvom minutu sudijske nadoknade.<\/p>\n\n\n\n<p>Minut kasnije zbog protesta je isklju\u010den selektor Peri\u0161i\u0107, ali njegovi momci su uspjeli da sa\u010duvaju pobjedu.<\/p>\n\n\n\n<p>Crna Gora sada ima \u0161est bodova iz \u010detiri me\u010da, dok su ubjedljivi lideri Poljska i Italija sa po maksimalnih 12 bodova.<\/p>\n\n\n\n<p>Crnogorski fudbaleri kvalifikacije nastavljaju u novembru, kada \u0107e gostovati Jermeniji i do\u010dekati Italiju. <\/p>\n\n\n\n<p><\/p>","protected":false},"excerpt":{"rendered":"<p>Mlada fudbalska reprezentacija Crne Gore vratila se na pobjedni\u010dki kolosjek, po\u0161to je ve\u010deras u Tuzima poslije preokreta savladala Sjevernu Makedoniju (3:2) u \u010detvrtom kolu grupe E kvalifikacija za Evropsko prvenstvo.<\/p>","protected":false},"author":1,"featured_media":957805,"comment_status":"open","ping_status":"open","sticky":false,"template":"","format":"standard","meta":{"_acf_changed":false,"footnotes":""},"categories":[148],"tags":[11342,6807,10258],"naslovna":[],"class_list":["post-957804","post","type-post","status-publish","format-standard","has-post-thumbnail","hentry","category-sport","tag-kvalifikacije-za-euro-u-21","tag-mlada-fudbalska-reprezentacija-crne-gore","tag-mlada-fudbalska-reprezentacija-sjeverne-makedonije"],"acf":[],"yoast_head":"<!-- This site is optimized with the Yoast SEO plugin v27.4 - https:\/\/yoast.com\/product\/yoast-seo-wordpress\/ -->\n<title>Mogu i bez najve\u0107ih zvijezda: Mladi &quot;sokoli&quot; nakon preokreta &#039;preletjeli&#039; Makedonce - dmcsrb.com<\/title>\n<meta name=\"robots\" content=\"index, follow, max-snippet:-1, max-image-preview:large, max-video-preview:-1\" \/>\n<link rel=\"canonical\" href=\"https:\/\/dmcsrb.com\/en\/sport\/mogu-i-bez-najvecih-zvijezda-mladi-sokoli-nakon-preokreta-preletjeli-makedonce\/\" \/>\n<meta property=\"og:locale\" content=\"en_GB\" \/>\n<meta property=\"og:type\" content=\"article\" \/>\n<meta property=\"og:title\" content=\"Mogu i bez najve\u0107ih zvijezda: Mladi &quot;sokoli&quot; nakon preokreta &#039;preletjeli&#039; Makedonce - dmcsrb.com\" \/>\n<meta property=\"og:description\" content=\"Mlada fudbalska reprezentacija Crne Gore vratila se na pobjedni\u010dki kolosjek, po\u0161to je ve\u010deras u Tuzima poslije preokreta savladala Sjevernu Makedoniju (3:2) u \u010detvrtom kolu grupe E kvalifikacija za Evropsko prvenstvo.\" \/>\n<meta property=\"og:url\" content=\"https:\/\/dmcsrb.com\/en\/sport\/mogu-i-bez-najvecih-zvijezda-mladi-sokoli-nakon-preokreta-preletjeli-makedonce\/\" \/>\n<meta property=\"og:site_name\" content=\"dmcsrb.com\" \/>\n<meta property=\"article:published_time\" content=\"2025-10-14T16:17:08+00:00\" \/>\n<meta property=\"og:image\" content=\"https:\/\/dmcsrb.com\/wp-content\/uploads\/2026\/01\/Mladi-sokoli-FSCG.webp\" \/>\n\t<meta property=\"og:image:width\" content=\"1050\" \/>\n\t<meta property=\"og:image:height\" content=\"624\" \/>\n\t<meta property=\"og:image:type\" content=\"image\/jpeg\" \/>\n<meta name=\"author\" content=\"dmcsrbija.com@gmail.com\" \/>\n<meta name=\"twitter:card\" content=\"summary_large_image\" \/>\n<meta name=\"twitter:label1\" content=\"Written by\" \/>\n\t<meta name=\"twitter:data1\" content=\"dmcsrbija.com@gmail.com\" \/>\n\t<meta name=\"twitter:label2\" content=\"Estimated reading time\" \/>\n\t<meta name=\"twitter:data2\" content=\"1 minute\" \/>\n<script type=\"application\/ld+json\" class=\"yoast-schema-graph\">{\"@context\":\"https:\\\/\\\/schema.org\",\"@graph\":[{\"@type\":\"Article\",\"@id\":\"https:\\\/\\\/dmcsrb.com\\\/sport\\\/mogu-i-bez-najvecih-zvijezda-mladi-sokoli-nakon-preokreta-preletjeli-makedonce\\\/#article\",\"isPartOf\":{\"@id\":\"https:\\\/\\\/dmcsrb.com\\\/sport\\\/mogu-i-bez-najvecih-zvijezda-mladi-sokoli-nakon-preokreta-preletjeli-makedonce\\\/\"},\"author\":{\"name\":\"dmcsrbija.com@gmail.com\",\"@id\":\"https:\\\/\\\/dmcsrb.com\\\/#\\\/schema\\\/person\\\/5c39170f12db1b8b457732d0b5c854e2\"},\"headline\":\"Mogu i bez najve\u0107ih zvijezda: Mladi &#8220;sokoli&#8221; nakon preokreta &#8216;preletjeli&#8217; Makedonce\",\"datePublished\":\"2025-10-14T16:17:08+00:00\",\"mainEntityOfPage\":{\"@id\":\"https:\\\/\\\/dmcsrb.com\\\/sport\\\/mogu-i-bez-najvecih-zvijezda-mladi-sokoli-nakon-preokreta-preletjeli-makedonce\\\/\"},\"wordCount\":244,\"commentCount\":0,\"image\":{\"@id\":\"https:\\\/\\\/dmcsrb.com\\\/sport\\\/mogu-i-bez-najvecih-zvijezda-mladi-sokoli-nakon-preokreta-preletjeli-makedonce\\\/#primaryimage\"},\"thumbnailUrl\":\"https:\\\/\\\/dmcsrb.com\\\/wp-content\\\/uploads\\\/2026\\\/01\\\/Mladi-sokoli-FSCG.webp\",\"keywords\":[\"kvalifikacije za EURO U 21\",\"Mlada fudbalska reprezentacija Crne Gore\",\"Mlada fudbalska reprezentacija Sjeverne Makedonije\"],\"articleSection\":[\"Sport\"],\"inLanguage\":\"en-GB\",\"potentialAction\":[{\"@type\":\"CommentAction\",\"name\":\"Comment\",\"target\":[\"https:\\\/\\\/dmcsrb.com\\\/sport\\\/mogu-i-bez-najvecih-zvijezda-mladi-sokoli-nakon-preokreta-preletjeli-makedonce\\\/#respond\"]}]},{\"@type\":\"WebPage\",\"@id\":\"https:\\\/\\\/dmcsrb.com\\\/sport\\\/mogu-i-bez-najvecih-zvijezda-mladi-sokoli-nakon-preokreta-preletjeli-makedonce\\\/\",\"url\":\"https:\\\/\\\/dmcsrb.com\\\/sport\\\/mogu-i-bez-najvecih-zvijezda-mladi-sokoli-nakon-preokreta-preletjeli-makedonce\\\/\",\"name\":\"Mogu i bez najve\u0107ih zvijezda: Mladi \\\"sokoli\\\" nakon preokreta 'preletjeli' Makedonce - dmcsrb.com\",\"isPartOf\":{\"@id\":\"https:\\\/\\\/dmcsrb.com\\\/#website\"},\"primaryImageOfPage\":{\"@id\":\"https:\\\/\\\/dmcsrb.com\\\/sport\\\/mogu-i-bez-najvecih-zvijezda-mladi-sokoli-nakon-preokreta-preletjeli-makedonce\\\/#primaryimage\"},\"image\":{\"@id\":\"https:\\\/\\\/dmcsrb.com\\\/sport\\\/mogu-i-bez-najvecih-zvijezda-mladi-sokoli-nakon-preokreta-preletjeli-makedonce\\\/#primaryimage\"},\"thumbnailUrl\":\"https:\\\/\\\/dmcsrb.com\\\/wp-content\\\/uploads\\\/2026\\\/01\\\/Mladi-sokoli-FSCG.webp\",\"datePublished\":\"2025-10-14T16:17:08+00:00\",\"author\":{\"@id\":\"https:\\\/\\\/dmcsrb.com\\\/#\\\/schema\\\/person\\\/5c39170f12db1b8b457732d0b5c854e2\"},\"breadcrumb\":{\"@id\":\"https:\\\/\\\/dmcsrb.com\\\/sport\\\/mogu-i-bez-najvecih-zvijezda-mladi-sokoli-nakon-preokreta-preletjeli-makedonce\\\/#breadcrumb\"},\"inLanguage\":\"en-GB\",\"potentialAction\":[{\"@type\":\"ReadAction\",\"target\":[\"https:\\\/\\\/dmcsrb.com\\\/sport\\\/mogu-i-bez-najvecih-zvijezda-mladi-sokoli-nakon-preokreta-preletjeli-makedonce\\\/\"]}]},{\"@type\":\"ImageObject\",\"inLanguage\":\"en-GB\",\"@id\":\"https:\\\/\\\/dmcsrb.com\\\/sport\\\/mogu-i-bez-najvecih-zvijezda-mladi-sokoli-nakon-preokreta-preletjeli-makedonce\\\/#primaryimage\",\"url\":\"https:\\\/\\\/dmcsrb.com\\\/wp-content\\\/uploads\\\/2026\\\/01\\\/Mladi-sokoli-FSCG.webp\",\"contentUrl\":\"https:\\\/\\\/dmcsrb.com\\\/wp-content\\\/uploads\\\/2026\\\/01\\\/Mladi-sokoli-FSCG.webp\",\"width\":1050,\"height\":624},{\"@type\":\"BreadcrumbList\",\"@id\":\"https:\\\/\\\/dmcsrb.com\\\/sport\\\/mogu-i-bez-najvecih-zvijezda-mladi-sokoli-nakon-preokreta-preletjeli-makedonce\\\/#breadcrumb\",\"itemListElement\":[{\"@type\":\"ListItem\",\"position\":1,\"name\":\"Home\",\"item\":\"https:\\\/\\\/dmcsrb.com\\\/\"},{\"@type\":\"ListItem\",\"position\":2,\"name\":\"Mogu i bez najve\u0107ih zvijezda: Mladi &#8220;sokoli&#8221; nakon preokreta &#8216;preletjeli&#8217; Makedonce\"}]},{\"@type\":\"WebSite\",\"@id\":\"https:\\\/\\\/dmcsrb.com\\\/#website\",\"url\":\"https:\\\/\\\/dmcsrb.com\\\/\",\"name\":\"dmcsrb.com\",\"description\":\"\",\"potentialAction\":[{\"@type\":\"SearchAction\",\"target\":{\"@type\":\"EntryPoint\",\"urlTemplate\":\"https:\\\/\\\/dmcsrb.com\\\/?s={search_term_string}\"},\"query-input\":{\"@type\":\"PropertyValueSpecification\",\"valueRequired\":true,\"valueName\":\"search_term_string\"}}],\"inLanguage\":\"en-GB\"},{\"@type\":\"Person\",\"@id\":\"https:\\\/\\\/dmcsrb.com\\\/#\\\/schema\\\/person\\\/5c39170f12db1b8b457732d0b5c854e2\",\"name\":\"dmcsrbija.com@gmail.com\",\"image\":{\"@type\":\"ImageObject\",\"inLanguage\":\"en-GB\",\"@id\":\"https:\\\/\\\/secure.gravatar.com\\\/avatar\\\/68592660ad6347fad0fb587f8d5d8f1a7b44961362f56e4f2cd524feb87e9069?s=96&d=mm&r=g\",\"url\":\"https:\\\/\\\/secure.gravatar.com\\\/avatar\\\/68592660ad6347fad0fb587f8d5d8f1a7b44961362f56e4f2cd524feb87e9069?s=96&d=mm&r=g\",\"contentUrl\":\"https:\\\/\\\/secure.gravatar.com\\\/avatar\\\/68592660ad6347fad0fb587f8d5d8f1a7b44961362f56e4f2cd524feb87e9069?s=96&d=mm&r=g\",\"caption\":\"dmcsrbija.com@gmail.com\"},\"sameAs\":[\"https:\\\/\\\/dmcsrb.com\"],\"url\":\"https:\\\/\\\/dmcsrb.com\\\/en\\\/author\\\/dmcsrbija-comgmail-com\\\/\"}]}<\/script>\n<!-- \/ Yoast SEO plugin. -->","yoast_head_json":{"title":"Mogu i bez najve\u0107ih zvijezda: Mladi \"sokoli\" nakon preokreta 'preletjeli' Makedonce - dmcsrb.com","robots":{"index":"index","follow":"follow","max-snippet":"max-snippet:-1","max-image-preview":"max-image-preview:large","max-video-preview":"max-video-preview:-1"},"canonical":"https:\/\/dmcsrb.com\/en\/sport\/mogu-i-bez-najvecih-zvijezda-mladi-sokoli-nakon-preokreta-preletjeli-makedonce\/","og_locale":"en_GB","og_type":"article","og_title":"Mogu i bez najve\u0107ih zvijezda: Mladi \"sokoli\" nakon preokreta 'preletjeli' Makedonce - dmcsrb.com","og_description":"Mlada fudbalska reprezentacija Crne Gore vratila se na pobjedni\u010dki kolosjek, po\u0161to je ve\u010deras u Tuzima poslije preokreta savladala Sjevernu Makedoniju (3:2) u \u010detvrtom kolu grupe E kvalifikacija za Evropsko prvenstvo.","og_url":"https:\/\/dmcsrb.com\/en\/sport\/mogu-i-bez-najvecih-zvijezda-mladi-sokoli-nakon-preokreta-preletjeli-makedonce\/","og_site_name":"dmcsrb.com","article_published_time":"2025-10-14T16:17:08+00:00","og_image":[{"width":1050,"height":624,"url":"https:\/\/dmcsrb.com\/wp-content\/uploads\/2026\/01\/Mladi-sokoli-FSCG.webp","type":"image\/jpeg"}],"author":"dmcsrbija.com@gmail.com","twitter_card":"summary_large_image","twitter_misc":{"Written by":"dmcsrbija.com@gmail.com","Estimated reading time":"1 minute"},"schema":{"@context":"https:\/\/schema.org","@graph":[{"@type":"Article","@id":"https:\/\/dmcsrb.com\/sport\/mogu-i-bez-najvecih-zvijezda-mladi-sokoli-nakon-preokreta-preletjeli-makedonce\/#article","isPartOf":{"@id":"https:\/\/dmcsrb.com\/sport\/mogu-i-bez-najvecih-zvijezda-mladi-sokoli-nakon-preokreta-preletjeli-makedonce\/"},"author":{"name":"dmcsrbija.com@gmail.com","@id":"https:\/\/dmcsrb.com\/#\/schema\/person\/5c39170f12db1b8b457732d0b5c854e2"},"headline":"Mogu i bez najve\u0107ih zvijezda: Mladi &#8220;sokoli&#8221; nakon preokreta &#8216;preletjeli&#8217; Makedonce","datePublished":"2025-10-14T16:17:08+00:00","mainEntityOfPage":{"@id":"https:\/\/dmcsrb.com\/sport\/mogu-i-bez-najvecih-zvijezda-mladi-sokoli-nakon-preokreta-preletjeli-makedonce\/"},"wordCount":244,"commentCount":0,"image":{"@id":"https:\/\/dmcsrb.com\/sport\/mogu-i-bez-najvecih-zvijezda-mladi-sokoli-nakon-preokreta-preletjeli-makedonce\/#primaryimage"},"thumbnailUrl":"https:\/\/dmcsrb.com\/wp-content\/uploads\/2026\/01\/Mladi-sokoli-FSCG.webp","keywords":["kvalifikacije za EURO U 21","Mlada fudbalska reprezentacija Crne Gore","Mlada fudbalska reprezentacija Sjeverne Makedonije"],"articleSection":["Sport"],"inLanguage":"en-GB","potentialAction":[{"@type":"CommentAction","name":"Comment","target":["https:\/\/dmcsrb.com\/sport\/mogu-i-bez-najvecih-zvijezda-mladi-sokoli-nakon-preokreta-preletjeli-makedonce\/#respond"]}]},{"@type":"WebPage","@id":"https:\/\/dmcsrb.com\/sport\/mogu-i-bez-najvecih-zvijezda-mladi-sokoli-nakon-preokreta-preletjeli-makedonce\/","url":"https:\/\/dmcsrb.com\/sport\/mogu-i-bez-najvecih-zvijezda-mladi-sokoli-nakon-preokreta-preletjeli-makedonce\/","name":"Mogu i bez najve\u0107ih zvijezda: Mladi \"sokoli\" nakon preokreta 'preletjeli' Makedonce - dmcsrb.com","isPartOf":{"@id":"https:\/\/dmcsrb.com\/#website"},"primaryImageOfPage":{"@id":"https:\/\/dmcsrb.com\/sport\/mogu-i-bez-najvecih-zvijezda-mladi-sokoli-nakon-preokreta-preletjeli-makedonce\/#primaryimage"},"image":{"@id":"https:\/\/dmcsrb.com\/sport\/mogu-i-bez-najvecih-zvijezda-mladi-sokoli-nakon-preokreta-preletjeli-makedonce\/#primaryimage"},"thumbnailUrl":"https:\/\/dmcsrb.com\/wp-content\/uploads\/2026\/01\/Mladi-sokoli-FSCG.webp","datePublished":"2025-10-14T16:17:08+00:00","author":{"@id":"https:\/\/dmcsrb.com\/#\/schema\/person\/5c39170f12db1b8b457732d0b5c854e2"},"breadcrumb":{"@id":"https:\/\/dmcsrb.com\/sport\/mogu-i-bez-najvecih-zvijezda-mladi-sokoli-nakon-preokreta-preletjeli-makedonce\/#breadcrumb"},"inLanguage":"en-GB","potentialAction":[{"@type":"ReadAction","target":["https:\/\/dmcsrb.com\/sport\/mogu-i-bez-najvecih-zvijezda-mladi-sokoli-nakon-preokreta-preletjeli-makedonce\/"]}]},{"@type":"ImageObject","inLanguage":"en-GB","@id":"https:\/\/dmcsrb.com\/sport\/mogu-i-bez-najvecih-zvijezda-mladi-sokoli-nakon-preokreta-preletjeli-makedonce\/#primaryimage","url":"https:\/\/dmcsrb.com\/wp-content\/uploads\/2026\/01\/Mladi-sokoli-FSCG.webp","contentUrl":"https:\/\/dmcsrb.com\/wp-content\/uploads\/2026\/01\/Mladi-sokoli-FSCG.webp","width":1050,"height":624},{"@type":"BreadcrumbList","@id":"https:\/\/dmcsrb.com\/sport\/mogu-i-bez-najvecih-zvijezda-mladi-sokoli-nakon-preokreta-preletjeli-makedonce\/#breadcrumb","itemListElement":[{"@type":"ListItem","position":1,"name":"Home","item":"https:\/\/dmcsrb.com\/"},{"@type":"ListItem","position":2,"name":"Mogu i bez najve\u0107ih zvijezda: Mladi &#8220;sokoli&#8221; nakon preokreta &#8216;preletjeli&#8217; Makedonce"}]},{"@type":"WebSite","@id":"https:\/\/dmcsrb.com\/#website","url":"https:\/\/dmcsrb.com\/","name":"dmcsrb.com","description":"","potentialAction":[{"@type":"SearchAction","target":{"@type":"EntryPoint","urlTemplate":"https:\/\/dmcsrb.com\/?s={search_term_string}"},"query-input":{"@type":"PropertyValueSpecification","valueRequired":true,"valueName":"search_term_string"}}],"inLanguage":"en-GB"},{"@type":"Person","@id":"https:\/\/dmcsrb.com\/#\/schema\/person\/5c39170f12db1b8b457732d0b5c854e2","name":"dmcsrbija.com@gmail.com","image":{"@type":"ImageObject","inLanguage":"en-GB","@id":"https:\/\/secure.gravatar.com\/avatar\/68592660ad6347fad0fb587f8d5d8f1a7b44961362f56e4f2cd524feb87e9069?s=96&d=mm&r=g","url":"https:\/\/secure.gravatar.com\/avatar\/68592660ad6347fad0fb587f8d5d8f1a7b44961362f56e4f2cd524feb87e9069?s=96&d=mm&r=g","contentUrl":"https:\/\/secure.gravatar.com\/avatar\/68592660ad6347fad0fb587f8d5d8f1a7b44961362f56e4f2cd524feb87e9069?s=96&d=mm&r=g","caption":"dmcsrbija.com@gmail.com"},"sameAs":["https:\/\/dmcsrb.com"],"url":"https:\/\/dmcsrb.com\/en\/author\/dmcsrbija-comgmail-com\/"}]}},"_links":{"self":[{"href":"https:\/\/dmcsrb.com\/en\/wp-json\/wp\/v2\/posts\/957804","targetHints":{"allow":["GET"]}}],"collection":[{"href":"https:\/\/dmcsrb.com\/en\/wp-json\/wp\/v2\/posts"}],"about":[{"href":"https:\/\/dmcsrb.com\/en\/wp-json\/wp\/v2\/types\/post"}],"author":[{"embeddable":true,"href":"https:\/\/dmcsrb.com\/en\/wp-json\/wp\/v2\/users\/1"}],"replies":[{"embeddable":true,"href":"https:\/\/dmcsrb.com\/en\/wp-json\/wp\/v2\/comments?post=957804"}],"version-history":[{"count":0,"href":"https:\/\/dmcsrb.com\/en\/wp-json\/wp\/v2\/posts\/957804\/revisions"}],"wp:featuredmedia":[{"embeddable":true,"href":"https:\/\/dmcsrb.com\/en\/wp-json\/wp\/v2\/media\/957805"}],"wp:attachment":[{"href":"https:\/\/dmcsrb.com\/en\/wp-json\/wp\/v2\/media?parent=957804"}],"wp:term":[{"taxonomy":"category","embeddable":true,"href":"https:\/\/dmcsrb.com\/en\/wp-json\/wp\/v2\/categories?post=957804"},{"taxonomy":"post_tag","embeddable":true,"href":"https:\/\/dmcsrb.com\/en\/wp-json\/wp\/v2\/tags?post=957804"},{"taxonomy":"naslovna","embeddable":true,"href":"https:\/\/dmcsrb.com\/en\/wp-json\/wp\/v2\/naslovna?post=957804"}],"curies":[{"name":"wp","href":"https:\/\/api.w.org\/{rel}","templated":true}]}}