{"id":957771,"date":"2025-10-14T14:31:00","date_gmt":"2025-10-14T12:31:00","guid":{"rendered":"https:\/\/dmcsrb.com\/uncategorized\/sinoc-uspjesno-muzicko-vece-dragan-koprivica-i-prijatelji\/"},"modified":"2025-10-14T14:31:00","modified_gmt":"2025-10-14T12:31:00","slug":"sinoc-uspjesno-muzicko-vece-dragan-koprivica-i-prijatelji","status":"publish","type":"post","link":"https:\/\/dmcsrb.com\/en\/kultura\/sinoc-uspjesno-muzicko-vece-dragan-koprivica-i-prijatelji\/","title":{"rendered":"Sino\u0107 uspje\u0161no muzi\u010dko ve\u010de &#8220;Dragan Koprivica i prijatelji&#8221;"},"content":{"rendered":"<p><\/p>\n\n\n\n<p>JU Dje\u010dji dom \u201eMladost\u201c Bijela jedina je ustanova na teritoriji Crne Gore, koja se bavi zbrinjavanjem djece, li\u0161ene roditeljskog staranja i djece \u010diji je razvoj ometen porodi\u010dnim prilikama, a kola\u017eni humanitarni programi edukativnog i zabavnog karaktera, kao dodatni sadr\u017eaji, uvijek su dobro do\u0161li za \u0161ti\u0107enike ove ustanove, koja zauzima zna\u010dajno mjesto u na\u0161em dru\u0161tvu.<\/p>\n\n\n\n<p>Uz prisustvo velikog broja djece od pet do \u0161esnaest godina, program edukativno-zabavnog karaktera obilje\u017een je sjajnom reakcijom izme\u0111u mladih i troje u\u010desnika, te je odr\u017eano ve\u010de za sje\u0107anje.<\/p>\n\n\n\n<p>Ovog puta pjesni\u010dki segment bio je usmjeren upravo na uzrast mladih, pa su pjesnikinje Vi\u0161nja Kosovi\u0107 i Ana \u0110urovi\u0107 \u010ditale svoju poeziju za djecu, uz izvanredne povratne reakcije svih \u0161ti\u0107enika Doma.<\/p>\n\n\n\n<p>Novljanka Vi\u0161nja Kosovi\u0107 je knji\u017eevnica i profesor filozofije, psihologije, logike i etike, a sve to je upravo i dokazala na djelu u sjajnoj interakciji sa djecom, govore\u0107i svoje stihove, primjerene uzrastu mladih, i obra\u0107aju\u0107i se uz edukativne poruke, te su \u0161ti\u0107enici reagovali na izvrstan na\u010din uz aplauze za pjesnikinju.<\/p>\n\n\n\n<p>Kosovi\u0107eva je afirmisana pjesnikinja, dobitnica ve\u0107eg broja nagrada: (\u201eKo\u010di\u0107evo pero\u201c, \u201eDu\u0161an Kosti\u0107\u201c, Vidovdanska povelja, \u201eMarko Miljanov\u201c&#8230;), a dosad je objavila \u010detiri knjige poezije i tri zbirke aforizama.<\/p>\n\n\n\n<p>Pjesnikinja iz Podgorice, Ana \u0110urovi\u0107, tako\u0111e je izvrsno animirala djecu predstavljaju\u0107i prvu edukativnu bojanku o istorijskim li\u010dnostima Crne Gore pod naslovom \u201ePogodi ko sam\u201c. Ova njena zbirka na jedinstven na\u010din kombinuje u\u010denje, pjesme poga\u0111alice (zagonetke) i ilustracije. Djeca su burno, uz smijeh i aplauze, reagovala na pitanja iz edukativne bojanke, uz mno\u0161tvo odgovora, a potom i na stihovane pitalice \u0110urovi\u0107eve o doma\u0107im i divljim \u017eivotinjama, te je atmosfera programa odisala rado\u0161\u0107u i utrkivanjem mladih u znanju. \u0110urovi\u0107eva je dosad objavila dva romana za tinejd\u017eere, a u pripremi je i njena nova zbirka ljubavne poezije \u201eOna nije tu\u201c.<\/p>\n\n\n\n<p>Dragan Koprivica je tako\u0111e uz fin kontakt s djecom prvo otpjevao pojedine strofe nekih stranih hitova, na italijanskom, engleskom i ruskom, kao i narodne pjesme iz regiona, koje su djeca pjevala zajedno s njim, a vrhunac atmosfere i horskog pjevanja bila je pjesma \u201ePono\u0107\u201c iz filma \u201eToma\u201c, koju su sva djeca znala i pjevala dva puta sa Koprivicom.<\/p>\n\n\n\n<p>Vi\u0161nja Kosovi\u0107, Ana \u0110urovi\u0107 i Dragan Koprivica obe\u0107ali su \u0161ti\u0107enicima Dje\u010djeg doma \u201eMladost\u201c u Bijeloj da \u0107e se uskoro opet vidjeti uz nove pjesni\u010dke i muzi\u010dke sadr\u017eaje, ako ne prije, onda pred novogodi\u0161nje praznike.<\/p>\n\n\n\n<p>Nakon velikog broja programa tokom ove godine sa razli\u010ditim u\u010desnicima, me\u0111u novijim se izdvajaju nastupi u JU \u201eKakaricka gora\u201c, na glavnom gradskom trgu u Nik\u0161i\u0107u na manifestaciji \u201eAuto\/r na korzu\u201c, u Mojkovcu (\u201eSlova slovenska\u201c), u domovima starih \u201eDuga\u201c u Martini\u0107ima i \u201eNik\u0161i\u0107\u201c u Nik\u0161i\u0107u, u centrima za kulturu u Mojkovcu, Ro\u017eajama i Pljevljima, u Budvi (humanitarni program za NVO \u201ePu\u017eeva ku\u0107ica\u201c), u \u017eenskom zatvoru UIKS-a i u CZK Kola\u0161in, pa je nastup u Bijeloj bio osamnaesti po redu; sljede\u0107i je u NVU \u201ePru\u017eite nam \u0161ansu\u201c, u Podgorici, itd.<\/p>","protected":false},"excerpt":{"rendered":"<p>Da se brzo i uspje\u0161no mogu organizovati humanitarni programi u Crnoj Gori, najbolji dokaz je sino\u0107 odr\u017eano Muzi\u010dko-pjesni\u010dko ve\u010de \u201eDragan Koprivica i prijatelji\u201c u prostorijama Dje\u010djeg doma \u201eMladost\u201c Bijela. Dogovor o odr\u017eavanju programa s direktoricom Marelom Savi\u0107 opravdao je sva o\u010dekivanja kao dokaz vi\u0161e da su manifestacije humanitarnog tipa uvijek dobrodo\u0161le.<\/p>","protected":false},"author":1,"featured_media":957772,"comment_status":"open","ping_status":"open","sticky":false,"template":"","format":"standard","meta":{"_acf_changed":false,"footnotes":""},"categories":[50],"tags":[2699,11330,219],"naslovna":[],"class_list":["post-957771","post","type-post","status-publish","format-standard","has-post-thumbnail","hentry","category-kultura","tag-dragan-koprivica-i-prijatelji","tag-dom-mladost","tag-dragan-koprivica"],"acf":[],"yoast_head":"<!-- This site is optimized with the Yoast SEO plugin v27.0 - https:\/\/yoast.com\/product\/yoast-seo-wordpress\/ -->\n<title>Sino\u0107 uspje\u0161no muzi\u010dko ve\u010de &quot;Dragan Koprivica i prijatelji&quot; - dmcsrb.com<\/title>\n<meta name=\"robots\" content=\"index, follow, max-snippet:-1, max-image-preview:large, max-video-preview:-1\" \/>\n<link rel=\"canonical\" href=\"https:\/\/dmcsrb.com\/en\/kultura\/sinoc-uspjesno-muzicko-vece-dragan-koprivica-i-prijatelji\/\" \/>\n<meta property=\"og:locale\" content=\"en_GB\" \/>\n<meta property=\"og:type\" content=\"article\" \/>\n<meta property=\"og:title\" content=\"Sino\u0107 uspje\u0161no muzi\u010dko ve\u010de &quot;Dragan Koprivica i prijatelji&quot; - dmcsrb.com\" \/>\n<meta property=\"og:description\" content=\"Da se brzo i uspje\u0161no mogu organizovati humanitarni programi u Crnoj Gori, najbolji dokaz je sino\u0107 odr\u017eano Muzi\u010dko-pjesni\u010dko ve\u010de \u201eDragan Koprivica i prijatelji\u201c u prostorijama Dje\u010djeg doma \u201eMladost\u201c Bijela. Dogovor o odr\u017eavanju programa s direktoricom Marelom Savi\u0107 opravdao je sva o\u010dekivanja kao dokaz vi\u0161e da su manifestacije humanitarnog tipa uvijek dobrodo\u0161le.\" \/>\n<meta property=\"og:url\" content=\"https:\/\/dmcsrb.com\/en\/kultura\/sinoc-uspjesno-muzicko-vece-dragan-koprivica-i-prijatelji\/\" \/>\n<meta property=\"og:site_name\" content=\"dmcsrb.com\" \/>\n<meta property=\"article:published_time\" content=\"2025-10-14T12:31:00+00:00\" \/>\n<meta property=\"og:image\" content=\"https:\/\/dmcsrb.com\/wp-content\/uploads\/2026\/01\/ZABAVNI-PROGRAM-U-DOMU-MLADOST-BIJELA.webp\" \/>\n\t<meta property=\"og:image:width\" content=\"1600\" \/>\n\t<meta property=\"og:image:height\" content=\"1042\" \/>\n\t<meta property=\"og:image:type\" content=\"image\/jpeg\" \/>\n<meta name=\"author\" content=\"dmcsrbija.com@gmail.com\" \/>\n<meta name=\"twitter:card\" content=\"summary_large_image\" \/>\n<meta name=\"twitter:label1\" content=\"Written by\" \/>\n\t<meta name=\"twitter:data1\" content=\"dmcsrbija.com@gmail.com\" \/>\n\t<meta name=\"twitter:label2\" content=\"Estimated reading time\" \/>\n\t<meta name=\"twitter:data2\" content=\"3 minutes\" \/>\n<script type=\"application\/ld+json\" class=\"yoast-schema-graph\">{\"@context\":\"https:\/\/schema.org\",\"@graph\":[{\"@type\":\"Article\",\"@id\":\"https:\/\/dmcsrb.com\/kultura\/sinoc-uspjesno-muzicko-vece-dragan-koprivica-i-prijatelji\/#article\",\"isPartOf\":{\"@id\":\"https:\/\/dmcsrb.com\/kultura\/sinoc-uspjesno-muzicko-vece-dragan-koprivica-i-prijatelji\/\"},\"author\":{\"name\":\"dmcsrbija.com@gmail.com\",\"@id\":\"https:\/\/dmcsrb.com\/#\/schema\/person\/5c39170f12db1b8b457732d0b5c854e2\"},\"headline\":\"Sino\u0107 uspje\u0161no muzi\u010dko ve\u010de &#8220;Dragan Koprivica i prijatelji&#8221;\",\"datePublished\":\"2025-10-14T12:31:00+00:00\",\"mainEntityOfPage\":{\"@id\":\"https:\/\/dmcsrb.com\/kultura\/sinoc-uspjesno-muzicko-vece-dragan-koprivica-i-prijatelji\/\"},\"wordCount\":545,\"commentCount\":0,\"image\":{\"@id\":\"https:\/\/dmcsrb.com\/kultura\/sinoc-uspjesno-muzicko-vece-dragan-koprivica-i-prijatelji\/#primaryimage\"},\"thumbnailUrl\":\"https:\/\/dmcsrb.com\/wp-content\/uploads\/2026\/01\/ZABAVNI-PROGRAM-U-DOMU-MLADOST-BIJELA.webp\",\"keywords\":[\"''Dragan Koprivica i prijatelji''\",\"Dom Mladost\",\"Dragan Koprivica\"],\"articleSection\":[\"Kultura\"],\"inLanguage\":\"en-GB\",\"potentialAction\":[{\"@type\":\"CommentAction\",\"name\":\"Comment\",\"target\":[\"https:\/\/dmcsrb.com\/kultura\/sinoc-uspjesno-muzicko-vece-dragan-koprivica-i-prijatelji\/#respond\"]}]},{\"@type\":\"WebPage\",\"@id\":\"https:\/\/dmcsrb.com\/kultura\/sinoc-uspjesno-muzicko-vece-dragan-koprivica-i-prijatelji\/\",\"url\":\"https:\/\/dmcsrb.com\/kultura\/sinoc-uspjesno-muzicko-vece-dragan-koprivica-i-prijatelji\/\",\"name\":\"Sino\u0107 uspje\u0161no muzi\u010dko ve\u010de \\\"Dragan Koprivica i prijatelji\\\" - dmcsrb.com\",\"isPartOf\":{\"@id\":\"https:\/\/dmcsrb.com\/#website\"},\"primaryImageOfPage\":{\"@id\":\"https:\/\/dmcsrb.com\/kultura\/sinoc-uspjesno-muzicko-vece-dragan-koprivica-i-prijatelji\/#primaryimage\"},\"image\":{\"@id\":\"https:\/\/dmcsrb.com\/kultura\/sinoc-uspjesno-muzicko-vece-dragan-koprivica-i-prijatelji\/#primaryimage\"},\"thumbnailUrl\":\"https:\/\/dmcsrb.com\/wp-content\/uploads\/2026\/01\/ZABAVNI-PROGRAM-U-DOMU-MLADOST-BIJELA.webp\",\"datePublished\":\"2025-10-14T12:31:00+00:00\",\"author\":{\"@id\":\"https:\/\/dmcsrb.com\/#\/schema\/person\/5c39170f12db1b8b457732d0b5c854e2\"},\"breadcrumb\":{\"@id\":\"https:\/\/dmcsrb.com\/kultura\/sinoc-uspjesno-muzicko-vece-dragan-koprivica-i-prijatelji\/#breadcrumb\"},\"inLanguage\":\"en-GB\",\"potentialAction\":[{\"@type\":\"ReadAction\",\"target\":[\"https:\/\/dmcsrb.com\/kultura\/sinoc-uspjesno-muzicko-vece-dragan-koprivica-i-prijatelji\/\"]}]},{\"@type\":\"ImageObject\",\"inLanguage\":\"en-GB\",\"@id\":\"https:\/\/dmcsrb.com\/kultura\/sinoc-uspjesno-muzicko-vece-dragan-koprivica-i-prijatelji\/#primaryimage\",\"url\":\"https:\/\/dmcsrb.com\/wp-content\/uploads\/2026\/01\/ZABAVNI-PROGRAM-U-DOMU-MLADOST-BIJELA.webp\",\"contentUrl\":\"https:\/\/dmcsrb.com\/wp-content\/uploads\/2026\/01\/ZABAVNI-PROGRAM-U-DOMU-MLADOST-BIJELA.webp\",\"width\":1600,\"height\":1042},{\"@type\":\"BreadcrumbList\",\"@id\":\"https:\/\/dmcsrb.com\/kultura\/sinoc-uspjesno-muzicko-vece-dragan-koprivica-i-prijatelji\/#breadcrumb\",\"itemListElement\":[{\"@type\":\"ListItem\",\"position\":1,\"name\":\"Home\",\"item\":\"https:\/\/dmcsrb.com\/\"},{\"@type\":\"ListItem\",\"position\":2,\"name\":\"Sino\u0107 uspje\u0161no muzi\u010dko ve\u010de &#8220;Dragan Koprivica i prijatelji&#8221;\"}]},{\"@type\":\"WebSite\",\"@id\":\"https:\/\/dmcsrb.com\/#website\",\"url\":\"https:\/\/dmcsrb.com\/\",\"name\":\"dmcsrb.com\",\"description\":\"\",\"potentialAction\":[{\"@type\":\"SearchAction\",\"target\":{\"@type\":\"EntryPoint\",\"urlTemplate\":\"https:\/\/dmcsrb.com\/?s={search_term_string}\"},\"query-input\":{\"@type\":\"PropertyValueSpecification\",\"valueRequired\":true,\"valueName\":\"search_term_string\"}}],\"inLanguage\":\"en-GB\"},{\"@type\":\"Person\",\"@id\":\"https:\/\/dmcsrb.com\/#\/schema\/person\/5c39170f12db1b8b457732d0b5c854e2\",\"name\":\"dmcsrbija.com@gmail.com\",\"image\":{\"@type\":\"ImageObject\",\"inLanguage\":\"en-GB\",\"@id\":\"https:\/\/dmcsrb.com\/#\/schema\/person\/image\/\",\"url\":\"https:\/\/secure.gravatar.com\/avatar\/68592660ad6347fad0fb587f8d5d8f1a7b44961362f56e4f2cd524feb87e9069?s=96&d=mm&r=g\",\"contentUrl\":\"https:\/\/secure.gravatar.com\/avatar\/68592660ad6347fad0fb587f8d5d8f1a7b44961362f56e4f2cd524feb87e9069?s=96&d=mm&r=g\",\"caption\":\"dmcsrbija.com@gmail.com\"},\"sameAs\":[\"https:\/\/dmcsrb.com\"],\"url\":\"https:\/\/dmcsrb.com\/en\/author\/dmcsrbija-comgmail-com\/\"}]}<\/script>\n<!-- \/ Yoast SEO plugin. -->","yoast_head_json":{"title":"Sino\u0107 uspje\u0161no muzi\u010dko ve\u010de \"Dragan Koprivica i prijatelji\" - dmcsrb.com","robots":{"index":"index","follow":"follow","max-snippet":"max-snippet:-1","max-image-preview":"max-image-preview:large","max-video-preview":"max-video-preview:-1"},"canonical":"https:\/\/dmcsrb.com\/en\/kultura\/sinoc-uspjesno-muzicko-vece-dragan-koprivica-i-prijatelji\/","og_locale":"en_GB","og_type":"article","og_title":"Sino\u0107 uspje\u0161no muzi\u010dko ve\u010de \"Dragan Koprivica i prijatelji\" - dmcsrb.com","og_description":"Da se brzo i uspje\u0161no mogu organizovati humanitarni programi u Crnoj Gori, najbolji dokaz je sino\u0107 odr\u017eano Muzi\u010dko-pjesni\u010dko ve\u010de \u201eDragan Koprivica i prijatelji\u201c u prostorijama Dje\u010djeg doma \u201eMladost\u201c Bijela. Dogovor o odr\u017eavanju programa s direktoricom Marelom Savi\u0107 opravdao je sva o\u010dekivanja kao dokaz vi\u0161e da su manifestacije humanitarnog tipa uvijek dobrodo\u0161le.","og_url":"https:\/\/dmcsrb.com\/en\/kultura\/sinoc-uspjesno-muzicko-vece-dragan-koprivica-i-prijatelji\/","og_site_name":"dmcsrb.com","article_published_time":"2025-10-14T12:31:00+00:00","og_image":[{"width":1600,"height":1042,"url":"https:\/\/dmcsrb.com\/wp-content\/uploads\/2026\/01\/ZABAVNI-PROGRAM-U-DOMU-MLADOST-BIJELA.webp","type":"image\/jpeg"}],"author":"dmcsrbija.com@gmail.com","twitter_card":"summary_large_image","twitter_misc":{"Written by":"dmcsrbija.com@gmail.com","Estimated reading time":"3 minutes"},"schema":{"@context":"https:\/\/schema.org","@graph":[{"@type":"Article","@id":"https:\/\/dmcsrb.com\/kultura\/sinoc-uspjesno-muzicko-vece-dragan-koprivica-i-prijatelji\/#article","isPartOf":{"@id":"https:\/\/dmcsrb.com\/kultura\/sinoc-uspjesno-muzicko-vece-dragan-koprivica-i-prijatelji\/"},"author":{"name":"dmcsrbija.com@gmail.com","@id":"https:\/\/dmcsrb.com\/#\/schema\/person\/5c39170f12db1b8b457732d0b5c854e2"},"headline":"Sino\u0107 uspje\u0161no muzi\u010dko ve\u010de &#8220;Dragan Koprivica i prijatelji&#8221;","datePublished":"2025-10-14T12:31:00+00:00","mainEntityOfPage":{"@id":"https:\/\/dmcsrb.com\/kultura\/sinoc-uspjesno-muzicko-vece-dragan-koprivica-i-prijatelji\/"},"wordCount":545,"commentCount":0,"image":{"@id":"https:\/\/dmcsrb.com\/kultura\/sinoc-uspjesno-muzicko-vece-dragan-koprivica-i-prijatelji\/#primaryimage"},"thumbnailUrl":"https:\/\/dmcsrb.com\/wp-content\/uploads\/2026\/01\/ZABAVNI-PROGRAM-U-DOMU-MLADOST-BIJELA.webp","keywords":["''Dragan Koprivica i prijatelji''","Dom Mladost","Dragan Koprivica"],"articleSection":["Kultura"],"inLanguage":"en-GB","potentialAction":[{"@type":"CommentAction","name":"Comment","target":["https:\/\/dmcsrb.com\/kultura\/sinoc-uspjesno-muzicko-vece-dragan-koprivica-i-prijatelji\/#respond"]}]},{"@type":"WebPage","@id":"https:\/\/dmcsrb.com\/kultura\/sinoc-uspjesno-muzicko-vece-dragan-koprivica-i-prijatelji\/","url":"https:\/\/dmcsrb.com\/kultura\/sinoc-uspjesno-muzicko-vece-dragan-koprivica-i-prijatelji\/","name":"Sino\u0107 uspje\u0161no muzi\u010dko ve\u010de \"Dragan Koprivica i prijatelji\" - dmcsrb.com","isPartOf":{"@id":"https:\/\/dmcsrb.com\/#website"},"primaryImageOfPage":{"@id":"https:\/\/dmcsrb.com\/kultura\/sinoc-uspjesno-muzicko-vece-dragan-koprivica-i-prijatelji\/#primaryimage"},"image":{"@id":"https:\/\/dmcsrb.com\/kultura\/sinoc-uspjesno-muzicko-vece-dragan-koprivica-i-prijatelji\/#primaryimage"},"thumbnailUrl":"https:\/\/dmcsrb.com\/wp-content\/uploads\/2026\/01\/ZABAVNI-PROGRAM-U-DOMU-MLADOST-BIJELA.webp","datePublished":"2025-10-14T12:31:00+00:00","author":{"@id":"https:\/\/dmcsrb.com\/#\/schema\/person\/5c39170f12db1b8b457732d0b5c854e2"},"breadcrumb":{"@id":"https:\/\/dmcsrb.com\/kultura\/sinoc-uspjesno-muzicko-vece-dragan-koprivica-i-prijatelji\/#breadcrumb"},"inLanguage":"en-GB","potentialAction":[{"@type":"ReadAction","target":["https:\/\/dmcsrb.com\/kultura\/sinoc-uspjesno-muzicko-vece-dragan-koprivica-i-prijatelji\/"]}]},{"@type":"ImageObject","inLanguage":"en-GB","@id":"https:\/\/dmcsrb.com\/kultura\/sinoc-uspjesno-muzicko-vece-dragan-koprivica-i-prijatelji\/#primaryimage","url":"https:\/\/dmcsrb.com\/wp-content\/uploads\/2026\/01\/ZABAVNI-PROGRAM-U-DOMU-MLADOST-BIJELA.webp","contentUrl":"https:\/\/dmcsrb.com\/wp-content\/uploads\/2026\/01\/ZABAVNI-PROGRAM-U-DOMU-MLADOST-BIJELA.webp","width":1600,"height":1042},{"@type":"BreadcrumbList","@id":"https:\/\/dmcsrb.com\/kultura\/sinoc-uspjesno-muzicko-vece-dragan-koprivica-i-prijatelji\/#breadcrumb","itemListElement":[{"@type":"ListItem","position":1,"name":"Home","item":"https:\/\/dmcsrb.com\/"},{"@type":"ListItem","position":2,"name":"Sino\u0107 uspje\u0161no muzi\u010dko ve\u010de &#8220;Dragan Koprivica i prijatelji&#8221;"}]},{"@type":"WebSite","@id":"https:\/\/dmcsrb.com\/#website","url":"https:\/\/dmcsrb.com\/","name":"dmcsrb.com","description":"","potentialAction":[{"@type":"SearchAction","target":{"@type":"EntryPoint","urlTemplate":"https:\/\/dmcsrb.com\/?s={search_term_string}"},"query-input":{"@type":"PropertyValueSpecification","valueRequired":true,"valueName":"search_term_string"}}],"inLanguage":"en-GB"},{"@type":"Person","@id":"https:\/\/dmcsrb.com\/#\/schema\/person\/5c39170f12db1b8b457732d0b5c854e2","name":"dmcsrbija.com@gmail.com","image":{"@type":"ImageObject","inLanguage":"en-GB","@id":"https:\/\/dmcsrb.com\/#\/schema\/person\/image\/","url":"https:\/\/secure.gravatar.com\/avatar\/68592660ad6347fad0fb587f8d5d8f1a7b44961362f56e4f2cd524feb87e9069?s=96&d=mm&r=g","contentUrl":"https:\/\/secure.gravatar.com\/avatar\/68592660ad6347fad0fb587f8d5d8f1a7b44961362f56e4f2cd524feb87e9069?s=96&d=mm&r=g","caption":"dmcsrbija.com@gmail.com"},"sameAs":["https:\/\/dmcsrb.com"],"url":"https:\/\/dmcsrb.com\/en\/author\/dmcsrbija-comgmail-com\/"}]}},"_links":{"self":[{"href":"https:\/\/dmcsrb.com\/en\/wp-json\/wp\/v2\/posts\/957771","targetHints":{"allow":["GET"]}}],"collection":[{"href":"https:\/\/dmcsrb.com\/en\/wp-json\/wp\/v2\/posts"}],"about":[{"href":"https:\/\/dmcsrb.com\/en\/wp-json\/wp\/v2\/types\/post"}],"author":[{"embeddable":true,"href":"https:\/\/dmcsrb.com\/en\/wp-json\/wp\/v2\/users\/1"}],"replies":[{"embeddable":true,"href":"https:\/\/dmcsrb.com\/en\/wp-json\/wp\/v2\/comments?post=957771"}],"version-history":[{"count":0,"href":"https:\/\/dmcsrb.com\/en\/wp-json\/wp\/v2\/posts\/957771\/revisions"}],"wp:featuredmedia":[{"embeddable":true,"href":"https:\/\/dmcsrb.com\/en\/wp-json\/wp\/v2\/media\/957772"}],"wp:attachment":[{"href":"https:\/\/dmcsrb.com\/en\/wp-json\/wp\/v2\/media?parent=957771"}],"wp:term":[{"taxonomy":"category","embeddable":true,"href":"https:\/\/dmcsrb.com\/en\/wp-json\/wp\/v2\/categories?post=957771"},{"taxonomy":"post_tag","embeddable":true,"href":"https:\/\/dmcsrb.com\/en\/wp-json\/wp\/v2\/tags?post=957771"},{"taxonomy":"naslovna","embeddable":true,"href":"https:\/\/dmcsrb.com\/en\/wp-json\/wp\/v2\/naslovna?post=957771"}],"curies":[{"name":"wp","href":"https:\/\/api.w.org\/{rel}","templated":true}]}}