{"id":957706,"date":"2025-10-14T12:26:00","date_gmt":"2025-10-14T10:26:00","guid":{"rendered":"https:\/\/dmcsrb.com\/uncategorized\/govornica-medijska-pismenost-i-konstruktivno-novinarstvo-vs-govor-mrznje-u-plavoj-sali-rektorata\/"},"modified":"2025-10-14T12:26:00","modified_gmt":"2025-10-14T10:26:00","slug":"govornica-medijska-pismenost-i-konstruktivno-novinarstvo-vs-govor-mrznje-u-plavoj-sali-rektorata","status":"publish","type":"post","link":"https:\/\/dmcsrb.com\/en\/kultura\/govornica-medijska-pismenost-i-konstruktivno-novinarstvo-vs-govor-mrznje-u-plavoj-sali-rektorata\/","title":{"rendered":"Govornica &#8220;Medijska pismenost i konstruktivno novinarstvo VS govor mr\u017enje&#8221; u Plavoj sali Rektorata"},"content":{"rendered":"<p><\/p>\n\n\n\n<p>Na ovom doga\u0111aju u\u010destvova\u0107e ombudsman Sini\u0161a Bjekovi\u0107, pomo\u0107nica direktorice Agencije za audiovizuelne medijske usluge Elvira Cekovi\u0107, novinar i osniva\u010d PCNEN-a Dragoljub Du\u0161ko Vukovi\u0107 i novinar Srdan Kosovi\u0107, dok \u0107e moderator biti Milica Nikoli\u0107 iz organizacije UNESCO.<\/p>\n\n\n\n<p>Rije\u010d je o organizovanju akademskog dijaloga koji \u0107e okupiti studente, profesore, istra\u017eiva\u010de i predstavnike medija kako bi razmijenili mi\u0161ljenja o klju\u010dnim izazovima savremenog dru\u0161tva \u2013 dru\u0161tvenoj koheziji, govoru mr\u017enje i dezinformacijama. Poseban fokus bi\u0107e na promociji medijske i informacijske pismenosti (MIL) kao alata za prepoznavanje i suzbijanje dezinformacija, te na pristupu novinarstva rje\u0161enja (solution journalism) koje, umjesto \u0161irenja podjela i senzacionalizma, nudi primjere dobre prakse i odr\u017eive odgovore na govor mr\u017enje.<\/p>\n\n\n\n<p>Dijalog je zami\u0161ljen kao interaktivna diskusija uz kratka uvodna izlaganja stru\u010dnjaka i otvoren prostor za studentska pitanja i predloge, sa ciljem da se podstakne kultura dijaloga bliska mladima, razvijanje kriti\u010dkog mi\u0161ljenja i zajedni\u010dko kreiranje ideja za dru\u0161tvo zasnovano na uva\u017eavanju i solidarnosti.<\/p>","protected":false},"excerpt":{"rendered":"<p>U okviru Festivala umjetnosti, nauke i kulture \u2013 FUNK 2025, 15. oktobra u 12.00 \u010dasova u Plavoj sali Rektorata bi\u0107e odr\u017eana Govornica na temu \u201cMedijska pismenost i konstruktivno novinarstvo VS govor mr\u017enje\u201d, posve\u0107ena dijalogu o ulozi medija i javnosti u ja\u010danju dru\u0161tvene kohezije i suzbijanju dezinformacija.<\/p>","protected":false},"author":1,"featured_media":957707,"comment_status":"open","ping_status":"open","sticky":false,"template":"","format":"standard","meta":{"_acf_changed":false,"footnotes":""},"categories":[50],"tags":[10850,2188],"naslovna":[],"class_list":["post-957706","post","type-post","status-publish","format-standard","has-post-thumbnail","hentry","category-kultura","tag-govornica","tag-medijska-pismenost"],"acf":[],"yoast_head":"<!-- This site is optimized with the Yoast SEO plugin v27.4 - https:\/\/yoast.com\/product\/yoast-seo-wordpress\/ -->\n<title>Govornica &quot;Medijska pismenost i konstruktivno novinarstvo VS govor mr\u017enje&quot; u Plavoj sali Rektorata - dmcsrb.com<\/title>\n<meta name=\"robots\" content=\"index, follow, max-snippet:-1, max-image-preview:large, max-video-preview:-1\" \/>\n<link rel=\"canonical\" href=\"https:\/\/dmcsrb.com\/en\/kultura\/govornica-medijska-pismenost-i-konstruktivno-novinarstvo-vs-govor-mrznje-u-plavoj-sali-rektorata\/\" \/>\n<meta property=\"og:locale\" content=\"en_GB\" \/>\n<meta property=\"og:type\" content=\"article\" \/>\n<meta property=\"og:title\" content=\"Govornica &quot;Medijska pismenost i konstruktivno novinarstvo VS govor mr\u017enje&quot; u Plavoj sali Rektorata - dmcsrb.com\" \/>\n<meta property=\"og:description\" content=\"U okviru Festivala umjetnosti, nauke i kulture \u2013 FUNK 2025, 15. oktobra u 12.00 \u010dasova u Plavoj sali Rektorata bi\u0107e odr\u017eana Govornica na temu \u201cMedijska pismenost i konstruktivno novinarstvo VS govor mr\u017enje\u201d, posve\u0107ena dijalogu o ulozi medija i javnosti u ja\u010danju dru\u0161tvene kohezije i suzbijanju dezinformacija.\" \/>\n<meta property=\"og:url\" content=\"https:\/\/dmcsrb.com\/en\/kultura\/govornica-medijska-pismenost-i-konstruktivno-novinarstvo-vs-govor-mrznje-u-plavoj-sali-rektorata\/\" \/>\n<meta property=\"og:site_name\" content=\"dmcsrb.com\" \/>\n<meta property=\"article:published_time\" content=\"2025-10-14T10:26:00+00:00\" \/>\n<meta property=\"og:image\" content=\"https:\/\/dmcsrb.com\/wp-content\/uploads\/2026\/01\/mp-1.webp\" \/>\n\t<meta property=\"og:image:width\" content=\"968\" \/>\n\t<meta property=\"og:image:height\" content=\"645\" \/>\n\t<meta property=\"og:image:type\" content=\"image\/jpeg\" \/>\n<meta name=\"author\" content=\"dmcsrbija.com@gmail.com\" \/>\n<meta name=\"twitter:card\" content=\"summary_large_image\" \/>\n<meta name=\"twitter:label1\" content=\"Written by\" \/>\n\t<meta name=\"twitter:data1\" content=\"dmcsrbija.com@gmail.com\" \/>\n\t<meta name=\"twitter:label2\" content=\"Estimated reading time\" \/>\n\t<meta name=\"twitter:data2\" content=\"1 minute\" \/>\n<script type=\"application\/ld+json\" class=\"yoast-schema-graph\">{\"@context\":\"https:\\\/\\\/schema.org\",\"@graph\":[{\"@type\":\"Article\",\"@id\":\"https:\\\/\\\/dmcsrb.com\\\/kultura\\\/govornica-medijska-pismenost-i-konstruktivno-novinarstvo-vs-govor-mrznje-u-plavoj-sali-rektorata\\\/#article\",\"isPartOf\":{\"@id\":\"https:\\\/\\\/dmcsrb.com\\\/kultura\\\/govornica-medijska-pismenost-i-konstruktivno-novinarstvo-vs-govor-mrznje-u-plavoj-sali-rektorata\\\/\"},\"author\":{\"name\":\"dmcsrbija.com@gmail.com\",\"@id\":\"https:\\\/\\\/dmcsrb.com\\\/#\\\/schema\\\/person\\\/5c39170f12db1b8b457732d0b5c854e2\"},\"headline\":\"Govornica &#8220;Medijska pismenost i konstruktivno novinarstvo VS govor mr\u017enje&#8221; u Plavoj sali Rektorata\",\"datePublished\":\"2025-10-14T10:26:00+00:00\",\"mainEntityOfPage\":{\"@id\":\"https:\\\/\\\/dmcsrb.com\\\/kultura\\\/govornica-medijska-pismenost-i-konstruktivno-novinarstvo-vs-govor-mrznje-u-plavoj-sali-rektorata\\\/\"},\"wordCount\":186,\"commentCount\":0,\"image\":{\"@id\":\"https:\\\/\\\/dmcsrb.com\\\/kultura\\\/govornica-medijska-pismenost-i-konstruktivno-novinarstvo-vs-govor-mrznje-u-plavoj-sali-rektorata\\\/#primaryimage\"},\"thumbnailUrl\":\"https:\\\/\\\/dmcsrb.com\\\/wp-content\\\/uploads\\\/2026\\\/01\\\/mp-1.webp\",\"keywords\":[\"govornica\",\"Medijska pismenost\"],\"articleSection\":[\"Kultura\"],\"inLanguage\":\"en-GB\",\"potentialAction\":[{\"@type\":\"CommentAction\",\"name\":\"Comment\",\"target\":[\"https:\\\/\\\/dmcsrb.com\\\/kultura\\\/govornica-medijska-pismenost-i-konstruktivno-novinarstvo-vs-govor-mrznje-u-plavoj-sali-rektorata\\\/#respond\"]}]},{\"@type\":\"WebPage\",\"@id\":\"https:\\\/\\\/dmcsrb.com\\\/kultura\\\/govornica-medijska-pismenost-i-konstruktivno-novinarstvo-vs-govor-mrznje-u-plavoj-sali-rektorata\\\/\",\"url\":\"https:\\\/\\\/dmcsrb.com\\\/kultura\\\/govornica-medijska-pismenost-i-konstruktivno-novinarstvo-vs-govor-mrznje-u-plavoj-sali-rektorata\\\/\",\"name\":\"Govornica \\\"Medijska pismenost i konstruktivno novinarstvo VS govor mr\u017enje\\\" u Plavoj sali Rektorata - dmcsrb.com\",\"isPartOf\":{\"@id\":\"https:\\\/\\\/dmcsrb.com\\\/#website\"},\"primaryImageOfPage\":{\"@id\":\"https:\\\/\\\/dmcsrb.com\\\/kultura\\\/govornica-medijska-pismenost-i-konstruktivno-novinarstvo-vs-govor-mrznje-u-plavoj-sali-rektorata\\\/#primaryimage\"},\"image\":{\"@id\":\"https:\\\/\\\/dmcsrb.com\\\/kultura\\\/govornica-medijska-pismenost-i-konstruktivno-novinarstvo-vs-govor-mrznje-u-plavoj-sali-rektorata\\\/#primaryimage\"},\"thumbnailUrl\":\"https:\\\/\\\/dmcsrb.com\\\/wp-content\\\/uploads\\\/2026\\\/01\\\/mp-1.webp\",\"datePublished\":\"2025-10-14T10:26:00+00:00\",\"author\":{\"@id\":\"https:\\\/\\\/dmcsrb.com\\\/#\\\/schema\\\/person\\\/5c39170f12db1b8b457732d0b5c854e2\"},\"breadcrumb\":{\"@id\":\"https:\\\/\\\/dmcsrb.com\\\/kultura\\\/govornica-medijska-pismenost-i-konstruktivno-novinarstvo-vs-govor-mrznje-u-plavoj-sali-rektorata\\\/#breadcrumb\"},\"inLanguage\":\"en-GB\",\"potentialAction\":[{\"@type\":\"ReadAction\",\"target\":[\"https:\\\/\\\/dmcsrb.com\\\/kultura\\\/govornica-medijska-pismenost-i-konstruktivno-novinarstvo-vs-govor-mrznje-u-plavoj-sali-rektorata\\\/\"]}]},{\"@type\":\"ImageObject\",\"inLanguage\":\"en-GB\",\"@id\":\"https:\\\/\\\/dmcsrb.com\\\/kultura\\\/govornica-medijska-pismenost-i-konstruktivno-novinarstvo-vs-govor-mrznje-u-plavoj-sali-rektorata\\\/#primaryimage\",\"url\":\"https:\\\/\\\/dmcsrb.com\\\/wp-content\\\/uploads\\\/2026\\\/01\\\/mp-1.webp\",\"contentUrl\":\"https:\\\/\\\/dmcsrb.com\\\/wp-content\\\/uploads\\\/2026\\\/01\\\/mp-1.webp\",\"width\":968,\"height\":645},{\"@type\":\"BreadcrumbList\",\"@id\":\"https:\\\/\\\/dmcsrb.com\\\/kultura\\\/govornica-medijska-pismenost-i-konstruktivno-novinarstvo-vs-govor-mrznje-u-plavoj-sali-rektorata\\\/#breadcrumb\",\"itemListElement\":[{\"@type\":\"ListItem\",\"position\":1,\"name\":\"Home\",\"item\":\"https:\\\/\\\/dmcsrb.com\\\/\"},{\"@type\":\"ListItem\",\"position\":2,\"name\":\"Govornica &#8220;Medijska pismenost i konstruktivno novinarstvo VS govor mr\u017enje&#8221; u Plavoj sali Rektorata\"}]},{\"@type\":\"WebSite\",\"@id\":\"https:\\\/\\\/dmcsrb.com\\\/#website\",\"url\":\"https:\\\/\\\/dmcsrb.com\\\/\",\"name\":\"dmcsrb.com\",\"description\":\"\",\"potentialAction\":[{\"@type\":\"SearchAction\",\"target\":{\"@type\":\"EntryPoint\",\"urlTemplate\":\"https:\\\/\\\/dmcsrb.com\\\/?s={search_term_string}\"},\"query-input\":{\"@type\":\"PropertyValueSpecification\",\"valueRequired\":true,\"valueName\":\"search_term_string\"}}],\"inLanguage\":\"en-GB\"},{\"@type\":\"Person\",\"@id\":\"https:\\\/\\\/dmcsrb.com\\\/#\\\/schema\\\/person\\\/5c39170f12db1b8b457732d0b5c854e2\",\"name\":\"dmcsrbija.com@gmail.com\",\"image\":{\"@type\":\"ImageObject\",\"inLanguage\":\"en-GB\",\"@id\":\"https:\\\/\\\/secure.gravatar.com\\\/avatar\\\/68592660ad6347fad0fb587f8d5d8f1a7b44961362f56e4f2cd524feb87e9069?s=96&d=mm&r=g\",\"url\":\"https:\\\/\\\/secure.gravatar.com\\\/avatar\\\/68592660ad6347fad0fb587f8d5d8f1a7b44961362f56e4f2cd524feb87e9069?s=96&d=mm&r=g\",\"contentUrl\":\"https:\\\/\\\/secure.gravatar.com\\\/avatar\\\/68592660ad6347fad0fb587f8d5d8f1a7b44961362f56e4f2cd524feb87e9069?s=96&d=mm&r=g\",\"caption\":\"dmcsrbija.com@gmail.com\"},\"sameAs\":[\"https:\\\/\\\/dmcsrb.com\"],\"url\":\"https:\\\/\\\/dmcsrb.com\\\/en\\\/author\\\/dmcsrbija-comgmail-com\\\/\"}]}<\/script>\n<!-- \/ Yoast SEO plugin. -->","yoast_head_json":{"title":"Govornica \"Medijska pismenost i konstruktivno novinarstvo VS govor mr\u017enje\" u Plavoj sali Rektorata - dmcsrb.com","robots":{"index":"index","follow":"follow","max-snippet":"max-snippet:-1","max-image-preview":"max-image-preview:large","max-video-preview":"max-video-preview:-1"},"canonical":"https:\/\/dmcsrb.com\/en\/kultura\/govornica-medijska-pismenost-i-konstruktivno-novinarstvo-vs-govor-mrznje-u-plavoj-sali-rektorata\/","og_locale":"en_GB","og_type":"article","og_title":"Govornica \"Medijska pismenost i konstruktivno novinarstvo VS govor mr\u017enje\" u Plavoj sali Rektorata - dmcsrb.com","og_description":"U okviru Festivala umjetnosti, nauke i kulture \u2013 FUNK 2025, 15. oktobra u 12.00 \u010dasova u Plavoj sali Rektorata bi\u0107e odr\u017eana Govornica na temu \u201cMedijska pismenost i konstruktivno novinarstvo VS govor mr\u017enje\u201d, posve\u0107ena dijalogu o ulozi medija i javnosti u ja\u010danju dru\u0161tvene kohezije i suzbijanju dezinformacija.","og_url":"https:\/\/dmcsrb.com\/en\/kultura\/govornica-medijska-pismenost-i-konstruktivno-novinarstvo-vs-govor-mrznje-u-plavoj-sali-rektorata\/","og_site_name":"dmcsrb.com","article_published_time":"2025-10-14T10:26:00+00:00","og_image":[{"width":968,"height":645,"url":"https:\/\/dmcsrb.com\/wp-content\/uploads\/2026\/01\/mp-1.webp","type":"image\/jpeg"}],"author":"dmcsrbija.com@gmail.com","twitter_card":"summary_large_image","twitter_misc":{"Written by":"dmcsrbija.com@gmail.com","Estimated reading time":"1 minute"},"schema":{"@context":"https:\/\/schema.org","@graph":[{"@type":"Article","@id":"https:\/\/dmcsrb.com\/kultura\/govornica-medijska-pismenost-i-konstruktivno-novinarstvo-vs-govor-mrznje-u-plavoj-sali-rektorata\/#article","isPartOf":{"@id":"https:\/\/dmcsrb.com\/kultura\/govornica-medijska-pismenost-i-konstruktivno-novinarstvo-vs-govor-mrznje-u-plavoj-sali-rektorata\/"},"author":{"name":"dmcsrbija.com@gmail.com","@id":"https:\/\/dmcsrb.com\/#\/schema\/person\/5c39170f12db1b8b457732d0b5c854e2"},"headline":"Govornica &#8220;Medijska pismenost i konstruktivno novinarstvo VS govor mr\u017enje&#8221; u Plavoj sali Rektorata","datePublished":"2025-10-14T10:26:00+00:00","mainEntityOfPage":{"@id":"https:\/\/dmcsrb.com\/kultura\/govornica-medijska-pismenost-i-konstruktivno-novinarstvo-vs-govor-mrznje-u-plavoj-sali-rektorata\/"},"wordCount":186,"commentCount":0,"image":{"@id":"https:\/\/dmcsrb.com\/kultura\/govornica-medijska-pismenost-i-konstruktivno-novinarstvo-vs-govor-mrznje-u-plavoj-sali-rektorata\/#primaryimage"},"thumbnailUrl":"https:\/\/dmcsrb.com\/wp-content\/uploads\/2026\/01\/mp-1.webp","keywords":["govornica","Medijska pismenost"],"articleSection":["Kultura"],"inLanguage":"en-GB","potentialAction":[{"@type":"CommentAction","name":"Comment","target":["https:\/\/dmcsrb.com\/kultura\/govornica-medijska-pismenost-i-konstruktivno-novinarstvo-vs-govor-mrznje-u-plavoj-sali-rektorata\/#respond"]}]},{"@type":"WebPage","@id":"https:\/\/dmcsrb.com\/kultura\/govornica-medijska-pismenost-i-konstruktivno-novinarstvo-vs-govor-mrznje-u-plavoj-sali-rektorata\/","url":"https:\/\/dmcsrb.com\/kultura\/govornica-medijska-pismenost-i-konstruktivno-novinarstvo-vs-govor-mrznje-u-plavoj-sali-rektorata\/","name":"Govornica \"Medijska pismenost i konstruktivno novinarstvo VS govor mr\u017enje\" u Plavoj sali Rektorata - dmcsrb.com","isPartOf":{"@id":"https:\/\/dmcsrb.com\/#website"},"primaryImageOfPage":{"@id":"https:\/\/dmcsrb.com\/kultura\/govornica-medijska-pismenost-i-konstruktivno-novinarstvo-vs-govor-mrznje-u-plavoj-sali-rektorata\/#primaryimage"},"image":{"@id":"https:\/\/dmcsrb.com\/kultura\/govornica-medijska-pismenost-i-konstruktivno-novinarstvo-vs-govor-mrznje-u-plavoj-sali-rektorata\/#primaryimage"},"thumbnailUrl":"https:\/\/dmcsrb.com\/wp-content\/uploads\/2026\/01\/mp-1.webp","datePublished":"2025-10-14T10:26:00+00:00","author":{"@id":"https:\/\/dmcsrb.com\/#\/schema\/person\/5c39170f12db1b8b457732d0b5c854e2"},"breadcrumb":{"@id":"https:\/\/dmcsrb.com\/kultura\/govornica-medijska-pismenost-i-konstruktivno-novinarstvo-vs-govor-mrznje-u-plavoj-sali-rektorata\/#breadcrumb"},"inLanguage":"en-GB","potentialAction":[{"@type":"ReadAction","target":["https:\/\/dmcsrb.com\/kultura\/govornica-medijska-pismenost-i-konstruktivno-novinarstvo-vs-govor-mrznje-u-plavoj-sali-rektorata\/"]}]},{"@type":"ImageObject","inLanguage":"en-GB","@id":"https:\/\/dmcsrb.com\/kultura\/govornica-medijska-pismenost-i-konstruktivno-novinarstvo-vs-govor-mrznje-u-plavoj-sali-rektorata\/#primaryimage","url":"https:\/\/dmcsrb.com\/wp-content\/uploads\/2026\/01\/mp-1.webp","contentUrl":"https:\/\/dmcsrb.com\/wp-content\/uploads\/2026\/01\/mp-1.webp","width":968,"height":645},{"@type":"BreadcrumbList","@id":"https:\/\/dmcsrb.com\/kultura\/govornica-medijska-pismenost-i-konstruktivno-novinarstvo-vs-govor-mrznje-u-plavoj-sali-rektorata\/#breadcrumb","itemListElement":[{"@type":"ListItem","position":1,"name":"Home","item":"https:\/\/dmcsrb.com\/"},{"@type":"ListItem","position":2,"name":"Govornica &#8220;Medijska pismenost i konstruktivno novinarstvo VS govor mr\u017enje&#8221; u Plavoj sali Rektorata"}]},{"@type":"WebSite","@id":"https:\/\/dmcsrb.com\/#website","url":"https:\/\/dmcsrb.com\/","name":"dmcsrb.com","description":"","potentialAction":[{"@type":"SearchAction","target":{"@type":"EntryPoint","urlTemplate":"https:\/\/dmcsrb.com\/?s={search_term_string}"},"query-input":{"@type":"PropertyValueSpecification","valueRequired":true,"valueName":"search_term_string"}}],"inLanguage":"en-GB"},{"@type":"Person","@id":"https:\/\/dmcsrb.com\/#\/schema\/person\/5c39170f12db1b8b457732d0b5c854e2","name":"dmcsrbija.com@gmail.com","image":{"@type":"ImageObject","inLanguage":"en-GB","@id":"https:\/\/secure.gravatar.com\/avatar\/68592660ad6347fad0fb587f8d5d8f1a7b44961362f56e4f2cd524feb87e9069?s=96&d=mm&r=g","url":"https:\/\/secure.gravatar.com\/avatar\/68592660ad6347fad0fb587f8d5d8f1a7b44961362f56e4f2cd524feb87e9069?s=96&d=mm&r=g","contentUrl":"https:\/\/secure.gravatar.com\/avatar\/68592660ad6347fad0fb587f8d5d8f1a7b44961362f56e4f2cd524feb87e9069?s=96&d=mm&r=g","caption":"dmcsrbija.com@gmail.com"},"sameAs":["https:\/\/dmcsrb.com"],"url":"https:\/\/dmcsrb.com\/en\/author\/dmcsrbija-comgmail-com\/"}]}},"_links":{"self":[{"href":"https:\/\/dmcsrb.com\/en\/wp-json\/wp\/v2\/posts\/957706","targetHints":{"allow":["GET"]}}],"collection":[{"href":"https:\/\/dmcsrb.com\/en\/wp-json\/wp\/v2\/posts"}],"about":[{"href":"https:\/\/dmcsrb.com\/en\/wp-json\/wp\/v2\/types\/post"}],"author":[{"embeddable":true,"href":"https:\/\/dmcsrb.com\/en\/wp-json\/wp\/v2\/users\/1"}],"replies":[{"embeddable":true,"href":"https:\/\/dmcsrb.com\/en\/wp-json\/wp\/v2\/comments?post=957706"}],"version-history":[{"count":0,"href":"https:\/\/dmcsrb.com\/en\/wp-json\/wp\/v2\/posts\/957706\/revisions"}],"wp:featuredmedia":[{"embeddable":true,"href":"https:\/\/dmcsrb.com\/en\/wp-json\/wp\/v2\/media\/957707"}],"wp:attachment":[{"href":"https:\/\/dmcsrb.com\/en\/wp-json\/wp\/v2\/media?parent=957706"}],"wp:term":[{"taxonomy":"category","embeddable":true,"href":"https:\/\/dmcsrb.com\/en\/wp-json\/wp\/v2\/categories?post=957706"},{"taxonomy":"post_tag","embeddable":true,"href":"https:\/\/dmcsrb.com\/en\/wp-json\/wp\/v2\/tags?post=957706"},{"taxonomy":"naslovna","embeddable":true,"href":"https:\/\/dmcsrb.com\/en\/wp-json\/wp\/v2\/naslovna?post=957706"}],"curies":[{"name":"wp","href":"https:\/\/api.w.org\/{rel}","templated":true}]}}