{"id":957660,"date":"2025-10-14T07:28:00","date_gmt":"2025-10-14T05:28:00","guid":{"rendered":"https:\/\/dmcsrb.com\/uncategorized\/dani-naucne-dijaspore-u-cetvrtak-na-ucg\/"},"modified":"2025-10-14T07:28:00","modified_gmt":"2025-10-14T05:28:00","slug":"dani-naucne-dijaspore-u-cetvrtak-na-ucg","status":"publish","type":"post","link":"https:\/\/dmcsrb.com\/en\/drustvo\/dani-naucne-dijaspore-u-cetvrtak-na-ucg\/","title":{"rendered":"Dani nau\u010dne dijaspore u \u010detvrtak na UCG"},"content":{"rendered":"<p><\/p>\n\n\n\n<p>Na otvaranju \u0107e govoriti ministarka prosvjete nauke i inovacija An\u0111ela Jak\u0161i\u0107 Stojanovi\u0107, ministar dijaspore Mirsad Azemovi\u0107 i direktor Insitutita za interdisciplinarne i multidisciplinarne studije prof. dr Nedeljko Latinovi\u0107.<\/p>\n\n\n\n<p>Simpozijum, koji organizuje Institut za interdisciplinarne i multidisciplinarne studije Univerziteta Crne Gore, okupi\u0107e istaknute istra\u017eiva\u010de i profesore porijeklom iz Crne Gore koji danas rade na vode\u0107im svjetskim univerzitetima i nau\u010dnim institucijama.<\/p>\n\n\n\n<p>Tokom dvodnevnog programa, od 16. do 17. oktobra, bi\u0107e predstavljena aktuelna istra\u017eivanja iz oblasti prirodnih, dru\u0161tvenih, tehni\u010dkih i medicinskih nauka. U fokusu su teme iz medicine, biotehnologije, ekologije, arheologije, psihologije, ekonomije i informacionih tehnologija \u2013 od primjene vje\u0161ta\u010dke inteligencije u medicini, preko istra\u017eivanja u oblasti ESG obveznica, motorike djece i javnog zdravlja, do savremenih pristupa u neuropsihijatriji, biotehnologiji i personalizovanoj ishrani.<\/p>\n\n\n\n<p>Drugog dana simpozijuma bi\u0107e odr\u017ean i okrugli sto na temu \u201eSaradnja nau\u010dne dijaspore sa istra\u017eiva\u010dima u Crnoj Gori\u201c, koji \u0107e okupiti u\u010desnike iz zemlje i inostranstva radi razmjene iskustava i ja\u010danja zajedni\u010dkih istra\u017eiva\u010dkih inicijativa, a na kojem \u0107e u\u010destvovati i predstavnici Ministarstva prosvjete, nauke i inovacija, i izme\u0111u ostalog, predstaviti Konkurs za sufinansiranje projekata saradnje sa nau\u010dnom dijasporom.<\/p>\n\n\n\n<p>Ovim skupom nastavlja se tradicija povezivanja crnogorske nau\u010dne zajednice sa eminentnim stru\u010dnjacima koji svojim radom doprinose globalnom nau\u010dnom razvoju. Simpozijum \u201eDani nau\u010dne dijaspore 2025\u201c afirmi\u0161e nauku, podsti\u010de saradnju i promovi\u0161e Crnu Goru kao aktivnog u\u010desnika me\u0111unarodne akademske mre\u017ee.<\/p>\n\n\n\n<p><\/p>","protected":false},"excerpt":{"rendered":"<p>\u010cetvrti me\u0111unarodni nau\u010dni simpozijum \u201eDani nau\u010dne dijaspore 2025\u201c bi\u0107e sve\u010dano otvoren u \u010detvrtak, 16. oktobra, u 9.00 \u010dasova, u okviru Festivala umjetnosti, nauke i kulture \u2013 FUNK 2025, u Rektoratu Univerziteta Crne Gore.<\/p>","protected":false},"author":1,"featured_media":913932,"comment_status":"open","ping_status":"open","sticky":false,"template":"","format":"standard","meta":{"_acf_changed":false,"footnotes":""},"categories":[2],"tags":[3049,11283,9724,11284],"naslovna":[],"class_list":["post-957660","post","type-post","status-publish","format-standard","has-post-thumbnail","hentry","category-drustvo","tag-dijaspora","tag-naucni","tag-rektorat","tag-simpozijum"],"acf":[],"yoast_head":"<!-- This site is optimized with the Yoast SEO plugin v27.4 - https:\/\/yoast.com\/product\/yoast-seo-wordpress\/ -->\n<title>Dani nau\u010dne dijaspore u \u010detvrtak na UCG - dmcsrb.com<\/title>\n<meta name=\"robots\" content=\"index, follow, max-snippet:-1, max-image-preview:large, max-video-preview:-1\" \/>\n<link rel=\"canonical\" href=\"https:\/\/dmcsrb.com\/en\/drustvo\/dani-naucne-dijaspore-u-cetvrtak-na-ucg\/\" \/>\n<meta property=\"og:locale\" content=\"en_GB\" \/>\n<meta property=\"og:type\" content=\"article\" \/>\n<meta property=\"og:title\" content=\"Dani nau\u010dne dijaspore u \u010detvrtak na UCG - dmcsrb.com\" \/>\n<meta property=\"og:description\" content=\"\u010cetvrti me\u0111unarodni nau\u010dni simpozijum \u201eDani nau\u010dne dijaspore 2025\u201c bi\u0107e sve\u010dano otvoren u \u010detvrtak, 16. oktobra, u 9.00 \u010dasova, u okviru Festivala umjetnosti, nauke i kulture \u2013 FUNK 2025, u Rektoratu Univerziteta Crne Gore.\" \/>\n<meta property=\"og:url\" content=\"https:\/\/dmcsrb.com\/en\/drustvo\/dani-naucne-dijaspore-u-cetvrtak-na-ucg\/\" \/>\n<meta property=\"og:site_name\" content=\"dmcsrb.com\" \/>\n<meta property=\"article:published_time\" content=\"2025-10-14T05:28:00+00:00\" \/>\n<meta property=\"og:image\" content=\"https:\/\/dmcsrb.com\/wp-content\/uploads\/2026\/01\/Univerzitet-i-rektorat-foto-UCG.jpg\" \/>\n\t<meta property=\"og:image:width\" content=\"961\" \/>\n\t<meta property=\"og:image:height\" content=\"562\" \/>\n\t<meta property=\"og:image:type\" content=\"image\/jpeg\" \/>\n<meta name=\"author\" content=\"dmcsrbija.com@gmail.com\" \/>\n<meta name=\"twitter:card\" content=\"summary_large_image\" \/>\n<meta name=\"twitter:label1\" content=\"Written by\" \/>\n\t<meta name=\"twitter:data1\" content=\"dmcsrbija.com@gmail.com\" \/>\n\t<meta name=\"twitter:label2\" content=\"Estimated reading time\" \/>\n\t<meta name=\"twitter:data2\" content=\"1 minute\" \/>\n<script type=\"application\/ld+json\" class=\"yoast-schema-graph\">{\"@context\":\"https:\\\/\\\/schema.org\",\"@graph\":[{\"@type\":\"Article\",\"@id\":\"https:\\\/\\\/dmcsrb.com\\\/drustvo\\\/dani-naucne-dijaspore-u-cetvrtak-na-ucg\\\/#article\",\"isPartOf\":{\"@id\":\"https:\\\/\\\/dmcsrb.com\\\/drustvo\\\/dani-naucne-dijaspore-u-cetvrtak-na-ucg\\\/\"},\"author\":{\"name\":\"dmcsrbija.com@gmail.com\",\"@id\":\"https:\\\/\\\/dmcsrb.com\\\/#\\\/schema\\\/person\\\/5c39170f12db1b8b457732d0b5c854e2\"},\"headline\":\"Dani nau\u010dne dijaspore u \u010detvrtak na UCG\",\"datePublished\":\"2025-10-14T05:28:00+00:00\",\"mainEntityOfPage\":{\"@id\":\"https:\\\/\\\/dmcsrb.com\\\/drustvo\\\/dani-naucne-dijaspore-u-cetvrtak-na-ucg\\\/\"},\"wordCount\":257,\"commentCount\":0,\"image\":{\"@id\":\"https:\\\/\\\/dmcsrb.com\\\/drustvo\\\/dani-naucne-dijaspore-u-cetvrtak-na-ucg\\\/#primaryimage\"},\"thumbnailUrl\":\"https:\\\/\\\/dmcsrb.com\\\/wp-content\\\/uploads\\\/2026\\\/01\\\/Univerzitet-i-rektorat-foto-UCG.jpg\",\"keywords\":[\"Dijaspora\",\"nau\u010dni\",\"rektorat\",\"simpozijum\"],\"articleSection\":[\"Dru\u0161tvo\"],\"inLanguage\":\"en-GB\",\"potentialAction\":[{\"@type\":\"CommentAction\",\"name\":\"Comment\",\"target\":[\"https:\\\/\\\/dmcsrb.com\\\/drustvo\\\/dani-naucne-dijaspore-u-cetvrtak-na-ucg\\\/#respond\"]}]},{\"@type\":\"WebPage\",\"@id\":\"https:\\\/\\\/dmcsrb.com\\\/drustvo\\\/dani-naucne-dijaspore-u-cetvrtak-na-ucg\\\/\",\"url\":\"https:\\\/\\\/dmcsrb.com\\\/drustvo\\\/dani-naucne-dijaspore-u-cetvrtak-na-ucg\\\/\",\"name\":\"Dani nau\u010dne dijaspore u \u010detvrtak na UCG - dmcsrb.com\",\"isPartOf\":{\"@id\":\"https:\\\/\\\/dmcsrb.com\\\/#website\"},\"primaryImageOfPage\":{\"@id\":\"https:\\\/\\\/dmcsrb.com\\\/drustvo\\\/dani-naucne-dijaspore-u-cetvrtak-na-ucg\\\/#primaryimage\"},\"image\":{\"@id\":\"https:\\\/\\\/dmcsrb.com\\\/drustvo\\\/dani-naucne-dijaspore-u-cetvrtak-na-ucg\\\/#primaryimage\"},\"thumbnailUrl\":\"https:\\\/\\\/dmcsrb.com\\\/wp-content\\\/uploads\\\/2026\\\/01\\\/Univerzitet-i-rektorat-foto-UCG.jpg\",\"datePublished\":\"2025-10-14T05:28:00+00:00\",\"author\":{\"@id\":\"https:\\\/\\\/dmcsrb.com\\\/#\\\/schema\\\/person\\\/5c39170f12db1b8b457732d0b5c854e2\"},\"breadcrumb\":{\"@id\":\"https:\\\/\\\/dmcsrb.com\\\/drustvo\\\/dani-naucne-dijaspore-u-cetvrtak-na-ucg\\\/#breadcrumb\"},\"inLanguage\":\"en-GB\",\"potentialAction\":[{\"@type\":\"ReadAction\",\"target\":[\"https:\\\/\\\/dmcsrb.com\\\/drustvo\\\/dani-naucne-dijaspore-u-cetvrtak-na-ucg\\\/\"]}]},{\"@type\":\"ImageObject\",\"inLanguage\":\"en-GB\",\"@id\":\"https:\\\/\\\/dmcsrb.com\\\/drustvo\\\/dani-naucne-dijaspore-u-cetvrtak-na-ucg\\\/#primaryimage\",\"url\":\"https:\\\/\\\/dmcsrb.com\\\/wp-content\\\/uploads\\\/2026\\\/01\\\/Univerzitet-i-rektorat-foto-UCG.jpg\",\"contentUrl\":\"https:\\\/\\\/dmcsrb.com\\\/wp-content\\\/uploads\\\/2026\\\/01\\\/Univerzitet-i-rektorat-foto-UCG.jpg\",\"width\":961,\"height\":562},{\"@type\":\"BreadcrumbList\",\"@id\":\"https:\\\/\\\/dmcsrb.com\\\/drustvo\\\/dani-naucne-dijaspore-u-cetvrtak-na-ucg\\\/#breadcrumb\",\"itemListElement\":[{\"@type\":\"ListItem\",\"position\":1,\"name\":\"Home\",\"item\":\"https:\\\/\\\/dmcsrb.com\\\/\"},{\"@type\":\"ListItem\",\"position\":2,\"name\":\"Dani nau\u010dne dijaspore u \u010detvrtak na UCG\"}]},{\"@type\":\"WebSite\",\"@id\":\"https:\\\/\\\/dmcsrb.com\\\/#website\",\"url\":\"https:\\\/\\\/dmcsrb.com\\\/\",\"name\":\"dmcsrb.com\",\"description\":\"\",\"potentialAction\":[{\"@type\":\"SearchAction\",\"target\":{\"@type\":\"EntryPoint\",\"urlTemplate\":\"https:\\\/\\\/dmcsrb.com\\\/?s={search_term_string}\"},\"query-input\":{\"@type\":\"PropertyValueSpecification\",\"valueRequired\":true,\"valueName\":\"search_term_string\"}}],\"inLanguage\":\"en-GB\"},{\"@type\":\"Person\",\"@id\":\"https:\\\/\\\/dmcsrb.com\\\/#\\\/schema\\\/person\\\/5c39170f12db1b8b457732d0b5c854e2\",\"name\":\"dmcsrbija.com@gmail.com\",\"image\":{\"@type\":\"ImageObject\",\"inLanguage\":\"en-GB\",\"@id\":\"https:\\\/\\\/secure.gravatar.com\\\/avatar\\\/68592660ad6347fad0fb587f8d5d8f1a7b44961362f56e4f2cd524feb87e9069?s=96&d=mm&r=g\",\"url\":\"https:\\\/\\\/secure.gravatar.com\\\/avatar\\\/68592660ad6347fad0fb587f8d5d8f1a7b44961362f56e4f2cd524feb87e9069?s=96&d=mm&r=g\",\"contentUrl\":\"https:\\\/\\\/secure.gravatar.com\\\/avatar\\\/68592660ad6347fad0fb587f8d5d8f1a7b44961362f56e4f2cd524feb87e9069?s=96&d=mm&r=g\",\"caption\":\"dmcsrbija.com@gmail.com\"},\"sameAs\":[\"https:\\\/\\\/dmcsrb.com\"],\"url\":\"https:\\\/\\\/dmcsrb.com\\\/en\\\/author\\\/dmcsrbija-comgmail-com\\\/\"}]}<\/script>\n<!-- \/ Yoast SEO plugin. -->","yoast_head_json":{"title":"Dani nau\u010dne dijaspore u \u010detvrtak na UCG - dmcsrb.com","robots":{"index":"index","follow":"follow","max-snippet":"max-snippet:-1","max-image-preview":"max-image-preview:large","max-video-preview":"max-video-preview:-1"},"canonical":"https:\/\/dmcsrb.com\/en\/drustvo\/dani-naucne-dijaspore-u-cetvrtak-na-ucg\/","og_locale":"en_GB","og_type":"article","og_title":"Dani nau\u010dne dijaspore u \u010detvrtak na UCG - dmcsrb.com","og_description":"\u010cetvrti me\u0111unarodni nau\u010dni simpozijum \u201eDani nau\u010dne dijaspore 2025\u201c bi\u0107e sve\u010dano otvoren u \u010detvrtak, 16. oktobra, u 9.00 \u010dasova, u okviru Festivala umjetnosti, nauke i kulture \u2013 FUNK 2025, u Rektoratu Univerziteta Crne Gore.","og_url":"https:\/\/dmcsrb.com\/en\/drustvo\/dani-naucne-dijaspore-u-cetvrtak-na-ucg\/","og_site_name":"dmcsrb.com","article_published_time":"2025-10-14T05:28:00+00:00","og_image":[{"width":961,"height":562,"url":"https:\/\/dmcsrb.com\/wp-content\/uploads\/2026\/01\/Univerzitet-i-rektorat-foto-UCG.jpg","type":"image\/jpeg"}],"author":"dmcsrbija.com@gmail.com","twitter_card":"summary_large_image","twitter_misc":{"Written by":"dmcsrbija.com@gmail.com","Estimated reading time":"1 minute"},"schema":{"@context":"https:\/\/schema.org","@graph":[{"@type":"Article","@id":"https:\/\/dmcsrb.com\/drustvo\/dani-naucne-dijaspore-u-cetvrtak-na-ucg\/#article","isPartOf":{"@id":"https:\/\/dmcsrb.com\/drustvo\/dani-naucne-dijaspore-u-cetvrtak-na-ucg\/"},"author":{"name":"dmcsrbija.com@gmail.com","@id":"https:\/\/dmcsrb.com\/#\/schema\/person\/5c39170f12db1b8b457732d0b5c854e2"},"headline":"Dani nau\u010dne dijaspore u \u010detvrtak na UCG","datePublished":"2025-10-14T05:28:00+00:00","mainEntityOfPage":{"@id":"https:\/\/dmcsrb.com\/drustvo\/dani-naucne-dijaspore-u-cetvrtak-na-ucg\/"},"wordCount":257,"commentCount":0,"image":{"@id":"https:\/\/dmcsrb.com\/drustvo\/dani-naucne-dijaspore-u-cetvrtak-na-ucg\/#primaryimage"},"thumbnailUrl":"https:\/\/dmcsrb.com\/wp-content\/uploads\/2026\/01\/Univerzitet-i-rektorat-foto-UCG.jpg","keywords":["Dijaspora","nau\u010dni","rektorat","simpozijum"],"articleSection":["Dru\u0161tvo"],"inLanguage":"en-GB","potentialAction":[{"@type":"CommentAction","name":"Comment","target":["https:\/\/dmcsrb.com\/drustvo\/dani-naucne-dijaspore-u-cetvrtak-na-ucg\/#respond"]}]},{"@type":"WebPage","@id":"https:\/\/dmcsrb.com\/drustvo\/dani-naucne-dijaspore-u-cetvrtak-na-ucg\/","url":"https:\/\/dmcsrb.com\/drustvo\/dani-naucne-dijaspore-u-cetvrtak-na-ucg\/","name":"Dani nau\u010dne dijaspore u \u010detvrtak na UCG - dmcsrb.com","isPartOf":{"@id":"https:\/\/dmcsrb.com\/#website"},"primaryImageOfPage":{"@id":"https:\/\/dmcsrb.com\/drustvo\/dani-naucne-dijaspore-u-cetvrtak-na-ucg\/#primaryimage"},"image":{"@id":"https:\/\/dmcsrb.com\/drustvo\/dani-naucne-dijaspore-u-cetvrtak-na-ucg\/#primaryimage"},"thumbnailUrl":"https:\/\/dmcsrb.com\/wp-content\/uploads\/2026\/01\/Univerzitet-i-rektorat-foto-UCG.jpg","datePublished":"2025-10-14T05:28:00+00:00","author":{"@id":"https:\/\/dmcsrb.com\/#\/schema\/person\/5c39170f12db1b8b457732d0b5c854e2"},"breadcrumb":{"@id":"https:\/\/dmcsrb.com\/drustvo\/dani-naucne-dijaspore-u-cetvrtak-na-ucg\/#breadcrumb"},"inLanguage":"en-GB","potentialAction":[{"@type":"ReadAction","target":["https:\/\/dmcsrb.com\/drustvo\/dani-naucne-dijaspore-u-cetvrtak-na-ucg\/"]}]},{"@type":"ImageObject","inLanguage":"en-GB","@id":"https:\/\/dmcsrb.com\/drustvo\/dani-naucne-dijaspore-u-cetvrtak-na-ucg\/#primaryimage","url":"https:\/\/dmcsrb.com\/wp-content\/uploads\/2026\/01\/Univerzitet-i-rektorat-foto-UCG.jpg","contentUrl":"https:\/\/dmcsrb.com\/wp-content\/uploads\/2026\/01\/Univerzitet-i-rektorat-foto-UCG.jpg","width":961,"height":562},{"@type":"BreadcrumbList","@id":"https:\/\/dmcsrb.com\/drustvo\/dani-naucne-dijaspore-u-cetvrtak-na-ucg\/#breadcrumb","itemListElement":[{"@type":"ListItem","position":1,"name":"Home","item":"https:\/\/dmcsrb.com\/"},{"@type":"ListItem","position":2,"name":"Dani nau\u010dne dijaspore u \u010detvrtak na UCG"}]},{"@type":"WebSite","@id":"https:\/\/dmcsrb.com\/#website","url":"https:\/\/dmcsrb.com\/","name":"dmcsrb.com","description":"","potentialAction":[{"@type":"SearchAction","target":{"@type":"EntryPoint","urlTemplate":"https:\/\/dmcsrb.com\/?s={search_term_string}"},"query-input":{"@type":"PropertyValueSpecification","valueRequired":true,"valueName":"search_term_string"}}],"inLanguage":"en-GB"},{"@type":"Person","@id":"https:\/\/dmcsrb.com\/#\/schema\/person\/5c39170f12db1b8b457732d0b5c854e2","name":"dmcsrbija.com@gmail.com","image":{"@type":"ImageObject","inLanguage":"en-GB","@id":"https:\/\/secure.gravatar.com\/avatar\/68592660ad6347fad0fb587f8d5d8f1a7b44961362f56e4f2cd524feb87e9069?s=96&d=mm&r=g","url":"https:\/\/secure.gravatar.com\/avatar\/68592660ad6347fad0fb587f8d5d8f1a7b44961362f56e4f2cd524feb87e9069?s=96&d=mm&r=g","contentUrl":"https:\/\/secure.gravatar.com\/avatar\/68592660ad6347fad0fb587f8d5d8f1a7b44961362f56e4f2cd524feb87e9069?s=96&d=mm&r=g","caption":"dmcsrbija.com@gmail.com"},"sameAs":["https:\/\/dmcsrb.com"],"url":"https:\/\/dmcsrb.com\/en\/author\/dmcsrbija-comgmail-com\/"}]}},"_links":{"self":[{"href":"https:\/\/dmcsrb.com\/en\/wp-json\/wp\/v2\/posts\/957660","targetHints":{"allow":["GET"]}}],"collection":[{"href":"https:\/\/dmcsrb.com\/en\/wp-json\/wp\/v2\/posts"}],"about":[{"href":"https:\/\/dmcsrb.com\/en\/wp-json\/wp\/v2\/types\/post"}],"author":[{"embeddable":true,"href":"https:\/\/dmcsrb.com\/en\/wp-json\/wp\/v2\/users\/1"}],"replies":[{"embeddable":true,"href":"https:\/\/dmcsrb.com\/en\/wp-json\/wp\/v2\/comments?post=957660"}],"version-history":[{"count":0,"href":"https:\/\/dmcsrb.com\/en\/wp-json\/wp\/v2\/posts\/957660\/revisions"}],"wp:featuredmedia":[{"embeddable":true,"href":"https:\/\/dmcsrb.com\/en\/wp-json\/wp\/v2\/media\/913932"}],"wp:attachment":[{"href":"https:\/\/dmcsrb.com\/en\/wp-json\/wp\/v2\/media?parent=957660"}],"wp:term":[{"taxonomy":"category","embeddable":true,"href":"https:\/\/dmcsrb.com\/en\/wp-json\/wp\/v2\/categories?post=957660"},{"taxonomy":"post_tag","embeddable":true,"href":"https:\/\/dmcsrb.com\/en\/wp-json\/wp\/v2\/tags?post=957660"},{"taxonomy":"naslovna","embeddable":true,"href":"https:\/\/dmcsrb.com\/en\/wp-json\/wp\/v2\/naslovna?post=957660"}],"curies":[{"name":"wp","href":"https:\/\/api.w.org\/{rel}","templated":true}]}}