{"id":957632,"date":"2025-10-13T21:00:00","date_gmt":"2025-10-13T19:00:00","guid":{"rendered":"https:\/\/dmcsrb.com\/uncategorized\/predsjednik-madagaskara-nakon-protesta-napustio-zemlju\/"},"modified":"2025-10-13T21:00:00","modified_gmt":"2025-10-13T19:00:00","slug":"predsjednik-madagaskara-nakon-protesta-napustio-zemlju","status":"publish","type":"post","link":"https:\/\/dmcsrb.com\/en\/svijet\/predsjednik-madagaskara-nakon-protesta-napustio-zemlju\/","title":{"rendered":"Predsjednik Madagaskara nakon protesta napustio zemlju"},"content":{"rendered":"<p><\/p>\n\n\n\n<p>Siteni Randrijanasolonijako, lider opozicije u parlamentu, rekao je za Rojters da je Rad\u017eoelina napustio Madagaskar nakon \u0161to su\u00a0se\u00a0jedinice vojske\u00a0u nedelju\u00a0pridru\u017eile demonstrantima.<\/p>\n\n\n\n<p>&#8220;Pozvali smo osoblje predsedni\u0161tva i oni su potvrdili da je napustio zemlju&#8221;, rekao je&nbsp;lider opozicije&nbsp;dodaju\u0107i da je trenutno mesto boravka Rad\u017eoeline nepoznato.<\/p>\n\n\n\n<p>Vojni izvori&nbsp;tvrde&nbsp;da je Rad\u017eoelina odleteo iz zemlje francuskim vojnim avionom. Francuski radio RFI je javio da je postigao dogovor sa predsednikom Emanuelom Makronom.<\/p>\n\n\n\n<p>Demonstracije\u00a0na Madagaskaru\u00a0su izbile 25. septembra zbog nesta\u0161ice vode i struje, ali su brzo eskalirale u ustanak zbog \u0161irih problema, uklju\u010duju\u0107i korupciju, lo\u0161e upravljanje i nedostatak osnovnih usluga.<\/p>\n\n\n\n<p>Najmanje 22 osobe su poginule u sukobima izme\u0111u demonstranata i snaga bezbjednosti, prema podacima UN.<\/p>\n\n\n\n<p>Ve\u0107inu stanovni\u0161tva&nbsp;Madagaskara \u010dine mladi mla\u0111i od 20 godina,&nbsp;ima populaciju od oko 30 miliona stanovnika, od kojih tri \u010detvrtine \u017eive u siroma\u0161tvu.<\/p>","protected":false},"excerpt":{"rendered":"<p>Predsednik Madagaskara Andri Rad\u017eoelina napustio je tu afri\u010dku dr\u017eavu, saop\u0161tili su \u0161ef opozicije i drugi zvani\u010dnici, posle vi\u0161ednevnih protesta i nemira.<\/p>","protected":false},"author":1,"featured_media":957633,"comment_status":"open","ping_status":"open","sticky":false,"template":"","format":"standard","meta":{"_acf_changed":false,"footnotes":""},"categories":[144],"tags":[11277,11151],"naslovna":[],"class_list":["post-957632","post","type-post","status-publish","format-standard","has-post-thumbnail","hentry","category-svijet","tag-andri-radzoelina","tag-madagaskar"],"acf":[],"yoast_head":"<!-- This site is optimized with the Yoast SEO plugin v27.4 - https:\/\/yoast.com\/product\/yoast-seo-wordpress\/ -->\n<title>Predsjednik Madagaskara nakon protesta napustio zemlju - dmcsrb.com<\/title>\n<meta name=\"robots\" content=\"index, follow, max-snippet:-1, max-image-preview:large, max-video-preview:-1\" \/>\n<link rel=\"canonical\" href=\"https:\/\/dmcsrb.com\/en\/svijet\/predsjednik-madagaskara-nakon-protesta-napustio-zemlju\/\" \/>\n<meta property=\"og:locale\" content=\"en_GB\" \/>\n<meta property=\"og:type\" content=\"article\" \/>\n<meta property=\"og:title\" content=\"Predsjednik Madagaskara nakon protesta napustio zemlju - dmcsrb.com\" \/>\n<meta property=\"og:description\" content=\"Predsednik Madagaskara Andri Rad\u017eoelina napustio je tu afri\u010dku dr\u017eavu, saop\u0161tili su \u0161ef opozicije i drugi zvani\u010dnici, posle vi\u0161ednevnih protesta i nemira.\" \/>\n<meta property=\"og:url\" content=\"https:\/\/dmcsrb.com\/en\/svijet\/predsjednik-madagaskara-nakon-protesta-napustio-zemlju\/\" \/>\n<meta property=\"og:site_name\" content=\"dmcsrb.com\" \/>\n<meta property=\"article:published_time\" content=\"2025-10-13T19:00:00+00:00\" \/>\n<meta property=\"og:image\" content=\"https:\/\/dmcsrb.com\/wp-content\/uploads\/2026\/01\/AP25286429196033.webp\" \/>\n\t<meta property=\"og:image:width\" content=\"1280\" \/>\n\t<meta property=\"og:image:height\" content=\"832\" \/>\n\t<meta property=\"og:image:type\" content=\"image\/jpeg\" \/>\n<meta name=\"author\" content=\"dmcsrbija.com@gmail.com\" \/>\n<meta name=\"twitter:card\" content=\"summary_large_image\" \/>\n<meta name=\"twitter:label1\" content=\"Written by\" \/>\n\t<meta name=\"twitter:data1\" content=\"dmcsrbija.com@gmail.com\" \/>\n\t<meta name=\"twitter:label2\" content=\"Estimated reading time\" \/>\n\t<meta name=\"twitter:data2\" content=\"1 minute\" \/>\n<script type=\"application\/ld+json\" class=\"yoast-schema-graph\">{\"@context\":\"https:\\\/\\\/schema.org\",\"@graph\":[{\"@type\":\"Article\",\"@id\":\"https:\\\/\\\/dmcsrb.com\\\/svijet\\\/predsjednik-madagaskara-nakon-protesta-napustio-zemlju\\\/#article\",\"isPartOf\":{\"@id\":\"https:\\\/\\\/dmcsrb.com\\\/svijet\\\/predsjednik-madagaskara-nakon-protesta-napustio-zemlju\\\/\"},\"author\":{\"name\":\"dmcsrbija.com@gmail.com\",\"@id\":\"https:\\\/\\\/dmcsrb.com\\\/#\\\/schema\\\/person\\\/5c39170f12db1b8b457732d0b5c854e2\"},\"headline\":\"Predsjednik Madagaskara nakon protesta napustio zemlju\",\"datePublished\":\"2025-10-13T19:00:00+00:00\",\"mainEntityOfPage\":{\"@id\":\"https:\\\/\\\/dmcsrb.com\\\/svijet\\\/predsjednik-madagaskara-nakon-protesta-napustio-zemlju\\\/\"},\"wordCount\":164,\"commentCount\":0,\"image\":{\"@id\":\"https:\\\/\\\/dmcsrb.com\\\/svijet\\\/predsjednik-madagaskara-nakon-protesta-napustio-zemlju\\\/#primaryimage\"},\"thumbnailUrl\":\"https:\\\/\\\/dmcsrb.com\\\/wp-content\\\/uploads\\\/2026\\\/01\\\/AP25286429196033.webp\",\"keywords\":[\"Andri Rad\u017eoelina\",\"Madagaskar\"],\"articleSection\":[\"Svijet\"],\"inLanguage\":\"en-GB\",\"potentialAction\":[{\"@type\":\"CommentAction\",\"name\":\"Comment\",\"target\":[\"https:\\\/\\\/dmcsrb.com\\\/svijet\\\/predsjednik-madagaskara-nakon-protesta-napustio-zemlju\\\/#respond\"]}]},{\"@type\":\"WebPage\",\"@id\":\"https:\\\/\\\/dmcsrb.com\\\/svijet\\\/predsjednik-madagaskara-nakon-protesta-napustio-zemlju\\\/\",\"url\":\"https:\\\/\\\/dmcsrb.com\\\/svijet\\\/predsjednik-madagaskara-nakon-protesta-napustio-zemlju\\\/\",\"name\":\"Predsjednik Madagaskara nakon protesta napustio zemlju - dmcsrb.com\",\"isPartOf\":{\"@id\":\"https:\\\/\\\/dmcsrb.com\\\/#website\"},\"primaryImageOfPage\":{\"@id\":\"https:\\\/\\\/dmcsrb.com\\\/svijet\\\/predsjednik-madagaskara-nakon-protesta-napustio-zemlju\\\/#primaryimage\"},\"image\":{\"@id\":\"https:\\\/\\\/dmcsrb.com\\\/svijet\\\/predsjednik-madagaskara-nakon-protesta-napustio-zemlju\\\/#primaryimage\"},\"thumbnailUrl\":\"https:\\\/\\\/dmcsrb.com\\\/wp-content\\\/uploads\\\/2026\\\/01\\\/AP25286429196033.webp\",\"datePublished\":\"2025-10-13T19:00:00+00:00\",\"author\":{\"@id\":\"https:\\\/\\\/dmcsrb.com\\\/#\\\/schema\\\/person\\\/5c39170f12db1b8b457732d0b5c854e2\"},\"breadcrumb\":{\"@id\":\"https:\\\/\\\/dmcsrb.com\\\/svijet\\\/predsjednik-madagaskara-nakon-protesta-napustio-zemlju\\\/#breadcrumb\"},\"inLanguage\":\"en-GB\",\"potentialAction\":[{\"@type\":\"ReadAction\",\"target\":[\"https:\\\/\\\/dmcsrb.com\\\/svijet\\\/predsjednik-madagaskara-nakon-protesta-napustio-zemlju\\\/\"]}]},{\"@type\":\"ImageObject\",\"inLanguage\":\"en-GB\",\"@id\":\"https:\\\/\\\/dmcsrb.com\\\/svijet\\\/predsjednik-madagaskara-nakon-protesta-napustio-zemlju\\\/#primaryimage\",\"url\":\"https:\\\/\\\/dmcsrb.com\\\/wp-content\\\/uploads\\\/2026\\\/01\\\/AP25286429196033.webp\",\"contentUrl\":\"https:\\\/\\\/dmcsrb.com\\\/wp-content\\\/uploads\\\/2026\\\/01\\\/AP25286429196033.webp\",\"width\":1280,\"height\":832},{\"@type\":\"BreadcrumbList\",\"@id\":\"https:\\\/\\\/dmcsrb.com\\\/svijet\\\/predsjednik-madagaskara-nakon-protesta-napustio-zemlju\\\/#breadcrumb\",\"itemListElement\":[{\"@type\":\"ListItem\",\"position\":1,\"name\":\"Home\",\"item\":\"https:\\\/\\\/dmcsrb.com\\\/\"},{\"@type\":\"ListItem\",\"position\":2,\"name\":\"Predsjednik Madagaskara nakon protesta napustio zemlju\"}]},{\"@type\":\"WebSite\",\"@id\":\"https:\\\/\\\/dmcsrb.com\\\/#website\",\"url\":\"https:\\\/\\\/dmcsrb.com\\\/\",\"name\":\"dmcsrb.com\",\"description\":\"\",\"potentialAction\":[{\"@type\":\"SearchAction\",\"target\":{\"@type\":\"EntryPoint\",\"urlTemplate\":\"https:\\\/\\\/dmcsrb.com\\\/?s={search_term_string}\"},\"query-input\":{\"@type\":\"PropertyValueSpecification\",\"valueRequired\":true,\"valueName\":\"search_term_string\"}}],\"inLanguage\":\"en-GB\"},{\"@type\":\"Person\",\"@id\":\"https:\\\/\\\/dmcsrb.com\\\/#\\\/schema\\\/person\\\/5c39170f12db1b8b457732d0b5c854e2\",\"name\":\"dmcsrbija.com@gmail.com\",\"image\":{\"@type\":\"ImageObject\",\"inLanguage\":\"en-GB\",\"@id\":\"https:\\\/\\\/secure.gravatar.com\\\/avatar\\\/68592660ad6347fad0fb587f8d5d8f1a7b44961362f56e4f2cd524feb87e9069?s=96&d=mm&r=g\",\"url\":\"https:\\\/\\\/secure.gravatar.com\\\/avatar\\\/68592660ad6347fad0fb587f8d5d8f1a7b44961362f56e4f2cd524feb87e9069?s=96&d=mm&r=g\",\"contentUrl\":\"https:\\\/\\\/secure.gravatar.com\\\/avatar\\\/68592660ad6347fad0fb587f8d5d8f1a7b44961362f56e4f2cd524feb87e9069?s=96&d=mm&r=g\",\"caption\":\"dmcsrbija.com@gmail.com\"},\"sameAs\":[\"https:\\\/\\\/dmcsrb.com\"],\"url\":\"https:\\\/\\\/dmcsrb.com\\\/en\\\/author\\\/dmcsrbija-comgmail-com\\\/\"}]}<\/script>\n<!-- \/ Yoast SEO plugin. -->","yoast_head_json":{"title":"Predsjednik Madagaskara nakon protesta napustio zemlju - dmcsrb.com","robots":{"index":"index","follow":"follow","max-snippet":"max-snippet:-1","max-image-preview":"max-image-preview:large","max-video-preview":"max-video-preview:-1"},"canonical":"https:\/\/dmcsrb.com\/en\/svijet\/predsjednik-madagaskara-nakon-protesta-napustio-zemlju\/","og_locale":"en_GB","og_type":"article","og_title":"Predsjednik Madagaskara nakon protesta napustio zemlju - dmcsrb.com","og_description":"Predsednik Madagaskara Andri Rad\u017eoelina napustio je tu afri\u010dku dr\u017eavu, saop\u0161tili su \u0161ef opozicije i drugi zvani\u010dnici, posle vi\u0161ednevnih protesta i nemira.","og_url":"https:\/\/dmcsrb.com\/en\/svijet\/predsjednik-madagaskara-nakon-protesta-napustio-zemlju\/","og_site_name":"dmcsrb.com","article_published_time":"2025-10-13T19:00:00+00:00","og_image":[{"width":1280,"height":832,"url":"https:\/\/dmcsrb.com\/wp-content\/uploads\/2026\/01\/AP25286429196033.webp","type":"image\/jpeg"}],"author":"dmcsrbija.com@gmail.com","twitter_card":"summary_large_image","twitter_misc":{"Written by":"dmcsrbija.com@gmail.com","Estimated reading time":"1 minute"},"schema":{"@context":"https:\/\/schema.org","@graph":[{"@type":"Article","@id":"https:\/\/dmcsrb.com\/svijet\/predsjednik-madagaskara-nakon-protesta-napustio-zemlju\/#article","isPartOf":{"@id":"https:\/\/dmcsrb.com\/svijet\/predsjednik-madagaskara-nakon-protesta-napustio-zemlju\/"},"author":{"name":"dmcsrbija.com@gmail.com","@id":"https:\/\/dmcsrb.com\/#\/schema\/person\/5c39170f12db1b8b457732d0b5c854e2"},"headline":"Predsjednik Madagaskara nakon protesta napustio zemlju","datePublished":"2025-10-13T19:00:00+00:00","mainEntityOfPage":{"@id":"https:\/\/dmcsrb.com\/svijet\/predsjednik-madagaskara-nakon-protesta-napustio-zemlju\/"},"wordCount":164,"commentCount":0,"image":{"@id":"https:\/\/dmcsrb.com\/svijet\/predsjednik-madagaskara-nakon-protesta-napustio-zemlju\/#primaryimage"},"thumbnailUrl":"https:\/\/dmcsrb.com\/wp-content\/uploads\/2026\/01\/AP25286429196033.webp","keywords":["Andri Rad\u017eoelina","Madagaskar"],"articleSection":["Svijet"],"inLanguage":"en-GB","potentialAction":[{"@type":"CommentAction","name":"Comment","target":["https:\/\/dmcsrb.com\/svijet\/predsjednik-madagaskara-nakon-protesta-napustio-zemlju\/#respond"]}]},{"@type":"WebPage","@id":"https:\/\/dmcsrb.com\/svijet\/predsjednik-madagaskara-nakon-protesta-napustio-zemlju\/","url":"https:\/\/dmcsrb.com\/svijet\/predsjednik-madagaskara-nakon-protesta-napustio-zemlju\/","name":"Predsjednik Madagaskara nakon protesta napustio zemlju - dmcsrb.com","isPartOf":{"@id":"https:\/\/dmcsrb.com\/#website"},"primaryImageOfPage":{"@id":"https:\/\/dmcsrb.com\/svijet\/predsjednik-madagaskara-nakon-protesta-napustio-zemlju\/#primaryimage"},"image":{"@id":"https:\/\/dmcsrb.com\/svijet\/predsjednik-madagaskara-nakon-protesta-napustio-zemlju\/#primaryimage"},"thumbnailUrl":"https:\/\/dmcsrb.com\/wp-content\/uploads\/2026\/01\/AP25286429196033.webp","datePublished":"2025-10-13T19:00:00+00:00","author":{"@id":"https:\/\/dmcsrb.com\/#\/schema\/person\/5c39170f12db1b8b457732d0b5c854e2"},"breadcrumb":{"@id":"https:\/\/dmcsrb.com\/svijet\/predsjednik-madagaskara-nakon-protesta-napustio-zemlju\/#breadcrumb"},"inLanguage":"en-GB","potentialAction":[{"@type":"ReadAction","target":["https:\/\/dmcsrb.com\/svijet\/predsjednik-madagaskara-nakon-protesta-napustio-zemlju\/"]}]},{"@type":"ImageObject","inLanguage":"en-GB","@id":"https:\/\/dmcsrb.com\/svijet\/predsjednik-madagaskara-nakon-protesta-napustio-zemlju\/#primaryimage","url":"https:\/\/dmcsrb.com\/wp-content\/uploads\/2026\/01\/AP25286429196033.webp","contentUrl":"https:\/\/dmcsrb.com\/wp-content\/uploads\/2026\/01\/AP25286429196033.webp","width":1280,"height":832},{"@type":"BreadcrumbList","@id":"https:\/\/dmcsrb.com\/svijet\/predsjednik-madagaskara-nakon-protesta-napustio-zemlju\/#breadcrumb","itemListElement":[{"@type":"ListItem","position":1,"name":"Home","item":"https:\/\/dmcsrb.com\/"},{"@type":"ListItem","position":2,"name":"Predsjednik Madagaskara nakon protesta napustio zemlju"}]},{"@type":"WebSite","@id":"https:\/\/dmcsrb.com\/#website","url":"https:\/\/dmcsrb.com\/","name":"dmcsrb.com","description":"","potentialAction":[{"@type":"SearchAction","target":{"@type":"EntryPoint","urlTemplate":"https:\/\/dmcsrb.com\/?s={search_term_string}"},"query-input":{"@type":"PropertyValueSpecification","valueRequired":true,"valueName":"search_term_string"}}],"inLanguage":"en-GB"},{"@type":"Person","@id":"https:\/\/dmcsrb.com\/#\/schema\/person\/5c39170f12db1b8b457732d0b5c854e2","name":"dmcsrbija.com@gmail.com","image":{"@type":"ImageObject","inLanguage":"en-GB","@id":"https:\/\/secure.gravatar.com\/avatar\/68592660ad6347fad0fb587f8d5d8f1a7b44961362f56e4f2cd524feb87e9069?s=96&d=mm&r=g","url":"https:\/\/secure.gravatar.com\/avatar\/68592660ad6347fad0fb587f8d5d8f1a7b44961362f56e4f2cd524feb87e9069?s=96&d=mm&r=g","contentUrl":"https:\/\/secure.gravatar.com\/avatar\/68592660ad6347fad0fb587f8d5d8f1a7b44961362f56e4f2cd524feb87e9069?s=96&d=mm&r=g","caption":"dmcsrbija.com@gmail.com"},"sameAs":["https:\/\/dmcsrb.com"],"url":"https:\/\/dmcsrb.com\/en\/author\/dmcsrbija-comgmail-com\/"}]}},"_links":{"self":[{"href":"https:\/\/dmcsrb.com\/en\/wp-json\/wp\/v2\/posts\/957632","targetHints":{"allow":["GET"]}}],"collection":[{"href":"https:\/\/dmcsrb.com\/en\/wp-json\/wp\/v2\/posts"}],"about":[{"href":"https:\/\/dmcsrb.com\/en\/wp-json\/wp\/v2\/types\/post"}],"author":[{"embeddable":true,"href":"https:\/\/dmcsrb.com\/en\/wp-json\/wp\/v2\/users\/1"}],"replies":[{"embeddable":true,"href":"https:\/\/dmcsrb.com\/en\/wp-json\/wp\/v2\/comments?post=957632"}],"version-history":[{"count":0,"href":"https:\/\/dmcsrb.com\/en\/wp-json\/wp\/v2\/posts\/957632\/revisions"}],"wp:featuredmedia":[{"embeddable":true,"href":"https:\/\/dmcsrb.com\/en\/wp-json\/wp\/v2\/media\/957633"}],"wp:attachment":[{"href":"https:\/\/dmcsrb.com\/en\/wp-json\/wp\/v2\/media?parent=957632"}],"wp:term":[{"taxonomy":"category","embeddable":true,"href":"https:\/\/dmcsrb.com\/en\/wp-json\/wp\/v2\/categories?post=957632"},{"taxonomy":"post_tag","embeddable":true,"href":"https:\/\/dmcsrb.com\/en\/wp-json\/wp\/v2\/tags?post=957632"},{"taxonomy":"naslovna","embeddable":true,"href":"https:\/\/dmcsrb.com\/en\/wp-json\/wp\/v2\/naslovna?post=957632"}],"curies":[{"name":"wp","href":"https:\/\/api.w.org\/{rel}","templated":true}]}}