{"id":957622,"date":"2025-10-13T19:47:00","date_gmt":"2025-10-13T17:47:00","guid":{"rendered":"https:\/\/dmcsrb.com\/uncategorized\/u-poplavama-u-meksiku-poginule-najmanje-64-osobe-jos-65-se-vodi-kao-nestalo\/"},"modified":"2025-10-13T19:47:00","modified_gmt":"2025-10-13T17:47:00","slug":"u-poplavama-u-meksiku-poginule-najmanje-64-osobe-jos-65-se-vodi-kao-nestalo","status":"publish","type":"post","link":"https:\/\/dmcsrb.com\/en\/svijet\/u-poplavama-u-meksiku-poginule-najmanje-64-osobe-jos-65-se-vodi-kao-nestalo\/","title":{"rendered":"U poplavama u Meksiku poginule najmanje 64 osobe, jo\u0161 65 se vodi kao nestalo"},"content":{"rendered":"<p><\/p>\n\n\n\n<p>Meksi\u010dke vlasti su rasporedile hiljade ljudi kako bi pomogle u evakuaciji, \u010di\u0161\u0107enju i pra\u0107enju podru\u010dja na obali Meksi\u010dkog zaliva, i u centralnim dr\u017eavama koje su bile najvi\u0161e pogo\u0111ene ki\u0161ama koje su izazvale klizi\u0161ta i poplave, prenosi\u00a0<em>Rojters<\/em>.<\/p>\n\n\n\n<p>Nacionalna koordinatorka civilne za\u0161tite Laura Velaskez je kazala da su savezne dr\u017eave Idalgo i Verakruz najte\u017ee pogo\u0111ene poplavama i klizi\u0161tima, te da u njima ima najvi\u0161e \u017ertava.<\/p>\n\n\n\n<p>Prema njenim rije\u010dima, u dr\u017eavi Verakruz potvr\u0111eno je 29 smrtnih slu\u010dajeva, a prijavljeno je 18 nestalih, dok je u Idalgu potvr\u0111en 21 smrtni slu\u010daj, a 43 osobe se vode kao nestale.<\/p>\n\n\n\n<p>Vlasti su saop\u0161tile da je snabdijevanje strujom bilo prekinuto u vi\u0161e op\u0161tina u pet dr\u017eava Meksika, ali da je do danas uglavnom obnovljeno.<\/p>","protected":false},"excerpt":{"rendered":"<p>U buji\u010dnim ki\u0161ama koje su pogodile Meksiko poginulo je najmanje 64 ljudi, a 65 se vodi kao nestalo, saop\u0161tila je vlada te zemlje.<\/p>","protected":false},"author":1,"featured_media":916665,"comment_status":"open","ping_status":"open","sticky":false,"template":"","format":"standard","meta":{"_acf_changed":false,"footnotes":""},"categories":[144],"tags":[1177,2769],"naslovna":[],"class_list":["post-957622","post","type-post","status-publish","format-standard","has-post-thumbnail","hentry","category-svijet","tag-meksiko","tag-poplave"],"acf":[],"yoast_head":"<!-- This site is optimized with the Yoast SEO plugin v27.4 - https:\/\/yoast.com\/product\/yoast-seo-wordpress\/ -->\n<title>U poplavama u Meksiku poginule najmanje 64 osobe, jo\u0161 65 se vodi kao nestalo - dmcsrb.com<\/title>\n<meta name=\"robots\" content=\"index, follow, max-snippet:-1, max-image-preview:large, max-video-preview:-1\" \/>\n<link rel=\"canonical\" href=\"https:\/\/dmcsrb.com\/en\/svijet\/u-poplavama-u-meksiku-poginule-najmanje-64-osobe-jos-65-se-vodi-kao-nestalo\/\" \/>\n<meta property=\"og:locale\" content=\"en_GB\" \/>\n<meta property=\"og:type\" content=\"article\" \/>\n<meta property=\"og:title\" content=\"U poplavama u Meksiku poginule najmanje 64 osobe, jo\u0161 65 se vodi kao nestalo - dmcsrb.com\" \/>\n<meta property=\"og:description\" content=\"U buji\u010dnim ki\u0161ama koje su pogodile Meksiko poginulo je najmanje 64 ljudi, a 65 se vodi kao nestalo, saop\u0161tila je vlada te zemlje.\" \/>\n<meta property=\"og:url\" content=\"https:\/\/dmcsrb.com\/en\/svijet\/u-poplavama-u-meksiku-poginule-najmanje-64-osobe-jos-65-se-vodi-kao-nestalo\/\" \/>\n<meta property=\"og:site_name\" content=\"dmcsrb.com\" \/>\n<meta property=\"article:published_time\" content=\"2025-10-13T17:47:00+00:00\" \/>\n<meta property=\"og:image\" content=\"https:\/\/dmcsrb.com\/wp-content\/uploads\/2026\/01\/poplave.jpg\" \/>\n\t<meta property=\"og:image:width\" content=\"509\" \/>\n\t<meta property=\"og:image:height\" content=\"340\" \/>\n\t<meta property=\"og:image:type\" content=\"image\/jpeg\" \/>\n<meta name=\"author\" content=\"dmcsrbija.com@gmail.com\" \/>\n<meta name=\"twitter:card\" content=\"summary_large_image\" \/>\n<meta name=\"twitter:label1\" content=\"Written by\" \/>\n\t<meta name=\"twitter:data1\" content=\"dmcsrbija.com@gmail.com\" \/>\n\t<meta name=\"twitter:label2\" content=\"Estimated reading time\" \/>\n\t<meta name=\"twitter:data2\" content=\"1 minute\" \/>\n<script type=\"application\/ld+json\" class=\"yoast-schema-graph\">{\"@context\":\"https:\\\/\\\/schema.org\",\"@graph\":[{\"@type\":\"Article\",\"@id\":\"https:\\\/\\\/dmcsrb.com\\\/svijet\\\/u-poplavama-u-meksiku-poginule-najmanje-64-osobe-jos-65-se-vodi-kao-nestalo\\\/#article\",\"isPartOf\":{\"@id\":\"https:\\\/\\\/dmcsrb.com\\\/svijet\\\/u-poplavama-u-meksiku-poginule-najmanje-64-osobe-jos-65-se-vodi-kao-nestalo\\\/\"},\"author\":{\"name\":\"dmcsrbija.com@gmail.com\",\"@id\":\"https:\\\/\\\/dmcsrb.com\\\/#\\\/schema\\\/person\\\/5c39170f12db1b8b457732d0b5c854e2\"},\"headline\":\"U poplavama u Meksiku poginule najmanje 64 osobe, jo\u0161 65 se vodi kao nestalo\",\"datePublished\":\"2025-10-13T17:47:00+00:00\",\"mainEntityOfPage\":{\"@id\":\"https:\\\/\\\/dmcsrb.com\\\/svijet\\\/u-poplavama-u-meksiku-poginule-najmanje-64-osobe-jos-65-se-vodi-kao-nestalo\\\/\"},\"wordCount\":152,\"commentCount\":0,\"image\":{\"@id\":\"https:\\\/\\\/dmcsrb.com\\\/svijet\\\/u-poplavama-u-meksiku-poginule-najmanje-64-osobe-jos-65-se-vodi-kao-nestalo\\\/#primaryimage\"},\"thumbnailUrl\":\"https:\\\/\\\/dmcsrb.com\\\/wp-content\\\/uploads\\\/2026\\\/01\\\/poplave.jpg\",\"keywords\":[\"meksiko\",\"Poplave\"],\"articleSection\":[\"Svijet\"],\"inLanguage\":\"en-GB\",\"potentialAction\":[{\"@type\":\"CommentAction\",\"name\":\"Comment\",\"target\":[\"https:\\\/\\\/dmcsrb.com\\\/svijet\\\/u-poplavama-u-meksiku-poginule-najmanje-64-osobe-jos-65-se-vodi-kao-nestalo\\\/#respond\"]}]},{\"@type\":\"WebPage\",\"@id\":\"https:\\\/\\\/dmcsrb.com\\\/svijet\\\/u-poplavama-u-meksiku-poginule-najmanje-64-osobe-jos-65-se-vodi-kao-nestalo\\\/\",\"url\":\"https:\\\/\\\/dmcsrb.com\\\/svijet\\\/u-poplavama-u-meksiku-poginule-najmanje-64-osobe-jos-65-se-vodi-kao-nestalo\\\/\",\"name\":\"U poplavama u Meksiku poginule najmanje 64 osobe, jo\u0161 65 se vodi kao nestalo - dmcsrb.com\",\"isPartOf\":{\"@id\":\"https:\\\/\\\/dmcsrb.com\\\/#website\"},\"primaryImageOfPage\":{\"@id\":\"https:\\\/\\\/dmcsrb.com\\\/svijet\\\/u-poplavama-u-meksiku-poginule-najmanje-64-osobe-jos-65-se-vodi-kao-nestalo\\\/#primaryimage\"},\"image\":{\"@id\":\"https:\\\/\\\/dmcsrb.com\\\/svijet\\\/u-poplavama-u-meksiku-poginule-najmanje-64-osobe-jos-65-se-vodi-kao-nestalo\\\/#primaryimage\"},\"thumbnailUrl\":\"https:\\\/\\\/dmcsrb.com\\\/wp-content\\\/uploads\\\/2026\\\/01\\\/poplave.jpg\",\"datePublished\":\"2025-10-13T17:47:00+00:00\",\"author\":{\"@id\":\"https:\\\/\\\/dmcsrb.com\\\/#\\\/schema\\\/person\\\/5c39170f12db1b8b457732d0b5c854e2\"},\"breadcrumb\":{\"@id\":\"https:\\\/\\\/dmcsrb.com\\\/svijet\\\/u-poplavama-u-meksiku-poginule-najmanje-64-osobe-jos-65-se-vodi-kao-nestalo\\\/#breadcrumb\"},\"inLanguage\":\"en-GB\",\"potentialAction\":[{\"@type\":\"ReadAction\",\"target\":[\"https:\\\/\\\/dmcsrb.com\\\/svijet\\\/u-poplavama-u-meksiku-poginule-najmanje-64-osobe-jos-65-se-vodi-kao-nestalo\\\/\"]}]},{\"@type\":\"ImageObject\",\"inLanguage\":\"en-GB\",\"@id\":\"https:\\\/\\\/dmcsrb.com\\\/svijet\\\/u-poplavama-u-meksiku-poginule-najmanje-64-osobe-jos-65-se-vodi-kao-nestalo\\\/#primaryimage\",\"url\":\"https:\\\/\\\/dmcsrb.com\\\/wp-content\\\/uploads\\\/2026\\\/01\\\/poplave.jpg\",\"contentUrl\":\"https:\\\/\\\/dmcsrb.com\\\/wp-content\\\/uploads\\\/2026\\\/01\\\/poplave.jpg\",\"width\":509,\"height\":340},{\"@type\":\"BreadcrumbList\",\"@id\":\"https:\\\/\\\/dmcsrb.com\\\/svijet\\\/u-poplavama-u-meksiku-poginule-najmanje-64-osobe-jos-65-se-vodi-kao-nestalo\\\/#breadcrumb\",\"itemListElement\":[{\"@type\":\"ListItem\",\"position\":1,\"name\":\"Home\",\"item\":\"https:\\\/\\\/dmcsrb.com\\\/\"},{\"@type\":\"ListItem\",\"position\":2,\"name\":\"U poplavama u Meksiku poginule najmanje 64 osobe, jo\u0161 65 se vodi kao nestalo\"}]},{\"@type\":\"WebSite\",\"@id\":\"https:\\\/\\\/dmcsrb.com\\\/#website\",\"url\":\"https:\\\/\\\/dmcsrb.com\\\/\",\"name\":\"dmcsrb.com\",\"description\":\"\",\"potentialAction\":[{\"@type\":\"SearchAction\",\"target\":{\"@type\":\"EntryPoint\",\"urlTemplate\":\"https:\\\/\\\/dmcsrb.com\\\/?s={search_term_string}\"},\"query-input\":{\"@type\":\"PropertyValueSpecification\",\"valueRequired\":true,\"valueName\":\"search_term_string\"}}],\"inLanguage\":\"en-GB\"},{\"@type\":\"Person\",\"@id\":\"https:\\\/\\\/dmcsrb.com\\\/#\\\/schema\\\/person\\\/5c39170f12db1b8b457732d0b5c854e2\",\"name\":\"dmcsrbija.com@gmail.com\",\"image\":{\"@type\":\"ImageObject\",\"inLanguage\":\"en-GB\",\"@id\":\"https:\\\/\\\/secure.gravatar.com\\\/avatar\\\/68592660ad6347fad0fb587f8d5d8f1a7b44961362f56e4f2cd524feb87e9069?s=96&d=mm&r=g\",\"url\":\"https:\\\/\\\/secure.gravatar.com\\\/avatar\\\/68592660ad6347fad0fb587f8d5d8f1a7b44961362f56e4f2cd524feb87e9069?s=96&d=mm&r=g\",\"contentUrl\":\"https:\\\/\\\/secure.gravatar.com\\\/avatar\\\/68592660ad6347fad0fb587f8d5d8f1a7b44961362f56e4f2cd524feb87e9069?s=96&d=mm&r=g\",\"caption\":\"dmcsrbija.com@gmail.com\"},\"sameAs\":[\"https:\\\/\\\/dmcsrb.com\"],\"url\":\"https:\\\/\\\/dmcsrb.com\\\/en\\\/author\\\/dmcsrbija-comgmail-com\\\/\"}]}<\/script>\n<!-- \/ Yoast SEO plugin. -->","yoast_head_json":{"title":"U poplavama u Meksiku poginule najmanje 64 osobe, jo\u0161 65 se vodi kao nestalo - dmcsrb.com","robots":{"index":"index","follow":"follow","max-snippet":"max-snippet:-1","max-image-preview":"max-image-preview:large","max-video-preview":"max-video-preview:-1"},"canonical":"https:\/\/dmcsrb.com\/en\/svijet\/u-poplavama-u-meksiku-poginule-najmanje-64-osobe-jos-65-se-vodi-kao-nestalo\/","og_locale":"en_GB","og_type":"article","og_title":"U poplavama u Meksiku poginule najmanje 64 osobe, jo\u0161 65 se vodi kao nestalo - dmcsrb.com","og_description":"U buji\u010dnim ki\u0161ama koje su pogodile Meksiko poginulo je najmanje 64 ljudi, a 65 se vodi kao nestalo, saop\u0161tila je vlada te zemlje.","og_url":"https:\/\/dmcsrb.com\/en\/svijet\/u-poplavama-u-meksiku-poginule-najmanje-64-osobe-jos-65-se-vodi-kao-nestalo\/","og_site_name":"dmcsrb.com","article_published_time":"2025-10-13T17:47:00+00:00","og_image":[{"width":509,"height":340,"url":"https:\/\/dmcsrb.com\/wp-content\/uploads\/2026\/01\/poplave.jpg","type":"image\/jpeg"}],"author":"dmcsrbija.com@gmail.com","twitter_card":"summary_large_image","twitter_misc":{"Written by":"dmcsrbija.com@gmail.com","Estimated reading time":"1 minute"},"schema":{"@context":"https:\/\/schema.org","@graph":[{"@type":"Article","@id":"https:\/\/dmcsrb.com\/svijet\/u-poplavama-u-meksiku-poginule-najmanje-64-osobe-jos-65-se-vodi-kao-nestalo\/#article","isPartOf":{"@id":"https:\/\/dmcsrb.com\/svijet\/u-poplavama-u-meksiku-poginule-najmanje-64-osobe-jos-65-se-vodi-kao-nestalo\/"},"author":{"name":"dmcsrbija.com@gmail.com","@id":"https:\/\/dmcsrb.com\/#\/schema\/person\/5c39170f12db1b8b457732d0b5c854e2"},"headline":"U poplavama u Meksiku poginule najmanje 64 osobe, jo\u0161 65 se vodi kao nestalo","datePublished":"2025-10-13T17:47:00+00:00","mainEntityOfPage":{"@id":"https:\/\/dmcsrb.com\/svijet\/u-poplavama-u-meksiku-poginule-najmanje-64-osobe-jos-65-se-vodi-kao-nestalo\/"},"wordCount":152,"commentCount":0,"image":{"@id":"https:\/\/dmcsrb.com\/svijet\/u-poplavama-u-meksiku-poginule-najmanje-64-osobe-jos-65-se-vodi-kao-nestalo\/#primaryimage"},"thumbnailUrl":"https:\/\/dmcsrb.com\/wp-content\/uploads\/2026\/01\/poplave.jpg","keywords":["meksiko","Poplave"],"articleSection":["Svijet"],"inLanguage":"en-GB","potentialAction":[{"@type":"CommentAction","name":"Comment","target":["https:\/\/dmcsrb.com\/svijet\/u-poplavama-u-meksiku-poginule-najmanje-64-osobe-jos-65-se-vodi-kao-nestalo\/#respond"]}]},{"@type":"WebPage","@id":"https:\/\/dmcsrb.com\/svijet\/u-poplavama-u-meksiku-poginule-najmanje-64-osobe-jos-65-se-vodi-kao-nestalo\/","url":"https:\/\/dmcsrb.com\/svijet\/u-poplavama-u-meksiku-poginule-najmanje-64-osobe-jos-65-se-vodi-kao-nestalo\/","name":"U poplavama u Meksiku poginule najmanje 64 osobe, jo\u0161 65 se vodi kao nestalo - dmcsrb.com","isPartOf":{"@id":"https:\/\/dmcsrb.com\/#website"},"primaryImageOfPage":{"@id":"https:\/\/dmcsrb.com\/svijet\/u-poplavama-u-meksiku-poginule-najmanje-64-osobe-jos-65-se-vodi-kao-nestalo\/#primaryimage"},"image":{"@id":"https:\/\/dmcsrb.com\/svijet\/u-poplavama-u-meksiku-poginule-najmanje-64-osobe-jos-65-se-vodi-kao-nestalo\/#primaryimage"},"thumbnailUrl":"https:\/\/dmcsrb.com\/wp-content\/uploads\/2026\/01\/poplave.jpg","datePublished":"2025-10-13T17:47:00+00:00","author":{"@id":"https:\/\/dmcsrb.com\/#\/schema\/person\/5c39170f12db1b8b457732d0b5c854e2"},"breadcrumb":{"@id":"https:\/\/dmcsrb.com\/svijet\/u-poplavama-u-meksiku-poginule-najmanje-64-osobe-jos-65-se-vodi-kao-nestalo\/#breadcrumb"},"inLanguage":"en-GB","potentialAction":[{"@type":"ReadAction","target":["https:\/\/dmcsrb.com\/svijet\/u-poplavama-u-meksiku-poginule-najmanje-64-osobe-jos-65-se-vodi-kao-nestalo\/"]}]},{"@type":"ImageObject","inLanguage":"en-GB","@id":"https:\/\/dmcsrb.com\/svijet\/u-poplavama-u-meksiku-poginule-najmanje-64-osobe-jos-65-se-vodi-kao-nestalo\/#primaryimage","url":"https:\/\/dmcsrb.com\/wp-content\/uploads\/2026\/01\/poplave.jpg","contentUrl":"https:\/\/dmcsrb.com\/wp-content\/uploads\/2026\/01\/poplave.jpg","width":509,"height":340},{"@type":"BreadcrumbList","@id":"https:\/\/dmcsrb.com\/svijet\/u-poplavama-u-meksiku-poginule-najmanje-64-osobe-jos-65-se-vodi-kao-nestalo\/#breadcrumb","itemListElement":[{"@type":"ListItem","position":1,"name":"Home","item":"https:\/\/dmcsrb.com\/"},{"@type":"ListItem","position":2,"name":"U poplavama u Meksiku poginule najmanje 64 osobe, jo\u0161 65 se vodi kao nestalo"}]},{"@type":"WebSite","@id":"https:\/\/dmcsrb.com\/#website","url":"https:\/\/dmcsrb.com\/","name":"dmcsrb.com","description":"","potentialAction":[{"@type":"SearchAction","target":{"@type":"EntryPoint","urlTemplate":"https:\/\/dmcsrb.com\/?s={search_term_string}"},"query-input":{"@type":"PropertyValueSpecification","valueRequired":true,"valueName":"search_term_string"}}],"inLanguage":"en-GB"},{"@type":"Person","@id":"https:\/\/dmcsrb.com\/#\/schema\/person\/5c39170f12db1b8b457732d0b5c854e2","name":"dmcsrbija.com@gmail.com","image":{"@type":"ImageObject","inLanguage":"en-GB","@id":"https:\/\/secure.gravatar.com\/avatar\/68592660ad6347fad0fb587f8d5d8f1a7b44961362f56e4f2cd524feb87e9069?s=96&d=mm&r=g","url":"https:\/\/secure.gravatar.com\/avatar\/68592660ad6347fad0fb587f8d5d8f1a7b44961362f56e4f2cd524feb87e9069?s=96&d=mm&r=g","contentUrl":"https:\/\/secure.gravatar.com\/avatar\/68592660ad6347fad0fb587f8d5d8f1a7b44961362f56e4f2cd524feb87e9069?s=96&d=mm&r=g","caption":"dmcsrbija.com@gmail.com"},"sameAs":["https:\/\/dmcsrb.com"],"url":"https:\/\/dmcsrb.com\/en\/author\/dmcsrbija-comgmail-com\/"}]}},"_links":{"self":[{"href":"https:\/\/dmcsrb.com\/en\/wp-json\/wp\/v2\/posts\/957622","targetHints":{"allow":["GET"]}}],"collection":[{"href":"https:\/\/dmcsrb.com\/en\/wp-json\/wp\/v2\/posts"}],"about":[{"href":"https:\/\/dmcsrb.com\/en\/wp-json\/wp\/v2\/types\/post"}],"author":[{"embeddable":true,"href":"https:\/\/dmcsrb.com\/en\/wp-json\/wp\/v2\/users\/1"}],"replies":[{"embeddable":true,"href":"https:\/\/dmcsrb.com\/en\/wp-json\/wp\/v2\/comments?post=957622"}],"version-history":[{"count":0,"href":"https:\/\/dmcsrb.com\/en\/wp-json\/wp\/v2\/posts\/957622\/revisions"}],"wp:featuredmedia":[{"embeddable":true,"href":"https:\/\/dmcsrb.com\/en\/wp-json\/wp\/v2\/media\/916665"}],"wp:attachment":[{"href":"https:\/\/dmcsrb.com\/en\/wp-json\/wp\/v2\/media?parent=957622"}],"wp:term":[{"taxonomy":"category","embeddable":true,"href":"https:\/\/dmcsrb.com\/en\/wp-json\/wp\/v2\/categories?post=957622"},{"taxonomy":"post_tag","embeddable":true,"href":"https:\/\/dmcsrb.com\/en\/wp-json\/wp\/v2\/tags?post=957622"},{"taxonomy":"naslovna","embeddable":true,"href":"https:\/\/dmcsrb.com\/en\/wp-json\/wp\/v2\/naslovna?post=957622"}],"curies":[{"name":"wp","href":"https:\/\/api.w.org\/{rel}","templated":true}]}}