{"id":957620,"date":"2025-10-14T07:19:00","date_gmt":"2025-10-14T05:19:00","guid":{"rendered":"https:\/\/dmcsrb.com\/uncategorized\/mladi-sokoli-danas-protiv-sjeverne-makedonije-u-tuzima\/"},"modified":"2025-10-14T07:19:00","modified_gmt":"2025-10-14T05:19:00","slug":"mladi-sokoli-danas-protiv-sjeverne-makedonije-u-tuzima","status":"publish","type":"post","link":"https:\/\/dmcsrb.com\/en\/sport\/mladi-sokoli-danas-protiv-sjeverne-makedonije-u-tuzima\/","title":{"rendered":"Mladi &#8220;sokoli&#8221; danas protiv Sjeverne Makedonije u Tuzima"},"content":{"rendered":"<p>Obje ekipe nakon tri utakmice imaju po tri boda na svom kontu, kao i \u0160vedska. <\/p>\n\n\n\n<p>&#8220;Sokoli&#8221; su na startu pora\u017eeni od Italije u gostima (2:1), potom su savladali \u0160vedsku kod ku\u0107e (2:0), a prije samo \u010detiri dana izgubili su u Katovicama od Poljske (2:0) i znatno se udaljili od jednog od prva dva mjesta. <\/p>\n\n\n\n<p>\u0160to se ti\u010de Makedonaca, oni su pora\u017eeni od Poljske (3:0) i Italije (1:0), dok su bili bolji od Jermenije (2:1). <\/p>\n\n\n\n<p>Crna Gora \u0107e bi\u0107e znatno oslabljena u dana\u0161njem duelu &#8211; Goran Peri\u0161i\u0107 ne mo\u017ee da ra\u010duna na Andreja Kosti\u0107a, Andriju Bulatovi\u0107a i Viktora \u0110ukanovi\u0107a koji su ju\u010de igrali za A selekciju protiv Lihten\u0161tajna, mada Bulatovi\u0107 svakako ne bi bio u konkurenciji, jer je u pro\u0161lom me\u010du zaradio crveni karton. <\/p>\n\n\n\n<p>Ono \u0161to je zanimljivo, na\u0161 nacionalni tim do 21 godinu nikada nije uspio da savlada vr\u0161njake iz Makedonije, preciznije, rival je slavio u svih \u0161est dosada\u0161njih susreta ra\u010dunaju\u0107i i prijateljske. <\/p>","protected":false},"excerpt":{"rendered":"<p>Mlada fudbalska reprezentacija Crne Gore do\u010dekuje danas (18.00h) selekciju Sjeverne Makedonije na &#8220;Besa areni&#8221; u Tuzima, u okviru \u010detvrtog kola grupe E kvalifikacija za Evropsko prvenstvo do 21 godine.<\/p>","protected":false},"author":1,"featured_media":951200,"comment_status":"open","ping_status":"open","sticky":false,"template":"","format":"standard","meta":{"_acf_changed":false,"footnotes":""},"categories":[148],"tags":[7480,6807,10258],"naslovna":[],"class_list":["post-957620","post","type-post","status-publish","format-standard","has-post-thumbnail","hentry","category-sport","tag-kvalifikacije-za-euro-u21","tag-mlada-fudbalska-reprezentacija-crne-gore","tag-mlada-fudbalska-reprezentacija-sjeverne-makedonije"],"acf":[],"yoast_head":"<!-- This site is optimized with the Yoast SEO plugin v27.4 - https:\/\/yoast.com\/product\/yoast-seo-wordpress\/ -->\n<title>Mladi &quot;sokoli&quot; danas protiv Sjeverne Makedonije u Tuzima - dmcsrb.com<\/title>\n<meta name=\"robots\" content=\"index, follow, max-snippet:-1, max-image-preview:large, max-video-preview:-1\" \/>\n<link rel=\"canonical\" href=\"https:\/\/dmcsrb.com\/en\/sport\/mladi-sokoli-danas-protiv-sjeverne-makedonije-u-tuzima\/\" \/>\n<meta property=\"og:locale\" content=\"en_GB\" \/>\n<meta property=\"og:type\" content=\"article\" \/>\n<meta property=\"og:title\" content=\"Mladi &quot;sokoli&quot; danas protiv Sjeverne Makedonije u Tuzima - dmcsrb.com\" \/>\n<meta property=\"og:description\" content=\"Mlada fudbalska reprezentacija Crne Gore do\u010dekuje danas (18.00h) selekciju Sjeverne Makedonije na &quot;Besa areni&quot; u Tuzima, u okviru \u010detvrtog kola grupe E kvalifikacija za Evropsko prvenstvo do 21 godine.\" \/>\n<meta property=\"og:url\" content=\"https:\/\/dmcsrb.com\/en\/sport\/mladi-sokoli-danas-protiv-sjeverne-makedonije-u-tuzima\/\" \/>\n<meta property=\"og:site_name\" content=\"dmcsrb.com\" \/>\n<meta property=\"article:published_time\" content=\"2025-10-14T05:19:00+00:00\" \/>\n<meta property=\"og:image\" content=\"https:\/\/dmcsrb.com\/wp-content\/uploads\/2026\/01\/Mladi-sokoli-U21-FSCG.webp\" \/>\n\t<meta property=\"og:image:width\" content=\"1152\" \/>\n\t<meta property=\"og:image:height\" content=\"800\" \/>\n\t<meta property=\"og:image:type\" content=\"image\/jpeg\" \/>\n<meta name=\"author\" content=\"dmcsrbija.com@gmail.com\" \/>\n<meta name=\"twitter:card\" content=\"summary_large_image\" \/>\n<meta name=\"twitter:label1\" content=\"Written by\" \/>\n\t<meta name=\"twitter:data1\" content=\"dmcsrbija.com@gmail.com\" \/>\n\t<meta name=\"twitter:label2\" content=\"Estimated reading time\" \/>\n\t<meta name=\"twitter:data2\" content=\"1 minute\" \/>\n<script type=\"application\/ld+json\" class=\"yoast-schema-graph\">{\"@context\":\"https:\\\/\\\/schema.org\",\"@graph\":[{\"@type\":\"Article\",\"@id\":\"https:\\\/\\\/dmcsrb.com\\\/sport\\\/mladi-sokoli-danas-protiv-sjeverne-makedonije-u-tuzima\\\/#article\",\"isPartOf\":{\"@id\":\"https:\\\/\\\/dmcsrb.com\\\/sport\\\/mladi-sokoli-danas-protiv-sjeverne-makedonije-u-tuzima\\\/\"},\"author\":{\"name\":\"dmcsrbija.com@gmail.com\",\"@id\":\"https:\\\/\\\/dmcsrb.com\\\/#\\\/schema\\\/person\\\/5c39170f12db1b8b457732d0b5c854e2\"},\"headline\":\"Mladi &#8220;sokoli&#8221; danas protiv Sjeverne Makedonije u Tuzima\",\"datePublished\":\"2025-10-14T05:19:00+00:00\",\"mainEntityOfPage\":{\"@id\":\"https:\\\/\\\/dmcsrb.com\\\/sport\\\/mladi-sokoli-danas-protiv-sjeverne-makedonije-u-tuzima\\\/\"},\"wordCount\":174,\"commentCount\":0,\"image\":{\"@id\":\"https:\\\/\\\/dmcsrb.com\\\/sport\\\/mladi-sokoli-danas-protiv-sjeverne-makedonije-u-tuzima\\\/#primaryimage\"},\"thumbnailUrl\":\"https:\\\/\\\/dmcsrb.com\\\/wp-content\\\/uploads\\\/2026\\\/01\\\/Mladi-sokoli-U21-FSCG.webp\",\"keywords\":[\"kvalifikacije za EURO U21\",\"Mlada fudbalska reprezentacija Crne Gore\",\"Mlada fudbalska reprezentacija Sjeverne Makedonije\"],\"articleSection\":[\"Sport\"],\"inLanguage\":\"en-GB\",\"potentialAction\":[{\"@type\":\"CommentAction\",\"name\":\"Comment\",\"target\":[\"https:\\\/\\\/dmcsrb.com\\\/sport\\\/mladi-sokoli-danas-protiv-sjeverne-makedonije-u-tuzima\\\/#respond\"]}]},{\"@type\":\"WebPage\",\"@id\":\"https:\\\/\\\/dmcsrb.com\\\/sport\\\/mladi-sokoli-danas-protiv-sjeverne-makedonije-u-tuzima\\\/\",\"url\":\"https:\\\/\\\/dmcsrb.com\\\/sport\\\/mladi-sokoli-danas-protiv-sjeverne-makedonije-u-tuzima\\\/\",\"name\":\"Mladi \\\"sokoli\\\" danas protiv Sjeverne Makedonije u Tuzima - dmcsrb.com\",\"isPartOf\":{\"@id\":\"https:\\\/\\\/dmcsrb.com\\\/#website\"},\"primaryImageOfPage\":{\"@id\":\"https:\\\/\\\/dmcsrb.com\\\/sport\\\/mladi-sokoli-danas-protiv-sjeverne-makedonije-u-tuzima\\\/#primaryimage\"},\"image\":{\"@id\":\"https:\\\/\\\/dmcsrb.com\\\/sport\\\/mladi-sokoli-danas-protiv-sjeverne-makedonije-u-tuzima\\\/#primaryimage\"},\"thumbnailUrl\":\"https:\\\/\\\/dmcsrb.com\\\/wp-content\\\/uploads\\\/2026\\\/01\\\/Mladi-sokoli-U21-FSCG.webp\",\"datePublished\":\"2025-10-14T05:19:00+00:00\",\"author\":{\"@id\":\"https:\\\/\\\/dmcsrb.com\\\/#\\\/schema\\\/person\\\/5c39170f12db1b8b457732d0b5c854e2\"},\"breadcrumb\":{\"@id\":\"https:\\\/\\\/dmcsrb.com\\\/sport\\\/mladi-sokoli-danas-protiv-sjeverne-makedonije-u-tuzima\\\/#breadcrumb\"},\"inLanguage\":\"en-GB\",\"potentialAction\":[{\"@type\":\"ReadAction\",\"target\":[\"https:\\\/\\\/dmcsrb.com\\\/sport\\\/mladi-sokoli-danas-protiv-sjeverne-makedonije-u-tuzima\\\/\"]}]},{\"@type\":\"ImageObject\",\"inLanguage\":\"en-GB\",\"@id\":\"https:\\\/\\\/dmcsrb.com\\\/sport\\\/mladi-sokoli-danas-protiv-sjeverne-makedonije-u-tuzima\\\/#primaryimage\",\"url\":\"https:\\\/\\\/dmcsrb.com\\\/wp-content\\\/uploads\\\/2026\\\/01\\\/Mladi-sokoli-U21-FSCG.webp\",\"contentUrl\":\"https:\\\/\\\/dmcsrb.com\\\/wp-content\\\/uploads\\\/2026\\\/01\\\/Mladi-sokoli-U21-FSCG.webp\",\"width\":1152,\"height\":800},{\"@type\":\"BreadcrumbList\",\"@id\":\"https:\\\/\\\/dmcsrb.com\\\/sport\\\/mladi-sokoli-danas-protiv-sjeverne-makedonije-u-tuzima\\\/#breadcrumb\",\"itemListElement\":[{\"@type\":\"ListItem\",\"position\":1,\"name\":\"Home\",\"item\":\"https:\\\/\\\/dmcsrb.com\\\/\"},{\"@type\":\"ListItem\",\"position\":2,\"name\":\"Mladi &#8220;sokoli&#8221; danas protiv Sjeverne Makedonije u Tuzima\"}]},{\"@type\":\"WebSite\",\"@id\":\"https:\\\/\\\/dmcsrb.com\\\/#website\",\"url\":\"https:\\\/\\\/dmcsrb.com\\\/\",\"name\":\"dmcsrb.com\",\"description\":\"\",\"potentialAction\":[{\"@type\":\"SearchAction\",\"target\":{\"@type\":\"EntryPoint\",\"urlTemplate\":\"https:\\\/\\\/dmcsrb.com\\\/?s={search_term_string}\"},\"query-input\":{\"@type\":\"PropertyValueSpecification\",\"valueRequired\":true,\"valueName\":\"search_term_string\"}}],\"inLanguage\":\"en-GB\"},{\"@type\":\"Person\",\"@id\":\"https:\\\/\\\/dmcsrb.com\\\/#\\\/schema\\\/person\\\/5c39170f12db1b8b457732d0b5c854e2\",\"name\":\"dmcsrbija.com@gmail.com\",\"image\":{\"@type\":\"ImageObject\",\"inLanguage\":\"en-GB\",\"@id\":\"https:\\\/\\\/secure.gravatar.com\\\/avatar\\\/68592660ad6347fad0fb587f8d5d8f1a7b44961362f56e4f2cd524feb87e9069?s=96&d=mm&r=g\",\"url\":\"https:\\\/\\\/secure.gravatar.com\\\/avatar\\\/68592660ad6347fad0fb587f8d5d8f1a7b44961362f56e4f2cd524feb87e9069?s=96&d=mm&r=g\",\"contentUrl\":\"https:\\\/\\\/secure.gravatar.com\\\/avatar\\\/68592660ad6347fad0fb587f8d5d8f1a7b44961362f56e4f2cd524feb87e9069?s=96&d=mm&r=g\",\"caption\":\"dmcsrbija.com@gmail.com\"},\"sameAs\":[\"https:\\\/\\\/dmcsrb.com\"],\"url\":\"https:\\\/\\\/dmcsrb.com\\\/en\\\/author\\\/dmcsrbija-comgmail-com\\\/\"}]}<\/script>\n<!-- \/ Yoast SEO plugin. -->","yoast_head_json":{"title":"Mladi \"sokoli\" danas protiv Sjeverne Makedonije u Tuzima - dmcsrb.com","robots":{"index":"index","follow":"follow","max-snippet":"max-snippet:-1","max-image-preview":"max-image-preview:large","max-video-preview":"max-video-preview:-1"},"canonical":"https:\/\/dmcsrb.com\/en\/sport\/mladi-sokoli-danas-protiv-sjeverne-makedonije-u-tuzima\/","og_locale":"en_GB","og_type":"article","og_title":"Mladi \"sokoli\" danas protiv Sjeverne Makedonije u Tuzima - dmcsrb.com","og_description":"Mlada fudbalska reprezentacija Crne Gore do\u010dekuje danas (18.00h) selekciju Sjeverne Makedonije na \"Besa areni\" u Tuzima, u okviru \u010detvrtog kola grupe E kvalifikacija za Evropsko prvenstvo do 21 godine.","og_url":"https:\/\/dmcsrb.com\/en\/sport\/mladi-sokoli-danas-protiv-sjeverne-makedonije-u-tuzima\/","og_site_name":"dmcsrb.com","article_published_time":"2025-10-14T05:19:00+00:00","og_image":[{"width":1152,"height":800,"url":"https:\/\/dmcsrb.com\/wp-content\/uploads\/2026\/01\/Mladi-sokoli-U21-FSCG.webp","type":"image\/jpeg"}],"author":"dmcsrbija.com@gmail.com","twitter_card":"summary_large_image","twitter_misc":{"Written by":"dmcsrbija.com@gmail.com","Estimated reading time":"1 minute"},"schema":{"@context":"https:\/\/schema.org","@graph":[{"@type":"Article","@id":"https:\/\/dmcsrb.com\/sport\/mladi-sokoli-danas-protiv-sjeverne-makedonije-u-tuzima\/#article","isPartOf":{"@id":"https:\/\/dmcsrb.com\/sport\/mladi-sokoli-danas-protiv-sjeverne-makedonije-u-tuzima\/"},"author":{"name":"dmcsrbija.com@gmail.com","@id":"https:\/\/dmcsrb.com\/#\/schema\/person\/5c39170f12db1b8b457732d0b5c854e2"},"headline":"Mladi &#8220;sokoli&#8221; danas protiv Sjeverne Makedonije u Tuzima","datePublished":"2025-10-14T05:19:00+00:00","mainEntityOfPage":{"@id":"https:\/\/dmcsrb.com\/sport\/mladi-sokoli-danas-protiv-sjeverne-makedonije-u-tuzima\/"},"wordCount":174,"commentCount":0,"image":{"@id":"https:\/\/dmcsrb.com\/sport\/mladi-sokoli-danas-protiv-sjeverne-makedonije-u-tuzima\/#primaryimage"},"thumbnailUrl":"https:\/\/dmcsrb.com\/wp-content\/uploads\/2026\/01\/Mladi-sokoli-U21-FSCG.webp","keywords":["kvalifikacije za EURO U21","Mlada fudbalska reprezentacija Crne Gore","Mlada fudbalska reprezentacija Sjeverne Makedonije"],"articleSection":["Sport"],"inLanguage":"en-GB","potentialAction":[{"@type":"CommentAction","name":"Comment","target":["https:\/\/dmcsrb.com\/sport\/mladi-sokoli-danas-protiv-sjeverne-makedonije-u-tuzima\/#respond"]}]},{"@type":"WebPage","@id":"https:\/\/dmcsrb.com\/sport\/mladi-sokoli-danas-protiv-sjeverne-makedonije-u-tuzima\/","url":"https:\/\/dmcsrb.com\/sport\/mladi-sokoli-danas-protiv-sjeverne-makedonije-u-tuzima\/","name":"Mladi \"sokoli\" danas protiv Sjeverne Makedonije u Tuzima - dmcsrb.com","isPartOf":{"@id":"https:\/\/dmcsrb.com\/#website"},"primaryImageOfPage":{"@id":"https:\/\/dmcsrb.com\/sport\/mladi-sokoli-danas-protiv-sjeverne-makedonije-u-tuzima\/#primaryimage"},"image":{"@id":"https:\/\/dmcsrb.com\/sport\/mladi-sokoli-danas-protiv-sjeverne-makedonije-u-tuzima\/#primaryimage"},"thumbnailUrl":"https:\/\/dmcsrb.com\/wp-content\/uploads\/2026\/01\/Mladi-sokoli-U21-FSCG.webp","datePublished":"2025-10-14T05:19:00+00:00","author":{"@id":"https:\/\/dmcsrb.com\/#\/schema\/person\/5c39170f12db1b8b457732d0b5c854e2"},"breadcrumb":{"@id":"https:\/\/dmcsrb.com\/sport\/mladi-sokoli-danas-protiv-sjeverne-makedonije-u-tuzima\/#breadcrumb"},"inLanguage":"en-GB","potentialAction":[{"@type":"ReadAction","target":["https:\/\/dmcsrb.com\/sport\/mladi-sokoli-danas-protiv-sjeverne-makedonije-u-tuzima\/"]}]},{"@type":"ImageObject","inLanguage":"en-GB","@id":"https:\/\/dmcsrb.com\/sport\/mladi-sokoli-danas-protiv-sjeverne-makedonije-u-tuzima\/#primaryimage","url":"https:\/\/dmcsrb.com\/wp-content\/uploads\/2026\/01\/Mladi-sokoli-U21-FSCG.webp","contentUrl":"https:\/\/dmcsrb.com\/wp-content\/uploads\/2026\/01\/Mladi-sokoli-U21-FSCG.webp","width":1152,"height":800},{"@type":"BreadcrumbList","@id":"https:\/\/dmcsrb.com\/sport\/mladi-sokoli-danas-protiv-sjeverne-makedonije-u-tuzima\/#breadcrumb","itemListElement":[{"@type":"ListItem","position":1,"name":"Home","item":"https:\/\/dmcsrb.com\/"},{"@type":"ListItem","position":2,"name":"Mladi &#8220;sokoli&#8221; danas protiv Sjeverne Makedonije u Tuzima"}]},{"@type":"WebSite","@id":"https:\/\/dmcsrb.com\/#website","url":"https:\/\/dmcsrb.com\/","name":"dmcsrb.com","description":"","potentialAction":[{"@type":"SearchAction","target":{"@type":"EntryPoint","urlTemplate":"https:\/\/dmcsrb.com\/?s={search_term_string}"},"query-input":{"@type":"PropertyValueSpecification","valueRequired":true,"valueName":"search_term_string"}}],"inLanguage":"en-GB"},{"@type":"Person","@id":"https:\/\/dmcsrb.com\/#\/schema\/person\/5c39170f12db1b8b457732d0b5c854e2","name":"dmcsrbija.com@gmail.com","image":{"@type":"ImageObject","inLanguage":"en-GB","@id":"https:\/\/secure.gravatar.com\/avatar\/68592660ad6347fad0fb587f8d5d8f1a7b44961362f56e4f2cd524feb87e9069?s=96&d=mm&r=g","url":"https:\/\/secure.gravatar.com\/avatar\/68592660ad6347fad0fb587f8d5d8f1a7b44961362f56e4f2cd524feb87e9069?s=96&d=mm&r=g","contentUrl":"https:\/\/secure.gravatar.com\/avatar\/68592660ad6347fad0fb587f8d5d8f1a7b44961362f56e4f2cd524feb87e9069?s=96&d=mm&r=g","caption":"dmcsrbija.com@gmail.com"},"sameAs":["https:\/\/dmcsrb.com"],"url":"https:\/\/dmcsrb.com\/en\/author\/dmcsrbija-comgmail-com\/"}]}},"_links":{"self":[{"href":"https:\/\/dmcsrb.com\/en\/wp-json\/wp\/v2\/posts\/957620","targetHints":{"allow":["GET"]}}],"collection":[{"href":"https:\/\/dmcsrb.com\/en\/wp-json\/wp\/v2\/posts"}],"about":[{"href":"https:\/\/dmcsrb.com\/en\/wp-json\/wp\/v2\/types\/post"}],"author":[{"embeddable":true,"href":"https:\/\/dmcsrb.com\/en\/wp-json\/wp\/v2\/users\/1"}],"replies":[{"embeddable":true,"href":"https:\/\/dmcsrb.com\/en\/wp-json\/wp\/v2\/comments?post=957620"}],"version-history":[{"count":0,"href":"https:\/\/dmcsrb.com\/en\/wp-json\/wp\/v2\/posts\/957620\/revisions"}],"wp:featuredmedia":[{"embeddable":true,"href":"https:\/\/dmcsrb.com\/en\/wp-json\/wp\/v2\/media\/951200"}],"wp:attachment":[{"href":"https:\/\/dmcsrb.com\/en\/wp-json\/wp\/v2\/media?parent=957620"}],"wp:term":[{"taxonomy":"category","embeddable":true,"href":"https:\/\/dmcsrb.com\/en\/wp-json\/wp\/v2\/categories?post=957620"},{"taxonomy":"post_tag","embeddable":true,"href":"https:\/\/dmcsrb.com\/en\/wp-json\/wp\/v2\/tags?post=957620"},{"taxonomy":"naslovna","embeddable":true,"href":"https:\/\/dmcsrb.com\/en\/wp-json\/wp\/v2\/naslovna?post=957620"}],"curies":[{"name":"wp","href":"https:\/\/api.w.org\/{rel}","templated":true}]}}