{"id":957619,"date":"2025-10-13T18:42:00","date_gmt":"2025-10-13T16:42:00","guid":{"rendered":"https:\/\/dmcsrb.com\/uncategorized\/vucinic-nakon-prve-pobjede-na-klupi-sokola-srecan-sam-ali-ovo-je-tek-pocetak\/"},"modified":"2025-10-13T18:42:00","modified_gmt":"2025-10-13T16:42:00","slug":"vucinic-nakon-prve-pobjede-na-klupi-sokola-srecan-sam-ali-ovo-je-tek-pocetak","status":"publish","type":"post","link":"https:\/\/dmcsrb.com\/en\/sport\/vucinic-nakon-prve-pobjede-na-klupi-sokola-srecan-sam-ali-ovo-je-tek-pocetak\/","title":{"rendered":"Vu\u010dini\u0107 nakon prve pobjede na klupi &#8220;sokola&#8221;: Sre\u0107an sam, ali ovo je tek po\u010detak"},"content":{"rendered":"<p>Nakon me\u010da kazao je da je sre\u0107an, ali da je ovo samo mali korak na putu ka boljoj igri i rezultatima.<\/p>\n\n\n\n<p>&#8220;Sre\u0107an sam, ali imamo u glavi da mi imamo veliku ranu, a ovo je samo mali hanzaplast preko nje, ona i dalje tu stoji. Treba vremena i rada, ovo je po\u010detak, gradimo ne\u0161to kamen po kamen.&#8221;<\/p>\n\n\n\n<p>Svjestan je Vu\u010dini\u0107 nedostataka ovog tima, ali je istakao da je najve\u0107i problem slaba realizacija.<\/p>\n\n\n\n<p>&#8220;Posljednja dva minuta su bila te\u0161ka, vjerovao sam i na 0:1 da mo\u017eemo do\u0107i do pobjede. Do\u0161la su ta dva gola, moramo da poradimo na realizaciji. Nismo u mogu\u0107nosti da na svakoj utakmici stvaramo mnogo \u0161ansi, tako da je bitno da koristimo svoje prilike. Istakao bih zajedni\u0161tvo u ekipi, poneki momci nisu igrali na svojim pozicijama, stali su uz grupu, pomagali se izme\u0111u sebe i na kraju se to isplatilo.&#8221;<\/p>\n\n\n\n<p>Vu\u010dini\u0107 je istakao da nije siguran o\u0107e li u narednim me\u010devima forsirati istu formaciju kao u prva dva me\u010da na klupi Hrabrih sokola.<\/p>\n\n\n\n<p>\u201cZa ove dvije utakmice smo se pripremali tako. Moramo malo da poradimo na nekim stvarima. Uz ve\u0107 pomenute probleme sa realizacijom podsjeti\u0107u da su Farani u me\u010du kvalifikacija za Svjetsko prvenstvo u Tor\u0161avnu stvorili dvije \u0161anse u prvom poluvremenu i postgli dva gola, danas su gosti iz jedne prilike postigli gol. Nemamo vremena, moramo stru\u010dni \u0161tab i ja da radimo na tome brzo\u201c.<\/p>\n\n\n\n<figure class=\"wp-block-embed is-type-wp-embed is-provider-gradski-portal wp-block-embed-gradski-portal\"><div class=\"wp-block-embed__wrapper\">\nhttps:\/\/gradski.me\/osmajic-i-djukanovic-spasili-crnu-goru-fudbaleri-posle-preokreta-bolji-od-lihtenstajna\/\n<\/div><\/figure>","protected":false},"excerpt":{"rendered":"<p>Laknulo je selektoru Mirku Vu\u010dini\u0107u nakon drugog gola na\u0161e reprezentacije, a to je znao i da proslavi uz aut liniju.<\/p>","protected":false},"author":1,"featured_media":915304,"comment_status":"open","ping_status":"open","sticky":false,"template":"","format":"standard","meta":{"_acf_changed":false,"footnotes":""},"categories":[148],"tags":[10681,11274,4226,2168],"naslovna":[],"class_list":["post-957619","post","type-post","status-publish","format-standard","has-post-thumbnail","hentry","category-sport","tag-fudbalska-reprezentacija-crne-gore","tag-fudbalska-reprezentacija-lihtenstajna","tag-mirko-vucinic","tag-prijateljska-utakmica"],"acf":[],"yoast_head":"<!-- This site is optimized with the Yoast SEO plugin v27.4 - https:\/\/yoast.com\/product\/yoast-seo-wordpress\/ -->\n<title>Vu\u010dini\u0107 nakon prve pobjede na klupi &quot;sokola&quot;: Sre\u0107an sam, ali ovo je tek po\u010detak - dmcsrb.com<\/title>\n<meta name=\"robots\" content=\"index, follow, max-snippet:-1, max-image-preview:large, max-video-preview:-1\" \/>\n<link rel=\"canonical\" href=\"https:\/\/dmcsrb.com\/en\/sport\/vucinic-nakon-prve-pobjede-na-klupi-sokola-srecan-sam-ali-ovo-je-tek-pocetak\/\" \/>\n<meta property=\"og:locale\" content=\"en_GB\" \/>\n<meta property=\"og:type\" content=\"article\" \/>\n<meta property=\"og:title\" content=\"Vu\u010dini\u0107 nakon prve pobjede na klupi &quot;sokola&quot;: Sre\u0107an sam, ali ovo je tek po\u010detak - dmcsrb.com\" \/>\n<meta property=\"og:description\" content=\"Laknulo je selektoru Mirku Vu\u010dini\u0107u nakon drugog gola na\u0161e reprezentacije, a to je znao i da proslavi uz aut liniju.\" \/>\n<meta property=\"og:url\" content=\"https:\/\/dmcsrb.com\/en\/sport\/vucinic-nakon-prve-pobjede-na-klupi-sokola-srecan-sam-ali-ovo-je-tek-pocetak\/\" \/>\n<meta property=\"og:site_name\" content=\"dmcsrb.com\" \/>\n<meta property=\"article:published_time\" content=\"2025-10-13T16:42:00+00:00\" \/>\n<meta property=\"og:image\" content=\"https:\/\/dmcsrb.com\/wp-content\/uploads\/2026\/01\/Mirko-Vucinic-FSCG-.webp\" \/>\n\t<meta property=\"og:image:width\" content=\"1280\" \/>\n\t<meta property=\"og:image:height\" content=\"852\" \/>\n\t<meta property=\"og:image:type\" content=\"image\/webp\" \/>\n<meta name=\"author\" content=\"dmcsrbija.com@gmail.com\" \/>\n<meta name=\"twitter:card\" content=\"summary_large_image\" \/>\n<meta name=\"twitter:label1\" content=\"Written by\" \/>\n\t<meta name=\"twitter:data1\" content=\"dmcsrbija.com@gmail.com\" \/>\n\t<meta name=\"twitter:label2\" content=\"Estimated reading time\" \/>\n\t<meta name=\"twitter:data2\" content=\"1 minute\" \/>\n<script type=\"application\/ld+json\" class=\"yoast-schema-graph\">{\"@context\":\"https:\\\/\\\/schema.org\",\"@graph\":[{\"@type\":\"Article\",\"@id\":\"https:\\\/\\\/dmcsrb.com\\\/en\\\/sport\\\/vucinic-nakon-prve-pobjede-na-klupi-sokola-srecan-sam-ali-ovo-je-tek-pocetak\\\/#article\",\"isPartOf\":{\"@id\":\"https:\\\/\\\/dmcsrb.com\\\/en\\\/sport\\\/vucinic-nakon-prve-pobjede-na-klupi-sokola-srecan-sam-ali-ovo-je-tek-pocetak\\\/\"},\"author\":{\"name\":\"dmcsrbija.com@gmail.com\",\"@id\":\"https:\\\/\\\/dmcsrb.com\\\/#\\\/schema\\\/person\\\/5c39170f12db1b8b457732d0b5c854e2\"},\"headline\":\"Vu\u010dini\u0107 nakon prve pobjede na klupi &#8220;sokola&#8221;: Sre\u0107an sam, ali ovo je tek po\u010detak\",\"datePublished\":\"2025-10-13T16:42:00+00:00\",\"mainEntityOfPage\":{\"@id\":\"https:\\\/\\\/dmcsrb.com\\\/en\\\/sport\\\/vucinic-nakon-prve-pobjede-na-klupi-sokola-srecan-sam-ali-ovo-je-tek-pocetak\\\/\"},\"wordCount\":270,\"commentCount\":0,\"image\":{\"@id\":\"https:\\\/\\\/dmcsrb.com\\\/en\\\/sport\\\/vucinic-nakon-prve-pobjede-na-klupi-sokola-srecan-sam-ali-ovo-je-tek-pocetak\\\/#primaryimage\"},\"thumbnailUrl\":\"https:\\\/\\\/dmcsrb.com\\\/wp-content\\\/uploads\\\/2026\\\/01\\\/Mirko-Vucinic-FSCG-.webp\",\"keywords\":[\"Fudbalska reprezentacija Crne Gore\",\"Fudbalska reprezentacija Lihten\u0161tajna\",\"Mirko Vu\u010dini\u0107\",\"prijateljska utakmica\"],\"articleSection\":[\"Sport\"],\"inLanguage\":\"en-GB\",\"potentialAction\":[{\"@type\":\"CommentAction\",\"name\":\"Comment\",\"target\":[\"https:\\\/\\\/dmcsrb.com\\\/en\\\/sport\\\/vucinic-nakon-prve-pobjede-na-klupi-sokola-srecan-sam-ali-ovo-je-tek-pocetak\\\/#respond\"]}]},{\"@type\":\"WebPage\",\"@id\":\"https:\\\/\\\/dmcsrb.com\\\/en\\\/sport\\\/vucinic-nakon-prve-pobjede-na-klupi-sokola-srecan-sam-ali-ovo-je-tek-pocetak\\\/\",\"url\":\"https:\\\/\\\/dmcsrb.com\\\/en\\\/sport\\\/vucinic-nakon-prve-pobjede-na-klupi-sokola-srecan-sam-ali-ovo-je-tek-pocetak\\\/\",\"name\":\"Vu\u010dini\u0107 nakon prve pobjede na klupi \\\"sokola\\\": Sre\u0107an sam, ali ovo je tek po\u010detak - dmcsrb.com\",\"isPartOf\":{\"@id\":\"https:\\\/\\\/dmcsrb.com\\\/#website\"},\"primaryImageOfPage\":{\"@id\":\"https:\\\/\\\/dmcsrb.com\\\/en\\\/sport\\\/vucinic-nakon-prve-pobjede-na-klupi-sokola-srecan-sam-ali-ovo-je-tek-pocetak\\\/#primaryimage\"},\"image\":{\"@id\":\"https:\\\/\\\/dmcsrb.com\\\/en\\\/sport\\\/vucinic-nakon-prve-pobjede-na-klupi-sokola-srecan-sam-ali-ovo-je-tek-pocetak\\\/#primaryimage\"},\"thumbnailUrl\":\"https:\\\/\\\/dmcsrb.com\\\/wp-content\\\/uploads\\\/2026\\\/01\\\/Mirko-Vucinic-FSCG-.webp\",\"datePublished\":\"2025-10-13T16:42:00+00:00\",\"author\":{\"@id\":\"https:\\\/\\\/dmcsrb.com\\\/#\\\/schema\\\/person\\\/5c39170f12db1b8b457732d0b5c854e2\"},\"breadcrumb\":{\"@id\":\"https:\\\/\\\/dmcsrb.com\\\/en\\\/sport\\\/vucinic-nakon-prve-pobjede-na-klupi-sokola-srecan-sam-ali-ovo-je-tek-pocetak\\\/#breadcrumb\"},\"inLanguage\":\"en-GB\",\"potentialAction\":[{\"@type\":\"ReadAction\",\"target\":[\"https:\\\/\\\/dmcsrb.com\\\/en\\\/sport\\\/vucinic-nakon-prve-pobjede-na-klupi-sokola-srecan-sam-ali-ovo-je-tek-pocetak\\\/\"]}]},{\"@type\":\"ImageObject\",\"inLanguage\":\"en-GB\",\"@id\":\"https:\\\/\\\/dmcsrb.com\\\/en\\\/sport\\\/vucinic-nakon-prve-pobjede-na-klupi-sokola-srecan-sam-ali-ovo-je-tek-pocetak\\\/#primaryimage\",\"url\":\"https:\\\/\\\/dmcsrb.com\\\/wp-content\\\/uploads\\\/2026\\\/01\\\/Mirko-Vucinic-FSCG-.webp\",\"contentUrl\":\"https:\\\/\\\/dmcsrb.com\\\/wp-content\\\/uploads\\\/2026\\\/01\\\/Mirko-Vucinic-FSCG-.webp\",\"width\":1280,\"height\":852},{\"@type\":\"BreadcrumbList\",\"@id\":\"https:\\\/\\\/dmcsrb.com\\\/en\\\/sport\\\/vucinic-nakon-prve-pobjede-na-klupi-sokola-srecan-sam-ali-ovo-je-tek-pocetak\\\/#breadcrumb\",\"itemListElement\":[{\"@type\":\"ListItem\",\"position\":1,\"name\":\"Home\",\"item\":\"https:\\\/\\\/dmcsrb.com\\\/\"},{\"@type\":\"ListItem\",\"position\":2,\"name\":\"Vu\u010dini\u0107 nakon prve pobjede na klupi &#8220;sokola&#8221;: Sre\u0107an sam, ali ovo je tek po\u010detak\"}]},{\"@type\":\"WebSite\",\"@id\":\"https:\\\/\\\/dmcsrb.com\\\/#website\",\"url\":\"https:\\\/\\\/dmcsrb.com\\\/\",\"name\":\"dmcsrb.com\",\"description\":\"\",\"potentialAction\":[{\"@type\":\"SearchAction\",\"target\":{\"@type\":\"EntryPoint\",\"urlTemplate\":\"https:\\\/\\\/dmcsrb.com\\\/?s={search_term_string}\"},\"query-input\":{\"@type\":\"PropertyValueSpecification\",\"valueRequired\":true,\"valueName\":\"search_term_string\"}}],\"inLanguage\":\"en-GB\"},{\"@type\":\"Person\",\"@id\":\"https:\\\/\\\/dmcsrb.com\\\/#\\\/schema\\\/person\\\/5c39170f12db1b8b457732d0b5c854e2\",\"name\":\"dmcsrbija.com@gmail.com\",\"image\":{\"@type\":\"ImageObject\",\"inLanguage\":\"en-GB\",\"@id\":\"https:\\\/\\\/secure.gravatar.com\\\/avatar\\\/68592660ad6347fad0fb587f8d5d8f1a7b44961362f56e4f2cd524feb87e9069?s=96&d=mm&r=g\",\"url\":\"https:\\\/\\\/secure.gravatar.com\\\/avatar\\\/68592660ad6347fad0fb587f8d5d8f1a7b44961362f56e4f2cd524feb87e9069?s=96&d=mm&r=g\",\"contentUrl\":\"https:\\\/\\\/secure.gravatar.com\\\/avatar\\\/68592660ad6347fad0fb587f8d5d8f1a7b44961362f56e4f2cd524feb87e9069?s=96&d=mm&r=g\",\"caption\":\"dmcsrbija.com@gmail.com\"},\"sameAs\":[\"https:\\\/\\\/dmcsrb.com\"],\"url\":\"https:\\\/\\\/dmcsrb.com\\\/en\\\/author\\\/dmcsrbija-comgmail-com\\\/\"}]}<\/script>\n<!-- \/ Yoast SEO plugin. -->","yoast_head_json":{"title":"Vu\u010dini\u0107 nakon prve pobjede na klupi \"sokola\": Sre\u0107an sam, ali ovo je tek po\u010detak - dmcsrb.com","robots":{"index":"index","follow":"follow","max-snippet":"max-snippet:-1","max-image-preview":"max-image-preview:large","max-video-preview":"max-video-preview:-1"},"canonical":"https:\/\/dmcsrb.com\/en\/sport\/vucinic-nakon-prve-pobjede-na-klupi-sokola-srecan-sam-ali-ovo-je-tek-pocetak\/","og_locale":"en_GB","og_type":"article","og_title":"Vu\u010dini\u0107 nakon prve pobjede na klupi \"sokola\": Sre\u0107an sam, ali ovo je tek po\u010detak - dmcsrb.com","og_description":"Laknulo je selektoru Mirku Vu\u010dini\u0107u nakon drugog gola na\u0161e reprezentacije, a to je znao i da proslavi uz aut liniju.","og_url":"https:\/\/dmcsrb.com\/en\/sport\/vucinic-nakon-prve-pobjede-na-klupi-sokola-srecan-sam-ali-ovo-je-tek-pocetak\/","og_site_name":"dmcsrb.com","article_published_time":"2025-10-13T16:42:00+00:00","og_image":[{"width":1280,"height":852,"url":"https:\/\/dmcsrb.com\/wp-content\/uploads\/2026\/01\/Mirko-Vucinic-FSCG-.webp","type":"image\/webp"}],"author":"dmcsrbija.com@gmail.com","twitter_card":"summary_large_image","twitter_misc":{"Written by":"dmcsrbija.com@gmail.com","Estimated reading time":"1 minute"},"schema":{"@context":"https:\/\/schema.org","@graph":[{"@type":"Article","@id":"https:\/\/dmcsrb.com\/en\/sport\/vucinic-nakon-prve-pobjede-na-klupi-sokola-srecan-sam-ali-ovo-je-tek-pocetak\/#article","isPartOf":{"@id":"https:\/\/dmcsrb.com\/en\/sport\/vucinic-nakon-prve-pobjede-na-klupi-sokola-srecan-sam-ali-ovo-je-tek-pocetak\/"},"author":{"name":"dmcsrbija.com@gmail.com","@id":"https:\/\/dmcsrb.com\/#\/schema\/person\/5c39170f12db1b8b457732d0b5c854e2"},"headline":"Vu\u010dini\u0107 nakon prve pobjede na klupi &#8220;sokola&#8221;: Sre\u0107an sam, ali ovo je tek po\u010detak","datePublished":"2025-10-13T16:42:00+00:00","mainEntityOfPage":{"@id":"https:\/\/dmcsrb.com\/en\/sport\/vucinic-nakon-prve-pobjede-na-klupi-sokola-srecan-sam-ali-ovo-je-tek-pocetak\/"},"wordCount":270,"commentCount":0,"image":{"@id":"https:\/\/dmcsrb.com\/en\/sport\/vucinic-nakon-prve-pobjede-na-klupi-sokola-srecan-sam-ali-ovo-je-tek-pocetak\/#primaryimage"},"thumbnailUrl":"https:\/\/dmcsrb.com\/wp-content\/uploads\/2026\/01\/Mirko-Vucinic-FSCG-.webp","keywords":["Fudbalska reprezentacija Crne Gore","Fudbalska reprezentacija Lihten\u0161tajna","Mirko Vu\u010dini\u0107","prijateljska utakmica"],"articleSection":["Sport"],"inLanguage":"en-GB","potentialAction":[{"@type":"CommentAction","name":"Comment","target":["https:\/\/dmcsrb.com\/en\/sport\/vucinic-nakon-prve-pobjede-na-klupi-sokola-srecan-sam-ali-ovo-je-tek-pocetak\/#respond"]}]},{"@type":"WebPage","@id":"https:\/\/dmcsrb.com\/en\/sport\/vucinic-nakon-prve-pobjede-na-klupi-sokola-srecan-sam-ali-ovo-je-tek-pocetak\/","url":"https:\/\/dmcsrb.com\/en\/sport\/vucinic-nakon-prve-pobjede-na-klupi-sokola-srecan-sam-ali-ovo-je-tek-pocetak\/","name":"Vu\u010dini\u0107 nakon prve pobjede na klupi \"sokola\": Sre\u0107an sam, ali ovo je tek po\u010detak - dmcsrb.com","isPartOf":{"@id":"https:\/\/dmcsrb.com\/#website"},"primaryImageOfPage":{"@id":"https:\/\/dmcsrb.com\/en\/sport\/vucinic-nakon-prve-pobjede-na-klupi-sokola-srecan-sam-ali-ovo-je-tek-pocetak\/#primaryimage"},"image":{"@id":"https:\/\/dmcsrb.com\/en\/sport\/vucinic-nakon-prve-pobjede-na-klupi-sokola-srecan-sam-ali-ovo-je-tek-pocetak\/#primaryimage"},"thumbnailUrl":"https:\/\/dmcsrb.com\/wp-content\/uploads\/2026\/01\/Mirko-Vucinic-FSCG-.webp","datePublished":"2025-10-13T16:42:00+00:00","author":{"@id":"https:\/\/dmcsrb.com\/#\/schema\/person\/5c39170f12db1b8b457732d0b5c854e2"},"breadcrumb":{"@id":"https:\/\/dmcsrb.com\/en\/sport\/vucinic-nakon-prve-pobjede-na-klupi-sokola-srecan-sam-ali-ovo-je-tek-pocetak\/#breadcrumb"},"inLanguage":"en-GB","potentialAction":[{"@type":"ReadAction","target":["https:\/\/dmcsrb.com\/en\/sport\/vucinic-nakon-prve-pobjede-na-klupi-sokola-srecan-sam-ali-ovo-je-tek-pocetak\/"]}]},{"@type":"ImageObject","inLanguage":"en-GB","@id":"https:\/\/dmcsrb.com\/en\/sport\/vucinic-nakon-prve-pobjede-na-klupi-sokola-srecan-sam-ali-ovo-je-tek-pocetak\/#primaryimage","url":"https:\/\/dmcsrb.com\/wp-content\/uploads\/2026\/01\/Mirko-Vucinic-FSCG-.webp","contentUrl":"https:\/\/dmcsrb.com\/wp-content\/uploads\/2026\/01\/Mirko-Vucinic-FSCG-.webp","width":1280,"height":852},{"@type":"BreadcrumbList","@id":"https:\/\/dmcsrb.com\/en\/sport\/vucinic-nakon-prve-pobjede-na-klupi-sokola-srecan-sam-ali-ovo-je-tek-pocetak\/#breadcrumb","itemListElement":[{"@type":"ListItem","position":1,"name":"Home","item":"https:\/\/dmcsrb.com\/"},{"@type":"ListItem","position":2,"name":"Vu\u010dini\u0107 nakon prve pobjede na klupi &#8220;sokola&#8221;: Sre\u0107an sam, ali ovo je tek po\u010detak"}]},{"@type":"WebSite","@id":"https:\/\/dmcsrb.com\/#website","url":"https:\/\/dmcsrb.com\/","name":"dmcsrb.com","description":"","potentialAction":[{"@type":"SearchAction","target":{"@type":"EntryPoint","urlTemplate":"https:\/\/dmcsrb.com\/?s={search_term_string}"},"query-input":{"@type":"PropertyValueSpecification","valueRequired":true,"valueName":"search_term_string"}}],"inLanguage":"en-GB"},{"@type":"Person","@id":"https:\/\/dmcsrb.com\/#\/schema\/person\/5c39170f12db1b8b457732d0b5c854e2","name":"dmcsrbija.com@gmail.com","image":{"@type":"ImageObject","inLanguage":"en-GB","@id":"https:\/\/secure.gravatar.com\/avatar\/68592660ad6347fad0fb587f8d5d8f1a7b44961362f56e4f2cd524feb87e9069?s=96&d=mm&r=g","url":"https:\/\/secure.gravatar.com\/avatar\/68592660ad6347fad0fb587f8d5d8f1a7b44961362f56e4f2cd524feb87e9069?s=96&d=mm&r=g","contentUrl":"https:\/\/secure.gravatar.com\/avatar\/68592660ad6347fad0fb587f8d5d8f1a7b44961362f56e4f2cd524feb87e9069?s=96&d=mm&r=g","caption":"dmcsrbija.com@gmail.com"},"sameAs":["https:\/\/dmcsrb.com"],"url":"https:\/\/dmcsrb.com\/en\/author\/dmcsrbija-comgmail-com\/"}]}},"_links":{"self":[{"href":"https:\/\/dmcsrb.com\/en\/wp-json\/wp\/v2\/posts\/957619","targetHints":{"allow":["GET"]}}],"collection":[{"href":"https:\/\/dmcsrb.com\/en\/wp-json\/wp\/v2\/posts"}],"about":[{"href":"https:\/\/dmcsrb.com\/en\/wp-json\/wp\/v2\/types\/post"}],"author":[{"embeddable":true,"href":"https:\/\/dmcsrb.com\/en\/wp-json\/wp\/v2\/users\/1"}],"replies":[{"embeddable":true,"href":"https:\/\/dmcsrb.com\/en\/wp-json\/wp\/v2\/comments?post=957619"}],"version-history":[{"count":0,"href":"https:\/\/dmcsrb.com\/en\/wp-json\/wp\/v2\/posts\/957619\/revisions"}],"wp:featuredmedia":[{"embeddable":true,"href":"https:\/\/dmcsrb.com\/en\/wp-json\/wp\/v2\/media\/915304"}],"wp:attachment":[{"href":"https:\/\/dmcsrb.com\/en\/wp-json\/wp\/v2\/media?parent=957619"}],"wp:term":[{"taxonomy":"category","embeddable":true,"href":"https:\/\/dmcsrb.com\/en\/wp-json\/wp\/v2\/categories?post=957619"},{"taxonomy":"post_tag","embeddable":true,"href":"https:\/\/dmcsrb.com\/en\/wp-json\/wp\/v2\/tags?post=957619"},{"taxonomy":"naslovna","embeddable":true,"href":"https:\/\/dmcsrb.com\/en\/wp-json\/wp\/v2\/naslovna?post=957619"}],"curies":[{"name":"wp","href":"https:\/\/api.w.org\/{rel}","templated":true}]}}