{"id":957597,"date":"2025-10-13T18:53:00","date_gmt":"2025-10-13T16:53:00","guid":{"rendered":"https:\/\/dmcsrb.com\/uncategorized\/djeljosaj-jos-jedan-poraz-milatovica\/"},"modified":"2025-10-13T18:53:00","modified_gmt":"2025-10-13T16:53:00","slug":"djeljosaj-jos-jedan-poraz-milatovica","status":"publish","type":"post","link":"https:\/\/dmcsrb.com\/en\/politika\/djeljosaj-jos-jedan-poraz-milatovica\/","title":{"rendered":"\u0110eljo\u0161aj: Jo\u0161 jedan poraz Milatovi\u0107a"},"content":{"rendered":"<p>Skup\u0161tina je, kako je podsjetio, ponovo izglasala izmjene Zakona o porezu na nepokretnosti, na predlog poslanika Albanskog foruma&nbsp;<strong>Nikole Camaja<\/strong>&nbsp;i&nbsp;<strong>Artana \u010cobija<\/strong>, koji je potpisao i&nbsp;<strong>Ilir \u010capuni.<\/strong><\/p>\n\n\n\n<p>\u201cPredsjednik i njegov savjetnik, koji su mislili da mogu da potkopavaju pravni i ekonomski poredak dr\u017eave, da manipuli\u0161u institucijama i da koriste dr\u017eavu za svoje privatne interese, danas su do\u017eivjeli jo\u0161 jedan poraz u nizu. Tako\u0111e, la\u017ena krivi\u010dna prijava koju je Milatovi\u0107 podnio protiv mene kako bi prikrio svoje djelovanje kada je uhva\u0107en na djelu, odba\u010dena je, a svi poku\u0161aji da se moje ime i rad diskredituju, pali su u vodu\u201d, ocijenio je \u0110eljo\u0161aj.<\/p>\n\n\n\n<p>Prema njegovim rije\u010dima, to je najbolji dokaz da se istina i pravda ne mogu zaustaviti politi\u010dkim la\u017eima, fabrikovanim pri\u010dama i medijskim spinovima.<\/p>\n\n\n\n<p>\u201cOd samog po\u010detka govorio sam istinu, i sada je to svima jasno, iza svega je stajala interesna grupa iz kabineta predsjednika, vo\u0111ena sopstvenim privatnim i sumnjivim planovima. Ali Crna Gora je danas pokazala da nije dr\u017eava li\u010dnih interesa, ve\u0107 pravna dr\u017eava, zemlja u kojoj se po\u0161tuju zakoni, institucije i evropske vrijednosti. Zahvaljujem liderima i poslanicima parlamentarne ve\u0107ine na podr\u0161ci, uprkos pritisku i la\u017enoj propagandi predsjednika\u201d, zaklju\u010dio je \u0110eljo\u0161aj.<\/p>","protected":false},"excerpt":{"rendered":"<p>Danas je potvr\u0111eno ono za \u0161ta se uvijek zala\u017eem, vjera u istinu, demokratiju, evropske vrijednosti i pravdu nadja\u010dala je propagandu i li\u010dne interese odre\u0111enih pojedinaca, naveo je potpredsjednik Vlade i ministar ekonomskog razvoja\u00a0Nik \u0110eljo\u0161aj.<\/p>","protected":false},"author":1,"featured_media":909971,"comment_status":"open","ping_status":"open","sticky":false,"template":"","format":"standard","meta":{"_acf_changed":false,"footnotes":""},"categories":[12],"tags":[90,1275],"naslovna":[],"class_list":["post-957597","post","type-post","status-publish","format-standard","has-post-thumbnail","hentry","category-politika","tag-jakov-milatovic","tag-nik-djeljosaj"],"acf":[],"yoast_head":"<!-- This site is optimized with the Yoast SEO plugin v27.4 - https:\/\/yoast.com\/product\/yoast-seo-wordpress\/ -->\n<title>\u0110eljo\u0161aj: Jo\u0161 jedan poraz Milatovi\u0107a - dmcsrb.com<\/title>\n<meta name=\"robots\" content=\"index, follow, max-snippet:-1, max-image-preview:large, max-video-preview:-1\" \/>\n<link rel=\"canonical\" href=\"https:\/\/dmcsrb.com\/en\/politika\/djeljosaj-jos-jedan-poraz-milatovica\/\" \/>\n<meta property=\"og:locale\" content=\"en_GB\" \/>\n<meta property=\"og:type\" content=\"article\" \/>\n<meta property=\"og:title\" content=\"\u0110eljo\u0161aj: Jo\u0161 jedan poraz Milatovi\u0107a - dmcsrb.com\" \/>\n<meta property=\"og:description\" content=\"Danas je potvr\u0111eno ono za \u0161ta se uvijek zala\u017eem, vjera u istinu, demokratiju, evropske vrijednosti i pravdu nadja\u010dala je propagandu i li\u010dne interese odre\u0111enih pojedinaca, naveo je potpredsjednik Vlade i ministar ekonomskog razvoja\u00a0Nik \u0110eljo\u0161aj.\" \/>\n<meta property=\"og:url\" content=\"https:\/\/dmcsrb.com\/en\/politika\/djeljosaj-jos-jedan-poraz-milatovica\/\" \/>\n<meta property=\"og:site_name\" content=\"dmcsrb.com\" \/>\n<meta property=\"article:published_time\" content=\"2025-10-13T16:53:00+00:00\" \/>\n<meta property=\"og:image\" content=\"https:\/\/dmcsrb.com\/wp-content\/uploads\/2026\/01\/Nik-DJeljosaj-foto-Vlada-CG.jpg\" \/>\n\t<meta property=\"og:image:width\" content=\"935\" \/>\n\t<meta property=\"og:image:height\" content=\"579\" \/>\n\t<meta property=\"og:image:type\" content=\"image\/jpeg\" \/>\n<meta name=\"author\" content=\"dmcsrbija.com@gmail.com\" \/>\n<meta name=\"twitter:card\" content=\"summary_large_image\" \/>\n<meta name=\"twitter:label1\" content=\"Written by\" \/>\n\t<meta name=\"twitter:data1\" content=\"dmcsrbija.com@gmail.com\" \/>\n\t<meta name=\"twitter:label2\" content=\"Estimated reading time\" \/>\n\t<meta name=\"twitter:data2\" content=\"1 minute\" \/>\n<script type=\"application\/ld+json\" class=\"yoast-schema-graph\">{\"@context\":\"https:\\\/\\\/schema.org\",\"@graph\":[{\"@type\":\"Article\",\"@id\":\"https:\\\/\\\/dmcsrb.com\\\/en\\\/politika\\\/djeljosaj-jos-jedan-poraz-milatovica\\\/#article\",\"isPartOf\":{\"@id\":\"https:\\\/\\\/dmcsrb.com\\\/en\\\/politika\\\/djeljosaj-jos-jedan-poraz-milatovica\\\/\"},\"author\":{\"name\":\"dmcsrbija.com@gmail.com\",\"@id\":\"https:\\\/\\\/dmcsrb.com\\\/#\\\/schema\\\/person\\\/5c39170f12db1b8b457732d0b5c854e2\"},\"headline\":\"\u0110eljo\u0161aj: Jo\u0161 jedan poraz Milatovi\u0107a\",\"datePublished\":\"2025-10-13T16:53:00+00:00\",\"mainEntityOfPage\":{\"@id\":\"https:\\\/\\\/dmcsrb.com\\\/en\\\/politika\\\/djeljosaj-jos-jedan-poraz-milatovica\\\/\"},\"wordCount\":231,\"commentCount\":0,\"image\":{\"@id\":\"https:\\\/\\\/dmcsrb.com\\\/en\\\/politika\\\/djeljosaj-jos-jedan-poraz-milatovica\\\/#primaryimage\"},\"thumbnailUrl\":\"https:\\\/\\\/dmcsrb.com\\\/wp-content\\\/uploads\\\/2026\\\/01\\\/Nik-DJeljosaj-foto-Vlada-CG.jpg\",\"keywords\":[\"Jakov Milatovi\u0107\",\"Nik \u0110eljo\u0161aj\"],\"articleSection\":[\"Politika\"],\"inLanguage\":\"en-GB\",\"potentialAction\":[{\"@type\":\"CommentAction\",\"name\":\"Comment\",\"target\":[\"https:\\\/\\\/dmcsrb.com\\\/en\\\/politika\\\/djeljosaj-jos-jedan-poraz-milatovica\\\/#respond\"]}]},{\"@type\":\"WebPage\",\"@id\":\"https:\\\/\\\/dmcsrb.com\\\/en\\\/politika\\\/djeljosaj-jos-jedan-poraz-milatovica\\\/\",\"url\":\"https:\\\/\\\/dmcsrb.com\\\/en\\\/politika\\\/djeljosaj-jos-jedan-poraz-milatovica\\\/\",\"name\":\"\u0110eljo\u0161aj: Jo\u0161 jedan poraz Milatovi\u0107a - dmcsrb.com\",\"isPartOf\":{\"@id\":\"https:\\\/\\\/dmcsrb.com\\\/#website\"},\"primaryImageOfPage\":{\"@id\":\"https:\\\/\\\/dmcsrb.com\\\/en\\\/politika\\\/djeljosaj-jos-jedan-poraz-milatovica\\\/#primaryimage\"},\"image\":{\"@id\":\"https:\\\/\\\/dmcsrb.com\\\/en\\\/politika\\\/djeljosaj-jos-jedan-poraz-milatovica\\\/#primaryimage\"},\"thumbnailUrl\":\"https:\\\/\\\/dmcsrb.com\\\/wp-content\\\/uploads\\\/2026\\\/01\\\/Nik-DJeljosaj-foto-Vlada-CG.jpg\",\"datePublished\":\"2025-10-13T16:53:00+00:00\",\"author\":{\"@id\":\"https:\\\/\\\/dmcsrb.com\\\/#\\\/schema\\\/person\\\/5c39170f12db1b8b457732d0b5c854e2\"},\"breadcrumb\":{\"@id\":\"https:\\\/\\\/dmcsrb.com\\\/en\\\/politika\\\/djeljosaj-jos-jedan-poraz-milatovica\\\/#breadcrumb\"},\"inLanguage\":\"en-GB\",\"potentialAction\":[{\"@type\":\"ReadAction\",\"target\":[\"https:\\\/\\\/dmcsrb.com\\\/en\\\/politika\\\/djeljosaj-jos-jedan-poraz-milatovica\\\/\"]}]},{\"@type\":\"ImageObject\",\"inLanguage\":\"en-GB\",\"@id\":\"https:\\\/\\\/dmcsrb.com\\\/en\\\/politika\\\/djeljosaj-jos-jedan-poraz-milatovica\\\/#primaryimage\",\"url\":\"https:\\\/\\\/dmcsrb.com\\\/wp-content\\\/uploads\\\/2026\\\/01\\\/Nik-DJeljosaj-foto-Vlada-CG.jpg\",\"contentUrl\":\"https:\\\/\\\/dmcsrb.com\\\/wp-content\\\/uploads\\\/2026\\\/01\\\/Nik-DJeljosaj-foto-Vlada-CG.jpg\",\"width\":935,\"height\":579},{\"@type\":\"BreadcrumbList\",\"@id\":\"https:\\\/\\\/dmcsrb.com\\\/en\\\/politika\\\/djeljosaj-jos-jedan-poraz-milatovica\\\/#breadcrumb\",\"itemListElement\":[{\"@type\":\"ListItem\",\"position\":1,\"name\":\"Home\",\"item\":\"https:\\\/\\\/dmcsrb.com\\\/\"},{\"@type\":\"ListItem\",\"position\":2,\"name\":\"\u0110eljo\u0161aj: Jo\u0161 jedan poraz Milatovi\u0107a\"}]},{\"@type\":\"WebSite\",\"@id\":\"https:\\\/\\\/dmcsrb.com\\\/#website\",\"url\":\"https:\\\/\\\/dmcsrb.com\\\/\",\"name\":\"dmcsrb.com\",\"description\":\"\",\"potentialAction\":[{\"@type\":\"SearchAction\",\"target\":{\"@type\":\"EntryPoint\",\"urlTemplate\":\"https:\\\/\\\/dmcsrb.com\\\/?s={search_term_string}\"},\"query-input\":{\"@type\":\"PropertyValueSpecification\",\"valueRequired\":true,\"valueName\":\"search_term_string\"}}],\"inLanguage\":\"en-GB\"},{\"@type\":\"Person\",\"@id\":\"https:\\\/\\\/dmcsrb.com\\\/#\\\/schema\\\/person\\\/5c39170f12db1b8b457732d0b5c854e2\",\"name\":\"dmcsrbija.com@gmail.com\",\"image\":{\"@type\":\"ImageObject\",\"inLanguage\":\"en-GB\",\"@id\":\"https:\\\/\\\/secure.gravatar.com\\\/avatar\\\/68592660ad6347fad0fb587f8d5d8f1a7b44961362f56e4f2cd524feb87e9069?s=96&d=mm&r=g\",\"url\":\"https:\\\/\\\/secure.gravatar.com\\\/avatar\\\/68592660ad6347fad0fb587f8d5d8f1a7b44961362f56e4f2cd524feb87e9069?s=96&d=mm&r=g\",\"contentUrl\":\"https:\\\/\\\/secure.gravatar.com\\\/avatar\\\/68592660ad6347fad0fb587f8d5d8f1a7b44961362f56e4f2cd524feb87e9069?s=96&d=mm&r=g\",\"caption\":\"dmcsrbija.com@gmail.com\"},\"sameAs\":[\"https:\\\/\\\/dmcsrb.com\"],\"url\":\"https:\\\/\\\/dmcsrb.com\\\/en\\\/author\\\/dmcsrbija-comgmail-com\\\/\"}]}<\/script>\n<!-- \/ Yoast SEO plugin. -->","yoast_head_json":{"title":"\u0110eljo\u0161aj: Jo\u0161 jedan poraz Milatovi\u0107a - dmcsrb.com","robots":{"index":"index","follow":"follow","max-snippet":"max-snippet:-1","max-image-preview":"max-image-preview:large","max-video-preview":"max-video-preview:-1"},"canonical":"https:\/\/dmcsrb.com\/en\/politika\/djeljosaj-jos-jedan-poraz-milatovica\/","og_locale":"en_GB","og_type":"article","og_title":"\u0110eljo\u0161aj: Jo\u0161 jedan poraz Milatovi\u0107a - dmcsrb.com","og_description":"Danas je potvr\u0111eno ono za \u0161ta se uvijek zala\u017eem, vjera u istinu, demokratiju, evropske vrijednosti i pravdu nadja\u010dala je propagandu i li\u010dne interese odre\u0111enih pojedinaca, naveo je potpredsjednik Vlade i ministar ekonomskog razvoja\u00a0Nik \u0110eljo\u0161aj.","og_url":"https:\/\/dmcsrb.com\/en\/politika\/djeljosaj-jos-jedan-poraz-milatovica\/","og_site_name":"dmcsrb.com","article_published_time":"2025-10-13T16:53:00+00:00","og_image":[{"width":935,"height":579,"url":"https:\/\/dmcsrb.com\/wp-content\/uploads\/2026\/01\/Nik-DJeljosaj-foto-Vlada-CG.jpg","type":"image\/jpeg"}],"author":"dmcsrbija.com@gmail.com","twitter_card":"summary_large_image","twitter_misc":{"Written by":"dmcsrbija.com@gmail.com","Estimated reading time":"1 minute"},"schema":{"@context":"https:\/\/schema.org","@graph":[{"@type":"Article","@id":"https:\/\/dmcsrb.com\/en\/politika\/djeljosaj-jos-jedan-poraz-milatovica\/#article","isPartOf":{"@id":"https:\/\/dmcsrb.com\/en\/politika\/djeljosaj-jos-jedan-poraz-milatovica\/"},"author":{"name":"dmcsrbija.com@gmail.com","@id":"https:\/\/dmcsrb.com\/#\/schema\/person\/5c39170f12db1b8b457732d0b5c854e2"},"headline":"\u0110eljo\u0161aj: Jo\u0161 jedan poraz Milatovi\u0107a","datePublished":"2025-10-13T16:53:00+00:00","mainEntityOfPage":{"@id":"https:\/\/dmcsrb.com\/en\/politika\/djeljosaj-jos-jedan-poraz-milatovica\/"},"wordCount":231,"commentCount":0,"image":{"@id":"https:\/\/dmcsrb.com\/en\/politika\/djeljosaj-jos-jedan-poraz-milatovica\/#primaryimage"},"thumbnailUrl":"https:\/\/dmcsrb.com\/wp-content\/uploads\/2026\/01\/Nik-DJeljosaj-foto-Vlada-CG.jpg","keywords":["Jakov Milatovi\u0107","Nik \u0110eljo\u0161aj"],"articleSection":["Politika"],"inLanguage":"en-GB","potentialAction":[{"@type":"CommentAction","name":"Comment","target":["https:\/\/dmcsrb.com\/en\/politika\/djeljosaj-jos-jedan-poraz-milatovica\/#respond"]}]},{"@type":"WebPage","@id":"https:\/\/dmcsrb.com\/en\/politika\/djeljosaj-jos-jedan-poraz-milatovica\/","url":"https:\/\/dmcsrb.com\/en\/politika\/djeljosaj-jos-jedan-poraz-milatovica\/","name":"\u0110eljo\u0161aj: Jo\u0161 jedan poraz Milatovi\u0107a - dmcsrb.com","isPartOf":{"@id":"https:\/\/dmcsrb.com\/#website"},"primaryImageOfPage":{"@id":"https:\/\/dmcsrb.com\/en\/politika\/djeljosaj-jos-jedan-poraz-milatovica\/#primaryimage"},"image":{"@id":"https:\/\/dmcsrb.com\/en\/politika\/djeljosaj-jos-jedan-poraz-milatovica\/#primaryimage"},"thumbnailUrl":"https:\/\/dmcsrb.com\/wp-content\/uploads\/2026\/01\/Nik-DJeljosaj-foto-Vlada-CG.jpg","datePublished":"2025-10-13T16:53:00+00:00","author":{"@id":"https:\/\/dmcsrb.com\/#\/schema\/person\/5c39170f12db1b8b457732d0b5c854e2"},"breadcrumb":{"@id":"https:\/\/dmcsrb.com\/en\/politika\/djeljosaj-jos-jedan-poraz-milatovica\/#breadcrumb"},"inLanguage":"en-GB","potentialAction":[{"@type":"ReadAction","target":["https:\/\/dmcsrb.com\/en\/politika\/djeljosaj-jos-jedan-poraz-milatovica\/"]}]},{"@type":"ImageObject","inLanguage":"en-GB","@id":"https:\/\/dmcsrb.com\/en\/politika\/djeljosaj-jos-jedan-poraz-milatovica\/#primaryimage","url":"https:\/\/dmcsrb.com\/wp-content\/uploads\/2026\/01\/Nik-DJeljosaj-foto-Vlada-CG.jpg","contentUrl":"https:\/\/dmcsrb.com\/wp-content\/uploads\/2026\/01\/Nik-DJeljosaj-foto-Vlada-CG.jpg","width":935,"height":579},{"@type":"BreadcrumbList","@id":"https:\/\/dmcsrb.com\/en\/politika\/djeljosaj-jos-jedan-poraz-milatovica\/#breadcrumb","itemListElement":[{"@type":"ListItem","position":1,"name":"Home","item":"https:\/\/dmcsrb.com\/"},{"@type":"ListItem","position":2,"name":"\u0110eljo\u0161aj: Jo\u0161 jedan poraz Milatovi\u0107a"}]},{"@type":"WebSite","@id":"https:\/\/dmcsrb.com\/#website","url":"https:\/\/dmcsrb.com\/","name":"dmcsrb.com","description":"","potentialAction":[{"@type":"SearchAction","target":{"@type":"EntryPoint","urlTemplate":"https:\/\/dmcsrb.com\/?s={search_term_string}"},"query-input":{"@type":"PropertyValueSpecification","valueRequired":true,"valueName":"search_term_string"}}],"inLanguage":"en-GB"},{"@type":"Person","@id":"https:\/\/dmcsrb.com\/#\/schema\/person\/5c39170f12db1b8b457732d0b5c854e2","name":"dmcsrbija.com@gmail.com","image":{"@type":"ImageObject","inLanguage":"en-GB","@id":"https:\/\/secure.gravatar.com\/avatar\/68592660ad6347fad0fb587f8d5d8f1a7b44961362f56e4f2cd524feb87e9069?s=96&d=mm&r=g","url":"https:\/\/secure.gravatar.com\/avatar\/68592660ad6347fad0fb587f8d5d8f1a7b44961362f56e4f2cd524feb87e9069?s=96&d=mm&r=g","contentUrl":"https:\/\/secure.gravatar.com\/avatar\/68592660ad6347fad0fb587f8d5d8f1a7b44961362f56e4f2cd524feb87e9069?s=96&d=mm&r=g","caption":"dmcsrbija.com@gmail.com"},"sameAs":["https:\/\/dmcsrb.com"],"url":"https:\/\/dmcsrb.com\/en\/author\/dmcsrbija-comgmail-com\/"}]}},"_links":{"self":[{"href":"https:\/\/dmcsrb.com\/en\/wp-json\/wp\/v2\/posts\/957597","targetHints":{"allow":["GET"]}}],"collection":[{"href":"https:\/\/dmcsrb.com\/en\/wp-json\/wp\/v2\/posts"}],"about":[{"href":"https:\/\/dmcsrb.com\/en\/wp-json\/wp\/v2\/types\/post"}],"author":[{"embeddable":true,"href":"https:\/\/dmcsrb.com\/en\/wp-json\/wp\/v2\/users\/1"}],"replies":[{"embeddable":true,"href":"https:\/\/dmcsrb.com\/en\/wp-json\/wp\/v2\/comments?post=957597"}],"version-history":[{"count":0,"href":"https:\/\/dmcsrb.com\/en\/wp-json\/wp\/v2\/posts\/957597\/revisions"}],"wp:featuredmedia":[{"embeddable":true,"href":"https:\/\/dmcsrb.com\/en\/wp-json\/wp\/v2\/media\/909971"}],"wp:attachment":[{"href":"https:\/\/dmcsrb.com\/en\/wp-json\/wp\/v2\/media?parent=957597"}],"wp:term":[{"taxonomy":"category","embeddable":true,"href":"https:\/\/dmcsrb.com\/en\/wp-json\/wp\/v2\/categories?post=957597"},{"taxonomy":"post_tag","embeddable":true,"href":"https:\/\/dmcsrb.com\/en\/wp-json\/wp\/v2\/tags?post=957597"},{"taxonomy":"naslovna","embeddable":true,"href":"https:\/\/dmcsrb.com\/en\/wp-json\/wp\/v2\/naslovna?post=957597"}],"curies":[{"name":"wp","href":"https:\/\/api.w.org\/{rel}","templated":true}]}}