{"id":957554,"date":"2025-10-13T14:19:00","date_gmt":"2025-10-13T12:19:00","guid":{"rendered":"https:\/\/dmcsrb.com\/uncategorized\/belan-parlamentarnoj-vecini-voda-dosla-do-nosa\/"},"modified":"2025-10-13T14:19:00","modified_gmt":"2025-10-13T12:19:00","slug":"belan-parlamentarnoj-vecini-voda-dosla-do-nosa","status":"publish","type":"post","link":"https:\/\/dmcsrb.com\/en\/politika\/belan-parlamentarnoj-vecini-voda-dosla-do-nosa\/","title":{"rendered":"Belan: Parlamentarnoj ve\u0107ini voda do\u0161la do nosa"},"content":{"rendered":"<p><\/p>\n\n\n\n<p>\u201eSada im je pred dolazak predsjednice Evropske komisije Ursule fon der Lajen \u201evoda do\u0161la do nosa\u201c i po ko zna koji put moraju se \u201eprodati\u201c kao proevropski politi\u010dari\u201c, kazao je Belan.&nbsp;<\/p>\n\n\n\n<p>Optu\u017ebe da opozicija time \u0161to ne \u017eeli glasati za kandidate za sudije Ustavnog suda koje name\u0107e parlamentarna ve\u0107ina opstruira izvr\u0161enje obaveza iz EU agende Belan vidi kao \u201e\u010disti politi\u010dki bezobrazluk\u201c.&nbsp;<\/p>\n\n\n\n<p>Belan je kazao da se aktuelni momenat sa predlaganjem dva kandidata ne mo\u017ee posmatrati izolovano, ve\u0107 kao dio ukupne destrukcije koju proizvodi parlamentarna ve\u0107ina, a \u010diji su elementi i protiv ustavno penzionisanje sutkinje \u0110uranovi\u0107, odugovla\u010denje izbora sudije nakon prestanka funkcije sudiji Gogi\u0107u, izbjegavanje da na dnevni red Skup\u0161tine uop\u0161te i do\u0111e glasanje o kandidatkinji koju je predlo\u017eio predsjednik Milatovi\u0107. Opozicija je upravo zarad EU agende u svemu tome bila i suvi\u0161e konstruktivna i strpljiva.&nbsp;<\/p>\n\n\n\n<p>Komentari\u0161u\u0107i nedavna hap\u0161enja i predmete SDT Belan je kazao da djelovi optu\u017ebe u kojima se pojedinim nezavisnim medijima na teret stavlja da su dio organizovane kriminalne grupe moraju izazvati sumnju.&nbsp;<\/p>\n\n\n\n<p>\u201eNaredba za istragu uklju\u010duje isklju\u010divo medije koji nisu bili medijska poluga litija\u0161ke revolucije i koji nisu na linijama podr\u0161ke politikama vlada od 2020, na na\u010din kako \u201eavgustovci\u201c to \u017eele. I uva\u017eeni pravnici tvrde da je SDT ovim u\u0161ao na veoma klizav teren koji mo\u017ee negativno uticati na dalje procese demokratizacije crnogorskog dru\u0161tva, obezbje\u0111ivanja slobode i nezavisnosti medija, slobode govora i ukupno ljudskih prava\u201c, kazao je Belan.&nbsp;<\/p>\n\n\n\n<p>Kazao je da se privode takozvani mimeri samo sa opozicionog pola politi\u010dke scene i podsjetio da su \u201emim grupe\u201c bile tako\u0111e jedna od va\u017enih poluga litija\u0161ke revolucije i promjena 2020.&nbsp;<\/p>\n\n\n\n<p>\u201eDa SDT \u017eeli zaista da se obra\u010duna sa kriminalnim uticajem na medije u Crnoj Gori, ako ga je identifikovao, kako to da se taj uticaj nalazi isklju\u010divo kod medija koji se kriti\u010dki odnose prema \u201eavgustovskim\u201c vladama, a ne i kod medija koji kontinuirano promovi\u0161u govor mr\u017enje, \u0161ovinizam, fa\u0161izam, targetiraju gra\u0111ane i funkcionere gra\u0111anske, proevropske i suverenisti\u010dke orijentacije\u201c, naveo je Belan.&nbsp;<\/p>\n\n\n\n<p>Ako uzmemo matricu koju je SDT postavio, Belan je za primjer uzeo slu\u010daj sa Belvedera iz 2022. godine kada je Javni servis objavio da je pucano na policiju.&nbsp;<\/p>\n\n\n\n<p>\u201eZa\u0161to je ve\u0107 pro\u0161lo \u010detiri godine da osoba ili grupa koja je pucala nije uhap\u0161ena, a ako takvih nema onda je vijest bila la\u017ena i opravdano je da se pitamo ko iza takve vijesti stoji i da li je tu postojala odre\u0111ena grupa koja je informaciju izmislila, organizovano plasirala u etar na Javnom servisu i sa kojim ciljem\u201c, zaklju\u010dio je Belan.<\/p>\n\n\n\n<p><\/p>","protected":false},"excerpt":{"rendered":"<p>Predsjednik Liberalne partije i jedan od lidera Evropskog saveza, Vatroslav Belan, je u emisiji Link na RTCG kazao da je vladaju\u0107a parlamentarna ve\u0107ina svjesno i sa namjerom dovela Ustavni sud u stanje nefunkcionalnosti.\u00a0<\/p>","protected":false},"author":1,"featured_media":957555,"comment_status":"open","ping_status":"open","sticky":false,"template":"","format":"standard","meta":{"_acf_changed":false,"footnotes":""},"categories":[12],"tags":[10417,2847],"naslovna":[],"class_list":["post-957554","post","type-post","status-publish","format-standard","has-post-thumbnail","hentry","category-politika","tag-parlamentarna-vecina","tag-vatroslav-belan"],"acf":[],"yoast_head":"<!-- This site is optimized with the Yoast SEO plugin v27.4 - https:\/\/yoast.com\/product\/yoast-seo-wordpress\/ -->\n<title>Belan: Parlamentarnoj ve\u0107ini voda do\u0161la do nosa - dmcsrb.com<\/title>\n<meta name=\"robots\" content=\"index, follow, max-snippet:-1, max-image-preview:large, max-video-preview:-1\" \/>\n<link rel=\"canonical\" href=\"https:\/\/dmcsrb.com\/en\/politika\/belan-parlamentarnoj-vecini-voda-dosla-do-nosa\/\" \/>\n<meta property=\"og:locale\" content=\"en_GB\" \/>\n<meta property=\"og:type\" content=\"article\" \/>\n<meta property=\"og:title\" content=\"Belan: Parlamentarnoj ve\u0107ini voda do\u0161la do nosa - dmcsrb.com\" \/>\n<meta property=\"og:description\" content=\"Predsjednik Liberalne partije i jedan od lidera Evropskog saveza, Vatroslav Belan, je u emisiji Link na RTCG kazao da je vladaju\u0107a parlamentarna ve\u0107ina svjesno i sa namjerom dovela Ustavni sud u stanje nefunkcionalnosti.\u00a0\" \/>\n<meta property=\"og:url\" content=\"https:\/\/dmcsrb.com\/en\/politika\/belan-parlamentarnoj-vecini-voda-dosla-do-nosa\/\" \/>\n<meta property=\"og:site_name\" content=\"dmcsrb.com\" \/>\n<meta property=\"article:published_time\" content=\"2025-10-13T12:19:00+00:00\" \/>\n<meta property=\"og:image\" content=\"https:\/\/dmcsrb.com\/wp-content\/uploads\/2026\/01\/Belan.webp\" \/>\n\t<meta property=\"og:image:width\" content=\"921\" \/>\n\t<meta property=\"og:image:height\" content=\"463\" \/>\n\t<meta property=\"og:image:type\" content=\"image\/jpeg\" \/>\n<meta name=\"author\" content=\"dmcsrbija.com@gmail.com\" \/>\n<meta name=\"twitter:card\" content=\"summary_large_image\" \/>\n<meta name=\"twitter:label1\" content=\"Written by\" \/>\n\t<meta name=\"twitter:data1\" content=\"dmcsrbija.com@gmail.com\" \/>\n\t<meta name=\"twitter:label2\" content=\"Estimated reading time\" \/>\n\t<meta name=\"twitter:data2\" content=\"2 minutes\" \/>\n<script type=\"application\/ld+json\" class=\"yoast-schema-graph\">{\"@context\":\"https:\\\/\\\/schema.org\",\"@graph\":[{\"@type\":\"Article\",\"@id\":\"https:\\\/\\\/dmcsrb.com\\\/politika\\\/belan-parlamentarnoj-vecini-voda-dosla-do-nosa\\\/#article\",\"isPartOf\":{\"@id\":\"https:\\\/\\\/dmcsrb.com\\\/politika\\\/belan-parlamentarnoj-vecini-voda-dosla-do-nosa\\\/\"},\"author\":{\"name\":\"dmcsrbija.com@gmail.com\",\"@id\":\"https:\\\/\\\/dmcsrb.com\\\/#\\\/schema\\\/person\\\/5c39170f12db1b8b457732d0b5c854e2\"},\"headline\":\"Belan: Parlamentarnoj ve\u0107ini voda do\u0161la do nosa\",\"datePublished\":\"2025-10-13T12:19:00+00:00\",\"mainEntityOfPage\":{\"@id\":\"https:\\\/\\\/dmcsrb.com\\\/politika\\\/belan-parlamentarnoj-vecini-voda-dosla-do-nosa\\\/\"},\"wordCount\":474,\"commentCount\":0,\"image\":{\"@id\":\"https:\\\/\\\/dmcsrb.com\\\/politika\\\/belan-parlamentarnoj-vecini-voda-dosla-do-nosa\\\/#primaryimage\"},\"thumbnailUrl\":\"https:\\\/\\\/dmcsrb.com\\\/wp-content\\\/uploads\\\/2026\\\/01\\\/Belan.webp\",\"keywords\":[\"parlamentarna ve\u0107ina\",\"Vatroslav Belan\"],\"articleSection\":[\"Politika\"],\"inLanguage\":\"en-GB\",\"potentialAction\":[{\"@type\":\"CommentAction\",\"name\":\"Comment\",\"target\":[\"https:\\\/\\\/dmcsrb.com\\\/politika\\\/belan-parlamentarnoj-vecini-voda-dosla-do-nosa\\\/#respond\"]}]},{\"@type\":\"WebPage\",\"@id\":\"https:\\\/\\\/dmcsrb.com\\\/politika\\\/belan-parlamentarnoj-vecini-voda-dosla-do-nosa\\\/\",\"url\":\"https:\\\/\\\/dmcsrb.com\\\/politika\\\/belan-parlamentarnoj-vecini-voda-dosla-do-nosa\\\/\",\"name\":\"Belan: Parlamentarnoj ve\u0107ini voda do\u0161la do nosa - dmcsrb.com\",\"isPartOf\":{\"@id\":\"https:\\\/\\\/dmcsrb.com\\\/#website\"},\"primaryImageOfPage\":{\"@id\":\"https:\\\/\\\/dmcsrb.com\\\/politika\\\/belan-parlamentarnoj-vecini-voda-dosla-do-nosa\\\/#primaryimage\"},\"image\":{\"@id\":\"https:\\\/\\\/dmcsrb.com\\\/politika\\\/belan-parlamentarnoj-vecini-voda-dosla-do-nosa\\\/#primaryimage\"},\"thumbnailUrl\":\"https:\\\/\\\/dmcsrb.com\\\/wp-content\\\/uploads\\\/2026\\\/01\\\/Belan.webp\",\"datePublished\":\"2025-10-13T12:19:00+00:00\",\"author\":{\"@id\":\"https:\\\/\\\/dmcsrb.com\\\/#\\\/schema\\\/person\\\/5c39170f12db1b8b457732d0b5c854e2\"},\"breadcrumb\":{\"@id\":\"https:\\\/\\\/dmcsrb.com\\\/politika\\\/belan-parlamentarnoj-vecini-voda-dosla-do-nosa\\\/#breadcrumb\"},\"inLanguage\":\"en-GB\",\"potentialAction\":[{\"@type\":\"ReadAction\",\"target\":[\"https:\\\/\\\/dmcsrb.com\\\/politika\\\/belan-parlamentarnoj-vecini-voda-dosla-do-nosa\\\/\"]}]},{\"@type\":\"ImageObject\",\"inLanguage\":\"en-GB\",\"@id\":\"https:\\\/\\\/dmcsrb.com\\\/politika\\\/belan-parlamentarnoj-vecini-voda-dosla-do-nosa\\\/#primaryimage\",\"url\":\"https:\\\/\\\/dmcsrb.com\\\/wp-content\\\/uploads\\\/2026\\\/01\\\/Belan.webp\",\"contentUrl\":\"https:\\\/\\\/dmcsrb.com\\\/wp-content\\\/uploads\\\/2026\\\/01\\\/Belan.webp\",\"width\":921,\"height\":463},{\"@type\":\"BreadcrumbList\",\"@id\":\"https:\\\/\\\/dmcsrb.com\\\/politika\\\/belan-parlamentarnoj-vecini-voda-dosla-do-nosa\\\/#breadcrumb\",\"itemListElement\":[{\"@type\":\"ListItem\",\"position\":1,\"name\":\"Home\",\"item\":\"https:\\\/\\\/dmcsrb.com\\\/\"},{\"@type\":\"ListItem\",\"position\":2,\"name\":\"Belan: Parlamentarnoj ve\u0107ini voda do\u0161la do nosa\"}]},{\"@type\":\"WebSite\",\"@id\":\"https:\\\/\\\/dmcsrb.com\\\/#website\",\"url\":\"https:\\\/\\\/dmcsrb.com\\\/\",\"name\":\"dmcsrb.com\",\"description\":\"\",\"potentialAction\":[{\"@type\":\"SearchAction\",\"target\":{\"@type\":\"EntryPoint\",\"urlTemplate\":\"https:\\\/\\\/dmcsrb.com\\\/?s={search_term_string}\"},\"query-input\":{\"@type\":\"PropertyValueSpecification\",\"valueRequired\":true,\"valueName\":\"search_term_string\"}}],\"inLanguage\":\"en-GB\"},{\"@type\":\"Person\",\"@id\":\"https:\\\/\\\/dmcsrb.com\\\/#\\\/schema\\\/person\\\/5c39170f12db1b8b457732d0b5c854e2\",\"name\":\"dmcsrbija.com@gmail.com\",\"image\":{\"@type\":\"ImageObject\",\"inLanguage\":\"en-GB\",\"@id\":\"https:\\\/\\\/secure.gravatar.com\\\/avatar\\\/68592660ad6347fad0fb587f8d5d8f1a7b44961362f56e4f2cd524feb87e9069?s=96&d=mm&r=g\",\"url\":\"https:\\\/\\\/secure.gravatar.com\\\/avatar\\\/68592660ad6347fad0fb587f8d5d8f1a7b44961362f56e4f2cd524feb87e9069?s=96&d=mm&r=g\",\"contentUrl\":\"https:\\\/\\\/secure.gravatar.com\\\/avatar\\\/68592660ad6347fad0fb587f8d5d8f1a7b44961362f56e4f2cd524feb87e9069?s=96&d=mm&r=g\",\"caption\":\"dmcsrbija.com@gmail.com\"},\"sameAs\":[\"https:\\\/\\\/dmcsrb.com\"],\"url\":\"https:\\\/\\\/dmcsrb.com\\\/en\\\/author\\\/dmcsrbija-comgmail-com\\\/\"}]}<\/script>\n<!-- \/ Yoast SEO plugin. -->","yoast_head_json":{"title":"Belan: Parlamentarnoj ve\u0107ini voda do\u0161la do nosa - dmcsrb.com","robots":{"index":"index","follow":"follow","max-snippet":"max-snippet:-1","max-image-preview":"max-image-preview:large","max-video-preview":"max-video-preview:-1"},"canonical":"https:\/\/dmcsrb.com\/en\/politika\/belan-parlamentarnoj-vecini-voda-dosla-do-nosa\/","og_locale":"en_GB","og_type":"article","og_title":"Belan: Parlamentarnoj ve\u0107ini voda do\u0161la do nosa - dmcsrb.com","og_description":"Predsjednik Liberalne partije i jedan od lidera Evropskog saveza, Vatroslav Belan, je u emisiji Link na RTCG kazao da je vladaju\u0107a parlamentarna ve\u0107ina svjesno i sa namjerom dovela Ustavni sud u stanje nefunkcionalnosti.\u00a0","og_url":"https:\/\/dmcsrb.com\/en\/politika\/belan-parlamentarnoj-vecini-voda-dosla-do-nosa\/","og_site_name":"dmcsrb.com","article_published_time":"2025-10-13T12:19:00+00:00","og_image":[{"width":921,"height":463,"url":"https:\/\/dmcsrb.com\/wp-content\/uploads\/2026\/01\/Belan.webp","type":"image\/jpeg"}],"author":"dmcsrbija.com@gmail.com","twitter_card":"summary_large_image","twitter_misc":{"Written by":"dmcsrbija.com@gmail.com","Estimated reading time":"2 minutes"},"schema":{"@context":"https:\/\/schema.org","@graph":[{"@type":"Article","@id":"https:\/\/dmcsrb.com\/politika\/belan-parlamentarnoj-vecini-voda-dosla-do-nosa\/#article","isPartOf":{"@id":"https:\/\/dmcsrb.com\/politika\/belan-parlamentarnoj-vecini-voda-dosla-do-nosa\/"},"author":{"name":"dmcsrbija.com@gmail.com","@id":"https:\/\/dmcsrb.com\/#\/schema\/person\/5c39170f12db1b8b457732d0b5c854e2"},"headline":"Belan: Parlamentarnoj ve\u0107ini voda do\u0161la do nosa","datePublished":"2025-10-13T12:19:00+00:00","mainEntityOfPage":{"@id":"https:\/\/dmcsrb.com\/politika\/belan-parlamentarnoj-vecini-voda-dosla-do-nosa\/"},"wordCount":474,"commentCount":0,"image":{"@id":"https:\/\/dmcsrb.com\/politika\/belan-parlamentarnoj-vecini-voda-dosla-do-nosa\/#primaryimage"},"thumbnailUrl":"https:\/\/dmcsrb.com\/wp-content\/uploads\/2026\/01\/Belan.webp","keywords":["parlamentarna ve\u0107ina","Vatroslav Belan"],"articleSection":["Politika"],"inLanguage":"en-GB","potentialAction":[{"@type":"CommentAction","name":"Comment","target":["https:\/\/dmcsrb.com\/politika\/belan-parlamentarnoj-vecini-voda-dosla-do-nosa\/#respond"]}]},{"@type":"WebPage","@id":"https:\/\/dmcsrb.com\/politika\/belan-parlamentarnoj-vecini-voda-dosla-do-nosa\/","url":"https:\/\/dmcsrb.com\/politika\/belan-parlamentarnoj-vecini-voda-dosla-do-nosa\/","name":"Belan: Parlamentarnoj ve\u0107ini voda do\u0161la do nosa - dmcsrb.com","isPartOf":{"@id":"https:\/\/dmcsrb.com\/#website"},"primaryImageOfPage":{"@id":"https:\/\/dmcsrb.com\/politika\/belan-parlamentarnoj-vecini-voda-dosla-do-nosa\/#primaryimage"},"image":{"@id":"https:\/\/dmcsrb.com\/politika\/belan-parlamentarnoj-vecini-voda-dosla-do-nosa\/#primaryimage"},"thumbnailUrl":"https:\/\/dmcsrb.com\/wp-content\/uploads\/2026\/01\/Belan.webp","datePublished":"2025-10-13T12:19:00+00:00","author":{"@id":"https:\/\/dmcsrb.com\/#\/schema\/person\/5c39170f12db1b8b457732d0b5c854e2"},"breadcrumb":{"@id":"https:\/\/dmcsrb.com\/politika\/belan-parlamentarnoj-vecini-voda-dosla-do-nosa\/#breadcrumb"},"inLanguage":"en-GB","potentialAction":[{"@type":"ReadAction","target":["https:\/\/dmcsrb.com\/politika\/belan-parlamentarnoj-vecini-voda-dosla-do-nosa\/"]}]},{"@type":"ImageObject","inLanguage":"en-GB","@id":"https:\/\/dmcsrb.com\/politika\/belan-parlamentarnoj-vecini-voda-dosla-do-nosa\/#primaryimage","url":"https:\/\/dmcsrb.com\/wp-content\/uploads\/2026\/01\/Belan.webp","contentUrl":"https:\/\/dmcsrb.com\/wp-content\/uploads\/2026\/01\/Belan.webp","width":921,"height":463},{"@type":"BreadcrumbList","@id":"https:\/\/dmcsrb.com\/politika\/belan-parlamentarnoj-vecini-voda-dosla-do-nosa\/#breadcrumb","itemListElement":[{"@type":"ListItem","position":1,"name":"Home","item":"https:\/\/dmcsrb.com\/"},{"@type":"ListItem","position":2,"name":"Belan: Parlamentarnoj ve\u0107ini voda do\u0161la do nosa"}]},{"@type":"WebSite","@id":"https:\/\/dmcsrb.com\/#website","url":"https:\/\/dmcsrb.com\/","name":"dmcsrb.com","description":"","potentialAction":[{"@type":"SearchAction","target":{"@type":"EntryPoint","urlTemplate":"https:\/\/dmcsrb.com\/?s={search_term_string}"},"query-input":{"@type":"PropertyValueSpecification","valueRequired":true,"valueName":"search_term_string"}}],"inLanguage":"en-GB"},{"@type":"Person","@id":"https:\/\/dmcsrb.com\/#\/schema\/person\/5c39170f12db1b8b457732d0b5c854e2","name":"dmcsrbija.com@gmail.com","image":{"@type":"ImageObject","inLanguage":"en-GB","@id":"https:\/\/secure.gravatar.com\/avatar\/68592660ad6347fad0fb587f8d5d8f1a7b44961362f56e4f2cd524feb87e9069?s=96&d=mm&r=g","url":"https:\/\/secure.gravatar.com\/avatar\/68592660ad6347fad0fb587f8d5d8f1a7b44961362f56e4f2cd524feb87e9069?s=96&d=mm&r=g","contentUrl":"https:\/\/secure.gravatar.com\/avatar\/68592660ad6347fad0fb587f8d5d8f1a7b44961362f56e4f2cd524feb87e9069?s=96&d=mm&r=g","caption":"dmcsrbija.com@gmail.com"},"sameAs":["https:\/\/dmcsrb.com"],"url":"https:\/\/dmcsrb.com\/en\/author\/dmcsrbija-comgmail-com\/"}]}},"_links":{"self":[{"href":"https:\/\/dmcsrb.com\/en\/wp-json\/wp\/v2\/posts\/957554","targetHints":{"allow":["GET"]}}],"collection":[{"href":"https:\/\/dmcsrb.com\/en\/wp-json\/wp\/v2\/posts"}],"about":[{"href":"https:\/\/dmcsrb.com\/en\/wp-json\/wp\/v2\/types\/post"}],"author":[{"embeddable":true,"href":"https:\/\/dmcsrb.com\/en\/wp-json\/wp\/v2\/users\/1"}],"replies":[{"embeddable":true,"href":"https:\/\/dmcsrb.com\/en\/wp-json\/wp\/v2\/comments?post=957554"}],"version-history":[{"count":0,"href":"https:\/\/dmcsrb.com\/en\/wp-json\/wp\/v2\/posts\/957554\/revisions"}],"wp:featuredmedia":[{"embeddable":true,"href":"https:\/\/dmcsrb.com\/en\/wp-json\/wp\/v2\/media\/957555"}],"wp:attachment":[{"href":"https:\/\/dmcsrb.com\/en\/wp-json\/wp\/v2\/media?parent=957554"}],"wp:term":[{"taxonomy":"category","embeddable":true,"href":"https:\/\/dmcsrb.com\/en\/wp-json\/wp\/v2\/categories?post=957554"},{"taxonomy":"post_tag","embeddable":true,"href":"https:\/\/dmcsrb.com\/en\/wp-json\/wp\/v2\/tags?post=957554"},{"taxonomy":"naslovna","embeddable":true,"href":"https:\/\/dmcsrb.com\/en\/wp-json\/wp\/v2\/naslovna?post=957554"}],"curies":[{"name":"wp","href":"https:\/\/api.w.org\/{rel}","templated":true}]}}