{"id":957530,"date":"2025-10-13T12:11:00","date_gmt":"2025-10-13T10:11:00","guid":{"rendered":"https:\/\/dmcsrb.com\/uncategorized\/kovacevic-cvrsto-vjerujem-da-ce-niksic-dobiti-titulu-evropske-prestonice-kulture-2030\/"},"modified":"2025-10-13T12:11:00","modified_gmt":"2025-10-13T10:11:00","slug":"kovacevic-cvrsto-vjerujem-da-ce-niksic-dobiti-titulu-evropske-prestonice-kulture-2030","status":"publish","type":"post","link":"https:\/\/dmcsrb.com\/en\/drustvo\/kovacevic-cvrsto-vjerujem-da-ce-niksic-dobiti-titulu-evropske-prestonice-kulture-2030\/","title":{"rendered":"Kova\u010devi\u0107: \u010cvrsto vjerujem da \u0107e Nik\u0161i\u0107 dobiti titulu Evropske prestonice kulture 2030."},"content":{"rendered":"<p><\/p>\n\n\n\n<p><\/p>\n\n\n\n<p><\/p>\n\n\n\n<p>Sagovornici su razgovarali na temu \u201eKapacitet za realizaciju projekta Nik\u0161i\u0107 2030 \u2014 Evropska prestonica kulture \u2014 politi\u010dka, institucionalna i finansijska odr\u017eivost i nacionalna relevantnost projekta\u201c, \u010diji je cilj demonstracija politi\u010dke, institucionalne i infrastrukturne odr\u017eivosti tog zna\u010dajnog projekta.<\/p>\n\n\n\n<p>Nakon okruglog stola odr\u017eana je, kako ka\u017eu, pres-konferencija za medije, sa koje je predsjednik Kova\u010devi\u0107 poru\u010dio da o\u010dekuje da \u0107e nakon 20. oktobra iz Brisela donijeti lijepu vijest u na\u0161 grad \u2014 da Nik\u0161i\u0107 ponese tu presti\u017enu titulu.<\/p>\n\n\n\n<p>\u201eDanas se nalazimo u Domu digitalne revolucije, koji smo nedavno otvorili, a planiramo i nove infrastrukturne projekte poput nau\u010dno-tehnolo\u0161kog distrikta. Svi ti projekti \u010dine mozaik na\u0161e kandidature za Evropsku prijestonicu kulture, i mi se sada nalazimo u zavr\u0161noj fazi tog procesa. Kada smo krenuli u \u010ditav ovaj projekat, \u017eeljeli smo da imamo ovakve infrastrukturne projekte, jer ono \u0161to Nik\u0161i\u0107 dobija iz ovoga procesa kandidature ne\u0107e zavisiti od same \u010dinjenice da li \u0107emo dobiti tu titulu ili ne. Ja ipak o\u010dekujem da \u0107emo dobiti titulu, a mi \u0107emo one infrastrukturne projekte i ideje do kojih smo do\u0161li u ovom procesu kandidature realizovati u narednom periodu, jer \u0107e to biti kruna jednog dobrog rada\u201c, istakao je Kova\u010devi\u0107.<\/p>\n\n\n\n<p>Predsjednik Skup\u0161tine Crne Gore&nbsp;<strong>Andrija Mandi\u0107<\/strong>&nbsp;je naglasio da je po\u010da\u0161\u0107en \u0161to je vodio razgovor sa predstavnicima Evropske komisije i \u010destitao predsjedniku Kova\u010devi\u0107u i njegovom timu na ovako sjajnoj ideji.<\/p>\n\n\n\n<p>\u201eZa nedjelju dana \u0107e se donijeti odluka, koja ne zna\u010di samo za ovu op\u0161tinu ve\u0107 i za cijelu Crnu Goru, i to je veliki uspjeh i veliki iskorak. \u010cvrsto vjerujem da \u0107e Nik\u0161i\u0107 dobiti titulu Evropske prijestonice kulture 2030. godine. Pokazali smo potpunu podr\u0161ku ovom projektu \u2014 od zakonodavnog doma i Vlade Crne Gore, preko najve\u0107ih kompanija, do lokalne samouprave koja nosi ovaj posao, i za o\u010dekivanje je da budemo uspje\u0161ni. Na\u0161oj ekipi koja ide u Brisel \u017eelim da se vrate slavljeni\u010dki, sa lijepim vijestima \u2014 da smo dobili ne\u0161to \u0161to Nik\u0161i\u0107u pripada\u201c, naveo je Mandi\u0107.<\/p>\n\n\n\n<p>Na pres-konferenciji su se obratile i ministarka kulture i medija&nbsp;<strong>Tamara Vujovi\u0107<\/strong>&nbsp;i predsjednica SO<strong>&nbsp;Milica Lalatovi\u0107 \u017di\u017ei\u0107<\/strong>.<\/p>\n\n\n\n<p>Me\u0111u prisutnima na okruglom stolu uo\u010di pres-konferencije bili su predsjednik Skup\u0161tine Crne Gore Andrija Mandi\u0107, potpredsjednik Vlade Crne Gore za obrazovanje, nauku i odnose sa vjerskim pitanjima&nbsp;<strong>Budimir Aleksi\u0107<\/strong>, ministarka evropskih poslova&nbsp;<strong>Maida Gor\u010devi\u0107<\/strong>, ministarka kulture i medija Tamara Vujovi\u0107, savjetnica predsjednika Crne Gore za kulturu i protokol<strong>&nbsp;Milena Pejovi\u0107 Erakovi\u0107<\/strong>, rektor Univerziteta Crne Gore&nbsp;<strong>Vladimir Bo\u017eovi\u0107,<\/strong>&nbsp;predsjednik Odbora direktora EPCG&nbsp;<strong>Milutin \u0110ukanovi\u0107<\/strong>, izvr\u0161ni direktor EPCG&nbsp;<strong>Ivan Bulatovi\u0107<\/strong>, predsjednica Skup\u0161tine op\u0161tine Nik\u0161i\u0107 Milica Lalatovi\u0107 \u017di\u017ei\u0107, savjetnik predsjednika Op\u0161tine Nik\u0161i\u0107&nbsp;<strong>Miljan Miju\u0161kovi\u0107<\/strong>&nbsp;i direktor Inovaciono-preduzetni\u010dkog centra \u201eTehnopolis\u201c&nbsp;<strong>\u0110or\u0111ije Malovi\u0107<\/strong>.<\/p>\n\n\n\n<p>Predstavnicima Evropske komisije predstavljena je prezentacija infrastrukturnih projekata planiranih u okviru projekta Nik\u0161i\u0107 2030 \u2014 Evropska prijestonica kulture, kao i najzna\u010dajnijih kulturnih i istorijskih dobara, me\u0111u kojima se isti\u010du Saborni hram Svetog Vasilija Ostro\u0161kog, Dvorac kralja Nikole i gradska tvr\u0111ava Bedem, dok su zvanice iz na\u0161e zemlje obi\u0161le pomenute lokalitete.<\/p>","protected":false},"excerpt":{"rendered":"<p>Predsjednik Op\u0161tine Nik\u0161i\u0107\u00a0Marko Kova\u010devi\u0107\u00a0bio je doma\u0107in okruglog stola povodom kandidature Nik\u0161i\u0107a za Evropsku prijestonicu kulture za 2030. godinu, saop\u0161teno je iz Op\u0161tine Nik\u0161i\u0107. Predstavnici Evropske komisije, navode, u\u010destvovali su onlajn, a sastanku su prisustvovale brojne dr\u017eavne zvanice iz Crne Gore, daju\u0107i podr\u0161ku Nik\u0161i\u0107u u borbi za tu presti\u017enu titulu.<\/p>","protected":false},"author":1,"featured_media":957531,"comment_status":"open","ping_status":"open","sticky":false,"template":"","format":"standard","meta":{"_acf_changed":false,"footnotes":""},"categories":[2],"tags":[1751,491],"naslovna":[],"class_list":["post-957530","post","type-post","status-publish","format-standard","has-post-thumbnail","hentry","category-drustvo","tag-evropska-prestonica-kulture","tag-niksic-4"],"acf":[],"yoast_head":"<!-- This site is optimized with the Yoast SEO plugin v27.4 - https:\/\/yoast.com\/product\/yoast-seo-wordpress\/ -->\n<title>Kova\u010devi\u0107: \u010cvrsto vjerujem da \u0107e Nik\u0161i\u0107 dobiti titulu Evropske prestonice kulture 2030. - dmcsrb.com<\/title>\n<meta name=\"robots\" content=\"index, follow, max-snippet:-1, max-image-preview:large, max-video-preview:-1\" \/>\n<link rel=\"canonical\" href=\"https:\/\/dmcsrb.com\/en\/drustvo\/kovacevic-cvrsto-vjerujem-da-ce-niksic-dobiti-titulu-evropske-prestonice-kulture-2030\/\" \/>\n<meta property=\"og:locale\" content=\"en_GB\" \/>\n<meta property=\"og:type\" content=\"article\" \/>\n<meta property=\"og:title\" content=\"Kova\u010devi\u0107: \u010cvrsto vjerujem da \u0107e Nik\u0161i\u0107 dobiti titulu Evropske prestonice kulture 2030. - dmcsrb.com\" \/>\n<meta property=\"og:description\" content=\"Predsjednik Op\u0161tine Nik\u0161i\u0107\u00a0Marko Kova\u010devi\u0107\u00a0bio je doma\u0107in okruglog stola povodom kandidature Nik\u0161i\u0107a za Evropsku prijestonicu kulture za 2030. godinu, saop\u0161teno je iz Op\u0161tine Nik\u0161i\u0107. Predstavnici Evropske komisije, navode, u\u010destvovali su onlajn, a sastanku su prisustvovale brojne dr\u017eavne zvanice iz Crne Gore, daju\u0107i podr\u0161ku Nik\u0161i\u0107u u borbi za tu presti\u017enu titulu.\" \/>\n<meta property=\"og:url\" content=\"https:\/\/dmcsrb.com\/en\/drustvo\/kovacevic-cvrsto-vjerujem-da-ce-niksic-dobiti-titulu-evropske-prestonice-kulture-2030\/\" \/>\n<meta property=\"og:site_name\" content=\"dmcsrb.com\" \/>\n<meta property=\"article:published_time\" content=\"2025-10-13T10:11:00+00:00\" \/>\n<meta property=\"og:image\" content=\"https:\/\/dmcsrb.com\/wp-content\/uploads\/2026\/01\/ONK.webp\" \/>\n\t<meta property=\"og:image:width\" content=\"1000\" \/>\n\t<meta property=\"og:image:height\" content=\"555\" \/>\n\t<meta property=\"og:image:type\" content=\"image\/jpeg\" \/>\n<meta name=\"author\" content=\"dmcsrbija.com@gmail.com\" \/>\n<meta name=\"twitter:card\" content=\"summary_large_image\" \/>\n<meta name=\"twitter:label1\" content=\"Written by\" \/>\n\t<meta name=\"twitter:data1\" content=\"dmcsrbija.com@gmail.com\" \/>\n\t<meta name=\"twitter:label2\" content=\"Estimated reading time\" \/>\n\t<meta name=\"twitter:data2\" content=\"3 minutes\" \/>\n<script type=\"application\/ld+json\" class=\"yoast-schema-graph\">{\"@context\":\"https:\\\/\\\/schema.org\",\"@graph\":[{\"@type\":\"Article\",\"@id\":\"https:\\\/\\\/dmcsrb.com\\\/drustvo\\\/kovacevic-cvrsto-vjerujem-da-ce-niksic-dobiti-titulu-evropske-prestonice-kulture-2030\\\/#article\",\"isPartOf\":{\"@id\":\"https:\\\/\\\/dmcsrb.com\\\/drustvo\\\/kovacevic-cvrsto-vjerujem-da-ce-niksic-dobiti-titulu-evropske-prestonice-kulture-2030\\\/\"},\"author\":{\"name\":\"dmcsrbija.com@gmail.com\",\"@id\":\"https:\\\/\\\/dmcsrb.com\\\/#\\\/schema\\\/person\\\/5c39170f12db1b8b457732d0b5c854e2\"},\"headline\":\"Kova\u010devi\u0107: \u010cvrsto vjerujem da \u0107e Nik\u0161i\u0107 dobiti titulu Evropske prestonice kulture 2030.\",\"datePublished\":\"2025-10-13T10:11:00+00:00\",\"mainEntityOfPage\":{\"@id\":\"https:\\\/\\\/dmcsrb.com\\\/drustvo\\\/kovacevic-cvrsto-vjerujem-da-ce-niksic-dobiti-titulu-evropske-prestonice-kulture-2030\\\/\"},\"wordCount\":553,\"commentCount\":0,\"image\":{\"@id\":\"https:\\\/\\\/dmcsrb.com\\\/drustvo\\\/kovacevic-cvrsto-vjerujem-da-ce-niksic-dobiti-titulu-evropske-prestonice-kulture-2030\\\/#primaryimage\"},\"thumbnailUrl\":\"https:\\\/\\\/dmcsrb.com\\\/wp-content\\\/uploads\\\/2026\\\/01\\\/ONK.webp\",\"keywords\":[\"Evropska prestonica kulture\",\"Niksic\"],\"articleSection\":[\"Dru\u0161tvo\"],\"inLanguage\":\"en-GB\",\"potentialAction\":[{\"@type\":\"CommentAction\",\"name\":\"Comment\",\"target\":[\"https:\\\/\\\/dmcsrb.com\\\/drustvo\\\/kovacevic-cvrsto-vjerujem-da-ce-niksic-dobiti-titulu-evropske-prestonice-kulture-2030\\\/#respond\"]}]},{\"@type\":\"WebPage\",\"@id\":\"https:\\\/\\\/dmcsrb.com\\\/drustvo\\\/kovacevic-cvrsto-vjerujem-da-ce-niksic-dobiti-titulu-evropske-prestonice-kulture-2030\\\/\",\"url\":\"https:\\\/\\\/dmcsrb.com\\\/drustvo\\\/kovacevic-cvrsto-vjerujem-da-ce-niksic-dobiti-titulu-evropske-prestonice-kulture-2030\\\/\",\"name\":\"Kova\u010devi\u0107: \u010cvrsto vjerujem da \u0107e Nik\u0161i\u0107 dobiti titulu Evropske prestonice kulture 2030. - dmcsrb.com\",\"isPartOf\":{\"@id\":\"https:\\\/\\\/dmcsrb.com\\\/#website\"},\"primaryImageOfPage\":{\"@id\":\"https:\\\/\\\/dmcsrb.com\\\/drustvo\\\/kovacevic-cvrsto-vjerujem-da-ce-niksic-dobiti-titulu-evropske-prestonice-kulture-2030\\\/#primaryimage\"},\"image\":{\"@id\":\"https:\\\/\\\/dmcsrb.com\\\/drustvo\\\/kovacevic-cvrsto-vjerujem-da-ce-niksic-dobiti-titulu-evropske-prestonice-kulture-2030\\\/#primaryimage\"},\"thumbnailUrl\":\"https:\\\/\\\/dmcsrb.com\\\/wp-content\\\/uploads\\\/2026\\\/01\\\/ONK.webp\",\"datePublished\":\"2025-10-13T10:11:00+00:00\",\"author\":{\"@id\":\"https:\\\/\\\/dmcsrb.com\\\/#\\\/schema\\\/person\\\/5c39170f12db1b8b457732d0b5c854e2\"},\"breadcrumb\":{\"@id\":\"https:\\\/\\\/dmcsrb.com\\\/drustvo\\\/kovacevic-cvrsto-vjerujem-da-ce-niksic-dobiti-titulu-evropske-prestonice-kulture-2030\\\/#breadcrumb\"},\"inLanguage\":\"en-GB\",\"potentialAction\":[{\"@type\":\"ReadAction\",\"target\":[\"https:\\\/\\\/dmcsrb.com\\\/drustvo\\\/kovacevic-cvrsto-vjerujem-da-ce-niksic-dobiti-titulu-evropske-prestonice-kulture-2030\\\/\"]}]},{\"@type\":\"ImageObject\",\"inLanguage\":\"en-GB\",\"@id\":\"https:\\\/\\\/dmcsrb.com\\\/drustvo\\\/kovacevic-cvrsto-vjerujem-da-ce-niksic-dobiti-titulu-evropske-prestonice-kulture-2030\\\/#primaryimage\",\"url\":\"https:\\\/\\\/dmcsrb.com\\\/wp-content\\\/uploads\\\/2026\\\/01\\\/ONK.webp\",\"contentUrl\":\"https:\\\/\\\/dmcsrb.com\\\/wp-content\\\/uploads\\\/2026\\\/01\\\/ONK.webp\",\"width\":1000,\"height\":555},{\"@type\":\"BreadcrumbList\",\"@id\":\"https:\\\/\\\/dmcsrb.com\\\/drustvo\\\/kovacevic-cvrsto-vjerujem-da-ce-niksic-dobiti-titulu-evropske-prestonice-kulture-2030\\\/#breadcrumb\",\"itemListElement\":[{\"@type\":\"ListItem\",\"position\":1,\"name\":\"Home\",\"item\":\"https:\\\/\\\/dmcsrb.com\\\/\"},{\"@type\":\"ListItem\",\"position\":2,\"name\":\"Kova\u010devi\u0107: \u010cvrsto vjerujem da \u0107e Nik\u0161i\u0107 dobiti titulu Evropske prestonice kulture 2030.\"}]},{\"@type\":\"WebSite\",\"@id\":\"https:\\\/\\\/dmcsrb.com\\\/#website\",\"url\":\"https:\\\/\\\/dmcsrb.com\\\/\",\"name\":\"dmcsrb.com\",\"description\":\"\",\"potentialAction\":[{\"@type\":\"SearchAction\",\"target\":{\"@type\":\"EntryPoint\",\"urlTemplate\":\"https:\\\/\\\/dmcsrb.com\\\/?s={search_term_string}\"},\"query-input\":{\"@type\":\"PropertyValueSpecification\",\"valueRequired\":true,\"valueName\":\"search_term_string\"}}],\"inLanguage\":\"en-GB\"},{\"@type\":\"Person\",\"@id\":\"https:\\\/\\\/dmcsrb.com\\\/#\\\/schema\\\/person\\\/5c39170f12db1b8b457732d0b5c854e2\",\"name\":\"dmcsrbija.com@gmail.com\",\"image\":{\"@type\":\"ImageObject\",\"inLanguage\":\"en-GB\",\"@id\":\"https:\\\/\\\/secure.gravatar.com\\\/avatar\\\/68592660ad6347fad0fb587f8d5d8f1a7b44961362f56e4f2cd524feb87e9069?s=96&d=mm&r=g\",\"url\":\"https:\\\/\\\/secure.gravatar.com\\\/avatar\\\/68592660ad6347fad0fb587f8d5d8f1a7b44961362f56e4f2cd524feb87e9069?s=96&d=mm&r=g\",\"contentUrl\":\"https:\\\/\\\/secure.gravatar.com\\\/avatar\\\/68592660ad6347fad0fb587f8d5d8f1a7b44961362f56e4f2cd524feb87e9069?s=96&d=mm&r=g\",\"caption\":\"dmcsrbija.com@gmail.com\"},\"sameAs\":[\"https:\\\/\\\/dmcsrb.com\"],\"url\":\"https:\\\/\\\/dmcsrb.com\\\/en\\\/author\\\/dmcsrbija-comgmail-com\\\/\"}]}<\/script>\n<!-- \/ Yoast SEO plugin. -->","yoast_head_json":{"title":"Kova\u010devi\u0107: \u010cvrsto vjerujem da \u0107e Nik\u0161i\u0107 dobiti titulu Evropske prestonice kulture 2030. - dmcsrb.com","robots":{"index":"index","follow":"follow","max-snippet":"max-snippet:-1","max-image-preview":"max-image-preview:large","max-video-preview":"max-video-preview:-1"},"canonical":"https:\/\/dmcsrb.com\/en\/drustvo\/kovacevic-cvrsto-vjerujem-da-ce-niksic-dobiti-titulu-evropske-prestonice-kulture-2030\/","og_locale":"en_GB","og_type":"article","og_title":"Kova\u010devi\u0107: \u010cvrsto vjerujem da \u0107e Nik\u0161i\u0107 dobiti titulu Evropske prestonice kulture 2030. - dmcsrb.com","og_description":"Predsjednik Op\u0161tine Nik\u0161i\u0107\u00a0Marko Kova\u010devi\u0107\u00a0bio je doma\u0107in okruglog stola povodom kandidature Nik\u0161i\u0107a za Evropsku prijestonicu kulture za 2030. godinu, saop\u0161teno je iz Op\u0161tine Nik\u0161i\u0107. Predstavnici Evropske komisije, navode, u\u010destvovali su onlajn, a sastanku su prisustvovale brojne dr\u017eavne zvanice iz Crne Gore, daju\u0107i podr\u0161ku Nik\u0161i\u0107u u borbi za tu presti\u017enu titulu.","og_url":"https:\/\/dmcsrb.com\/en\/drustvo\/kovacevic-cvrsto-vjerujem-da-ce-niksic-dobiti-titulu-evropske-prestonice-kulture-2030\/","og_site_name":"dmcsrb.com","article_published_time":"2025-10-13T10:11:00+00:00","og_image":[{"width":1000,"height":555,"url":"https:\/\/dmcsrb.com\/wp-content\/uploads\/2026\/01\/ONK.webp","type":"image\/jpeg"}],"author":"dmcsrbija.com@gmail.com","twitter_card":"summary_large_image","twitter_misc":{"Written by":"dmcsrbija.com@gmail.com","Estimated reading time":"3 minutes"},"schema":{"@context":"https:\/\/schema.org","@graph":[{"@type":"Article","@id":"https:\/\/dmcsrb.com\/drustvo\/kovacevic-cvrsto-vjerujem-da-ce-niksic-dobiti-titulu-evropske-prestonice-kulture-2030\/#article","isPartOf":{"@id":"https:\/\/dmcsrb.com\/drustvo\/kovacevic-cvrsto-vjerujem-da-ce-niksic-dobiti-titulu-evropske-prestonice-kulture-2030\/"},"author":{"name":"dmcsrbija.com@gmail.com","@id":"https:\/\/dmcsrb.com\/#\/schema\/person\/5c39170f12db1b8b457732d0b5c854e2"},"headline":"Kova\u010devi\u0107: \u010cvrsto vjerujem da \u0107e Nik\u0161i\u0107 dobiti titulu Evropske prestonice kulture 2030.","datePublished":"2025-10-13T10:11:00+00:00","mainEntityOfPage":{"@id":"https:\/\/dmcsrb.com\/drustvo\/kovacevic-cvrsto-vjerujem-da-ce-niksic-dobiti-titulu-evropske-prestonice-kulture-2030\/"},"wordCount":553,"commentCount":0,"image":{"@id":"https:\/\/dmcsrb.com\/drustvo\/kovacevic-cvrsto-vjerujem-da-ce-niksic-dobiti-titulu-evropske-prestonice-kulture-2030\/#primaryimage"},"thumbnailUrl":"https:\/\/dmcsrb.com\/wp-content\/uploads\/2026\/01\/ONK.webp","keywords":["Evropska prestonica kulture","Niksic"],"articleSection":["Dru\u0161tvo"],"inLanguage":"en-GB","potentialAction":[{"@type":"CommentAction","name":"Comment","target":["https:\/\/dmcsrb.com\/drustvo\/kovacevic-cvrsto-vjerujem-da-ce-niksic-dobiti-titulu-evropske-prestonice-kulture-2030\/#respond"]}]},{"@type":"WebPage","@id":"https:\/\/dmcsrb.com\/drustvo\/kovacevic-cvrsto-vjerujem-da-ce-niksic-dobiti-titulu-evropske-prestonice-kulture-2030\/","url":"https:\/\/dmcsrb.com\/drustvo\/kovacevic-cvrsto-vjerujem-da-ce-niksic-dobiti-titulu-evropske-prestonice-kulture-2030\/","name":"Kova\u010devi\u0107: \u010cvrsto vjerujem da \u0107e Nik\u0161i\u0107 dobiti titulu Evropske prestonice kulture 2030. - dmcsrb.com","isPartOf":{"@id":"https:\/\/dmcsrb.com\/#website"},"primaryImageOfPage":{"@id":"https:\/\/dmcsrb.com\/drustvo\/kovacevic-cvrsto-vjerujem-da-ce-niksic-dobiti-titulu-evropske-prestonice-kulture-2030\/#primaryimage"},"image":{"@id":"https:\/\/dmcsrb.com\/drustvo\/kovacevic-cvrsto-vjerujem-da-ce-niksic-dobiti-titulu-evropske-prestonice-kulture-2030\/#primaryimage"},"thumbnailUrl":"https:\/\/dmcsrb.com\/wp-content\/uploads\/2026\/01\/ONK.webp","datePublished":"2025-10-13T10:11:00+00:00","author":{"@id":"https:\/\/dmcsrb.com\/#\/schema\/person\/5c39170f12db1b8b457732d0b5c854e2"},"breadcrumb":{"@id":"https:\/\/dmcsrb.com\/drustvo\/kovacevic-cvrsto-vjerujem-da-ce-niksic-dobiti-titulu-evropske-prestonice-kulture-2030\/#breadcrumb"},"inLanguage":"en-GB","potentialAction":[{"@type":"ReadAction","target":["https:\/\/dmcsrb.com\/drustvo\/kovacevic-cvrsto-vjerujem-da-ce-niksic-dobiti-titulu-evropske-prestonice-kulture-2030\/"]}]},{"@type":"ImageObject","inLanguage":"en-GB","@id":"https:\/\/dmcsrb.com\/drustvo\/kovacevic-cvrsto-vjerujem-da-ce-niksic-dobiti-titulu-evropske-prestonice-kulture-2030\/#primaryimage","url":"https:\/\/dmcsrb.com\/wp-content\/uploads\/2026\/01\/ONK.webp","contentUrl":"https:\/\/dmcsrb.com\/wp-content\/uploads\/2026\/01\/ONK.webp","width":1000,"height":555},{"@type":"BreadcrumbList","@id":"https:\/\/dmcsrb.com\/drustvo\/kovacevic-cvrsto-vjerujem-da-ce-niksic-dobiti-titulu-evropske-prestonice-kulture-2030\/#breadcrumb","itemListElement":[{"@type":"ListItem","position":1,"name":"Home","item":"https:\/\/dmcsrb.com\/"},{"@type":"ListItem","position":2,"name":"Kova\u010devi\u0107: \u010cvrsto vjerujem da \u0107e Nik\u0161i\u0107 dobiti titulu Evropske prestonice kulture 2030."}]},{"@type":"WebSite","@id":"https:\/\/dmcsrb.com\/#website","url":"https:\/\/dmcsrb.com\/","name":"dmcsrb.com","description":"","potentialAction":[{"@type":"SearchAction","target":{"@type":"EntryPoint","urlTemplate":"https:\/\/dmcsrb.com\/?s={search_term_string}"},"query-input":{"@type":"PropertyValueSpecification","valueRequired":true,"valueName":"search_term_string"}}],"inLanguage":"en-GB"},{"@type":"Person","@id":"https:\/\/dmcsrb.com\/#\/schema\/person\/5c39170f12db1b8b457732d0b5c854e2","name":"dmcsrbija.com@gmail.com","image":{"@type":"ImageObject","inLanguage":"en-GB","@id":"https:\/\/secure.gravatar.com\/avatar\/68592660ad6347fad0fb587f8d5d8f1a7b44961362f56e4f2cd524feb87e9069?s=96&d=mm&r=g","url":"https:\/\/secure.gravatar.com\/avatar\/68592660ad6347fad0fb587f8d5d8f1a7b44961362f56e4f2cd524feb87e9069?s=96&d=mm&r=g","contentUrl":"https:\/\/secure.gravatar.com\/avatar\/68592660ad6347fad0fb587f8d5d8f1a7b44961362f56e4f2cd524feb87e9069?s=96&d=mm&r=g","caption":"dmcsrbija.com@gmail.com"},"sameAs":["https:\/\/dmcsrb.com"],"url":"https:\/\/dmcsrb.com\/en\/author\/dmcsrbija-comgmail-com\/"}]}},"_links":{"self":[{"href":"https:\/\/dmcsrb.com\/en\/wp-json\/wp\/v2\/posts\/957530","targetHints":{"allow":["GET"]}}],"collection":[{"href":"https:\/\/dmcsrb.com\/en\/wp-json\/wp\/v2\/posts"}],"about":[{"href":"https:\/\/dmcsrb.com\/en\/wp-json\/wp\/v2\/types\/post"}],"author":[{"embeddable":true,"href":"https:\/\/dmcsrb.com\/en\/wp-json\/wp\/v2\/users\/1"}],"replies":[{"embeddable":true,"href":"https:\/\/dmcsrb.com\/en\/wp-json\/wp\/v2\/comments?post=957530"}],"version-history":[{"count":0,"href":"https:\/\/dmcsrb.com\/en\/wp-json\/wp\/v2\/posts\/957530\/revisions"}],"wp:featuredmedia":[{"embeddable":true,"href":"https:\/\/dmcsrb.com\/en\/wp-json\/wp\/v2\/media\/957531"}],"wp:attachment":[{"href":"https:\/\/dmcsrb.com\/en\/wp-json\/wp\/v2\/media?parent=957530"}],"wp:term":[{"taxonomy":"category","embeddable":true,"href":"https:\/\/dmcsrb.com\/en\/wp-json\/wp\/v2\/categories?post=957530"},{"taxonomy":"post_tag","embeddable":true,"href":"https:\/\/dmcsrb.com\/en\/wp-json\/wp\/v2\/tags?post=957530"},{"taxonomy":"naslovna","embeddable":true,"href":"https:\/\/dmcsrb.com\/en\/wp-json\/wp\/v2\/naslovna?post=957530"}],"curies":[{"name":"wp","href":"https:\/\/api.w.org\/{rel}","templated":true}]}}