{"id":957510,"date":"2025-10-13T12:25:00","date_gmt":"2025-10-13T10:25:00","guid":{"rendered":"https:\/\/dmcsrb.com\/uncategorized\/borancic-i-sainovic-u-sarajevu-sa-liberalnim-liderima-i-zvanicnicima-bih-opasnost-da-cg-propusti-sansu-za-eu\/"},"modified":"2025-10-13T12:25:00","modified_gmt":"2025-10-13T10:25:00","slug":"borancic-i-sainovic-u-sarajevu-sa-liberalnim-liderima-i-zvanicnicima-bih-opasnost-da-cg-propusti-sansu-za-eu","status":"publish","type":"post","link":"https:\/\/dmcsrb.com\/en\/politika\/borancic-i-sainovic-u-sarajevu-sa-liberalnim-liderima-i-zvanicnicima-bih-opasnost-da-cg-propusti-sansu-za-eu\/","title":{"rendered":"Boran\u010di\u0107 i \u0160ainovi\u0107 u Sarajevu sa liberalnim liderima i zvani\u010dnicima BiH: Opasnost da CG propusti \u0161ansu za EU"},"content":{"rendered":"<p><\/p>\n\n\n\n<p><\/p>\n\n\n\n<p><\/p>\n\n\n\n<p>Oni su razgovarali sa novoizabranom liderkom bosanskih liberala Sabinom \u0106udi\u0107, poslanicom Parlamentarne Skup\u0161tine BiH, pozdravili njen izbor te izrazili namjeru da \u0107e liberali dvije dr\u017eave nastaviti dugogodi\u0161nju uspje\u0161nu saradnju u promociji liberalnih, gra\u0111anskih i proevropskih vrijednosti. Ovakva poruka naro\u010dito je va\u017ena imaju\u0107i u vidu te\u0161ku politi\u010dki situaciju u kojoj se nalazi Crna Gora, te opasnost da propusti \u0161ansu da u narednim godinama postane punopravna \u010dlanica EU usljed neodgovorne politike ve\u0107ine.<\/p>\n\n\n\n<p>Skup u Sarajevu bio je prilika da se Boran\u010di\u0107 i \u0160ainovi\u0107 susretnu sa predstavnicima ALDE liberala Evrope, diplomatskim predstavnicima, regionalnim liberalnim liderima ali i predstavnicima institucija Bosne i Hercegovine, ministrima Vlade BiH, premijerom Kantona Sarajevo Nihadom Ukom, poslanicima i vije\u0107nicima liberalne Na\u0161e stranke koja je dio vlasti na svim nivoima.<\/p>\n\n\n\n<p>Liberalna partija kao dio evropske liberalne porodice ostaje posve\u0107ena ja\u010danju regionalnih i panevropskih veza, podi\u017eu\u0107i vidljivosti i svijest kod svih partnera o kompleksnosti politi\u010dke situacije u kojoj se nalazi Crna Gora, te ja\u010danju gra\u0111anskih i slobodarskih vrijednosti&nbsp; u Crnoj Gori, regionu i dr\u017eavama EU.<\/p>","protected":false},"excerpt":{"rendered":"<p>Potpredsjednik Liberalne partije Ammar Boran\u010di\u0107 i generalni sekretar Esad \u0160ainovi\u0107 boravili su u posjeti Sarajevu gdje je odr\u017ean izborni kongres liberalne Na\u0161e stranke BiH.<\/p>","protected":false},"author":1,"featured_media":957511,"comment_status":"open","ping_status":"open","sticky":false,"template":"","format":"standard","meta":{"_acf_changed":false,"footnotes":""},"categories":[12],"tags":[2845,1879],"naslovna":[],"class_list":["post-957510","post","type-post","status-publish","format-standard","has-post-thumbnail","hentry","category-politika","tag-lpcg","tag-sarajevo"],"acf":[],"yoast_head":"<!-- This site is optimized with the Yoast SEO plugin v27.0 - https:\/\/yoast.com\/product\/yoast-seo-wordpress\/ -->\n<title>Boran\u010di\u0107 i \u0160ainovi\u0107 u Sarajevu sa liberalnim liderima i zvani\u010dnicima BiH: Opasnost da CG propusti \u0161ansu za EU - dmcsrb.com<\/title>\n<meta name=\"robots\" content=\"index, follow, max-snippet:-1, max-image-preview:large, max-video-preview:-1\" \/>\n<link rel=\"canonical\" href=\"https:\/\/dmcsrb.com\/en\/politika\/borancic-i-sainovic-u-sarajevu-sa-liberalnim-liderima-i-zvanicnicima-bih-opasnost-da-cg-propusti-sansu-za-eu\/\" \/>\n<meta property=\"og:locale\" content=\"en_GB\" \/>\n<meta property=\"og:type\" content=\"article\" \/>\n<meta property=\"og:title\" content=\"Boran\u010di\u0107 i \u0160ainovi\u0107 u Sarajevu sa liberalnim liderima i zvani\u010dnicima BiH: Opasnost da CG propusti \u0161ansu za EU - dmcsrb.com\" \/>\n<meta property=\"og:description\" content=\"Potpredsjednik Liberalne partije Ammar Boran\u010di\u0107 i generalni sekretar Esad \u0160ainovi\u0107 boravili su u posjeti Sarajevu gdje je odr\u017ean izborni kongres liberalne Na\u0161e stranke BiH.\" \/>\n<meta property=\"og:url\" content=\"https:\/\/dmcsrb.com\/en\/politika\/borancic-i-sainovic-u-sarajevu-sa-liberalnim-liderima-i-zvanicnicima-bih-opasnost-da-cg-propusti-sansu-za-eu\/\" \/>\n<meta property=\"og:site_name\" content=\"dmcsrb.com\" \/>\n<meta property=\"article:published_time\" content=\"2025-10-13T10:25:00+00:00\" \/>\n<meta property=\"og:image\" content=\"https:\/\/dmcsrb.com\/wp-content\/uploads\/2026\/01\/LPCG1.webp\" \/>\n\t<meta property=\"og:image:width\" content=\"1640\" \/>\n\t<meta property=\"og:image:height\" content=\"1323\" \/>\n\t<meta property=\"og:image:type\" content=\"image\/jpeg\" \/>\n<meta name=\"author\" content=\"dmcsrbija.com@gmail.com\" \/>\n<meta name=\"twitter:card\" content=\"summary_large_image\" \/>\n<meta name=\"twitter:label1\" content=\"Written by\" \/>\n\t<meta name=\"twitter:data1\" content=\"dmcsrbija.com@gmail.com\" \/>\n\t<meta name=\"twitter:label2\" content=\"Estimated reading time\" \/>\n\t<meta name=\"twitter:data2\" content=\"1 minute\" \/>\n<script type=\"application\/ld+json\" class=\"yoast-schema-graph\">{\"@context\":\"https:\/\/schema.org\",\"@graph\":[{\"@type\":\"Article\",\"@id\":\"https:\/\/dmcsrb.com\/politika\/borancic-i-sainovic-u-sarajevu-sa-liberalnim-liderima-i-zvanicnicima-bih-opasnost-da-cg-propusti-sansu-za-eu\/#article\",\"isPartOf\":{\"@id\":\"https:\/\/dmcsrb.com\/politika\/borancic-i-sainovic-u-sarajevu-sa-liberalnim-liderima-i-zvanicnicima-bih-opasnost-da-cg-propusti-sansu-za-eu\/\"},\"author\":{\"name\":\"dmcsrbija.com@gmail.com\",\"@id\":\"https:\/\/dmcsrb.com\/#\/schema\/person\/5c39170f12db1b8b457732d0b5c854e2\"},\"headline\":\"Boran\u010di\u0107 i \u0160ainovi\u0107 u Sarajevu sa liberalnim liderima i zvani\u010dnicima BiH: Opasnost da CG propusti \u0161ansu za EU\",\"datePublished\":\"2025-10-13T10:25:00+00:00\",\"mainEntityOfPage\":{\"@id\":\"https:\/\/dmcsrb.com\/politika\/borancic-i-sainovic-u-sarajevu-sa-liberalnim-liderima-i-zvanicnicima-bih-opasnost-da-cg-propusti-sansu-za-eu\/\"},\"wordCount\":207,\"commentCount\":0,\"image\":{\"@id\":\"https:\/\/dmcsrb.com\/politika\/borancic-i-sainovic-u-sarajevu-sa-liberalnim-liderima-i-zvanicnicima-bih-opasnost-da-cg-propusti-sansu-za-eu\/#primaryimage\"},\"thumbnailUrl\":\"https:\/\/dmcsrb.com\/wp-content\/uploads\/2026\/01\/LPCG1.webp\",\"keywords\":[\"LPCG\",\"Sarajevo\"],\"articleSection\":[\"Politika\"],\"inLanguage\":\"en-GB\",\"potentialAction\":[{\"@type\":\"CommentAction\",\"name\":\"Comment\",\"target\":[\"https:\/\/dmcsrb.com\/politika\/borancic-i-sainovic-u-sarajevu-sa-liberalnim-liderima-i-zvanicnicima-bih-opasnost-da-cg-propusti-sansu-za-eu\/#respond\"]}]},{\"@type\":\"WebPage\",\"@id\":\"https:\/\/dmcsrb.com\/politika\/borancic-i-sainovic-u-sarajevu-sa-liberalnim-liderima-i-zvanicnicima-bih-opasnost-da-cg-propusti-sansu-za-eu\/\",\"url\":\"https:\/\/dmcsrb.com\/politika\/borancic-i-sainovic-u-sarajevu-sa-liberalnim-liderima-i-zvanicnicima-bih-opasnost-da-cg-propusti-sansu-za-eu\/\",\"name\":\"Boran\u010di\u0107 i \u0160ainovi\u0107 u Sarajevu sa liberalnim liderima i zvani\u010dnicima BiH: Opasnost da CG propusti \u0161ansu za EU - dmcsrb.com\",\"isPartOf\":{\"@id\":\"https:\/\/dmcsrb.com\/#website\"},\"primaryImageOfPage\":{\"@id\":\"https:\/\/dmcsrb.com\/politika\/borancic-i-sainovic-u-sarajevu-sa-liberalnim-liderima-i-zvanicnicima-bih-opasnost-da-cg-propusti-sansu-za-eu\/#primaryimage\"},\"image\":{\"@id\":\"https:\/\/dmcsrb.com\/politika\/borancic-i-sainovic-u-sarajevu-sa-liberalnim-liderima-i-zvanicnicima-bih-opasnost-da-cg-propusti-sansu-za-eu\/#primaryimage\"},\"thumbnailUrl\":\"https:\/\/dmcsrb.com\/wp-content\/uploads\/2026\/01\/LPCG1.webp\",\"datePublished\":\"2025-10-13T10:25:00+00:00\",\"author\":{\"@id\":\"https:\/\/dmcsrb.com\/#\/schema\/person\/5c39170f12db1b8b457732d0b5c854e2\"},\"breadcrumb\":{\"@id\":\"https:\/\/dmcsrb.com\/politika\/borancic-i-sainovic-u-sarajevu-sa-liberalnim-liderima-i-zvanicnicima-bih-opasnost-da-cg-propusti-sansu-za-eu\/#breadcrumb\"},\"inLanguage\":\"en-GB\",\"potentialAction\":[{\"@type\":\"ReadAction\",\"target\":[\"https:\/\/dmcsrb.com\/politika\/borancic-i-sainovic-u-sarajevu-sa-liberalnim-liderima-i-zvanicnicima-bih-opasnost-da-cg-propusti-sansu-za-eu\/\"]}]},{\"@type\":\"ImageObject\",\"inLanguage\":\"en-GB\",\"@id\":\"https:\/\/dmcsrb.com\/politika\/borancic-i-sainovic-u-sarajevu-sa-liberalnim-liderima-i-zvanicnicima-bih-opasnost-da-cg-propusti-sansu-za-eu\/#primaryimage\",\"url\":\"https:\/\/dmcsrb.com\/wp-content\/uploads\/2026\/01\/LPCG1.webp\",\"contentUrl\":\"https:\/\/dmcsrb.com\/wp-content\/uploads\/2026\/01\/LPCG1.webp\",\"width\":1640,\"height\":1323},{\"@type\":\"BreadcrumbList\",\"@id\":\"https:\/\/dmcsrb.com\/politika\/borancic-i-sainovic-u-sarajevu-sa-liberalnim-liderima-i-zvanicnicima-bih-opasnost-da-cg-propusti-sansu-za-eu\/#breadcrumb\",\"itemListElement\":[{\"@type\":\"ListItem\",\"position\":1,\"name\":\"Home\",\"item\":\"https:\/\/dmcsrb.com\/\"},{\"@type\":\"ListItem\",\"position\":2,\"name\":\"Boran\u010di\u0107 i \u0160ainovi\u0107 u Sarajevu sa liberalnim liderima i zvani\u010dnicima BiH: Opasnost da CG propusti \u0161ansu za EU\"}]},{\"@type\":\"WebSite\",\"@id\":\"https:\/\/dmcsrb.com\/#website\",\"url\":\"https:\/\/dmcsrb.com\/\",\"name\":\"dmcsrb.com\",\"description\":\"\",\"potentialAction\":[{\"@type\":\"SearchAction\",\"target\":{\"@type\":\"EntryPoint\",\"urlTemplate\":\"https:\/\/dmcsrb.com\/?s={search_term_string}\"},\"query-input\":{\"@type\":\"PropertyValueSpecification\",\"valueRequired\":true,\"valueName\":\"search_term_string\"}}],\"inLanguage\":\"en-GB\"},{\"@type\":\"Person\",\"@id\":\"https:\/\/dmcsrb.com\/#\/schema\/person\/5c39170f12db1b8b457732d0b5c854e2\",\"name\":\"dmcsrbija.com@gmail.com\",\"image\":{\"@type\":\"ImageObject\",\"inLanguage\":\"en-GB\",\"@id\":\"https:\/\/dmcsrb.com\/#\/schema\/person\/image\/\",\"url\":\"https:\/\/secure.gravatar.com\/avatar\/68592660ad6347fad0fb587f8d5d8f1a7b44961362f56e4f2cd524feb87e9069?s=96&d=mm&r=g\",\"contentUrl\":\"https:\/\/secure.gravatar.com\/avatar\/68592660ad6347fad0fb587f8d5d8f1a7b44961362f56e4f2cd524feb87e9069?s=96&d=mm&r=g\",\"caption\":\"dmcsrbija.com@gmail.com\"},\"sameAs\":[\"https:\/\/dmcsrb.com\"],\"url\":\"https:\/\/dmcsrb.com\/en\/author\/dmcsrbija-comgmail-com\/\"}]}<\/script>\n<!-- \/ Yoast SEO plugin. -->","yoast_head_json":{"title":"Boran\u010di\u0107 i \u0160ainovi\u0107 u Sarajevu sa liberalnim liderima i zvani\u010dnicima BiH: Opasnost da CG propusti \u0161ansu za EU - dmcsrb.com","robots":{"index":"index","follow":"follow","max-snippet":"max-snippet:-1","max-image-preview":"max-image-preview:large","max-video-preview":"max-video-preview:-1"},"canonical":"https:\/\/dmcsrb.com\/en\/politika\/borancic-i-sainovic-u-sarajevu-sa-liberalnim-liderima-i-zvanicnicima-bih-opasnost-da-cg-propusti-sansu-za-eu\/","og_locale":"en_GB","og_type":"article","og_title":"Boran\u010di\u0107 i \u0160ainovi\u0107 u Sarajevu sa liberalnim liderima i zvani\u010dnicima BiH: Opasnost da CG propusti \u0161ansu za EU - dmcsrb.com","og_description":"Potpredsjednik Liberalne partije Ammar Boran\u010di\u0107 i generalni sekretar Esad \u0160ainovi\u0107 boravili su u posjeti Sarajevu gdje je odr\u017ean izborni kongres liberalne Na\u0161e stranke BiH.","og_url":"https:\/\/dmcsrb.com\/en\/politika\/borancic-i-sainovic-u-sarajevu-sa-liberalnim-liderima-i-zvanicnicima-bih-opasnost-da-cg-propusti-sansu-za-eu\/","og_site_name":"dmcsrb.com","article_published_time":"2025-10-13T10:25:00+00:00","og_image":[{"width":1640,"height":1323,"url":"https:\/\/dmcsrb.com\/wp-content\/uploads\/2026\/01\/LPCG1.webp","type":"image\/jpeg"}],"author":"dmcsrbija.com@gmail.com","twitter_card":"summary_large_image","twitter_misc":{"Written by":"dmcsrbija.com@gmail.com","Estimated reading time":"1 minute"},"schema":{"@context":"https:\/\/schema.org","@graph":[{"@type":"Article","@id":"https:\/\/dmcsrb.com\/politika\/borancic-i-sainovic-u-sarajevu-sa-liberalnim-liderima-i-zvanicnicima-bih-opasnost-da-cg-propusti-sansu-za-eu\/#article","isPartOf":{"@id":"https:\/\/dmcsrb.com\/politika\/borancic-i-sainovic-u-sarajevu-sa-liberalnim-liderima-i-zvanicnicima-bih-opasnost-da-cg-propusti-sansu-za-eu\/"},"author":{"name":"dmcsrbija.com@gmail.com","@id":"https:\/\/dmcsrb.com\/#\/schema\/person\/5c39170f12db1b8b457732d0b5c854e2"},"headline":"Boran\u010di\u0107 i \u0160ainovi\u0107 u Sarajevu sa liberalnim liderima i zvani\u010dnicima BiH: Opasnost da CG propusti \u0161ansu za EU","datePublished":"2025-10-13T10:25:00+00:00","mainEntityOfPage":{"@id":"https:\/\/dmcsrb.com\/politika\/borancic-i-sainovic-u-sarajevu-sa-liberalnim-liderima-i-zvanicnicima-bih-opasnost-da-cg-propusti-sansu-za-eu\/"},"wordCount":207,"commentCount":0,"image":{"@id":"https:\/\/dmcsrb.com\/politika\/borancic-i-sainovic-u-sarajevu-sa-liberalnim-liderima-i-zvanicnicima-bih-opasnost-da-cg-propusti-sansu-za-eu\/#primaryimage"},"thumbnailUrl":"https:\/\/dmcsrb.com\/wp-content\/uploads\/2026\/01\/LPCG1.webp","keywords":["LPCG","Sarajevo"],"articleSection":["Politika"],"inLanguage":"en-GB","potentialAction":[{"@type":"CommentAction","name":"Comment","target":["https:\/\/dmcsrb.com\/politika\/borancic-i-sainovic-u-sarajevu-sa-liberalnim-liderima-i-zvanicnicima-bih-opasnost-da-cg-propusti-sansu-za-eu\/#respond"]}]},{"@type":"WebPage","@id":"https:\/\/dmcsrb.com\/politika\/borancic-i-sainovic-u-sarajevu-sa-liberalnim-liderima-i-zvanicnicima-bih-opasnost-da-cg-propusti-sansu-za-eu\/","url":"https:\/\/dmcsrb.com\/politika\/borancic-i-sainovic-u-sarajevu-sa-liberalnim-liderima-i-zvanicnicima-bih-opasnost-da-cg-propusti-sansu-za-eu\/","name":"Boran\u010di\u0107 i \u0160ainovi\u0107 u Sarajevu sa liberalnim liderima i zvani\u010dnicima BiH: Opasnost da CG propusti \u0161ansu za EU - dmcsrb.com","isPartOf":{"@id":"https:\/\/dmcsrb.com\/#website"},"primaryImageOfPage":{"@id":"https:\/\/dmcsrb.com\/politika\/borancic-i-sainovic-u-sarajevu-sa-liberalnim-liderima-i-zvanicnicima-bih-opasnost-da-cg-propusti-sansu-za-eu\/#primaryimage"},"image":{"@id":"https:\/\/dmcsrb.com\/politika\/borancic-i-sainovic-u-sarajevu-sa-liberalnim-liderima-i-zvanicnicima-bih-opasnost-da-cg-propusti-sansu-za-eu\/#primaryimage"},"thumbnailUrl":"https:\/\/dmcsrb.com\/wp-content\/uploads\/2026\/01\/LPCG1.webp","datePublished":"2025-10-13T10:25:00+00:00","author":{"@id":"https:\/\/dmcsrb.com\/#\/schema\/person\/5c39170f12db1b8b457732d0b5c854e2"},"breadcrumb":{"@id":"https:\/\/dmcsrb.com\/politika\/borancic-i-sainovic-u-sarajevu-sa-liberalnim-liderima-i-zvanicnicima-bih-opasnost-da-cg-propusti-sansu-za-eu\/#breadcrumb"},"inLanguage":"en-GB","potentialAction":[{"@type":"ReadAction","target":["https:\/\/dmcsrb.com\/politika\/borancic-i-sainovic-u-sarajevu-sa-liberalnim-liderima-i-zvanicnicima-bih-opasnost-da-cg-propusti-sansu-za-eu\/"]}]},{"@type":"ImageObject","inLanguage":"en-GB","@id":"https:\/\/dmcsrb.com\/politika\/borancic-i-sainovic-u-sarajevu-sa-liberalnim-liderima-i-zvanicnicima-bih-opasnost-da-cg-propusti-sansu-za-eu\/#primaryimage","url":"https:\/\/dmcsrb.com\/wp-content\/uploads\/2026\/01\/LPCG1.webp","contentUrl":"https:\/\/dmcsrb.com\/wp-content\/uploads\/2026\/01\/LPCG1.webp","width":1640,"height":1323},{"@type":"BreadcrumbList","@id":"https:\/\/dmcsrb.com\/politika\/borancic-i-sainovic-u-sarajevu-sa-liberalnim-liderima-i-zvanicnicima-bih-opasnost-da-cg-propusti-sansu-za-eu\/#breadcrumb","itemListElement":[{"@type":"ListItem","position":1,"name":"Home","item":"https:\/\/dmcsrb.com\/"},{"@type":"ListItem","position":2,"name":"Boran\u010di\u0107 i \u0160ainovi\u0107 u Sarajevu sa liberalnim liderima i zvani\u010dnicima BiH: Opasnost da CG propusti \u0161ansu za EU"}]},{"@type":"WebSite","@id":"https:\/\/dmcsrb.com\/#website","url":"https:\/\/dmcsrb.com\/","name":"dmcsrb.com","description":"","potentialAction":[{"@type":"SearchAction","target":{"@type":"EntryPoint","urlTemplate":"https:\/\/dmcsrb.com\/?s={search_term_string}"},"query-input":{"@type":"PropertyValueSpecification","valueRequired":true,"valueName":"search_term_string"}}],"inLanguage":"en-GB"},{"@type":"Person","@id":"https:\/\/dmcsrb.com\/#\/schema\/person\/5c39170f12db1b8b457732d0b5c854e2","name":"dmcsrbija.com@gmail.com","image":{"@type":"ImageObject","inLanguage":"en-GB","@id":"https:\/\/dmcsrb.com\/#\/schema\/person\/image\/","url":"https:\/\/secure.gravatar.com\/avatar\/68592660ad6347fad0fb587f8d5d8f1a7b44961362f56e4f2cd524feb87e9069?s=96&d=mm&r=g","contentUrl":"https:\/\/secure.gravatar.com\/avatar\/68592660ad6347fad0fb587f8d5d8f1a7b44961362f56e4f2cd524feb87e9069?s=96&d=mm&r=g","caption":"dmcsrbija.com@gmail.com"},"sameAs":["https:\/\/dmcsrb.com"],"url":"https:\/\/dmcsrb.com\/en\/author\/dmcsrbija-comgmail-com\/"}]}},"_links":{"self":[{"href":"https:\/\/dmcsrb.com\/en\/wp-json\/wp\/v2\/posts\/957510","targetHints":{"allow":["GET"]}}],"collection":[{"href":"https:\/\/dmcsrb.com\/en\/wp-json\/wp\/v2\/posts"}],"about":[{"href":"https:\/\/dmcsrb.com\/en\/wp-json\/wp\/v2\/types\/post"}],"author":[{"embeddable":true,"href":"https:\/\/dmcsrb.com\/en\/wp-json\/wp\/v2\/users\/1"}],"replies":[{"embeddable":true,"href":"https:\/\/dmcsrb.com\/en\/wp-json\/wp\/v2\/comments?post=957510"}],"version-history":[{"count":0,"href":"https:\/\/dmcsrb.com\/en\/wp-json\/wp\/v2\/posts\/957510\/revisions"}],"wp:featuredmedia":[{"embeddable":true,"href":"https:\/\/dmcsrb.com\/en\/wp-json\/wp\/v2\/media\/957511"}],"wp:attachment":[{"href":"https:\/\/dmcsrb.com\/en\/wp-json\/wp\/v2\/media?parent=957510"}],"wp:term":[{"taxonomy":"category","embeddable":true,"href":"https:\/\/dmcsrb.com\/en\/wp-json\/wp\/v2\/categories?post=957510"},{"taxonomy":"post_tag","embeddable":true,"href":"https:\/\/dmcsrb.com\/en\/wp-json\/wp\/v2\/tags?post=957510"},{"taxonomy":"naslovna","embeddable":true,"href":"https:\/\/dmcsrb.com\/en\/wp-json\/wp\/v2\/naslovna?post=957510"}],"curies":[{"name":"wp","href":"https:\/\/api.w.org\/{rel}","templated":true}]}}