{"id":957502,"date":"2025-10-13T09:49:00","date_gmt":"2025-10-13T07:49:00","guid":{"rendered":"https:\/\/dmcsrb.com\/uncategorized\/aleksic-niksic-kao-evropska-prestonica-kulture-bice-centar-evropske-paznje\/"},"modified":"2025-10-13T09:49:00","modified_gmt":"2025-10-13T07:49:00","slug":"aleksic-niksic-kao-evropska-prestonica-kulture-bice-centar-evropske-paznje","status":"publish","type":"post","link":"https:\/\/dmcsrb.com\/en\/drustvo\/aleksic-niksic-kao-evropska-prestonica-kulture-bice-centar-evropske-paznje\/","title":{"rendered":"Aleksi\u0107: Nik\u0161i\u0107 kao Evropska prestonica kulture bi\u0107e centar evropske pa\u017enje"},"content":{"rendered":"<p><\/p>\n\n\n\n<p><\/p>\n\n\n\n<p>-Kultura nije samo estetska ili zabavna dimenzija \u017eivota, ona je i mo\u0107an obrazovni resurs. Kroz kulturne sadr\u017eaje u\u010denici na svim nivoima obrazovanja razvijaju kriti\u010dko mi\u0161ljenje, emocionalnu inteligenciju, kreativnost i osje\u0107aj pripadnosti zajednici. Upravo iz tog razloga ovaj projekat predstavlja ogromnu \u0161ansu da se kulturni sadr\u017eaji ne do\u017eivljavaju kao dodatak obrazovanju, ve\u0107 kao njegov sastavni dio \u2013 naglasio je Aleksi\u0107.<\/p>\n\n\n\n<p>On je dodao da \u0161kole u Nik\u0161i\u0107u, ali i \u0161irom Crne Gore, mogu iskoristiti ovu \u0161ansu da unaprijede rad kroz razli\u010dite modele: saradnja sa umjetnicima i kulturnim institucijama, organizovanje radionica, izlo\u017ebi, pozori\u0161nih predstava, i svakako ciljano i sveobuhvatno uklju\u010divanje u\u010denika i nastavnika na svim nivoima obrazovanja u istra\u017eiva\u010dke i kreativne procese.<\/p>\n\n\n\n<p>-Nik\u0161i\u0107 kao Evropska prestonica kulture bi\u0107e centar evropske pa\u017enje, a na\u0161 obrazovni sistem kroz ovaj projekat mo\u017ee da iza\u0111e iz okvira u\u010dionica i postane vidljiv u javnom prostoru kao aktivan \u010dinilac kulturnog razvoja zajednice \u2013 pojasnio je potpredsjednik Aleksi\u0107.<\/p>\n\n\n\n<p>Jedna od najve\u0107ih vrijednosti ovakvog projekta jeste njegov dugoro\u010dni uticaj. -Involviranost na\u0161eg obrazovnog sistema u pomenuti projekat ne treba biti ekskluzivnost ili kojekakav luksuz, ve\u0107 nu\u017enost. Ako \u017eelimo obrazovanje koje odgaja slobodnog, kreativnog, empati\u010dnog i anga\u017eovanog pojedinca, moramo otvoriti vrata \u0161kole prema kulturi, a ovaj projekat je zasigurno najbolja prilika za takav dru\u0161tveni iskorak. To, dakle, nije samo \u0161ansa za kulturu, to je \u0161ansa za \u010ditav obrazovni sistem Crne Gore \u2013 zaklju\u010dio je dr Aleksi\u0107.<\/p>","protected":false},"excerpt":{"rendered":"<p>Potpredsjednik Vlade Crne Gore za obrazovanje, nauku i odnose sa vjerskim zajednicama, dr Budimir Aleksi\u0107, u\u010destvovao je na Okruglom stolu \u201eKapacitet za realizaciju projekta Nik\u0161i\u0107 2030 Evropska prestonica kulture \u2013 politi\u010dka, institucionalna i finansijska odr\u017eivost i nacionalna relevantnost projekta\u201d. Potpredsjednik Aleksi\u0107 je govorio o relevantnosti ovog projekta za obrazovni sistem Crne Gore, istakav\u0161i povezanost kulture i obrazovanja kao klju\u010dnih oblasti razvoja dru\u0161tva.<\/p>","protected":false},"author":1,"featured_media":957503,"comment_status":"open","ping_status":"open","sticky":false,"template":"","format":"standard","meta":{"_acf_changed":false,"footnotes":""},"categories":[2],"tags":[474,1751],"naslovna":[],"class_list":["post-957502","post","type-post","status-publish","format-standard","has-post-thumbnail","hentry","category-drustvo","tag-budimir-aleksic","tag-evropska-prestonica-kulture"],"acf":[],"yoast_head":"<!-- This site is optimized with the Yoast SEO plugin v27.4 - https:\/\/yoast.com\/product\/yoast-seo-wordpress\/ -->\n<title>Aleksi\u0107: Nik\u0161i\u0107 kao Evropska prestonica kulture bi\u0107e centar evropske pa\u017enje - dmcsrb.com<\/title>\n<meta name=\"robots\" content=\"index, follow, max-snippet:-1, max-image-preview:large, max-video-preview:-1\" \/>\n<link rel=\"canonical\" href=\"https:\/\/dmcsrb.com\/en\/drustvo\/aleksic-niksic-kao-evropska-prestonica-kulture-bice-centar-evropske-paznje\/\" \/>\n<meta property=\"og:locale\" content=\"en_GB\" \/>\n<meta property=\"og:type\" content=\"article\" \/>\n<meta property=\"og:title\" content=\"Aleksi\u0107: Nik\u0161i\u0107 kao Evropska prestonica kulture bi\u0107e centar evropske pa\u017enje - dmcsrb.com\" \/>\n<meta property=\"og:description\" content=\"Potpredsjednik Vlade Crne Gore za obrazovanje, nauku i odnose sa vjerskim zajednicama, dr Budimir Aleksi\u0107, u\u010destvovao je na Okruglom stolu \u201eKapacitet za realizaciju projekta Nik\u0161i\u0107 2030 Evropska prestonica kulture \u2013 politi\u010dka, institucionalna i finansijska odr\u017eivost i nacionalna relevantnost projekta\u201d. Potpredsjednik Aleksi\u0107 je govorio o relevantnosti ovog projekta za obrazovni sistem Crne Gore, istakav\u0161i povezanost kulture i obrazovanja kao klju\u010dnih oblasti razvoja dru\u0161tva.\" \/>\n<meta property=\"og:url\" content=\"https:\/\/dmcsrb.com\/en\/drustvo\/aleksic-niksic-kao-evropska-prestonica-kulture-bice-centar-evropske-paznje\/\" \/>\n<meta property=\"og:site_name\" content=\"dmcsrb.com\" \/>\n<meta property=\"article:published_time\" content=\"2025-10-13T07:49:00+00:00\" \/>\n<meta property=\"og:image\" content=\"https:\/\/dmcsrb.com\/wp-content\/uploads\/2026\/01\/aleksic1-1.webp\" \/>\n\t<meta property=\"og:image:width\" content=\"1600\" \/>\n\t<meta property=\"og:image:height\" content=\"1200\" \/>\n\t<meta property=\"og:image:type\" content=\"image\/jpeg\" \/>\n<meta name=\"author\" content=\"dmcsrbija.com@gmail.com\" \/>\n<meta name=\"twitter:card\" content=\"summary_large_image\" \/>\n<meta name=\"twitter:label1\" content=\"Written by\" \/>\n\t<meta name=\"twitter:data1\" content=\"dmcsrbija.com@gmail.com\" \/>\n\t<meta name=\"twitter:label2\" content=\"Estimated reading time\" \/>\n\t<meta name=\"twitter:data2\" content=\"1 minute\" \/>\n<script type=\"application\/ld+json\" class=\"yoast-schema-graph\">{\"@context\":\"https:\\\/\\\/schema.org\",\"@graph\":[{\"@type\":\"Article\",\"@id\":\"https:\\\/\\\/dmcsrb.com\\\/drustvo\\\/aleksic-niksic-kao-evropska-prestonica-kulture-bice-centar-evropske-paznje\\\/#article\",\"isPartOf\":{\"@id\":\"https:\\\/\\\/dmcsrb.com\\\/drustvo\\\/aleksic-niksic-kao-evropska-prestonica-kulture-bice-centar-evropske-paznje\\\/\"},\"author\":{\"name\":\"dmcsrbija.com@gmail.com\",\"@id\":\"https:\\\/\\\/dmcsrb.com\\\/#\\\/schema\\\/person\\\/5c39170f12db1b8b457732d0b5c854e2\"},\"headline\":\"Aleksi\u0107: Nik\u0161i\u0107 kao Evropska prestonica kulture bi\u0107e centar evropske pa\u017enje\",\"datePublished\":\"2025-10-13T07:49:00+00:00\",\"mainEntityOfPage\":{\"@id\":\"https:\\\/\\\/dmcsrb.com\\\/drustvo\\\/aleksic-niksic-kao-evropska-prestonica-kulture-bice-centar-evropske-paznje\\\/\"},\"wordCount\":265,\"commentCount\":0,\"image\":{\"@id\":\"https:\\\/\\\/dmcsrb.com\\\/drustvo\\\/aleksic-niksic-kao-evropska-prestonica-kulture-bice-centar-evropske-paznje\\\/#primaryimage\"},\"thumbnailUrl\":\"https:\\\/\\\/dmcsrb.com\\\/wp-content\\\/uploads\\\/2026\\\/01\\\/aleksic1-1.webp\",\"keywords\":[\"Budimir Aleksi\u0107\",\"Evropska prestonica kulture\"],\"articleSection\":[\"Dru\u0161tvo\"],\"inLanguage\":\"en-GB\",\"potentialAction\":[{\"@type\":\"CommentAction\",\"name\":\"Comment\",\"target\":[\"https:\\\/\\\/dmcsrb.com\\\/drustvo\\\/aleksic-niksic-kao-evropska-prestonica-kulture-bice-centar-evropske-paznje\\\/#respond\"]}]},{\"@type\":\"WebPage\",\"@id\":\"https:\\\/\\\/dmcsrb.com\\\/drustvo\\\/aleksic-niksic-kao-evropska-prestonica-kulture-bice-centar-evropske-paznje\\\/\",\"url\":\"https:\\\/\\\/dmcsrb.com\\\/drustvo\\\/aleksic-niksic-kao-evropska-prestonica-kulture-bice-centar-evropske-paznje\\\/\",\"name\":\"Aleksi\u0107: Nik\u0161i\u0107 kao Evropska prestonica kulture bi\u0107e centar evropske pa\u017enje - dmcsrb.com\",\"isPartOf\":{\"@id\":\"https:\\\/\\\/dmcsrb.com\\\/#website\"},\"primaryImageOfPage\":{\"@id\":\"https:\\\/\\\/dmcsrb.com\\\/drustvo\\\/aleksic-niksic-kao-evropska-prestonica-kulture-bice-centar-evropske-paznje\\\/#primaryimage\"},\"image\":{\"@id\":\"https:\\\/\\\/dmcsrb.com\\\/drustvo\\\/aleksic-niksic-kao-evropska-prestonica-kulture-bice-centar-evropske-paznje\\\/#primaryimage\"},\"thumbnailUrl\":\"https:\\\/\\\/dmcsrb.com\\\/wp-content\\\/uploads\\\/2026\\\/01\\\/aleksic1-1.webp\",\"datePublished\":\"2025-10-13T07:49:00+00:00\",\"author\":{\"@id\":\"https:\\\/\\\/dmcsrb.com\\\/#\\\/schema\\\/person\\\/5c39170f12db1b8b457732d0b5c854e2\"},\"breadcrumb\":{\"@id\":\"https:\\\/\\\/dmcsrb.com\\\/drustvo\\\/aleksic-niksic-kao-evropska-prestonica-kulture-bice-centar-evropske-paznje\\\/#breadcrumb\"},\"inLanguage\":\"en-GB\",\"potentialAction\":[{\"@type\":\"ReadAction\",\"target\":[\"https:\\\/\\\/dmcsrb.com\\\/drustvo\\\/aleksic-niksic-kao-evropska-prestonica-kulture-bice-centar-evropske-paznje\\\/\"]}]},{\"@type\":\"ImageObject\",\"inLanguage\":\"en-GB\",\"@id\":\"https:\\\/\\\/dmcsrb.com\\\/drustvo\\\/aleksic-niksic-kao-evropska-prestonica-kulture-bice-centar-evropske-paznje\\\/#primaryimage\",\"url\":\"https:\\\/\\\/dmcsrb.com\\\/wp-content\\\/uploads\\\/2026\\\/01\\\/aleksic1-1.webp\",\"contentUrl\":\"https:\\\/\\\/dmcsrb.com\\\/wp-content\\\/uploads\\\/2026\\\/01\\\/aleksic1-1.webp\",\"width\":1600,\"height\":1200},{\"@type\":\"BreadcrumbList\",\"@id\":\"https:\\\/\\\/dmcsrb.com\\\/drustvo\\\/aleksic-niksic-kao-evropska-prestonica-kulture-bice-centar-evropske-paznje\\\/#breadcrumb\",\"itemListElement\":[{\"@type\":\"ListItem\",\"position\":1,\"name\":\"Home\",\"item\":\"https:\\\/\\\/dmcsrb.com\\\/\"},{\"@type\":\"ListItem\",\"position\":2,\"name\":\"Aleksi\u0107: Nik\u0161i\u0107 kao Evropska prestonica kulture bi\u0107e centar evropske pa\u017enje\"}]},{\"@type\":\"WebSite\",\"@id\":\"https:\\\/\\\/dmcsrb.com\\\/#website\",\"url\":\"https:\\\/\\\/dmcsrb.com\\\/\",\"name\":\"dmcsrb.com\",\"description\":\"\",\"potentialAction\":[{\"@type\":\"SearchAction\",\"target\":{\"@type\":\"EntryPoint\",\"urlTemplate\":\"https:\\\/\\\/dmcsrb.com\\\/?s={search_term_string}\"},\"query-input\":{\"@type\":\"PropertyValueSpecification\",\"valueRequired\":true,\"valueName\":\"search_term_string\"}}],\"inLanguage\":\"en-GB\"},{\"@type\":\"Person\",\"@id\":\"https:\\\/\\\/dmcsrb.com\\\/#\\\/schema\\\/person\\\/5c39170f12db1b8b457732d0b5c854e2\",\"name\":\"dmcsrbija.com@gmail.com\",\"image\":{\"@type\":\"ImageObject\",\"inLanguage\":\"en-GB\",\"@id\":\"https:\\\/\\\/secure.gravatar.com\\\/avatar\\\/68592660ad6347fad0fb587f8d5d8f1a7b44961362f56e4f2cd524feb87e9069?s=96&d=mm&r=g\",\"url\":\"https:\\\/\\\/secure.gravatar.com\\\/avatar\\\/68592660ad6347fad0fb587f8d5d8f1a7b44961362f56e4f2cd524feb87e9069?s=96&d=mm&r=g\",\"contentUrl\":\"https:\\\/\\\/secure.gravatar.com\\\/avatar\\\/68592660ad6347fad0fb587f8d5d8f1a7b44961362f56e4f2cd524feb87e9069?s=96&d=mm&r=g\",\"caption\":\"dmcsrbija.com@gmail.com\"},\"sameAs\":[\"https:\\\/\\\/dmcsrb.com\"],\"url\":\"https:\\\/\\\/dmcsrb.com\\\/en\\\/author\\\/dmcsrbija-comgmail-com\\\/\"}]}<\/script>\n<!-- \/ Yoast SEO plugin. -->","yoast_head_json":{"title":"Aleksi\u0107: Nik\u0161i\u0107 kao Evropska prestonica kulture bi\u0107e centar evropske pa\u017enje - dmcsrb.com","robots":{"index":"index","follow":"follow","max-snippet":"max-snippet:-1","max-image-preview":"max-image-preview:large","max-video-preview":"max-video-preview:-1"},"canonical":"https:\/\/dmcsrb.com\/en\/drustvo\/aleksic-niksic-kao-evropska-prestonica-kulture-bice-centar-evropske-paznje\/","og_locale":"en_GB","og_type":"article","og_title":"Aleksi\u0107: Nik\u0161i\u0107 kao Evropska prestonica kulture bi\u0107e centar evropske pa\u017enje - dmcsrb.com","og_description":"Potpredsjednik Vlade Crne Gore za obrazovanje, nauku i odnose sa vjerskim zajednicama, dr Budimir Aleksi\u0107, u\u010destvovao je na Okruglom stolu \u201eKapacitet za realizaciju projekta Nik\u0161i\u0107 2030 Evropska prestonica kulture \u2013 politi\u010dka, institucionalna i finansijska odr\u017eivost i nacionalna relevantnost projekta\u201d. Potpredsjednik Aleksi\u0107 je govorio o relevantnosti ovog projekta za obrazovni sistem Crne Gore, istakav\u0161i povezanost kulture i obrazovanja kao klju\u010dnih oblasti razvoja dru\u0161tva.","og_url":"https:\/\/dmcsrb.com\/en\/drustvo\/aleksic-niksic-kao-evropska-prestonica-kulture-bice-centar-evropske-paznje\/","og_site_name":"dmcsrb.com","article_published_time":"2025-10-13T07:49:00+00:00","og_image":[{"width":1600,"height":1200,"url":"https:\/\/dmcsrb.com\/wp-content\/uploads\/2026\/01\/aleksic1-1.webp","type":"image\/jpeg"}],"author":"dmcsrbija.com@gmail.com","twitter_card":"summary_large_image","twitter_misc":{"Written by":"dmcsrbija.com@gmail.com","Estimated reading time":"1 minute"},"schema":{"@context":"https:\/\/schema.org","@graph":[{"@type":"Article","@id":"https:\/\/dmcsrb.com\/drustvo\/aleksic-niksic-kao-evropska-prestonica-kulture-bice-centar-evropske-paznje\/#article","isPartOf":{"@id":"https:\/\/dmcsrb.com\/drustvo\/aleksic-niksic-kao-evropska-prestonica-kulture-bice-centar-evropske-paznje\/"},"author":{"name":"dmcsrbija.com@gmail.com","@id":"https:\/\/dmcsrb.com\/#\/schema\/person\/5c39170f12db1b8b457732d0b5c854e2"},"headline":"Aleksi\u0107: Nik\u0161i\u0107 kao Evropska prestonica kulture bi\u0107e centar evropske pa\u017enje","datePublished":"2025-10-13T07:49:00+00:00","mainEntityOfPage":{"@id":"https:\/\/dmcsrb.com\/drustvo\/aleksic-niksic-kao-evropska-prestonica-kulture-bice-centar-evropske-paznje\/"},"wordCount":265,"commentCount":0,"image":{"@id":"https:\/\/dmcsrb.com\/drustvo\/aleksic-niksic-kao-evropska-prestonica-kulture-bice-centar-evropske-paznje\/#primaryimage"},"thumbnailUrl":"https:\/\/dmcsrb.com\/wp-content\/uploads\/2026\/01\/aleksic1-1.webp","keywords":["Budimir Aleksi\u0107","Evropska prestonica kulture"],"articleSection":["Dru\u0161tvo"],"inLanguage":"en-GB","potentialAction":[{"@type":"CommentAction","name":"Comment","target":["https:\/\/dmcsrb.com\/drustvo\/aleksic-niksic-kao-evropska-prestonica-kulture-bice-centar-evropske-paznje\/#respond"]}]},{"@type":"WebPage","@id":"https:\/\/dmcsrb.com\/drustvo\/aleksic-niksic-kao-evropska-prestonica-kulture-bice-centar-evropske-paznje\/","url":"https:\/\/dmcsrb.com\/drustvo\/aleksic-niksic-kao-evropska-prestonica-kulture-bice-centar-evropske-paznje\/","name":"Aleksi\u0107: Nik\u0161i\u0107 kao Evropska prestonica kulture bi\u0107e centar evropske pa\u017enje - dmcsrb.com","isPartOf":{"@id":"https:\/\/dmcsrb.com\/#website"},"primaryImageOfPage":{"@id":"https:\/\/dmcsrb.com\/drustvo\/aleksic-niksic-kao-evropska-prestonica-kulture-bice-centar-evropske-paznje\/#primaryimage"},"image":{"@id":"https:\/\/dmcsrb.com\/drustvo\/aleksic-niksic-kao-evropska-prestonica-kulture-bice-centar-evropske-paznje\/#primaryimage"},"thumbnailUrl":"https:\/\/dmcsrb.com\/wp-content\/uploads\/2026\/01\/aleksic1-1.webp","datePublished":"2025-10-13T07:49:00+00:00","author":{"@id":"https:\/\/dmcsrb.com\/#\/schema\/person\/5c39170f12db1b8b457732d0b5c854e2"},"breadcrumb":{"@id":"https:\/\/dmcsrb.com\/drustvo\/aleksic-niksic-kao-evropska-prestonica-kulture-bice-centar-evropske-paznje\/#breadcrumb"},"inLanguage":"en-GB","potentialAction":[{"@type":"ReadAction","target":["https:\/\/dmcsrb.com\/drustvo\/aleksic-niksic-kao-evropska-prestonica-kulture-bice-centar-evropske-paznje\/"]}]},{"@type":"ImageObject","inLanguage":"en-GB","@id":"https:\/\/dmcsrb.com\/drustvo\/aleksic-niksic-kao-evropska-prestonica-kulture-bice-centar-evropske-paznje\/#primaryimage","url":"https:\/\/dmcsrb.com\/wp-content\/uploads\/2026\/01\/aleksic1-1.webp","contentUrl":"https:\/\/dmcsrb.com\/wp-content\/uploads\/2026\/01\/aleksic1-1.webp","width":1600,"height":1200},{"@type":"BreadcrumbList","@id":"https:\/\/dmcsrb.com\/drustvo\/aleksic-niksic-kao-evropska-prestonica-kulture-bice-centar-evropske-paznje\/#breadcrumb","itemListElement":[{"@type":"ListItem","position":1,"name":"Home","item":"https:\/\/dmcsrb.com\/"},{"@type":"ListItem","position":2,"name":"Aleksi\u0107: Nik\u0161i\u0107 kao Evropska prestonica kulture bi\u0107e centar evropske pa\u017enje"}]},{"@type":"WebSite","@id":"https:\/\/dmcsrb.com\/#website","url":"https:\/\/dmcsrb.com\/","name":"dmcsrb.com","description":"","potentialAction":[{"@type":"SearchAction","target":{"@type":"EntryPoint","urlTemplate":"https:\/\/dmcsrb.com\/?s={search_term_string}"},"query-input":{"@type":"PropertyValueSpecification","valueRequired":true,"valueName":"search_term_string"}}],"inLanguage":"en-GB"},{"@type":"Person","@id":"https:\/\/dmcsrb.com\/#\/schema\/person\/5c39170f12db1b8b457732d0b5c854e2","name":"dmcsrbija.com@gmail.com","image":{"@type":"ImageObject","inLanguage":"en-GB","@id":"https:\/\/secure.gravatar.com\/avatar\/68592660ad6347fad0fb587f8d5d8f1a7b44961362f56e4f2cd524feb87e9069?s=96&d=mm&r=g","url":"https:\/\/secure.gravatar.com\/avatar\/68592660ad6347fad0fb587f8d5d8f1a7b44961362f56e4f2cd524feb87e9069?s=96&d=mm&r=g","contentUrl":"https:\/\/secure.gravatar.com\/avatar\/68592660ad6347fad0fb587f8d5d8f1a7b44961362f56e4f2cd524feb87e9069?s=96&d=mm&r=g","caption":"dmcsrbija.com@gmail.com"},"sameAs":["https:\/\/dmcsrb.com"],"url":"https:\/\/dmcsrb.com\/en\/author\/dmcsrbija-comgmail-com\/"}]}},"_links":{"self":[{"href":"https:\/\/dmcsrb.com\/en\/wp-json\/wp\/v2\/posts\/957502","targetHints":{"allow":["GET"]}}],"collection":[{"href":"https:\/\/dmcsrb.com\/en\/wp-json\/wp\/v2\/posts"}],"about":[{"href":"https:\/\/dmcsrb.com\/en\/wp-json\/wp\/v2\/types\/post"}],"author":[{"embeddable":true,"href":"https:\/\/dmcsrb.com\/en\/wp-json\/wp\/v2\/users\/1"}],"replies":[{"embeddable":true,"href":"https:\/\/dmcsrb.com\/en\/wp-json\/wp\/v2\/comments?post=957502"}],"version-history":[{"count":0,"href":"https:\/\/dmcsrb.com\/en\/wp-json\/wp\/v2\/posts\/957502\/revisions"}],"wp:featuredmedia":[{"embeddable":true,"href":"https:\/\/dmcsrb.com\/en\/wp-json\/wp\/v2\/media\/957503"}],"wp:attachment":[{"href":"https:\/\/dmcsrb.com\/en\/wp-json\/wp\/v2\/media?parent=957502"}],"wp:term":[{"taxonomy":"category","embeddable":true,"href":"https:\/\/dmcsrb.com\/en\/wp-json\/wp\/v2\/categories?post=957502"},{"taxonomy":"post_tag","embeddable":true,"href":"https:\/\/dmcsrb.com\/en\/wp-json\/wp\/v2\/tags?post=957502"},{"taxonomy":"naslovna","embeddable":true,"href":"https:\/\/dmcsrb.com\/en\/wp-json\/wp\/v2\/naslovna?post=957502"}],"curies":[{"name":"wp","href":"https:\/\/api.w.org\/{rel}","templated":true}]}}