{"id":957500,"date":"2025-10-13T09:29:49","date_gmt":"2025-10-13T07:29:49","guid":{"rendered":"https:\/\/dmcsrb.com\/uncategorized\/vesovic-zatvarali-ste-i-prebijali-a-sada-glumite-progonjenike\/"},"modified":"2025-10-13T09:29:49","modified_gmt":"2025-10-13T07:29:49","slug":"vesovic-zatvarali-ste-i-prebijali-a-sada-glumite-progonjenike","status":"publish","type":"post","link":"https:\/\/dmcsrb.com\/en\/politika\/vesovic-zatvarali-ste-i-prebijali-a-sada-glumite-progonjenike\/","title":{"rendered":"Ve\u0161ovi\u0107: Zatvarali ste i prebijali, a sada glumite progonjenike"},"content":{"rendered":"<p><\/p>\n\n\n\n<p>\u201cPonovo se pokazalo da oni koji su decenijama dr\u017eali Crnu Goru u moralnom i institucionalnom mraku, danas poku\u0161avaju da se predstave kao \u017ertve \u2013 \u017ertve istine koju vi\u0161e ne mogu sakriti. Nivo moralnog posrnu\u0107a biv\u0161eg re\u017eima nadilazi sve horizonte razmi\u0161ljanja normalnog \u010dovjeka. Sintagma \u201cmoralni talog\u201d ni izbliza ne mo\u017ee da obuhvati dubinu pokvarenosti, licemjerja i be\u0161\u010da\u0161\u0107a koje su ostavili za sobom\u201d, navodi Ve\u0161ovi\u0107.<\/p>\n\n\n\n<p>Dodaje se danas ti isti \u201cusude da dijele lekcije o moralu, demokratiji i slobodi, a upravo su oni godinama prebijali i ubijali novinare, hapsili i maltretirali politi\u010dke protivnike, prijetili neistomi\u0161ljenicima, ru\u0161ili egzistencije onima koji su mislili druga\u010dije\u201d.<\/p>\n\n\n\n<p>\u201cOni su bili simbol sistemskog gu\u0161enja slobode govora i razaranja svakog oblika kriti\u010dkog mi\u0161ljenja. To su isti oni koji su zatvarali, prebijali i ucjenjivali \u2013 i sada, kada su ogoljeni pred narodom, glume progonjene i izigravaju moralne autoritete. Ne pristajemo na to\u201d, isti\u010de Ve\u0161ovi\u0107 i tvrdi da oni koji su gu\u0161ili slobodu govora, uni\u0161tavali novinarstvo, progonili istinu i sad biste da je tuma\u010dite? \u010cega ste \u017ertve? Istine? Pa ne stidite se valjda sebe i svojih postupaka? Istina je ostala gola da je vide svi gra\u0111ani Crne Gore\u201d, pita Ve\u0161ovi\u0107.<\/p>\n\n\n\n<p>U obra\u0107anju podgori\u010dkom DPS-u zaklju\u010duje da li\u010de&nbsp; \u201clopova koji vi\u010de: \u2018Dr\u017e\u2019te lopova!?\u201d,ali sada, i ko nije htio, vidi da ste to upravo vi.<\/p>","protected":false},"excerpt":{"rendered":"<p>Generalni sekretar Prave Crne Gore Stefan Ve\u0161ovi\u0107 obratio se Demokratskoj partiji socijalista (DPS) Podgorica rekav\u0161i da su oni ti koji danas, nakon decenija zatvaranja, prebijanja i progona, poku\u0161avaju da &#8220;glume progonjene i izigravaju moralne autoritete&#8221;.<\/p>","protected":false},"author":1,"featured_media":957501,"comment_status":"open","ping_status":"open","sticky":false,"template":"","format":"standard","meta":{"_acf_changed":false,"footnotes":""},"categories":[12],"tags":[11214,11215,209,5214],"naslovna":[],"class_list":["post-957500","post","type-post","status-publish","format-standard","has-post-thumbnail","hentry","category-politika","tag-prebijanje","tag-progonjenici","tag-stefan-vesovic","tag-zatvaranje"],"acf":[],"yoast_head":"<!-- This site is optimized with the Yoast SEO plugin v27.4 - https:\/\/yoast.com\/product\/yoast-seo-wordpress\/ -->\n<title>Ve\u0161ovi\u0107: Zatvarali ste i prebijali, a sada glumite progonjenike - dmcsrb.com<\/title>\n<meta name=\"robots\" content=\"index, follow, max-snippet:-1, max-image-preview:large, max-video-preview:-1\" \/>\n<link rel=\"canonical\" href=\"https:\/\/dmcsrb.com\/en\/politika\/vesovic-zatvarali-ste-i-prebijali-a-sada-glumite-progonjenike\/\" \/>\n<meta property=\"og:locale\" content=\"en_GB\" \/>\n<meta property=\"og:type\" content=\"article\" \/>\n<meta property=\"og:title\" content=\"Ve\u0161ovi\u0107: Zatvarali ste i prebijali, a sada glumite progonjenike - dmcsrb.com\" \/>\n<meta property=\"og:description\" content=\"Generalni sekretar Prave Crne Gore Stefan Ve\u0161ovi\u0107 obratio se Demokratskoj partiji socijalista (DPS) Podgorica rekav\u0161i da su oni ti koji danas, nakon decenija zatvaranja, prebijanja i progona, poku\u0161avaju da &quot;glume progonjene i izigravaju moralne autoritete&quot;.\" \/>\n<meta property=\"og:url\" content=\"https:\/\/dmcsrb.com\/en\/politika\/vesovic-zatvarali-ste-i-prebijali-a-sada-glumite-progonjenike\/\" \/>\n<meta property=\"og:site_name\" content=\"dmcsrb.com\" \/>\n<meta property=\"article:published_time\" content=\"2025-10-13T07:29:49+00:00\" \/>\n<meta property=\"og:image\" content=\"https:\/\/dmcsrb.com\/wp-content\/uploads\/2026\/01\/Stefan-Vesovic-sekretar-foto-gradski.webp\" \/>\n\t<meta property=\"og:image:width\" content=\"1329\" \/>\n\t<meta property=\"og:image:height\" content=\"793\" \/>\n\t<meta property=\"og:image:type\" content=\"image\/jpeg\" \/>\n<meta name=\"author\" content=\"dmcsrbija.com@gmail.com\" \/>\n<meta name=\"twitter:card\" content=\"summary_large_image\" \/>\n<meta name=\"twitter:label1\" content=\"Written by\" \/>\n\t<meta name=\"twitter:data1\" content=\"dmcsrbija.com@gmail.com\" \/>\n\t<meta name=\"twitter:label2\" content=\"Estimated reading time\" \/>\n\t<meta name=\"twitter:data2\" content=\"1 minute\" \/>\n<script type=\"application\/ld+json\" class=\"yoast-schema-graph\">{\"@context\":\"https:\\\/\\\/schema.org\",\"@graph\":[{\"@type\":\"Article\",\"@id\":\"https:\\\/\\\/dmcsrb.com\\\/en\\\/politika\\\/vesovic-zatvarali-ste-i-prebijali-a-sada-glumite-progonjenike\\\/#article\",\"isPartOf\":{\"@id\":\"https:\\\/\\\/dmcsrb.com\\\/en\\\/politika\\\/vesovic-zatvarali-ste-i-prebijali-a-sada-glumite-progonjenike\\\/\"},\"author\":{\"name\":\"dmcsrbija.com@gmail.com\",\"@id\":\"https:\\\/\\\/dmcsrb.com\\\/#\\\/schema\\\/person\\\/5c39170f12db1b8b457732d0b5c854e2\"},\"headline\":\"Ve\u0161ovi\u0107: Zatvarali ste i prebijali, a sada glumite progonjenike\",\"datePublished\":\"2025-10-13T07:29:49+00:00\",\"mainEntityOfPage\":{\"@id\":\"https:\\\/\\\/dmcsrb.com\\\/en\\\/politika\\\/vesovic-zatvarali-ste-i-prebijali-a-sada-glumite-progonjenike\\\/\"},\"wordCount\":253,\"commentCount\":0,\"image\":{\"@id\":\"https:\\\/\\\/dmcsrb.com\\\/en\\\/politika\\\/vesovic-zatvarali-ste-i-prebijali-a-sada-glumite-progonjenike\\\/#primaryimage\"},\"thumbnailUrl\":\"https:\\\/\\\/dmcsrb.com\\\/wp-content\\\/uploads\\\/2026\\\/01\\\/Stefan-Vesovic-sekretar-foto-gradski.webp\",\"keywords\":[\"prebijanje\",\"Progonjenici\",\"Stefan Ve\u0161ovi\u0107\",\"zatvaranje\"],\"articleSection\":[\"Politika\"],\"inLanguage\":\"en-GB\",\"potentialAction\":[{\"@type\":\"CommentAction\",\"name\":\"Comment\",\"target\":[\"https:\\\/\\\/dmcsrb.com\\\/en\\\/politika\\\/vesovic-zatvarali-ste-i-prebijali-a-sada-glumite-progonjenike\\\/#respond\"]}]},{\"@type\":\"WebPage\",\"@id\":\"https:\\\/\\\/dmcsrb.com\\\/en\\\/politika\\\/vesovic-zatvarali-ste-i-prebijali-a-sada-glumite-progonjenike\\\/\",\"url\":\"https:\\\/\\\/dmcsrb.com\\\/en\\\/politika\\\/vesovic-zatvarali-ste-i-prebijali-a-sada-glumite-progonjenike\\\/\",\"name\":\"Ve\u0161ovi\u0107: Zatvarali ste i prebijali, a sada glumite progonjenike - dmcsrb.com\",\"isPartOf\":{\"@id\":\"https:\\\/\\\/dmcsrb.com\\\/#website\"},\"primaryImageOfPage\":{\"@id\":\"https:\\\/\\\/dmcsrb.com\\\/en\\\/politika\\\/vesovic-zatvarali-ste-i-prebijali-a-sada-glumite-progonjenike\\\/#primaryimage\"},\"image\":{\"@id\":\"https:\\\/\\\/dmcsrb.com\\\/en\\\/politika\\\/vesovic-zatvarali-ste-i-prebijali-a-sada-glumite-progonjenike\\\/#primaryimage\"},\"thumbnailUrl\":\"https:\\\/\\\/dmcsrb.com\\\/wp-content\\\/uploads\\\/2026\\\/01\\\/Stefan-Vesovic-sekretar-foto-gradski.webp\",\"datePublished\":\"2025-10-13T07:29:49+00:00\",\"author\":{\"@id\":\"https:\\\/\\\/dmcsrb.com\\\/#\\\/schema\\\/person\\\/5c39170f12db1b8b457732d0b5c854e2\"},\"breadcrumb\":{\"@id\":\"https:\\\/\\\/dmcsrb.com\\\/en\\\/politika\\\/vesovic-zatvarali-ste-i-prebijali-a-sada-glumite-progonjenike\\\/#breadcrumb\"},\"inLanguage\":\"en-GB\",\"potentialAction\":[{\"@type\":\"ReadAction\",\"target\":[\"https:\\\/\\\/dmcsrb.com\\\/en\\\/politika\\\/vesovic-zatvarali-ste-i-prebijali-a-sada-glumite-progonjenike\\\/\"]}]},{\"@type\":\"ImageObject\",\"inLanguage\":\"en-GB\",\"@id\":\"https:\\\/\\\/dmcsrb.com\\\/en\\\/politika\\\/vesovic-zatvarali-ste-i-prebijali-a-sada-glumite-progonjenike\\\/#primaryimage\",\"url\":\"https:\\\/\\\/dmcsrb.com\\\/wp-content\\\/uploads\\\/2026\\\/01\\\/Stefan-Vesovic-sekretar-foto-gradski.webp\",\"contentUrl\":\"https:\\\/\\\/dmcsrb.com\\\/wp-content\\\/uploads\\\/2026\\\/01\\\/Stefan-Vesovic-sekretar-foto-gradski.webp\",\"width\":1329,\"height\":793},{\"@type\":\"BreadcrumbList\",\"@id\":\"https:\\\/\\\/dmcsrb.com\\\/en\\\/politika\\\/vesovic-zatvarali-ste-i-prebijali-a-sada-glumite-progonjenike\\\/#breadcrumb\",\"itemListElement\":[{\"@type\":\"ListItem\",\"position\":1,\"name\":\"Home\",\"item\":\"https:\\\/\\\/dmcsrb.com\\\/\"},{\"@type\":\"ListItem\",\"position\":2,\"name\":\"Ve\u0161ovi\u0107: Zatvarali ste i prebijali, a sada glumite progonjenike\"}]},{\"@type\":\"WebSite\",\"@id\":\"https:\\\/\\\/dmcsrb.com\\\/#website\",\"url\":\"https:\\\/\\\/dmcsrb.com\\\/\",\"name\":\"dmcsrb.com\",\"description\":\"\",\"potentialAction\":[{\"@type\":\"SearchAction\",\"target\":{\"@type\":\"EntryPoint\",\"urlTemplate\":\"https:\\\/\\\/dmcsrb.com\\\/?s={search_term_string}\"},\"query-input\":{\"@type\":\"PropertyValueSpecification\",\"valueRequired\":true,\"valueName\":\"search_term_string\"}}],\"inLanguage\":\"en-GB\"},{\"@type\":\"Person\",\"@id\":\"https:\\\/\\\/dmcsrb.com\\\/#\\\/schema\\\/person\\\/5c39170f12db1b8b457732d0b5c854e2\",\"name\":\"dmcsrbija.com@gmail.com\",\"image\":{\"@type\":\"ImageObject\",\"inLanguage\":\"en-GB\",\"@id\":\"https:\\\/\\\/secure.gravatar.com\\\/avatar\\\/68592660ad6347fad0fb587f8d5d8f1a7b44961362f56e4f2cd524feb87e9069?s=96&d=mm&r=g\",\"url\":\"https:\\\/\\\/secure.gravatar.com\\\/avatar\\\/68592660ad6347fad0fb587f8d5d8f1a7b44961362f56e4f2cd524feb87e9069?s=96&d=mm&r=g\",\"contentUrl\":\"https:\\\/\\\/secure.gravatar.com\\\/avatar\\\/68592660ad6347fad0fb587f8d5d8f1a7b44961362f56e4f2cd524feb87e9069?s=96&d=mm&r=g\",\"caption\":\"dmcsrbija.com@gmail.com\"},\"sameAs\":[\"https:\\\/\\\/dmcsrb.com\"],\"url\":\"https:\\\/\\\/dmcsrb.com\\\/en\\\/author\\\/dmcsrbija-comgmail-com\\\/\"}]}<\/script>\n<!-- \/ Yoast SEO plugin. -->","yoast_head_json":{"title":"Ve\u0161ovi\u0107: Zatvarali ste i prebijali, a sada glumite progonjenike - dmcsrb.com","robots":{"index":"index","follow":"follow","max-snippet":"max-snippet:-1","max-image-preview":"max-image-preview:large","max-video-preview":"max-video-preview:-1"},"canonical":"https:\/\/dmcsrb.com\/en\/politika\/vesovic-zatvarali-ste-i-prebijali-a-sada-glumite-progonjenike\/","og_locale":"en_GB","og_type":"article","og_title":"Ve\u0161ovi\u0107: Zatvarali ste i prebijali, a sada glumite progonjenike - dmcsrb.com","og_description":"Generalni sekretar Prave Crne Gore Stefan Ve\u0161ovi\u0107 obratio se Demokratskoj partiji socijalista (DPS) Podgorica rekav\u0161i da su oni ti koji danas, nakon decenija zatvaranja, prebijanja i progona, poku\u0161avaju da \"glume progonjene i izigravaju moralne autoritete\".","og_url":"https:\/\/dmcsrb.com\/en\/politika\/vesovic-zatvarali-ste-i-prebijali-a-sada-glumite-progonjenike\/","og_site_name":"dmcsrb.com","article_published_time":"2025-10-13T07:29:49+00:00","og_image":[{"width":1329,"height":793,"url":"https:\/\/dmcsrb.com\/wp-content\/uploads\/2026\/01\/Stefan-Vesovic-sekretar-foto-gradski.webp","type":"image\/jpeg"}],"author":"dmcsrbija.com@gmail.com","twitter_card":"summary_large_image","twitter_misc":{"Written by":"dmcsrbija.com@gmail.com","Estimated reading time":"1 minute"},"schema":{"@context":"https:\/\/schema.org","@graph":[{"@type":"Article","@id":"https:\/\/dmcsrb.com\/en\/politika\/vesovic-zatvarali-ste-i-prebijali-a-sada-glumite-progonjenike\/#article","isPartOf":{"@id":"https:\/\/dmcsrb.com\/en\/politika\/vesovic-zatvarali-ste-i-prebijali-a-sada-glumite-progonjenike\/"},"author":{"name":"dmcsrbija.com@gmail.com","@id":"https:\/\/dmcsrb.com\/#\/schema\/person\/5c39170f12db1b8b457732d0b5c854e2"},"headline":"Ve\u0161ovi\u0107: Zatvarali ste i prebijali, a sada glumite progonjenike","datePublished":"2025-10-13T07:29:49+00:00","mainEntityOfPage":{"@id":"https:\/\/dmcsrb.com\/en\/politika\/vesovic-zatvarali-ste-i-prebijali-a-sada-glumite-progonjenike\/"},"wordCount":253,"commentCount":0,"image":{"@id":"https:\/\/dmcsrb.com\/en\/politika\/vesovic-zatvarali-ste-i-prebijali-a-sada-glumite-progonjenike\/#primaryimage"},"thumbnailUrl":"https:\/\/dmcsrb.com\/wp-content\/uploads\/2026\/01\/Stefan-Vesovic-sekretar-foto-gradski.webp","keywords":["prebijanje","Progonjenici","Stefan Ve\u0161ovi\u0107","zatvaranje"],"articleSection":["Politika"],"inLanguage":"en-GB","potentialAction":[{"@type":"CommentAction","name":"Comment","target":["https:\/\/dmcsrb.com\/en\/politika\/vesovic-zatvarali-ste-i-prebijali-a-sada-glumite-progonjenike\/#respond"]}]},{"@type":"WebPage","@id":"https:\/\/dmcsrb.com\/en\/politika\/vesovic-zatvarali-ste-i-prebijali-a-sada-glumite-progonjenike\/","url":"https:\/\/dmcsrb.com\/en\/politika\/vesovic-zatvarali-ste-i-prebijali-a-sada-glumite-progonjenike\/","name":"Ve\u0161ovi\u0107: Zatvarali ste i prebijali, a sada glumite progonjenike - dmcsrb.com","isPartOf":{"@id":"https:\/\/dmcsrb.com\/#website"},"primaryImageOfPage":{"@id":"https:\/\/dmcsrb.com\/en\/politika\/vesovic-zatvarali-ste-i-prebijali-a-sada-glumite-progonjenike\/#primaryimage"},"image":{"@id":"https:\/\/dmcsrb.com\/en\/politika\/vesovic-zatvarali-ste-i-prebijali-a-sada-glumite-progonjenike\/#primaryimage"},"thumbnailUrl":"https:\/\/dmcsrb.com\/wp-content\/uploads\/2026\/01\/Stefan-Vesovic-sekretar-foto-gradski.webp","datePublished":"2025-10-13T07:29:49+00:00","author":{"@id":"https:\/\/dmcsrb.com\/#\/schema\/person\/5c39170f12db1b8b457732d0b5c854e2"},"breadcrumb":{"@id":"https:\/\/dmcsrb.com\/en\/politika\/vesovic-zatvarali-ste-i-prebijali-a-sada-glumite-progonjenike\/#breadcrumb"},"inLanguage":"en-GB","potentialAction":[{"@type":"ReadAction","target":["https:\/\/dmcsrb.com\/en\/politika\/vesovic-zatvarali-ste-i-prebijali-a-sada-glumite-progonjenike\/"]}]},{"@type":"ImageObject","inLanguage":"en-GB","@id":"https:\/\/dmcsrb.com\/en\/politika\/vesovic-zatvarali-ste-i-prebijali-a-sada-glumite-progonjenike\/#primaryimage","url":"https:\/\/dmcsrb.com\/wp-content\/uploads\/2026\/01\/Stefan-Vesovic-sekretar-foto-gradski.webp","contentUrl":"https:\/\/dmcsrb.com\/wp-content\/uploads\/2026\/01\/Stefan-Vesovic-sekretar-foto-gradski.webp","width":1329,"height":793},{"@type":"BreadcrumbList","@id":"https:\/\/dmcsrb.com\/en\/politika\/vesovic-zatvarali-ste-i-prebijali-a-sada-glumite-progonjenike\/#breadcrumb","itemListElement":[{"@type":"ListItem","position":1,"name":"Home","item":"https:\/\/dmcsrb.com\/"},{"@type":"ListItem","position":2,"name":"Ve\u0161ovi\u0107: Zatvarali ste i prebijali, a sada glumite progonjenike"}]},{"@type":"WebSite","@id":"https:\/\/dmcsrb.com\/#website","url":"https:\/\/dmcsrb.com\/","name":"dmcsrb.com","description":"","potentialAction":[{"@type":"SearchAction","target":{"@type":"EntryPoint","urlTemplate":"https:\/\/dmcsrb.com\/?s={search_term_string}"},"query-input":{"@type":"PropertyValueSpecification","valueRequired":true,"valueName":"search_term_string"}}],"inLanguage":"en-GB"},{"@type":"Person","@id":"https:\/\/dmcsrb.com\/#\/schema\/person\/5c39170f12db1b8b457732d0b5c854e2","name":"dmcsrbija.com@gmail.com","image":{"@type":"ImageObject","inLanguage":"en-GB","@id":"https:\/\/secure.gravatar.com\/avatar\/68592660ad6347fad0fb587f8d5d8f1a7b44961362f56e4f2cd524feb87e9069?s=96&d=mm&r=g","url":"https:\/\/secure.gravatar.com\/avatar\/68592660ad6347fad0fb587f8d5d8f1a7b44961362f56e4f2cd524feb87e9069?s=96&d=mm&r=g","contentUrl":"https:\/\/secure.gravatar.com\/avatar\/68592660ad6347fad0fb587f8d5d8f1a7b44961362f56e4f2cd524feb87e9069?s=96&d=mm&r=g","caption":"dmcsrbija.com@gmail.com"},"sameAs":["https:\/\/dmcsrb.com"],"url":"https:\/\/dmcsrb.com\/en\/author\/dmcsrbija-comgmail-com\/"}]}},"_links":{"self":[{"href":"https:\/\/dmcsrb.com\/en\/wp-json\/wp\/v2\/posts\/957500","targetHints":{"allow":["GET"]}}],"collection":[{"href":"https:\/\/dmcsrb.com\/en\/wp-json\/wp\/v2\/posts"}],"about":[{"href":"https:\/\/dmcsrb.com\/en\/wp-json\/wp\/v2\/types\/post"}],"author":[{"embeddable":true,"href":"https:\/\/dmcsrb.com\/en\/wp-json\/wp\/v2\/users\/1"}],"replies":[{"embeddable":true,"href":"https:\/\/dmcsrb.com\/en\/wp-json\/wp\/v2\/comments?post=957500"}],"version-history":[{"count":0,"href":"https:\/\/dmcsrb.com\/en\/wp-json\/wp\/v2\/posts\/957500\/revisions"}],"wp:featuredmedia":[{"embeddable":true,"href":"https:\/\/dmcsrb.com\/en\/wp-json\/wp\/v2\/media\/957501"}],"wp:attachment":[{"href":"https:\/\/dmcsrb.com\/en\/wp-json\/wp\/v2\/media?parent=957500"}],"wp:term":[{"taxonomy":"category","embeddable":true,"href":"https:\/\/dmcsrb.com\/en\/wp-json\/wp\/v2\/categories?post=957500"},{"taxonomy":"post_tag","embeddable":true,"href":"https:\/\/dmcsrb.com\/en\/wp-json\/wp\/v2\/tags?post=957500"},{"taxonomy":"naslovna","embeddable":true,"href":"https:\/\/dmcsrb.com\/en\/wp-json\/wp\/v2\/naslovna?post=957500"}],"curies":[{"name":"wp","href":"https:\/\/api.w.org\/{rel}","templated":true}]}}