{"id":957494,"date":"2025-10-13T08:56:15","date_gmt":"2025-10-13T06:56:15","guid":{"rendered":"https:\/\/dmcsrb.com\/uncategorized\/veljovic-mrkicu-sto-ne-vidis-daku-i-dresaje-da-izvuku-tvoju-robu\/"},"modified":"2025-10-13T08:56:15","modified_gmt":"2025-10-13T06:56:15","slug":"veljovic-mrkicu-sto-ne-vidis-daku-i-dresaje-da-izvuku-tvoju-robu","status":"publish","type":"post","link":"https:\/\/dmcsrb.com\/en\/hronika\/veljovic-mrkicu-sto-ne-vidis-daku-i-dresaje-da-izvuku-tvoju-robu\/","title":{"rendered":"Veljovi\u0107 Mrki\u0107u: \u0160to ne vidi\u0161 Daku i Dre\u0161aje da izvuku tvoju robu"},"content":{"rendered":"<p><\/p>\n\n\n\n<p>\u201cZaista nema smisla, evo godinu \u010dekamo da nam izdvojite poruke\u201d, rekla je danas, u nastavku su\u0111enja Mrki\u0107evoj kriminalnoj grupi, sudija&nbsp;<strong>Vesna Kova\u010devi\u0107<\/strong>, pred \u010dijim tro\u010dlanim vije\u0107em se vodi postupak.<\/p>\n\n\n\n<p>\u201cSve smo vam dostavili. Izdvajanje poruka je samo tehni\u010dka pomo\u0107 sudu. Ali, dostavi\u0107emo ih\u201d, odgovorio joj je tu\u017eilac Vukoti\u0107.<\/p>\n\n\n\n<p>Za 24. oktobar planiran je nastavak dokaznog postupka, izme\u0111u ostalog, i \u010ditanje Skaj komunikacije.<\/p>\n\n\n\n<p>Dok se biv\u0161i \u0161ef policije Veselin Veljovi\u0107 i na saslu\u0161anju u SDT-u, nakon \u0161to je uhap\u0161en u julu 2023. godine, a potom i pred sudom, branio da nikada nije koristio Skaj aplikaciju i da sa Mrki\u0107em nema ni prijateljski, ni poslovni odnos, tu\u017eilac Vukoti\u0107 u optu\u017enici tvrdi druga\u010dije.<\/p>\n\n\n\n<p>Kao prilog tim navodima, dostavio je i brojne poruke koje su na Skaju, navodno, razmijenili Veljovi\u0107 i odbjegli Mrki\u0107.<\/p>\n\n\n\n<p>\u201cOkrivljeni Veljovi\u0107 je imao zadatak da, kao direktor Uprave policije Crne Gore, a potom i kao savjetnik predsjednika Crne Gore za odbranu i bezbjednost, ne nare\u0111uje preduzimanje i kad je u mogu\u0107nosti da obezbje\u0111uje da se ne preduzimaju policijske mjere i radnje protiv organizatora i pripadnika kriminalne organizacije ili da, kad su policijske mjere i radnje prema njima preduzete, autoritetom svoje funkcije postigne da se pripadnici kriminalne organizacije prema kojima je pokrenut postupak ostave na slobodi ili puste na slobodu\u2026\u201c, pi\u0161e u tu\u017eila\u010dkim spisima u koje je portal Adria imao uvid.<\/p>\n\n\n\n<p>Zadatak optu\u017eenog nekada\u0161njeg prvog \u010dovjeka policije bio je i da, navodi se u tim spisima, obavje\u0161tava organizatora kriminalne organizacije o planiranim i preduzetim radnjama Uprave policije prema Mrki\u0107u, njemu bliskim ljudima i pojedinim pripadnicima kriminalne organizacije\u2026<\/p>\n\n\n\n<p><strong>\u201cAKO SE VRATIMO MIJENJA\u0106EMO SITUACIJU\u201d<\/strong><\/p>\n\n\n\n<p><strong>&nbsp;<\/strong>\u201cDako stvorimo uslove da ne\u0161to radimo\u201c, poruka je koju je, navodno, Veljovi\u0107 11. decembra 2020. godine preko Skaja poslao Mrki\u0107u.<\/p>\n\n\n\n<p>Dvije sedmice kasnije, tvrdi tu\u017eilac Vukoti\u0107 pozivaju\u0107i se na presretnute Skaj komunikacije, Veljovi\u0107 je obavijestio Mrki\u0107a da su \u201cjutros pretresi bili na vi\u0161e lokacija\u201c.<\/p>\n\n\n\n<p>Mrki\u0107a je, 12. januara 2021. godine, tako\u0111e preko Skaja, pitao \u201c\u0161ta je sa robom koja ti je ukradena\u201c.<\/p>\n\n\n\n<p>\u201cAko se vratimo mijenja\u0107emo situaciju ima\u0107e\u0161 potpunu podr\u0161ku\u201c, napisao je Veljovi\u0107 Mrki\u0107u 23. januara 2021. godine.<\/p>\n\n\n\n<p>U optu\u017enici protiv njih dvojice i ostalih, navodnih, pripadnika kriminalne grupe pi\u0161e i da je Veljovi\u0107 25. januara 2021. godine Mrki\u0107u napisao:<\/p>\n\n\n\n<p>\u201cPa valjda si ti bolji da Dakom i Dre\u0161ajima od njih\u2026 Pomagali smo Dre\u0161ajima\u2026 \u0160to ne vidi\u0161 Daku i Dre\u0161aje da izvuku tvoju robu\u2026\u201c<\/p>\n\n\n\n<p>Prema optu\u017enici tu\u017eioca Vukoti\u0107a, Veljovi\u0107 je 22. decembra 2020. godine najavio Mrki\u0107u da \u0107e \u201covih dana biti procesuiran Kilibarda zbog poku\u0161aja ubistva Muja Niko\u010devi\u0107a\u201d.<\/p>\n\n\n\n<p>\u201cU petak \u0107e mu biti izvr\u0161en pretres ku\u0107e gdje stanuje, neka skloni ako ima ne\u0161to interesantno\u2026 Neka bude ku\u0107i. Neka nikome ne govori da je dobio inf za pretres. Molim te skreni mu pa\u017enju. Vidi se sa njim nasamo. Nemoj sa njim razgovarati telefonom. Znam da ga po\u0161tuje\u0161 i zbog toga ti ovo govorim. Molim te uradi kako sam ti rekao. Neka bude ku\u0107i i glumi da ni\u0161ta ne zna. Nikome ni\u0161ta ne govori. Sve \u0107u ti objasniti kada se vidimo. Va\u017eno je da bude ku\u0107i i da ni\u0161ta ne govori nikome, a posebno da je znao za pretres\u201c, poruke su koje je, navodno, Veljovi\u0107 poslao Mrki\u0107u preko Skaj aplikacije.<\/p>\n\n\n\n<p><strong>SVI OPTU\u017dENI NA SLOBODI<\/strong><\/p>\n\n\n\n<p>Osim Mrki\u0107a i Veljovi\u0107a, na optu\u017eeni\u010dkoj klupi se nalaze i&nbsp;<strong>Nikola Mrki\u0107<\/strong>,&nbsp;<strong>Arsenije Kalezi\u0107<\/strong>,&nbsp;<strong>Mujo Niko\u010devi\u0107<\/strong>,&nbsp;<strong>Stefan Bubanja<\/strong>,&nbsp;<strong>Nikola Bubanja<\/strong>,&nbsp;<strong>Predrag Velji\u0107<\/strong>,&nbsp;<strong>Borislav Le\u010di\u0107<\/strong>,&nbsp;<strong>Nemanja An\u0111elkovi\u0107<\/strong>,&nbsp;<strong>Goran Glu\u0161\u010devi\u0107<\/strong>,&nbsp;<strong>Nikola Ba\u010dilovi\u0107<\/strong>&nbsp;i&nbsp;<strong>Sadig Elnagar<\/strong>.<\/p>\n\n\n\n<p>Optu\u017enicom je obuhva\u0107en i kasnije optu\u017eeni policajac&nbsp;<strong>Ilija Vasovi\u0107<\/strong>, nekada\u0161nji \u0161ef kriminalisti\u010dke policije u Baru.<\/p>\n\n\n\n<p>Svi optu\u017eeni se brane sa slobode.<\/p>\n\n\n\n<p>Tu\u017eila\u0161tvo, saop\u0161tio je ranije portparol, specijalni tu\u017eilac&nbsp;<strong>Vukas Radonji\u0107<\/strong>, osnovano sumnja da je&nbsp;Aleksandar Mrki\u0107, u 2018. godini, stvorio kriminalnu organizaciju koja je djelovala na teritoriji Crne Gore.<\/p>\n\n\n\n<p>\u201cSa ciljem bavljenja krijum\u010darenjem cigareta iz Slobodne carinske zone Luke Bar i pranjem novca\u201d, rekao je tada Radonji\u0107.<\/p>\n\n\n\n<p>Optu\u017enicom, koju potpisuje taj specijalni tu\u017eilac, Vasovi\u0107 je okrivljen da je u drugoj polovini 2020. godine postao pripadnik Mrki\u0107eve kriminalne organizacije, koja je, tako\u0111e, imala za cilj krijum\u010darenje cigareta iz Slobodne zone Luke Bar i pranje novca.<\/p>\n\n\n\n<p>Vasovi\u0107 je, pi\u0161e u optu\u017enici, od avgusta 2020. do marta 2021. zloupotrebljavao slu\u017ebeni polo\u017eaj tako \u0161to nije nare\u0111ivao preduzimanje i nije preduzimao policijske mjere i radnje protiv odbjeglog Mrki\u0107a i pripadnika njegove kriminalne organizacije.<\/p>\n\n\n\n<p>\u201cDok je organizatora obavje\u0161tavao o odre\u0111enim mjerama i radnjama Uprave policije u Baru, radi nesmetanog izvr\u0161enja kriminalnog plana, i na njegov zahtjev ili samoinicijativno mu dostavljao podatke&nbsp;o odre\u0111enim licima, putni\u010dkim vozilima i njihovim kretanjima i mjestu boravka, o vrsti i sadr\u017eini policijskih mjera i radnji koje se preduzimaju ili su preduzete prema odre\u0111enim licima, pa i pripadnicima kriminalne organizacije i njihovim rezultatima. Te podatke, kojima je I.V. imao pristup kao policijski slu\u017ebenik, organizator nije smio dobiti\u201d, saop\u0161teno je ranije iz tu\u017eila\u0161tva.<\/p>","protected":false},"excerpt":{"rendered":"<p>Specijalnom dr\u017eavnom tu\u017eila\u0161tvu nalo\u017eeno je da do 24. oktobra Vi\u0161em sudu u Podgorici dostavi izdvojene poruke koje su, prema tvrdnjama tu\u017eioca Jovana Vukoti\u0107a, na nekada za\u0161ti\u0107enoj Skaj aplikaciji razmjenjivali pripadnici kriminalne grupe odbjeglog Aleksandra-Aca Mrki\u0107a. U toj kriminalnoj organizaciji kojoj se na teret stavlja \u0161verc cigareta, prema optu\u017enici koju je potpisao Vukoti\u0107, nalazi se i biv\u0161i direktor Uprave policije Veselin Veljovi\u0107. \u00a0<\/p>","protected":false},"author":1,"featured_media":915495,"comment_status":"open","ping_status":"open","sticky":false,"template":"","format":"standard","meta":{"_acf_changed":false,"footnotes":""},"categories":[17],"tags":[11205,11206,11207,11208,36],"naslovna":[],"class_list":["post-957494","post","type-post","status-publish","format-standard","has-post-thumbnail","hentry","category-hronika","tag-aleksandar-mrkic","tag-daka","tag-dresaji","tag-izvlacenje-robe","tag-veselin-veljovic"],"acf":[],"yoast_head":"<!-- This site is optimized with the Yoast SEO plugin v27.4 - https:\/\/yoast.com\/product\/yoast-seo-wordpress\/ -->\n<title>Veljovi\u0107 Mrki\u0107u: \u0160to ne vidi\u0161 Daku i Dre\u0161aje da izvuku tvoju robu - dmcsrb.com<\/title>\n<meta name=\"robots\" content=\"index, follow, max-snippet:-1, max-image-preview:large, max-video-preview:-1\" \/>\n<link rel=\"canonical\" href=\"https:\/\/dmcsrb.com\/en\/hronika\/veljovic-mrkicu-sto-ne-vidis-daku-i-dresaje-da-izvuku-tvoju-robu\/\" \/>\n<meta property=\"og:locale\" content=\"en_GB\" \/>\n<meta property=\"og:type\" content=\"article\" \/>\n<meta property=\"og:title\" content=\"Veljovi\u0107 Mrki\u0107u: \u0160to ne vidi\u0161 Daku i Dre\u0161aje da izvuku tvoju robu - dmcsrb.com\" \/>\n<meta property=\"og:description\" content=\"Specijalnom dr\u017eavnom tu\u017eila\u0161tvu nalo\u017eeno je da do 24. oktobra Vi\u0161em sudu u Podgorici dostavi izdvojene poruke koje su, prema tvrdnjama tu\u017eioca Jovana Vukoti\u0107a, na nekada za\u0161ti\u0107enoj Skaj aplikaciji razmjenjivali pripadnici kriminalne grupe odbjeglog Aleksandra-Aca Mrki\u0107a. U toj kriminalnoj organizaciji kojoj se na teret stavlja \u0161verc cigareta, prema optu\u017enici koju je potpisao Vukoti\u0107, nalazi se i biv\u0161i direktor Uprave policije Veselin Veljovi\u0107. \u00a0\" \/>\n<meta property=\"og:url\" content=\"https:\/\/dmcsrb.com\/en\/hronika\/veljovic-mrkicu-sto-ne-vidis-daku-i-dresaje-da-izvuku-tvoju-robu\/\" \/>\n<meta property=\"og:site_name\" content=\"dmcsrb.com\" \/>\n<meta property=\"article:published_time\" content=\"2025-10-13T06:56:15+00:00\" \/>\n<meta property=\"og:image\" content=\"https:\/\/dmcsrb.com\/wp-content\/uploads\/2026\/01\/viber_image_2024-10-08_11-51-47-800_516x900.jpg\" \/>\n\t<meta property=\"og:image:width\" content=\"899\" \/>\n\t<meta property=\"og:image:height\" content=\"516\" \/>\n\t<meta property=\"og:image:type\" content=\"image\/jpeg\" \/>\n<meta name=\"author\" content=\"dmcsrbija.com@gmail.com\" \/>\n<meta name=\"twitter:card\" content=\"summary_large_image\" \/>\n<meta name=\"twitter:label1\" content=\"Written by\" \/>\n\t<meta name=\"twitter:data1\" content=\"dmcsrbija.com@gmail.com\" \/>\n\t<meta name=\"twitter:label2\" content=\"Estimated reading time\" \/>\n\t<meta name=\"twitter:data2\" content=\"4 minutes\" \/>\n<script type=\"application\/ld+json\" class=\"yoast-schema-graph\">{\"@context\":\"https:\\\/\\\/schema.org\",\"@graph\":[{\"@type\":\"Article\",\"@id\":\"https:\\\/\\\/dmcsrb.com\\\/hronika\\\/veljovic-mrkicu-sto-ne-vidis-daku-i-dresaje-da-izvuku-tvoju-robu\\\/#article\",\"isPartOf\":{\"@id\":\"https:\\\/\\\/dmcsrb.com\\\/hronika\\\/veljovic-mrkicu-sto-ne-vidis-daku-i-dresaje-da-izvuku-tvoju-robu\\\/\"},\"author\":{\"name\":\"dmcsrbija.com@gmail.com\",\"@id\":\"https:\\\/\\\/dmcsrb.com\\\/#\\\/schema\\\/person\\\/5c39170f12db1b8b457732d0b5c854e2\"},\"headline\":\"Veljovi\u0107 Mrki\u0107u: \u0160to ne vidi\u0161 Daku i Dre\u0161aje da izvuku tvoju robu\",\"datePublished\":\"2025-10-13T06:56:15+00:00\",\"mainEntityOfPage\":{\"@id\":\"https:\\\/\\\/dmcsrb.com\\\/hronika\\\/veljovic-mrkicu-sto-ne-vidis-daku-i-dresaje-da-izvuku-tvoju-robu\\\/\"},\"wordCount\":901,\"commentCount\":0,\"image\":{\"@id\":\"https:\\\/\\\/dmcsrb.com\\\/hronika\\\/veljovic-mrkicu-sto-ne-vidis-daku-i-dresaje-da-izvuku-tvoju-robu\\\/#primaryimage\"},\"thumbnailUrl\":\"https:\\\/\\\/dmcsrb.com\\\/wp-content\\\/uploads\\\/2026\\\/01\\\/viber_image_2024-10-08_11-51-47-800_516x900.jpg\",\"keywords\":[\"Aleksandar Mrki\u0107\",\"Daka\",\"Dre\u0161aji\",\"Izvla\u010denje robe\",\"Veselin Veljovi\u0107\"],\"articleSection\":[\"Hronika\"],\"inLanguage\":\"en-GB\",\"potentialAction\":[{\"@type\":\"CommentAction\",\"name\":\"Comment\",\"target\":[\"https:\\\/\\\/dmcsrb.com\\\/hronika\\\/veljovic-mrkicu-sto-ne-vidis-daku-i-dresaje-da-izvuku-tvoju-robu\\\/#respond\"]}]},{\"@type\":\"WebPage\",\"@id\":\"https:\\\/\\\/dmcsrb.com\\\/hronika\\\/veljovic-mrkicu-sto-ne-vidis-daku-i-dresaje-da-izvuku-tvoju-robu\\\/\",\"url\":\"https:\\\/\\\/dmcsrb.com\\\/hronika\\\/veljovic-mrkicu-sto-ne-vidis-daku-i-dresaje-da-izvuku-tvoju-robu\\\/\",\"name\":\"Veljovi\u0107 Mrki\u0107u: \u0160to ne vidi\u0161 Daku i Dre\u0161aje da izvuku tvoju robu - dmcsrb.com\",\"isPartOf\":{\"@id\":\"https:\\\/\\\/dmcsrb.com\\\/#website\"},\"primaryImageOfPage\":{\"@id\":\"https:\\\/\\\/dmcsrb.com\\\/hronika\\\/veljovic-mrkicu-sto-ne-vidis-daku-i-dresaje-da-izvuku-tvoju-robu\\\/#primaryimage\"},\"image\":{\"@id\":\"https:\\\/\\\/dmcsrb.com\\\/hronika\\\/veljovic-mrkicu-sto-ne-vidis-daku-i-dresaje-da-izvuku-tvoju-robu\\\/#primaryimage\"},\"thumbnailUrl\":\"https:\\\/\\\/dmcsrb.com\\\/wp-content\\\/uploads\\\/2026\\\/01\\\/viber_image_2024-10-08_11-51-47-800_516x900.jpg\",\"datePublished\":\"2025-10-13T06:56:15+00:00\",\"author\":{\"@id\":\"https:\\\/\\\/dmcsrb.com\\\/#\\\/schema\\\/person\\\/5c39170f12db1b8b457732d0b5c854e2\"},\"breadcrumb\":{\"@id\":\"https:\\\/\\\/dmcsrb.com\\\/hronika\\\/veljovic-mrkicu-sto-ne-vidis-daku-i-dresaje-da-izvuku-tvoju-robu\\\/#breadcrumb\"},\"inLanguage\":\"en-GB\",\"potentialAction\":[{\"@type\":\"ReadAction\",\"target\":[\"https:\\\/\\\/dmcsrb.com\\\/hronika\\\/veljovic-mrkicu-sto-ne-vidis-daku-i-dresaje-da-izvuku-tvoju-robu\\\/\"]}]},{\"@type\":\"ImageObject\",\"inLanguage\":\"en-GB\",\"@id\":\"https:\\\/\\\/dmcsrb.com\\\/hronika\\\/veljovic-mrkicu-sto-ne-vidis-daku-i-dresaje-da-izvuku-tvoju-robu\\\/#primaryimage\",\"url\":\"https:\\\/\\\/dmcsrb.com\\\/wp-content\\\/uploads\\\/2026\\\/01\\\/viber_image_2024-10-08_11-51-47-800_516x900.jpg\",\"contentUrl\":\"https:\\\/\\\/dmcsrb.com\\\/wp-content\\\/uploads\\\/2026\\\/01\\\/viber_image_2024-10-08_11-51-47-800_516x900.jpg\",\"width\":899,\"height\":516},{\"@type\":\"BreadcrumbList\",\"@id\":\"https:\\\/\\\/dmcsrb.com\\\/hronika\\\/veljovic-mrkicu-sto-ne-vidis-daku-i-dresaje-da-izvuku-tvoju-robu\\\/#breadcrumb\",\"itemListElement\":[{\"@type\":\"ListItem\",\"position\":1,\"name\":\"Home\",\"item\":\"https:\\\/\\\/dmcsrb.com\\\/\"},{\"@type\":\"ListItem\",\"position\":2,\"name\":\"Veljovi\u0107 Mrki\u0107u: \u0160to ne vidi\u0161 Daku i Dre\u0161aje da izvuku tvoju robu\"}]},{\"@type\":\"WebSite\",\"@id\":\"https:\\\/\\\/dmcsrb.com\\\/#website\",\"url\":\"https:\\\/\\\/dmcsrb.com\\\/\",\"name\":\"dmcsrb.com\",\"description\":\"\",\"potentialAction\":[{\"@type\":\"SearchAction\",\"target\":{\"@type\":\"EntryPoint\",\"urlTemplate\":\"https:\\\/\\\/dmcsrb.com\\\/?s={search_term_string}\"},\"query-input\":{\"@type\":\"PropertyValueSpecification\",\"valueRequired\":true,\"valueName\":\"search_term_string\"}}],\"inLanguage\":\"en-GB\"},{\"@type\":\"Person\",\"@id\":\"https:\\\/\\\/dmcsrb.com\\\/#\\\/schema\\\/person\\\/5c39170f12db1b8b457732d0b5c854e2\",\"name\":\"dmcsrbija.com@gmail.com\",\"image\":{\"@type\":\"ImageObject\",\"inLanguage\":\"en-GB\",\"@id\":\"https:\\\/\\\/secure.gravatar.com\\\/avatar\\\/68592660ad6347fad0fb587f8d5d8f1a7b44961362f56e4f2cd524feb87e9069?s=96&d=mm&r=g\",\"url\":\"https:\\\/\\\/secure.gravatar.com\\\/avatar\\\/68592660ad6347fad0fb587f8d5d8f1a7b44961362f56e4f2cd524feb87e9069?s=96&d=mm&r=g\",\"contentUrl\":\"https:\\\/\\\/secure.gravatar.com\\\/avatar\\\/68592660ad6347fad0fb587f8d5d8f1a7b44961362f56e4f2cd524feb87e9069?s=96&d=mm&r=g\",\"caption\":\"dmcsrbija.com@gmail.com\"},\"sameAs\":[\"https:\\\/\\\/dmcsrb.com\"],\"url\":\"https:\\\/\\\/dmcsrb.com\\\/en\\\/author\\\/dmcsrbija-comgmail-com\\\/\"}]}<\/script>\n<!-- \/ Yoast SEO plugin. -->","yoast_head_json":{"title":"Veljovi\u0107 Mrki\u0107u: \u0160to ne vidi\u0161 Daku i Dre\u0161aje da izvuku tvoju robu - dmcsrb.com","robots":{"index":"index","follow":"follow","max-snippet":"max-snippet:-1","max-image-preview":"max-image-preview:large","max-video-preview":"max-video-preview:-1"},"canonical":"https:\/\/dmcsrb.com\/en\/hronika\/veljovic-mrkicu-sto-ne-vidis-daku-i-dresaje-da-izvuku-tvoju-robu\/","og_locale":"en_GB","og_type":"article","og_title":"Veljovi\u0107 Mrki\u0107u: \u0160to ne vidi\u0161 Daku i Dre\u0161aje da izvuku tvoju robu - dmcsrb.com","og_description":"Specijalnom dr\u017eavnom tu\u017eila\u0161tvu nalo\u017eeno je da do 24. oktobra Vi\u0161em sudu u Podgorici dostavi izdvojene poruke koje su, prema tvrdnjama tu\u017eioca Jovana Vukoti\u0107a, na nekada za\u0161ti\u0107enoj Skaj aplikaciji razmjenjivali pripadnici kriminalne grupe odbjeglog Aleksandra-Aca Mrki\u0107a. U toj kriminalnoj organizaciji kojoj se na teret stavlja \u0161verc cigareta, prema optu\u017enici koju je potpisao Vukoti\u0107, nalazi se i biv\u0161i direktor Uprave policije Veselin Veljovi\u0107. \u00a0","og_url":"https:\/\/dmcsrb.com\/en\/hronika\/veljovic-mrkicu-sto-ne-vidis-daku-i-dresaje-da-izvuku-tvoju-robu\/","og_site_name":"dmcsrb.com","article_published_time":"2025-10-13T06:56:15+00:00","og_image":[{"width":899,"height":516,"url":"https:\/\/dmcsrb.com\/wp-content\/uploads\/2026\/01\/viber_image_2024-10-08_11-51-47-800_516x900.jpg","type":"image\/jpeg"}],"author":"dmcsrbija.com@gmail.com","twitter_card":"summary_large_image","twitter_misc":{"Written by":"dmcsrbija.com@gmail.com","Estimated reading time":"4 minutes"},"schema":{"@context":"https:\/\/schema.org","@graph":[{"@type":"Article","@id":"https:\/\/dmcsrb.com\/hronika\/veljovic-mrkicu-sto-ne-vidis-daku-i-dresaje-da-izvuku-tvoju-robu\/#article","isPartOf":{"@id":"https:\/\/dmcsrb.com\/hronika\/veljovic-mrkicu-sto-ne-vidis-daku-i-dresaje-da-izvuku-tvoju-robu\/"},"author":{"name":"dmcsrbija.com@gmail.com","@id":"https:\/\/dmcsrb.com\/#\/schema\/person\/5c39170f12db1b8b457732d0b5c854e2"},"headline":"Veljovi\u0107 Mrki\u0107u: \u0160to ne vidi\u0161 Daku i Dre\u0161aje da izvuku tvoju robu","datePublished":"2025-10-13T06:56:15+00:00","mainEntityOfPage":{"@id":"https:\/\/dmcsrb.com\/hronika\/veljovic-mrkicu-sto-ne-vidis-daku-i-dresaje-da-izvuku-tvoju-robu\/"},"wordCount":901,"commentCount":0,"image":{"@id":"https:\/\/dmcsrb.com\/hronika\/veljovic-mrkicu-sto-ne-vidis-daku-i-dresaje-da-izvuku-tvoju-robu\/#primaryimage"},"thumbnailUrl":"https:\/\/dmcsrb.com\/wp-content\/uploads\/2026\/01\/viber_image_2024-10-08_11-51-47-800_516x900.jpg","keywords":["Aleksandar Mrki\u0107","Daka","Dre\u0161aji","Izvla\u010denje robe","Veselin Veljovi\u0107"],"articleSection":["Hronika"],"inLanguage":"en-GB","potentialAction":[{"@type":"CommentAction","name":"Comment","target":["https:\/\/dmcsrb.com\/hronika\/veljovic-mrkicu-sto-ne-vidis-daku-i-dresaje-da-izvuku-tvoju-robu\/#respond"]}]},{"@type":"WebPage","@id":"https:\/\/dmcsrb.com\/hronika\/veljovic-mrkicu-sto-ne-vidis-daku-i-dresaje-da-izvuku-tvoju-robu\/","url":"https:\/\/dmcsrb.com\/hronika\/veljovic-mrkicu-sto-ne-vidis-daku-i-dresaje-da-izvuku-tvoju-robu\/","name":"Veljovi\u0107 Mrki\u0107u: \u0160to ne vidi\u0161 Daku i Dre\u0161aje da izvuku tvoju robu - dmcsrb.com","isPartOf":{"@id":"https:\/\/dmcsrb.com\/#website"},"primaryImageOfPage":{"@id":"https:\/\/dmcsrb.com\/hronika\/veljovic-mrkicu-sto-ne-vidis-daku-i-dresaje-da-izvuku-tvoju-robu\/#primaryimage"},"image":{"@id":"https:\/\/dmcsrb.com\/hronika\/veljovic-mrkicu-sto-ne-vidis-daku-i-dresaje-da-izvuku-tvoju-robu\/#primaryimage"},"thumbnailUrl":"https:\/\/dmcsrb.com\/wp-content\/uploads\/2026\/01\/viber_image_2024-10-08_11-51-47-800_516x900.jpg","datePublished":"2025-10-13T06:56:15+00:00","author":{"@id":"https:\/\/dmcsrb.com\/#\/schema\/person\/5c39170f12db1b8b457732d0b5c854e2"},"breadcrumb":{"@id":"https:\/\/dmcsrb.com\/hronika\/veljovic-mrkicu-sto-ne-vidis-daku-i-dresaje-da-izvuku-tvoju-robu\/#breadcrumb"},"inLanguage":"en-GB","potentialAction":[{"@type":"ReadAction","target":["https:\/\/dmcsrb.com\/hronika\/veljovic-mrkicu-sto-ne-vidis-daku-i-dresaje-da-izvuku-tvoju-robu\/"]}]},{"@type":"ImageObject","inLanguage":"en-GB","@id":"https:\/\/dmcsrb.com\/hronika\/veljovic-mrkicu-sto-ne-vidis-daku-i-dresaje-da-izvuku-tvoju-robu\/#primaryimage","url":"https:\/\/dmcsrb.com\/wp-content\/uploads\/2026\/01\/viber_image_2024-10-08_11-51-47-800_516x900.jpg","contentUrl":"https:\/\/dmcsrb.com\/wp-content\/uploads\/2026\/01\/viber_image_2024-10-08_11-51-47-800_516x900.jpg","width":899,"height":516},{"@type":"BreadcrumbList","@id":"https:\/\/dmcsrb.com\/hronika\/veljovic-mrkicu-sto-ne-vidis-daku-i-dresaje-da-izvuku-tvoju-robu\/#breadcrumb","itemListElement":[{"@type":"ListItem","position":1,"name":"Home","item":"https:\/\/dmcsrb.com\/"},{"@type":"ListItem","position":2,"name":"Veljovi\u0107 Mrki\u0107u: \u0160to ne vidi\u0161 Daku i Dre\u0161aje da izvuku tvoju robu"}]},{"@type":"WebSite","@id":"https:\/\/dmcsrb.com\/#website","url":"https:\/\/dmcsrb.com\/","name":"dmcsrb.com","description":"","potentialAction":[{"@type":"SearchAction","target":{"@type":"EntryPoint","urlTemplate":"https:\/\/dmcsrb.com\/?s={search_term_string}"},"query-input":{"@type":"PropertyValueSpecification","valueRequired":true,"valueName":"search_term_string"}}],"inLanguage":"en-GB"},{"@type":"Person","@id":"https:\/\/dmcsrb.com\/#\/schema\/person\/5c39170f12db1b8b457732d0b5c854e2","name":"dmcsrbija.com@gmail.com","image":{"@type":"ImageObject","inLanguage":"en-GB","@id":"https:\/\/secure.gravatar.com\/avatar\/68592660ad6347fad0fb587f8d5d8f1a7b44961362f56e4f2cd524feb87e9069?s=96&d=mm&r=g","url":"https:\/\/secure.gravatar.com\/avatar\/68592660ad6347fad0fb587f8d5d8f1a7b44961362f56e4f2cd524feb87e9069?s=96&d=mm&r=g","contentUrl":"https:\/\/secure.gravatar.com\/avatar\/68592660ad6347fad0fb587f8d5d8f1a7b44961362f56e4f2cd524feb87e9069?s=96&d=mm&r=g","caption":"dmcsrbija.com@gmail.com"},"sameAs":["https:\/\/dmcsrb.com"],"url":"https:\/\/dmcsrb.com\/en\/author\/dmcsrbija-comgmail-com\/"}]}},"_links":{"self":[{"href":"https:\/\/dmcsrb.com\/en\/wp-json\/wp\/v2\/posts\/957494","targetHints":{"allow":["GET"]}}],"collection":[{"href":"https:\/\/dmcsrb.com\/en\/wp-json\/wp\/v2\/posts"}],"about":[{"href":"https:\/\/dmcsrb.com\/en\/wp-json\/wp\/v2\/types\/post"}],"author":[{"embeddable":true,"href":"https:\/\/dmcsrb.com\/en\/wp-json\/wp\/v2\/users\/1"}],"replies":[{"embeddable":true,"href":"https:\/\/dmcsrb.com\/en\/wp-json\/wp\/v2\/comments?post=957494"}],"version-history":[{"count":0,"href":"https:\/\/dmcsrb.com\/en\/wp-json\/wp\/v2\/posts\/957494\/revisions"}],"wp:featuredmedia":[{"embeddable":true,"href":"https:\/\/dmcsrb.com\/en\/wp-json\/wp\/v2\/media\/915495"}],"wp:attachment":[{"href":"https:\/\/dmcsrb.com\/en\/wp-json\/wp\/v2\/media?parent=957494"}],"wp:term":[{"taxonomy":"category","embeddable":true,"href":"https:\/\/dmcsrb.com\/en\/wp-json\/wp\/v2\/categories?post=957494"},{"taxonomy":"post_tag","embeddable":true,"href":"https:\/\/dmcsrb.com\/en\/wp-json\/wp\/v2\/tags?post=957494"},{"taxonomy":"naslovna","embeddable":true,"href":"https:\/\/dmcsrb.com\/en\/wp-json\/wp\/v2\/naslovna?post=957494"}],"curies":[{"name":"wp","href":"https:\/\/api.w.org\/{rel}","templated":true}]}}