{"id":957436,"date":"2025-10-12T18:56:00","date_gmt":"2025-10-12T16:56:00","guid":{"rendered":"https:\/\/dmcsrb.com\/uncategorized\/vojinovic-pojedinci-su-se-sluzili-privatnim-interesima-svojih-politickih-gospodara\/"},"modified":"2025-10-12T18:56:00","modified_gmt":"2025-10-12T16:56:00","slug":"vojinovic-pojedinci-su-se-sluzili-privatnim-interesima-svojih-politickih-gospodara","status":"publish","type":"post","link":"https:\/\/dmcsrb.com\/en\/politika\/vojinovic-pojedinci-su-se-sluzili-privatnim-interesima-svojih-politickih-gospodara\/","title":{"rendered":"Vojinovi\u0107: Pojedinci su se slu\u017eili privatnim interesima svojih politi\u010dkih gospodara"},"content":{"rendered":"<p>Vojinovi\u0107 je poru\u010dila da dok su gra\u0111ani o\u010dekivali da policija \u0161titi zakon i dr\u017eavu, pojedinci su, kako ka\u017ee, o\u010digledno slu\u017eili privatnim interesima svojih politi\u010dkih gospodara. Dodaje da umjesto da gone kriminalce, oni su zloupotrebljavali dr\u017eavne sisteme kako bi pratili, \u0161pijunirali i kompromitovali protivnike re\u017eima.<br><br>&#8220;Zamislite, na osnovu najnovijih objava \u00a0medija, nivo izopa\u010denosti i beskrupuloznosti kada visoki funkcioneri sektora bezbjednosti, desetak dana pred istorijske parlamentarne izbore 30. avgusta 2020. godine, po nalogu tajkuna, a danas vidimo zapravo \u0161efa kriminalnih organizacija, a sve u komunikaciji i koordinaciji sa ministrima i politi\u010dkim mo\u0107nicima, izvla\u010de iz sistema li\u010dne podatke o majci tada\u0161njeg poslanika i lidera opozicije Alekse Be\u010di\u0107a, \u017eeni koja nikada nije imala bilo kakvu javnu funkciju, i razmatraju kako bi mogli par dana pred izbore napakovati neku pri\u010du o njihovoj staroj porodi\u010dnoj imovini koju je ona naslijedila od pokojnog supruga&#8221;, navodi ona.<br><br>Isti\u010de da je to bila njihova metoda: da blate, da \u0161ire la\u017ei, da prave konstrukcije, da poku\u0161aju isprljati \u010diste ljude, kako je kazala  &#8220;samo zato \u0161to nijesu bili dio njihove korumpirane mre\u017ee&#8221;.<\/p>\n\n\n\n<p>&#8221; Koliko su samo la\u017ei i podvala fabrikovali o Aleksi Be\u010di\u0107u i funkcionerima Demokrata u proteklih deset godina, a da ne govorimo o pra\u0107enju, prislu\u0161kivanju, napadima, hap\u0161enjima i svim drugim monstruznostima tog sistema koje smo debelo iskusili.Danas, kada sistem kona\u010dno po\u010dinje da \u010disti sam sebe, jasno se vidi koliko je duboko kriminal u\u0161ao u institucije i koliko su se pojedinci drsko pona\u0161ali, misle\u0107i da \u0107e zauvijek ostati za\u0161ti\u0107eni. Danas gradjani vide dio najmra\u010dnijeg i najmonstruoznijeg vremena u istoriji Crne Gore koje se nikada vi\u0161e ne\u0107e vratiti&#8221;, zaklju\u010duje Vojinovi\u0107.<\/p>","protected":false},"excerpt":{"rendered":"<p>Novi podaci iz predmeta Specijalnog dr\u017eavnog tu\u017eila\u0161tva jo\u0161 jednom otkrivaju do koje mjere su se visoki funkcioneri bezbjednosnog sektora, u vrijeme biv\u0161e vlasti, stavili u slu\u017ebu kriminalnih i politi\u010dkih struktura, saop\u0161tila je poslanica Demokrata An\u0111ela Vojinovi\u0107.<\/p>","protected":false},"author":1,"featured_media":947477,"comment_status":"open","ping_status":"open","sticky":false,"template":"","format":"standard","meta":{"_acf_changed":false,"footnotes":""},"categories":[12],"tags":[229,1355,779],"naslovna":[],"class_list":["post-957436","post","type-post","status-publish","format-standard","has-post-thumbnail","hentry","category-politika","tag-andjela-vojinovic","tag-demokrate","tag-sdt"],"acf":[],"yoast_head":"<!-- This site is optimized with the Yoast SEO plugin v27.0 - https:\/\/yoast.com\/product\/yoast-seo-wordpress\/ -->\n<title>Vojinovi\u0107: Pojedinci su se slu\u017eili privatnim interesima svojih politi\u010dkih gospodara - dmcsrb.com<\/title>\n<meta name=\"robots\" content=\"index, follow, max-snippet:-1, max-image-preview:large, max-video-preview:-1\" \/>\n<link rel=\"canonical\" href=\"https:\/\/dmcsrb.com\/en\/politika\/vojinovic-pojedinci-su-se-sluzili-privatnim-interesima-svojih-politickih-gospodara\/\" \/>\n<meta property=\"og:locale\" content=\"en_GB\" \/>\n<meta property=\"og:type\" content=\"article\" \/>\n<meta property=\"og:title\" content=\"Vojinovi\u0107: Pojedinci su se slu\u017eili privatnim interesima svojih politi\u010dkih gospodara - dmcsrb.com\" \/>\n<meta property=\"og:description\" content=\"Novi podaci iz predmeta Specijalnog dr\u017eavnog tu\u017eila\u0161tva jo\u0161 jednom otkrivaju do koje mjere su se visoki funkcioneri bezbjednosnog sektora, u vrijeme biv\u0161e vlasti, stavili u slu\u017ebu kriminalnih i politi\u010dkih struktura, saop\u0161tila je poslanica Demokrata An\u0111ela Vojinovi\u0107.\" \/>\n<meta property=\"og:url\" content=\"https:\/\/dmcsrb.com\/en\/politika\/vojinovic-pojedinci-su-se-sluzili-privatnim-interesima-svojih-politickih-gospodara\/\" \/>\n<meta property=\"og:site_name\" content=\"dmcsrb.com\" \/>\n<meta property=\"article:published_time\" content=\"2025-10-12T16:56:00+00:00\" \/>\n<meta property=\"og:image\" content=\"https:\/\/dmcsrb.com\/wp-content\/uploads\/2026\/01\/andela-vojinovic.webp\" \/>\n\t<meta property=\"og:image:width\" content=\"1000\" \/>\n\t<meta property=\"og:image:height\" content=\"555\" \/>\n\t<meta property=\"og:image:type\" content=\"image\/jpeg\" \/>\n<meta name=\"author\" content=\"dmcsrbija.com@gmail.com\" \/>\n<meta name=\"twitter:card\" content=\"summary_large_image\" \/>\n<meta name=\"twitter:label1\" content=\"Written by\" \/>\n\t<meta name=\"twitter:data1\" content=\"dmcsrbija.com@gmail.com\" \/>\n\t<meta name=\"twitter:label2\" content=\"Estimated reading time\" \/>\n\t<meta name=\"twitter:data2\" content=\"1 minute\" \/>\n<script type=\"application\/ld+json\" class=\"yoast-schema-graph\">{\"@context\":\"https:\/\/schema.org\",\"@graph\":[{\"@type\":\"Article\",\"@id\":\"https:\/\/dmcsrb.com\/politika\/vojinovic-pojedinci-su-se-sluzili-privatnim-interesima-svojih-politickih-gospodara\/#article\",\"isPartOf\":{\"@id\":\"https:\/\/dmcsrb.com\/politika\/vojinovic-pojedinci-su-se-sluzili-privatnim-interesima-svojih-politickih-gospodara\/\"},\"author\":{\"name\":\"dmcsrbija.com@gmail.com\",\"@id\":\"https:\/\/dmcsrb.com\/#\/schema\/person\/5c39170f12db1b8b457732d0b5c854e2\"},\"headline\":\"Vojinovi\u0107: Pojedinci su se slu\u017eili privatnim interesima svojih politi\u010dkih gospodara\",\"datePublished\":\"2025-10-12T16:56:00+00:00\",\"mainEntityOfPage\":{\"@id\":\"https:\/\/dmcsrb.com\/politika\/vojinovic-pojedinci-su-se-sluzili-privatnim-interesima-svojih-politickih-gospodara\/\"},\"wordCount\":310,\"commentCount\":0,\"image\":{\"@id\":\"https:\/\/dmcsrb.com\/politika\/vojinovic-pojedinci-su-se-sluzili-privatnim-interesima-svojih-politickih-gospodara\/#primaryimage\"},\"thumbnailUrl\":\"https:\/\/dmcsrb.com\/wp-content\/uploads\/2026\/01\/andela-vojinovic.webp\",\"keywords\":[\"An\u0111ela Vojinovi\u0107\",\"Demokrate\",\"SDT\"],\"articleSection\":[\"Politika\"],\"inLanguage\":\"en-GB\",\"potentialAction\":[{\"@type\":\"CommentAction\",\"name\":\"Comment\",\"target\":[\"https:\/\/dmcsrb.com\/politika\/vojinovic-pojedinci-su-se-sluzili-privatnim-interesima-svojih-politickih-gospodara\/#respond\"]}]},{\"@type\":\"WebPage\",\"@id\":\"https:\/\/dmcsrb.com\/politika\/vojinovic-pojedinci-su-se-sluzili-privatnim-interesima-svojih-politickih-gospodara\/\",\"url\":\"https:\/\/dmcsrb.com\/politika\/vojinovic-pojedinci-su-se-sluzili-privatnim-interesima-svojih-politickih-gospodara\/\",\"name\":\"Vojinovi\u0107: Pojedinci su se slu\u017eili privatnim interesima svojih politi\u010dkih gospodara - dmcsrb.com\",\"isPartOf\":{\"@id\":\"https:\/\/dmcsrb.com\/#website\"},\"primaryImageOfPage\":{\"@id\":\"https:\/\/dmcsrb.com\/politika\/vojinovic-pojedinci-su-se-sluzili-privatnim-interesima-svojih-politickih-gospodara\/#primaryimage\"},\"image\":{\"@id\":\"https:\/\/dmcsrb.com\/politika\/vojinovic-pojedinci-su-se-sluzili-privatnim-interesima-svojih-politickih-gospodara\/#primaryimage\"},\"thumbnailUrl\":\"https:\/\/dmcsrb.com\/wp-content\/uploads\/2026\/01\/andela-vojinovic.webp\",\"datePublished\":\"2025-10-12T16:56:00+00:00\",\"author\":{\"@id\":\"https:\/\/dmcsrb.com\/#\/schema\/person\/5c39170f12db1b8b457732d0b5c854e2\"},\"breadcrumb\":{\"@id\":\"https:\/\/dmcsrb.com\/politika\/vojinovic-pojedinci-su-se-sluzili-privatnim-interesima-svojih-politickih-gospodara\/#breadcrumb\"},\"inLanguage\":\"en-GB\",\"potentialAction\":[{\"@type\":\"ReadAction\",\"target\":[\"https:\/\/dmcsrb.com\/politika\/vojinovic-pojedinci-su-se-sluzili-privatnim-interesima-svojih-politickih-gospodara\/\"]}]},{\"@type\":\"ImageObject\",\"inLanguage\":\"en-GB\",\"@id\":\"https:\/\/dmcsrb.com\/politika\/vojinovic-pojedinci-su-se-sluzili-privatnim-interesima-svojih-politickih-gospodara\/#primaryimage\",\"url\":\"https:\/\/dmcsrb.com\/wp-content\/uploads\/2026\/01\/andela-vojinovic.webp\",\"contentUrl\":\"https:\/\/dmcsrb.com\/wp-content\/uploads\/2026\/01\/andela-vojinovic.webp\",\"width\":1000,\"height\":555},{\"@type\":\"BreadcrumbList\",\"@id\":\"https:\/\/dmcsrb.com\/politika\/vojinovic-pojedinci-su-se-sluzili-privatnim-interesima-svojih-politickih-gospodara\/#breadcrumb\",\"itemListElement\":[{\"@type\":\"ListItem\",\"position\":1,\"name\":\"Home\",\"item\":\"https:\/\/dmcsrb.com\/\"},{\"@type\":\"ListItem\",\"position\":2,\"name\":\"Vojinovi\u0107: Pojedinci su se slu\u017eili privatnim interesima svojih politi\u010dkih gospodara\"}]},{\"@type\":\"WebSite\",\"@id\":\"https:\/\/dmcsrb.com\/#website\",\"url\":\"https:\/\/dmcsrb.com\/\",\"name\":\"dmcsrb.com\",\"description\":\"\",\"potentialAction\":[{\"@type\":\"SearchAction\",\"target\":{\"@type\":\"EntryPoint\",\"urlTemplate\":\"https:\/\/dmcsrb.com\/?s={search_term_string}\"},\"query-input\":{\"@type\":\"PropertyValueSpecification\",\"valueRequired\":true,\"valueName\":\"search_term_string\"}}],\"inLanguage\":\"en-GB\"},{\"@type\":\"Person\",\"@id\":\"https:\/\/dmcsrb.com\/#\/schema\/person\/5c39170f12db1b8b457732d0b5c854e2\",\"name\":\"dmcsrbija.com@gmail.com\",\"image\":{\"@type\":\"ImageObject\",\"inLanguage\":\"en-GB\",\"@id\":\"https:\/\/dmcsrb.com\/#\/schema\/person\/image\/\",\"url\":\"https:\/\/secure.gravatar.com\/avatar\/68592660ad6347fad0fb587f8d5d8f1a7b44961362f56e4f2cd524feb87e9069?s=96&d=mm&r=g\",\"contentUrl\":\"https:\/\/secure.gravatar.com\/avatar\/68592660ad6347fad0fb587f8d5d8f1a7b44961362f56e4f2cd524feb87e9069?s=96&d=mm&r=g\",\"caption\":\"dmcsrbija.com@gmail.com\"},\"sameAs\":[\"https:\/\/dmcsrb.com\"],\"url\":\"https:\/\/dmcsrb.com\/en\/author\/dmcsrbija-comgmail-com\/\"}]}<\/script>\n<!-- \/ Yoast SEO plugin. -->","yoast_head_json":{"title":"Vojinovi\u0107: Pojedinci su se slu\u017eili privatnim interesima svojih politi\u010dkih gospodara - dmcsrb.com","robots":{"index":"index","follow":"follow","max-snippet":"max-snippet:-1","max-image-preview":"max-image-preview:large","max-video-preview":"max-video-preview:-1"},"canonical":"https:\/\/dmcsrb.com\/en\/politika\/vojinovic-pojedinci-su-se-sluzili-privatnim-interesima-svojih-politickih-gospodara\/","og_locale":"en_GB","og_type":"article","og_title":"Vojinovi\u0107: Pojedinci su se slu\u017eili privatnim interesima svojih politi\u010dkih gospodara - dmcsrb.com","og_description":"Novi podaci iz predmeta Specijalnog dr\u017eavnog tu\u017eila\u0161tva jo\u0161 jednom otkrivaju do koje mjere su se visoki funkcioneri bezbjednosnog sektora, u vrijeme biv\u0161e vlasti, stavili u slu\u017ebu kriminalnih i politi\u010dkih struktura, saop\u0161tila je poslanica Demokrata An\u0111ela Vojinovi\u0107.","og_url":"https:\/\/dmcsrb.com\/en\/politika\/vojinovic-pojedinci-su-se-sluzili-privatnim-interesima-svojih-politickih-gospodara\/","og_site_name":"dmcsrb.com","article_published_time":"2025-10-12T16:56:00+00:00","og_image":[{"width":1000,"height":555,"url":"https:\/\/dmcsrb.com\/wp-content\/uploads\/2026\/01\/andela-vojinovic.webp","type":"image\/jpeg"}],"author":"dmcsrbija.com@gmail.com","twitter_card":"summary_large_image","twitter_misc":{"Written by":"dmcsrbija.com@gmail.com","Estimated reading time":"1 minute"},"schema":{"@context":"https:\/\/schema.org","@graph":[{"@type":"Article","@id":"https:\/\/dmcsrb.com\/politika\/vojinovic-pojedinci-su-se-sluzili-privatnim-interesima-svojih-politickih-gospodara\/#article","isPartOf":{"@id":"https:\/\/dmcsrb.com\/politika\/vojinovic-pojedinci-su-se-sluzili-privatnim-interesima-svojih-politickih-gospodara\/"},"author":{"name":"dmcsrbija.com@gmail.com","@id":"https:\/\/dmcsrb.com\/#\/schema\/person\/5c39170f12db1b8b457732d0b5c854e2"},"headline":"Vojinovi\u0107: Pojedinci su se slu\u017eili privatnim interesima svojih politi\u010dkih gospodara","datePublished":"2025-10-12T16:56:00+00:00","mainEntityOfPage":{"@id":"https:\/\/dmcsrb.com\/politika\/vojinovic-pojedinci-su-se-sluzili-privatnim-interesima-svojih-politickih-gospodara\/"},"wordCount":310,"commentCount":0,"image":{"@id":"https:\/\/dmcsrb.com\/politika\/vojinovic-pojedinci-su-se-sluzili-privatnim-interesima-svojih-politickih-gospodara\/#primaryimage"},"thumbnailUrl":"https:\/\/dmcsrb.com\/wp-content\/uploads\/2026\/01\/andela-vojinovic.webp","keywords":["An\u0111ela Vojinovi\u0107","Demokrate","SDT"],"articleSection":["Politika"],"inLanguage":"en-GB","potentialAction":[{"@type":"CommentAction","name":"Comment","target":["https:\/\/dmcsrb.com\/politika\/vojinovic-pojedinci-su-se-sluzili-privatnim-interesima-svojih-politickih-gospodara\/#respond"]}]},{"@type":"WebPage","@id":"https:\/\/dmcsrb.com\/politika\/vojinovic-pojedinci-su-se-sluzili-privatnim-interesima-svojih-politickih-gospodara\/","url":"https:\/\/dmcsrb.com\/politika\/vojinovic-pojedinci-su-se-sluzili-privatnim-interesima-svojih-politickih-gospodara\/","name":"Vojinovi\u0107: Pojedinci su se slu\u017eili privatnim interesima svojih politi\u010dkih gospodara - dmcsrb.com","isPartOf":{"@id":"https:\/\/dmcsrb.com\/#website"},"primaryImageOfPage":{"@id":"https:\/\/dmcsrb.com\/politika\/vojinovic-pojedinci-su-se-sluzili-privatnim-interesima-svojih-politickih-gospodara\/#primaryimage"},"image":{"@id":"https:\/\/dmcsrb.com\/politika\/vojinovic-pojedinci-su-se-sluzili-privatnim-interesima-svojih-politickih-gospodara\/#primaryimage"},"thumbnailUrl":"https:\/\/dmcsrb.com\/wp-content\/uploads\/2026\/01\/andela-vojinovic.webp","datePublished":"2025-10-12T16:56:00+00:00","author":{"@id":"https:\/\/dmcsrb.com\/#\/schema\/person\/5c39170f12db1b8b457732d0b5c854e2"},"breadcrumb":{"@id":"https:\/\/dmcsrb.com\/politika\/vojinovic-pojedinci-su-se-sluzili-privatnim-interesima-svojih-politickih-gospodara\/#breadcrumb"},"inLanguage":"en-GB","potentialAction":[{"@type":"ReadAction","target":["https:\/\/dmcsrb.com\/politika\/vojinovic-pojedinci-su-se-sluzili-privatnim-interesima-svojih-politickih-gospodara\/"]}]},{"@type":"ImageObject","inLanguage":"en-GB","@id":"https:\/\/dmcsrb.com\/politika\/vojinovic-pojedinci-su-se-sluzili-privatnim-interesima-svojih-politickih-gospodara\/#primaryimage","url":"https:\/\/dmcsrb.com\/wp-content\/uploads\/2026\/01\/andela-vojinovic.webp","contentUrl":"https:\/\/dmcsrb.com\/wp-content\/uploads\/2026\/01\/andela-vojinovic.webp","width":1000,"height":555},{"@type":"BreadcrumbList","@id":"https:\/\/dmcsrb.com\/politika\/vojinovic-pojedinci-su-se-sluzili-privatnim-interesima-svojih-politickih-gospodara\/#breadcrumb","itemListElement":[{"@type":"ListItem","position":1,"name":"Home","item":"https:\/\/dmcsrb.com\/"},{"@type":"ListItem","position":2,"name":"Vojinovi\u0107: Pojedinci su se slu\u017eili privatnim interesima svojih politi\u010dkih gospodara"}]},{"@type":"WebSite","@id":"https:\/\/dmcsrb.com\/#website","url":"https:\/\/dmcsrb.com\/","name":"dmcsrb.com","description":"","potentialAction":[{"@type":"SearchAction","target":{"@type":"EntryPoint","urlTemplate":"https:\/\/dmcsrb.com\/?s={search_term_string}"},"query-input":{"@type":"PropertyValueSpecification","valueRequired":true,"valueName":"search_term_string"}}],"inLanguage":"en-GB"},{"@type":"Person","@id":"https:\/\/dmcsrb.com\/#\/schema\/person\/5c39170f12db1b8b457732d0b5c854e2","name":"dmcsrbija.com@gmail.com","image":{"@type":"ImageObject","inLanguage":"en-GB","@id":"https:\/\/dmcsrb.com\/#\/schema\/person\/image\/","url":"https:\/\/secure.gravatar.com\/avatar\/68592660ad6347fad0fb587f8d5d8f1a7b44961362f56e4f2cd524feb87e9069?s=96&d=mm&r=g","contentUrl":"https:\/\/secure.gravatar.com\/avatar\/68592660ad6347fad0fb587f8d5d8f1a7b44961362f56e4f2cd524feb87e9069?s=96&d=mm&r=g","caption":"dmcsrbija.com@gmail.com"},"sameAs":["https:\/\/dmcsrb.com"],"url":"https:\/\/dmcsrb.com\/en\/author\/dmcsrbija-comgmail-com\/"}]}},"_links":{"self":[{"href":"https:\/\/dmcsrb.com\/en\/wp-json\/wp\/v2\/posts\/957436","targetHints":{"allow":["GET"]}}],"collection":[{"href":"https:\/\/dmcsrb.com\/en\/wp-json\/wp\/v2\/posts"}],"about":[{"href":"https:\/\/dmcsrb.com\/en\/wp-json\/wp\/v2\/types\/post"}],"author":[{"embeddable":true,"href":"https:\/\/dmcsrb.com\/en\/wp-json\/wp\/v2\/users\/1"}],"replies":[{"embeddable":true,"href":"https:\/\/dmcsrb.com\/en\/wp-json\/wp\/v2\/comments?post=957436"}],"version-history":[{"count":0,"href":"https:\/\/dmcsrb.com\/en\/wp-json\/wp\/v2\/posts\/957436\/revisions"}],"wp:featuredmedia":[{"embeddable":true,"href":"https:\/\/dmcsrb.com\/en\/wp-json\/wp\/v2\/media\/947477"}],"wp:attachment":[{"href":"https:\/\/dmcsrb.com\/en\/wp-json\/wp\/v2\/media?parent=957436"}],"wp:term":[{"taxonomy":"category","embeddable":true,"href":"https:\/\/dmcsrb.com\/en\/wp-json\/wp\/v2\/categories?post=957436"},{"taxonomy":"post_tag","embeddable":true,"href":"https:\/\/dmcsrb.com\/en\/wp-json\/wp\/v2\/tags?post=957436"},{"taxonomy":"naslovna","embeddable":true,"href":"https:\/\/dmcsrb.com\/en\/wp-json\/wp\/v2\/naslovna?post=957436"}],"curies":[{"name":"wp","href":"https:\/\/api.w.org\/{rel}","templated":true}]}}