{"id":957412,"date":"2025-10-12T17:42:00","date_gmt":"2025-10-12T15:42:00","guid":{"rendered":"https:\/\/dmcsrb.com\/uncategorized\/video-podgoricki-korzo-ispunio-ulice-muzikom-i-dobrim-raspolozenjem\/"},"modified":"2025-10-12T17:42:00","modified_gmt":"2025-10-12T15:42:00","slug":"video-podgoricki-korzo-ispunio-ulice-muzikom-i-dobrim-raspolozenjem","status":"publish","type":"post","link":"https:\/\/dmcsrb.com\/en\/podgorica\/video-podgoricki-korzo-ispunio-ulice-muzikom-i-dobrim-raspolozenjem\/","title":{"rendered":"(VIDEO) &#8220;Podgori\u010dki korzo&#8221; ispunio ulice muzikom i dobrim raspolo\u017eenjem"},"content":{"rendered":"<p><\/p>\n\n\n\n<p>Manifestacija \u201ePodgori\u010dki korzo\u201c u subotu ve\u010de izmamila je gra\u0111ane Podgorice iz njihovih domova, uprkos hladno\u0107i sjevera. Brojni programi prire\u0111eni u centru grada i \u017eamor u glavnoj ulici \u2013 Ulici slobode \u2013 podsjetili su ih na neka ljep\u0161a i bezbri\u017enija vremena.<\/p>\n\n\n\n<p>Veliki broj gra\u0111ana Glavnog grada, i turista, poklonio je pa\u017enju mali\u0161anima iz Folkornog ansambla \u201ePodgorica\u201c koji su plesovima iz Crne Gore i regiona, izmamili osmijehe i aplauze na raskr\u0161\u0107u ulica Slobode i Hercegova\u010dke.<\/p>\n\n\n\n<p>Glavni gradsksi trg, nekada Trg Ivana Milutinovi\u0107a, bio je pretvoren u koncertni prostor na kojem je, pored ostalih, nastupila muzi\u010dka umjetnica iz Podgorice, Marija Bo\u017eovi\u0107. Sa ekipom RTV Podgorica, podijelila je sje\u0107anja na korzo njenog djetinjstva.<\/p>\n\n\n\n<p>&#8220;Sje\u0107am se da su te neke na\u0161e simpatije, momci i djevojke u gimnaziji, bili smo ljubomorni \u0161to mi nismo mogli kao oni da idemo i da \u0161etamo kroz grad. Sje\u0107am se pri\u010da svojih roditelja, jedna od njih koja je meni naravno bliska kao nekom ko se bavi muzikom, te da su moja tetka i majka i njihova drugarica, njih tri, znale da idu Ulicom slobode i ba\u0161 u momentu kada sve vrvi od ljudi, i da sla\u017eu glasove na Summer time&#8221;, istakla je muzi\u010dka umjetnica Marija Bo\u017eovi\u0107.<\/p>\n\n\n\n<p>Korzo je sino\u0107 bio svojevrsna poslati\u010darnica, a \u0161eta\u010dima su u ponudi bile i knedle.<\/p>\n\n\n\n<p>&#8220;U pitanju je tradicionalna poslastica, sa manjim modifikacijama. To je glavni razlog za\u0161to smo se prijavili. Naravno da nam vremena, koja su nekada bila, fale, barem meni. Lijepo je \u0161to se o\u017eivljava taj duh stare Podgorice&#8221;, kazala je Bojana Mili\u0107 iz &#8220;Meraki&#8221; knedli.<\/p>\n\n\n\n<p>Ulica slobode na\u0161oj sagovornci budi sje\u0107anja na \u0161etnje sa porodicom i prijateljima. Isti\u010de da podgori\u010dkom korzu, nedostaje \u201eKorzo\u201c.<\/p>\n\n\n\n<p>&#8220;Dosta nekih lijepih momenata vezanih za slatku ponudu tada\u0161nje Podgorice, \u010duvena poslasti\u010darnica Korzo&#8221;, zaklju\u010duje ona.<\/p>\n\n\n\n<p> &#8220;Podgori\u010dki korzo&#8221; jo\u0161 jednom je pokazao da su ulice mnogo vi\u0161e od saobra\u0107ajnica te da mogu postati mjesta susreta, umjetnosti, tradicije i zajedni\u0161tva.<\/p>\n\n\n\n<figure class=\"wp-block-embed is-type-video is-provider-youtube wp-block-embed-youtube wp-embed-aspect-16-9 wp-has-aspect-ratio\"><div class=\"wp-block-embed__wrapper\">\n<iframe loading=\"lazy\" title=\"&quot;Podgori\u010dki korzo&quot; ispunio ulice muzikom i dobrim raspolo\u017eenjem\" width=\"500\" height=\"281\" src=\"https:\/\/www.youtube.com\/embed\/vqYp_bLRDqk?feature=oembed\" frameborder=\"0\" allow=\"accelerometer; autoplay; clipboard-write; encrypted-media; gyroscope; picture-in-picture; web-share\" referrerpolicy=\"strict-origin-when-cross-origin\" allowfullscreen><\/iframe>\n<\/div><\/figure>","protected":false},"excerpt":{"rendered":"<p>Drugo ve\u010de menifestacije \u201ePodgori\u010dki korzo\u201c, odr\u017eano je sino\u0107. U ulicama Slobode, Boke\u0161koj i Hercegova\u010dkoj, gra\u0111ani su mogli u\u017eivati u plesnim performansima, razgovorima sa istaknutim li\u010dnostima iz Podgorice i poslasticama, dok je Trg nezavisnosti bio pretvoren u koncertni prostor. Manifestacija \u0107e biti zatvorena ve\u010deras uz brojne programe.<\/p>","protected":false},"author":1,"featured_media":957413,"comment_status":"open","ping_status":"open","sticky":false,"template":"","format":"standard","meta":{"_acf_changed":false,"footnotes":""},"categories":[56],"tags":[31,9927],"naslovna":[],"class_list":["post-957412","post","type-post","status-publish","format-standard","has-post-thumbnail","hentry","category-podgorica","tag-podgorica","tag-podgoricki-korzo"],"acf":[],"yoast_head":"<!-- This site is optimized with the Yoast SEO plugin v27.4 - https:\/\/yoast.com\/product\/yoast-seo-wordpress\/ -->\n<title>(VIDEO) &quot;Podgori\u010dki korzo&quot; ispunio ulice muzikom i dobrim raspolo\u017eenjem - dmcsrb.com<\/title>\n<meta name=\"robots\" content=\"index, follow, max-snippet:-1, max-image-preview:large, max-video-preview:-1\" \/>\n<link rel=\"canonical\" href=\"https:\/\/dmcsrb.com\/en\/podgorica\/video-podgoricki-korzo-ispunio-ulice-muzikom-i-dobrim-raspolozenjem\/\" \/>\n<meta property=\"og:locale\" content=\"en_GB\" \/>\n<meta property=\"og:type\" content=\"article\" \/>\n<meta property=\"og:title\" content=\"(VIDEO) &quot;Podgori\u010dki korzo&quot; ispunio ulice muzikom i dobrim raspolo\u017eenjem - dmcsrb.com\" \/>\n<meta property=\"og:description\" content=\"Drugo ve\u010de menifestacije \u201ePodgori\u010dki korzo\u201c, odr\u017eano je sino\u0107. U ulicama Slobode, Boke\u0161koj i Hercegova\u010dkoj, gra\u0111ani su mogli u\u017eivati u plesnim performansima, razgovorima sa istaknutim li\u010dnostima iz Podgorice i poslasticama, dok je Trg nezavisnosti bio pretvoren u koncertni prostor. Manifestacija \u0107e biti zatvorena ve\u010deras uz brojne programe.\" \/>\n<meta property=\"og:url\" content=\"https:\/\/dmcsrb.com\/en\/podgorica\/video-podgoricki-korzo-ispunio-ulice-muzikom-i-dobrim-raspolozenjem\/\" \/>\n<meta property=\"og:site_name\" content=\"dmcsrb.com\" \/>\n<meta property=\"article:published_time\" content=\"2025-10-12T15:42:00+00:00\" \/>\n<meta property=\"og:image\" content=\"https:\/\/dmcsrb.com\/wp-content\/uploads\/2026\/01\/kor.webp\" \/>\n\t<meta property=\"og:image:width\" content=\"1818\" \/>\n\t<meta property=\"og:image:height\" content=\"848\" \/>\n\t<meta property=\"og:image:type\" content=\"image\/jpeg\" \/>\n<meta name=\"author\" content=\"dmcsrbija.com@gmail.com\" \/>\n<meta name=\"twitter:card\" content=\"summary_large_image\" \/>\n<meta name=\"twitter:label1\" content=\"Written by\" \/>\n\t<meta name=\"twitter:data1\" content=\"dmcsrbija.com@gmail.com\" \/>\n\t<meta name=\"twitter:label2\" content=\"Estimated reading time\" \/>\n\t<meta name=\"twitter:data2\" content=\"2 minutes\" \/>\n<script type=\"application\/ld+json\" class=\"yoast-schema-graph\">{\"@context\":\"https:\\\/\\\/schema.org\",\"@graph\":[{\"@type\":\"Article\",\"@id\":\"https:\\\/\\\/dmcsrb.com\\\/podgorica\\\/video-podgoricki-korzo-ispunio-ulice-muzikom-i-dobrim-raspolozenjem\\\/#article\",\"isPartOf\":{\"@id\":\"https:\\\/\\\/dmcsrb.com\\\/podgorica\\\/video-podgoricki-korzo-ispunio-ulice-muzikom-i-dobrim-raspolozenjem\\\/\"},\"author\":{\"name\":\"dmcsrbija.com@gmail.com\",\"@id\":\"https:\\\/\\\/dmcsrb.com\\\/#\\\/schema\\\/person\\\/5c39170f12db1b8b457732d0b5c854e2\"},\"headline\":\"(VIDEO) &#8220;Podgori\u010dki korzo&#8221; ispunio ulice muzikom i dobrim raspolo\u017eenjem\",\"datePublished\":\"2025-10-12T15:42:00+00:00\",\"mainEntityOfPage\":{\"@id\":\"https:\\\/\\\/dmcsrb.com\\\/podgorica\\\/video-podgoricki-korzo-ispunio-ulice-muzikom-i-dobrim-raspolozenjem\\\/\"},\"wordCount\":361,\"commentCount\":0,\"image\":{\"@id\":\"https:\\\/\\\/dmcsrb.com\\\/podgorica\\\/video-podgoricki-korzo-ispunio-ulice-muzikom-i-dobrim-raspolozenjem\\\/#primaryimage\"},\"thumbnailUrl\":\"https:\\\/\\\/dmcsrb.com\\\/wp-content\\\/uploads\\\/2026\\\/01\\\/kor.webp\",\"keywords\":[\"Podgorica\",\"Podgori\u010dki korzo\"],\"articleSection\":[\"Podgorica\"],\"inLanguage\":\"en-GB\",\"potentialAction\":[{\"@type\":\"CommentAction\",\"name\":\"Comment\",\"target\":[\"https:\\\/\\\/dmcsrb.com\\\/podgorica\\\/video-podgoricki-korzo-ispunio-ulice-muzikom-i-dobrim-raspolozenjem\\\/#respond\"]}]},{\"@type\":\"WebPage\",\"@id\":\"https:\\\/\\\/dmcsrb.com\\\/podgorica\\\/video-podgoricki-korzo-ispunio-ulice-muzikom-i-dobrim-raspolozenjem\\\/\",\"url\":\"https:\\\/\\\/dmcsrb.com\\\/podgorica\\\/video-podgoricki-korzo-ispunio-ulice-muzikom-i-dobrim-raspolozenjem\\\/\",\"name\":\"(VIDEO) \\\"Podgori\u010dki korzo\\\" ispunio ulice muzikom i dobrim raspolo\u017eenjem - dmcsrb.com\",\"isPartOf\":{\"@id\":\"https:\\\/\\\/dmcsrb.com\\\/#website\"},\"primaryImageOfPage\":{\"@id\":\"https:\\\/\\\/dmcsrb.com\\\/podgorica\\\/video-podgoricki-korzo-ispunio-ulice-muzikom-i-dobrim-raspolozenjem\\\/#primaryimage\"},\"image\":{\"@id\":\"https:\\\/\\\/dmcsrb.com\\\/podgorica\\\/video-podgoricki-korzo-ispunio-ulice-muzikom-i-dobrim-raspolozenjem\\\/#primaryimage\"},\"thumbnailUrl\":\"https:\\\/\\\/dmcsrb.com\\\/wp-content\\\/uploads\\\/2026\\\/01\\\/kor.webp\",\"datePublished\":\"2025-10-12T15:42:00+00:00\",\"author\":{\"@id\":\"https:\\\/\\\/dmcsrb.com\\\/#\\\/schema\\\/person\\\/5c39170f12db1b8b457732d0b5c854e2\"},\"breadcrumb\":{\"@id\":\"https:\\\/\\\/dmcsrb.com\\\/podgorica\\\/video-podgoricki-korzo-ispunio-ulice-muzikom-i-dobrim-raspolozenjem\\\/#breadcrumb\"},\"inLanguage\":\"en-GB\",\"potentialAction\":[{\"@type\":\"ReadAction\",\"target\":[\"https:\\\/\\\/dmcsrb.com\\\/podgorica\\\/video-podgoricki-korzo-ispunio-ulice-muzikom-i-dobrim-raspolozenjem\\\/\"]}]},{\"@type\":\"ImageObject\",\"inLanguage\":\"en-GB\",\"@id\":\"https:\\\/\\\/dmcsrb.com\\\/podgorica\\\/video-podgoricki-korzo-ispunio-ulice-muzikom-i-dobrim-raspolozenjem\\\/#primaryimage\",\"url\":\"https:\\\/\\\/dmcsrb.com\\\/wp-content\\\/uploads\\\/2026\\\/01\\\/kor.webp\",\"contentUrl\":\"https:\\\/\\\/dmcsrb.com\\\/wp-content\\\/uploads\\\/2026\\\/01\\\/kor.webp\",\"width\":1818,\"height\":848},{\"@type\":\"BreadcrumbList\",\"@id\":\"https:\\\/\\\/dmcsrb.com\\\/podgorica\\\/video-podgoricki-korzo-ispunio-ulice-muzikom-i-dobrim-raspolozenjem\\\/#breadcrumb\",\"itemListElement\":[{\"@type\":\"ListItem\",\"position\":1,\"name\":\"Home\",\"item\":\"https:\\\/\\\/dmcsrb.com\\\/\"},{\"@type\":\"ListItem\",\"position\":2,\"name\":\"(VIDEO) &#8220;Podgori\u010dki korzo&#8221; ispunio ulice muzikom i dobrim raspolo\u017eenjem\"}]},{\"@type\":\"WebSite\",\"@id\":\"https:\\\/\\\/dmcsrb.com\\\/#website\",\"url\":\"https:\\\/\\\/dmcsrb.com\\\/\",\"name\":\"dmcsrb.com\",\"description\":\"\",\"potentialAction\":[{\"@type\":\"SearchAction\",\"target\":{\"@type\":\"EntryPoint\",\"urlTemplate\":\"https:\\\/\\\/dmcsrb.com\\\/?s={search_term_string}\"},\"query-input\":{\"@type\":\"PropertyValueSpecification\",\"valueRequired\":true,\"valueName\":\"search_term_string\"}}],\"inLanguage\":\"en-GB\"},{\"@type\":\"Person\",\"@id\":\"https:\\\/\\\/dmcsrb.com\\\/#\\\/schema\\\/person\\\/5c39170f12db1b8b457732d0b5c854e2\",\"name\":\"dmcsrbija.com@gmail.com\",\"image\":{\"@type\":\"ImageObject\",\"inLanguage\":\"en-GB\",\"@id\":\"https:\\\/\\\/secure.gravatar.com\\\/avatar\\\/68592660ad6347fad0fb587f8d5d8f1a7b44961362f56e4f2cd524feb87e9069?s=96&d=mm&r=g\",\"url\":\"https:\\\/\\\/secure.gravatar.com\\\/avatar\\\/68592660ad6347fad0fb587f8d5d8f1a7b44961362f56e4f2cd524feb87e9069?s=96&d=mm&r=g\",\"contentUrl\":\"https:\\\/\\\/secure.gravatar.com\\\/avatar\\\/68592660ad6347fad0fb587f8d5d8f1a7b44961362f56e4f2cd524feb87e9069?s=96&d=mm&r=g\",\"caption\":\"dmcsrbija.com@gmail.com\"},\"sameAs\":[\"https:\\\/\\\/dmcsrb.com\"],\"url\":\"https:\\\/\\\/dmcsrb.com\\\/en\\\/author\\\/dmcsrbija-comgmail-com\\\/\"}]}<\/script>\n<!-- \/ Yoast SEO plugin. -->","yoast_head_json":{"title":"(VIDEO) \"Podgori\u010dki korzo\" ispunio ulice muzikom i dobrim raspolo\u017eenjem - dmcsrb.com","robots":{"index":"index","follow":"follow","max-snippet":"max-snippet:-1","max-image-preview":"max-image-preview:large","max-video-preview":"max-video-preview:-1"},"canonical":"https:\/\/dmcsrb.com\/en\/podgorica\/video-podgoricki-korzo-ispunio-ulice-muzikom-i-dobrim-raspolozenjem\/","og_locale":"en_GB","og_type":"article","og_title":"(VIDEO) \"Podgori\u010dki korzo\" ispunio ulice muzikom i dobrim raspolo\u017eenjem - dmcsrb.com","og_description":"Drugo ve\u010de menifestacije \u201ePodgori\u010dki korzo\u201c, odr\u017eano je sino\u0107. U ulicama Slobode, Boke\u0161koj i Hercegova\u010dkoj, gra\u0111ani su mogli u\u017eivati u plesnim performansima, razgovorima sa istaknutim li\u010dnostima iz Podgorice i poslasticama, dok je Trg nezavisnosti bio pretvoren u koncertni prostor. Manifestacija \u0107e biti zatvorena ve\u010deras uz brojne programe.","og_url":"https:\/\/dmcsrb.com\/en\/podgorica\/video-podgoricki-korzo-ispunio-ulice-muzikom-i-dobrim-raspolozenjem\/","og_site_name":"dmcsrb.com","article_published_time":"2025-10-12T15:42:00+00:00","og_image":[{"width":1818,"height":848,"url":"https:\/\/dmcsrb.com\/wp-content\/uploads\/2026\/01\/kor.webp","type":"image\/jpeg"}],"author":"dmcsrbija.com@gmail.com","twitter_card":"summary_large_image","twitter_misc":{"Written by":"dmcsrbija.com@gmail.com","Estimated reading time":"2 minutes"},"schema":{"@context":"https:\/\/schema.org","@graph":[{"@type":"Article","@id":"https:\/\/dmcsrb.com\/podgorica\/video-podgoricki-korzo-ispunio-ulice-muzikom-i-dobrim-raspolozenjem\/#article","isPartOf":{"@id":"https:\/\/dmcsrb.com\/podgorica\/video-podgoricki-korzo-ispunio-ulice-muzikom-i-dobrim-raspolozenjem\/"},"author":{"name":"dmcsrbija.com@gmail.com","@id":"https:\/\/dmcsrb.com\/#\/schema\/person\/5c39170f12db1b8b457732d0b5c854e2"},"headline":"(VIDEO) &#8220;Podgori\u010dki korzo&#8221; ispunio ulice muzikom i dobrim raspolo\u017eenjem","datePublished":"2025-10-12T15:42:00+00:00","mainEntityOfPage":{"@id":"https:\/\/dmcsrb.com\/podgorica\/video-podgoricki-korzo-ispunio-ulice-muzikom-i-dobrim-raspolozenjem\/"},"wordCount":361,"commentCount":0,"image":{"@id":"https:\/\/dmcsrb.com\/podgorica\/video-podgoricki-korzo-ispunio-ulice-muzikom-i-dobrim-raspolozenjem\/#primaryimage"},"thumbnailUrl":"https:\/\/dmcsrb.com\/wp-content\/uploads\/2026\/01\/kor.webp","keywords":["Podgorica","Podgori\u010dki korzo"],"articleSection":["Podgorica"],"inLanguage":"en-GB","potentialAction":[{"@type":"CommentAction","name":"Comment","target":["https:\/\/dmcsrb.com\/podgorica\/video-podgoricki-korzo-ispunio-ulice-muzikom-i-dobrim-raspolozenjem\/#respond"]}]},{"@type":"WebPage","@id":"https:\/\/dmcsrb.com\/podgorica\/video-podgoricki-korzo-ispunio-ulice-muzikom-i-dobrim-raspolozenjem\/","url":"https:\/\/dmcsrb.com\/podgorica\/video-podgoricki-korzo-ispunio-ulice-muzikom-i-dobrim-raspolozenjem\/","name":"(VIDEO) \"Podgori\u010dki korzo\" ispunio ulice muzikom i dobrim raspolo\u017eenjem - dmcsrb.com","isPartOf":{"@id":"https:\/\/dmcsrb.com\/#website"},"primaryImageOfPage":{"@id":"https:\/\/dmcsrb.com\/podgorica\/video-podgoricki-korzo-ispunio-ulice-muzikom-i-dobrim-raspolozenjem\/#primaryimage"},"image":{"@id":"https:\/\/dmcsrb.com\/podgorica\/video-podgoricki-korzo-ispunio-ulice-muzikom-i-dobrim-raspolozenjem\/#primaryimage"},"thumbnailUrl":"https:\/\/dmcsrb.com\/wp-content\/uploads\/2026\/01\/kor.webp","datePublished":"2025-10-12T15:42:00+00:00","author":{"@id":"https:\/\/dmcsrb.com\/#\/schema\/person\/5c39170f12db1b8b457732d0b5c854e2"},"breadcrumb":{"@id":"https:\/\/dmcsrb.com\/podgorica\/video-podgoricki-korzo-ispunio-ulice-muzikom-i-dobrim-raspolozenjem\/#breadcrumb"},"inLanguage":"en-GB","potentialAction":[{"@type":"ReadAction","target":["https:\/\/dmcsrb.com\/podgorica\/video-podgoricki-korzo-ispunio-ulice-muzikom-i-dobrim-raspolozenjem\/"]}]},{"@type":"ImageObject","inLanguage":"en-GB","@id":"https:\/\/dmcsrb.com\/podgorica\/video-podgoricki-korzo-ispunio-ulice-muzikom-i-dobrim-raspolozenjem\/#primaryimage","url":"https:\/\/dmcsrb.com\/wp-content\/uploads\/2026\/01\/kor.webp","contentUrl":"https:\/\/dmcsrb.com\/wp-content\/uploads\/2026\/01\/kor.webp","width":1818,"height":848},{"@type":"BreadcrumbList","@id":"https:\/\/dmcsrb.com\/podgorica\/video-podgoricki-korzo-ispunio-ulice-muzikom-i-dobrim-raspolozenjem\/#breadcrumb","itemListElement":[{"@type":"ListItem","position":1,"name":"Home","item":"https:\/\/dmcsrb.com\/"},{"@type":"ListItem","position":2,"name":"(VIDEO) &#8220;Podgori\u010dki korzo&#8221; ispunio ulice muzikom i dobrim raspolo\u017eenjem"}]},{"@type":"WebSite","@id":"https:\/\/dmcsrb.com\/#website","url":"https:\/\/dmcsrb.com\/","name":"dmcsrb.com","description":"","potentialAction":[{"@type":"SearchAction","target":{"@type":"EntryPoint","urlTemplate":"https:\/\/dmcsrb.com\/?s={search_term_string}"},"query-input":{"@type":"PropertyValueSpecification","valueRequired":true,"valueName":"search_term_string"}}],"inLanguage":"en-GB"},{"@type":"Person","@id":"https:\/\/dmcsrb.com\/#\/schema\/person\/5c39170f12db1b8b457732d0b5c854e2","name":"dmcsrbija.com@gmail.com","image":{"@type":"ImageObject","inLanguage":"en-GB","@id":"https:\/\/secure.gravatar.com\/avatar\/68592660ad6347fad0fb587f8d5d8f1a7b44961362f56e4f2cd524feb87e9069?s=96&d=mm&r=g","url":"https:\/\/secure.gravatar.com\/avatar\/68592660ad6347fad0fb587f8d5d8f1a7b44961362f56e4f2cd524feb87e9069?s=96&d=mm&r=g","contentUrl":"https:\/\/secure.gravatar.com\/avatar\/68592660ad6347fad0fb587f8d5d8f1a7b44961362f56e4f2cd524feb87e9069?s=96&d=mm&r=g","caption":"dmcsrbija.com@gmail.com"},"sameAs":["https:\/\/dmcsrb.com"],"url":"https:\/\/dmcsrb.com\/en\/author\/dmcsrbija-comgmail-com\/"}]}},"_links":{"self":[{"href":"https:\/\/dmcsrb.com\/en\/wp-json\/wp\/v2\/posts\/957412","targetHints":{"allow":["GET"]}}],"collection":[{"href":"https:\/\/dmcsrb.com\/en\/wp-json\/wp\/v2\/posts"}],"about":[{"href":"https:\/\/dmcsrb.com\/en\/wp-json\/wp\/v2\/types\/post"}],"author":[{"embeddable":true,"href":"https:\/\/dmcsrb.com\/en\/wp-json\/wp\/v2\/users\/1"}],"replies":[{"embeddable":true,"href":"https:\/\/dmcsrb.com\/en\/wp-json\/wp\/v2\/comments?post=957412"}],"version-history":[{"count":0,"href":"https:\/\/dmcsrb.com\/en\/wp-json\/wp\/v2\/posts\/957412\/revisions"}],"wp:featuredmedia":[{"embeddable":true,"href":"https:\/\/dmcsrb.com\/en\/wp-json\/wp\/v2\/media\/957413"}],"wp:attachment":[{"href":"https:\/\/dmcsrb.com\/en\/wp-json\/wp\/v2\/media?parent=957412"}],"wp:term":[{"taxonomy":"category","embeddable":true,"href":"https:\/\/dmcsrb.com\/en\/wp-json\/wp\/v2\/categories?post=957412"},{"taxonomy":"post_tag","embeddable":true,"href":"https:\/\/dmcsrb.com\/en\/wp-json\/wp\/v2\/tags?post=957412"},{"taxonomy":"naslovna","embeddable":true,"href":"https:\/\/dmcsrb.com\/en\/wp-json\/wp\/v2\/naslovna?post=957412"}],"curies":[{"name":"wp","href":"https:\/\/api.w.org\/{rel}","templated":true}]}}