{"id":957398,"date":"2025-10-12T17:00:00","date_gmt":"2025-10-12T15:00:00","guid":{"rendered":"https:\/\/dmcsrb.com\/uncategorized\/video-borovinic-bojovic-cilj-je-da-podgoricu-predstavimo-kao-grad-u-kojem-mladi-odlucuju-i-kreiraju-politike-razvoja-grada\/"},"modified":"2025-10-12T17:00:00","modified_gmt":"2025-10-12T15:00:00","slug":"video-borovinic-bojovic-cilj-je-da-podgoricu-predstavimo-kao-grad-u-kojem-mladi-odlucuju-i-kreiraju-politike-razvoja-grada","status":"publish","type":"post","link":"https:\/\/dmcsrb.com\/en\/podgorica\/video-borovinic-bojovic-cilj-je-da-podgoricu-predstavimo-kao-grad-u-kojem-mladi-odlucuju-i-kreiraju-politike-razvoja-grada\/","title":{"rendered":"(VIDEO) Borovini\u0107 Bojovi\u0107: Cilj je da Podgoricu predstavimo kao grad u kojem mladi odlu\u010duju i kreiraju politike razvoja grada"},"content":{"rendered":"<p><\/p>\n\n\n\n<p>Projekat Evropska prijestonica mladih ujedinio je lokalne i dr\u017eavne institucije i nevladin sektor, jer to nije titula koja bi u\u010dinila prepoznatljivim samo glavni grad, ve\u0107 i Crne Goru, kazala je gostuju\u0107i na na\u0161oj televiziji predsjednica Skup\u0161tine Jelena Borovini\u0107 Bojovi\u0107.<\/p>\n\n\n\n<p>&#8220;Osnovni cilj je da Podgoricu predstavimo kao jedan evropski grad, kao jedan inkluzivni grad, kao grad u kojem se mladi pitaju, u kojem mladi odlu\u010duju, u kojem mladi kreiraju politike razvoja grada, \u0161to je u su\u0161tini bio na\u0161 osnovni motiv kada smo uop\u0161te odlu\u010dili da apliciramo za evrospku prijestonicu mladih&#8221;, istakla je ona.<\/p>\n\n\n\n<p>U finalnoj trci za tu presti\u017enu titulu Pogorica stoji rame uz rame sa gradovima iz Moldavije, Holandije, Bugarske i Kipra.<\/p>\n\n\n\n<p>&#8220;I nakon te detaljne analize mo\u017eemo slobodno govoriti da Podgorica ne zaostaje za tim gradovima, da smo i mi dio me\u0111unarodnih projekata. I mi imamo dobru infrastruku u omladinskoj politici i da se mo\u017eemo nadati osvajanju ove presti\u017ene titule&#8221;, kazao je Danilo Vu\u010dini\u0107 iz Kancelarije za mlade Glavnog grada.<\/p>\n\n\n\n<figure class=\"wp-block-image size-large\"><img decoding=\"async\" src=\"https:\/\/gradski.me\/wp-content\/uploads\/2025\/10\/s-1-1024x518.jpg\" alt=\"\" class=\"wp-image-850092\"\/><\/figure>\n\n\n\n<p>Za Podgoricu to ne bi bila samo titula ve\u0107 dugotrajni proces koji obuhvata \u010detiri oblasti\u00a0 kroz konkretne inicijative. To bi, ka\u017eu sagovornici TV Podgorica, otvorilo mogu\u0107nosti za formiranje novih omladinskih centara i u ruralnim podru\u010djima.<\/p>\n\n\n\n<p>&#8220;Ona ne predstavlja jednostavno takmi\u010denje, ve\u0107 kontinuirani proces koji se prevashodno ti\u010de mladih, na jedan najcjelishodniji na\u010din, multisektorski se bavi mladima&#8221;, istakla je Borovini\u0107 Bojovi\u0107.<\/p>\n\n\n\n<figure class=\"wp-block-image size-large\"><img decoding=\"async\" src=\"https:\/\/gradski.me\/wp-content\/uploads\/2025\/10\/Capture-34-1024x457.jpg\" alt=\"\" class=\"wp-image-850084\"\/><\/figure>\n\n\n\n<p>&#8220;To je participacija i u\u010de\u0161\u0107e mladih u dono\u0161enju odluka, inovacija i preduzetni\u0161tvo, mentalno zdravlje i dobrobit, a \u010detvrta je odr\u017eivi razvoj i zelene inicijative&#8221;, navodi Savjetnica za me\u0111unarodne odnose u Skup\u0161tini Glavnog grada, Sara Nik\u010devi\u0107.<strong> <\/strong><\/p>\n\n\n\n<p>Vu\u010dini\u0107 navodi da je jedan od glavnih kapitalnih infrastrukturnih projekata unutar ove aplikacije izgradnja multifunkcionlog centra za mlade po ugledu na Strazbur, Budimpe\u0161tu, Ljubljanu ili Bre\u017eice. A mladi su, ka\u017ee predsjednica Skup\u0161tine Glavnog grada, pokreta\u010di novih ideja evropskih integracija kojima Crna Gora te\u017ei.<\/p>\n\n\n\n<p>&#8220;<strong>V<\/strong>idite da se to poklapa sa datumom 2028. godine kada se o\u010dekuje da \u0107e Crna Gora biti \u010dlanica EU. To je konstruktivan odnos koji imamo sa Vladom i ogleda i sa drugim projektima. Predstavlja va\u017enu kariku multisektorskog djelovanja na nivou Glavnog grada, Vlada i zapadni partneri. Dobili smo podr\u0161ku svih na\u0161ih zapadnih parnera&#8221;, navodi Borovini\u0107 Bojovi\u0107.<\/p>\n\n\n\n<p>Bez obzira na ishod u novembru, na projektu \u0107e se, ka\u017eu sagovornici, raditi u narednom periodu kako bi unaprijedili politike i vizije mladih. Izdvojena su bud\u017eetska sredstva, koja \u0107e o\u010dekuju biti mnogo ve\u0107a kada projekat bude prepoznat od privatnih partnera.<\/p>\n\n\n\n<p>&#8220;Ukupan budzet je pet i po miliona, to je ako budemo evropska prijestonica mladih\u00a0od 2026. do 2028. godine sa sredstvima koji treba da obezbijede dugoro\u010dno naslje\u0111e i to da sve te stvari koje se izgrade ili pokrenu daju efekte i nakon 2028. godine&#8221;, zaklju\u010duje Vu\u010dini\u0107<strong>.<\/strong><\/p>\n\n\n\n<p>Na\u0161i sagovornici\u00a0 poru\u010duju da\u00a0 je projekat Podgorica evropska\u00a0 prijestonica mladih ispred politi\u010dkih interesa, te da njegova budu\u0107nost ne zavisi od toga ko \u0107e biti nosilac vlasti u Glavnom gradu, ve\u0107 da je jedini cilj osna\u017eivanje mladih u mnogim oblastima.<\/p>\n\n\n\n<figure class=\"wp-block-embed is-type-video is-provider-youtube wp-block-embed-youtube wp-embed-aspect-16-9 wp-has-aspect-ratio\"><div class=\"wp-block-embed__wrapper\">\n<iframe loading=\"lazy\" title=\"Cilj je da Podgoricu predstavimo kao grad u kojem mladi odlu\u010duju i kreiraju politike razvoja grada\" width=\"500\" height=\"281\" src=\"https:\/\/www.youtube.com\/embed\/rVEIAYrLqxE?feature=oembed\" frameborder=\"0\" allow=\"accelerometer; autoplay; clipboard-write; encrypted-media; gyroscope; picture-in-picture; web-share\" referrerpolicy=\"strict-origin-when-cross-origin\" allowfullscreen><\/iframe>\n<\/div><\/figure>","protected":false},"excerpt":{"rendered":"<p>Podgorica se u aprilu plasirala me\u0111u pet gradova finalista za Evropsku prijestonicu mladih 2028. Krajem narednog mjeseca bi\u0107e izabran pobjednik. Iako se nadaju osvajanju titule, iz Glavnog grada poru\u010duju da ih suprotna odluka ne\u0107e pokolebati, nastavi\u0107e, da razvijaju grad mladih. \u0160to zna\u010di evropska prijestonica mladih pogledajte u\u00a0 specijalnoj emisiji koja je na programu RTV Podgorica od 20 sati.<\/p>","protected":false},"author":1,"featured_media":957399,"comment_status":"open","ping_status":"open","sticky":false,"template":"","format":"standard","meta":{"_acf_changed":false,"footnotes":""},"categories":[56],"tags":[5514,574,31,11162],"naslovna":[],"class_list":["post-957398","post","type-post","status-publish","format-standard","has-post-thumbnail","hentry","category-podgorica","tag-danilo-vucinic","tag-jelena-borovinic-bojovic","tag-podgorica","tag-sara-nikcevic"],"acf":[],"yoast_head":"<!-- This site is optimized with the Yoast SEO plugin v27.4 - https:\/\/yoast.com\/product\/yoast-seo-wordpress\/ -->\n<title>(VIDEO) Borovini\u0107 Bojovi\u0107: Cilj je da Podgoricu predstavimo kao grad u kojem mladi odlu\u010duju i kreiraju politike razvoja grada - dmcsrb.com<\/title>\n<meta name=\"robots\" content=\"index, follow, max-snippet:-1, max-image-preview:large, max-video-preview:-1\" \/>\n<link rel=\"canonical\" href=\"https:\/\/dmcsrb.com\/en\/podgorica\/video-borovinic-bojovic-cilj-je-da-podgoricu-predstavimo-kao-grad-u-kojem-mladi-odlucuju-i-kreiraju-politike-razvoja-grada\/\" \/>\n<meta property=\"og:locale\" content=\"en_GB\" \/>\n<meta property=\"og:type\" content=\"article\" \/>\n<meta property=\"og:title\" content=\"(VIDEO) Borovini\u0107 Bojovi\u0107: Cilj je da Podgoricu predstavimo kao grad u kojem mladi odlu\u010duju i kreiraju politike razvoja grada - dmcsrb.com\" \/>\n<meta property=\"og:description\" content=\"Podgorica se u aprilu plasirala me\u0111u pet gradova finalista za Evropsku prijestonicu mladih 2028. Krajem narednog mjeseca bi\u0107e izabran pobjednik. Iako se nadaju osvajanju titule, iz Glavnog grada poru\u010duju da ih suprotna odluka ne\u0107e pokolebati, nastavi\u0107e, da razvijaju grad mladih. \u0160to zna\u010di evropska prijestonica mladih pogledajte u\u00a0 specijalnoj emisiji koja je na programu RTV Podgorica od 20 sati.\" \/>\n<meta property=\"og:url\" content=\"https:\/\/dmcsrb.com\/en\/podgorica\/video-borovinic-bojovic-cilj-je-da-podgoricu-predstavimo-kao-grad-u-kojem-mladi-odlucuju-i-kreiraju-politike-razvoja-grada\/\" \/>\n<meta property=\"og:site_name\" content=\"dmcsrb.com\" \/>\n<meta property=\"article:published_time\" content=\"2025-10-12T15:00:00+00:00\" \/>\n<meta property=\"og:image\" content=\"https:\/\/dmcsrb.com\/wp-content\/uploads\/2026\/01\/Capture-35-4.webp\" \/>\n\t<meta property=\"og:image:width\" content=\"1720\" \/>\n\t<meta property=\"og:image:height\" content=\"864\" \/>\n\t<meta property=\"og:image:type\" content=\"image\/jpeg\" \/>\n<meta name=\"author\" content=\"dmcsrbija.com@gmail.com\" \/>\n<meta name=\"twitter:card\" content=\"summary_large_image\" \/>\n<meta name=\"twitter:label1\" content=\"Written by\" \/>\n\t<meta name=\"twitter:data1\" content=\"dmcsrbija.com@gmail.com\" \/>\n\t<meta name=\"twitter:label2\" content=\"Estimated reading time\" \/>\n\t<meta name=\"twitter:data2\" content=\"3 minutes\" \/>\n<script type=\"application\/ld+json\" class=\"yoast-schema-graph\">{\"@context\":\"https:\\\/\\\/schema.org\",\"@graph\":[{\"@type\":\"Article\",\"@id\":\"https:\\\/\\\/dmcsrb.com\\\/podgorica\\\/video-borovinic-bojovic-cilj-je-da-podgoricu-predstavimo-kao-grad-u-kojem-mladi-odlucuju-i-kreiraju-politike-razvoja-grada\\\/#article\",\"isPartOf\":{\"@id\":\"https:\\\/\\\/dmcsrb.com\\\/podgorica\\\/video-borovinic-bojovic-cilj-je-da-podgoricu-predstavimo-kao-grad-u-kojem-mladi-odlucuju-i-kreiraju-politike-razvoja-grada\\\/\"},\"author\":{\"name\":\"dmcsrbija.com@gmail.com\",\"@id\":\"https:\\\/\\\/dmcsrb.com\\\/#\\\/schema\\\/person\\\/5c39170f12db1b8b457732d0b5c854e2\"},\"headline\":\"(VIDEO) Borovini\u0107 Bojovi\u0107: Cilj je da Podgoricu predstavimo kao grad u kojem mladi odlu\u010duju i kreiraju politike razvoja grada\",\"datePublished\":\"2025-10-12T15:00:00+00:00\",\"mainEntityOfPage\":{\"@id\":\"https:\\\/\\\/dmcsrb.com\\\/podgorica\\\/video-borovinic-bojovic-cilj-je-da-podgoricu-predstavimo-kao-grad-u-kojem-mladi-odlucuju-i-kreiraju-politike-razvoja-grada\\\/\"},\"wordCount\":553,\"commentCount\":0,\"image\":{\"@id\":\"https:\\\/\\\/dmcsrb.com\\\/podgorica\\\/video-borovinic-bojovic-cilj-je-da-podgoricu-predstavimo-kao-grad-u-kojem-mladi-odlucuju-i-kreiraju-politike-razvoja-grada\\\/#primaryimage\"},\"thumbnailUrl\":\"https:\\\/\\\/dmcsrb.com\\\/wp-content\\\/uploads\\\/2026\\\/01\\\/Capture-35-4.webp\",\"keywords\":[\"Danilo Vu\u010dini\u0107\",\"Jelena Borovini\u0107 Bojovi\u0107\",\"Podgorica\",\"Sara Nik\u010devi\u0107\"],\"articleSection\":[\"Podgorica\"],\"inLanguage\":\"en-GB\",\"potentialAction\":[{\"@type\":\"CommentAction\",\"name\":\"Comment\",\"target\":[\"https:\\\/\\\/dmcsrb.com\\\/podgorica\\\/video-borovinic-bojovic-cilj-je-da-podgoricu-predstavimo-kao-grad-u-kojem-mladi-odlucuju-i-kreiraju-politike-razvoja-grada\\\/#respond\"]}]},{\"@type\":\"WebPage\",\"@id\":\"https:\\\/\\\/dmcsrb.com\\\/podgorica\\\/video-borovinic-bojovic-cilj-je-da-podgoricu-predstavimo-kao-grad-u-kojem-mladi-odlucuju-i-kreiraju-politike-razvoja-grada\\\/\",\"url\":\"https:\\\/\\\/dmcsrb.com\\\/podgorica\\\/video-borovinic-bojovic-cilj-je-da-podgoricu-predstavimo-kao-grad-u-kojem-mladi-odlucuju-i-kreiraju-politike-razvoja-grada\\\/\",\"name\":\"(VIDEO) Borovini\u0107 Bojovi\u0107: Cilj je da Podgoricu predstavimo kao grad u kojem mladi odlu\u010duju i kreiraju politike razvoja grada - dmcsrb.com\",\"isPartOf\":{\"@id\":\"https:\\\/\\\/dmcsrb.com\\\/#website\"},\"primaryImageOfPage\":{\"@id\":\"https:\\\/\\\/dmcsrb.com\\\/podgorica\\\/video-borovinic-bojovic-cilj-je-da-podgoricu-predstavimo-kao-grad-u-kojem-mladi-odlucuju-i-kreiraju-politike-razvoja-grada\\\/#primaryimage\"},\"image\":{\"@id\":\"https:\\\/\\\/dmcsrb.com\\\/podgorica\\\/video-borovinic-bojovic-cilj-je-da-podgoricu-predstavimo-kao-grad-u-kojem-mladi-odlucuju-i-kreiraju-politike-razvoja-grada\\\/#primaryimage\"},\"thumbnailUrl\":\"https:\\\/\\\/dmcsrb.com\\\/wp-content\\\/uploads\\\/2026\\\/01\\\/Capture-35-4.webp\",\"datePublished\":\"2025-10-12T15:00:00+00:00\",\"author\":{\"@id\":\"https:\\\/\\\/dmcsrb.com\\\/#\\\/schema\\\/person\\\/5c39170f12db1b8b457732d0b5c854e2\"},\"breadcrumb\":{\"@id\":\"https:\\\/\\\/dmcsrb.com\\\/podgorica\\\/video-borovinic-bojovic-cilj-je-da-podgoricu-predstavimo-kao-grad-u-kojem-mladi-odlucuju-i-kreiraju-politike-razvoja-grada\\\/#breadcrumb\"},\"inLanguage\":\"en-GB\",\"potentialAction\":[{\"@type\":\"ReadAction\",\"target\":[\"https:\\\/\\\/dmcsrb.com\\\/podgorica\\\/video-borovinic-bojovic-cilj-je-da-podgoricu-predstavimo-kao-grad-u-kojem-mladi-odlucuju-i-kreiraju-politike-razvoja-grada\\\/\"]}]},{\"@type\":\"ImageObject\",\"inLanguage\":\"en-GB\",\"@id\":\"https:\\\/\\\/dmcsrb.com\\\/podgorica\\\/video-borovinic-bojovic-cilj-je-da-podgoricu-predstavimo-kao-grad-u-kojem-mladi-odlucuju-i-kreiraju-politike-razvoja-grada\\\/#primaryimage\",\"url\":\"https:\\\/\\\/dmcsrb.com\\\/wp-content\\\/uploads\\\/2026\\\/01\\\/Capture-35-4.webp\",\"contentUrl\":\"https:\\\/\\\/dmcsrb.com\\\/wp-content\\\/uploads\\\/2026\\\/01\\\/Capture-35-4.webp\",\"width\":1720,\"height\":864},{\"@type\":\"BreadcrumbList\",\"@id\":\"https:\\\/\\\/dmcsrb.com\\\/podgorica\\\/video-borovinic-bojovic-cilj-je-da-podgoricu-predstavimo-kao-grad-u-kojem-mladi-odlucuju-i-kreiraju-politike-razvoja-grada\\\/#breadcrumb\",\"itemListElement\":[{\"@type\":\"ListItem\",\"position\":1,\"name\":\"Home\",\"item\":\"https:\\\/\\\/dmcsrb.com\\\/\"},{\"@type\":\"ListItem\",\"position\":2,\"name\":\"(VIDEO) Borovini\u0107 Bojovi\u0107: Cilj je da Podgoricu predstavimo kao grad u kojem mladi odlu\u010duju i kreiraju politike razvoja grada\"}]},{\"@type\":\"WebSite\",\"@id\":\"https:\\\/\\\/dmcsrb.com\\\/#website\",\"url\":\"https:\\\/\\\/dmcsrb.com\\\/\",\"name\":\"dmcsrb.com\",\"description\":\"\",\"potentialAction\":[{\"@type\":\"SearchAction\",\"target\":{\"@type\":\"EntryPoint\",\"urlTemplate\":\"https:\\\/\\\/dmcsrb.com\\\/?s={search_term_string}\"},\"query-input\":{\"@type\":\"PropertyValueSpecification\",\"valueRequired\":true,\"valueName\":\"search_term_string\"}}],\"inLanguage\":\"en-GB\"},{\"@type\":\"Person\",\"@id\":\"https:\\\/\\\/dmcsrb.com\\\/#\\\/schema\\\/person\\\/5c39170f12db1b8b457732d0b5c854e2\",\"name\":\"dmcsrbija.com@gmail.com\",\"image\":{\"@type\":\"ImageObject\",\"inLanguage\":\"en-GB\",\"@id\":\"https:\\\/\\\/secure.gravatar.com\\\/avatar\\\/68592660ad6347fad0fb587f8d5d8f1a7b44961362f56e4f2cd524feb87e9069?s=96&d=mm&r=g\",\"url\":\"https:\\\/\\\/secure.gravatar.com\\\/avatar\\\/68592660ad6347fad0fb587f8d5d8f1a7b44961362f56e4f2cd524feb87e9069?s=96&d=mm&r=g\",\"contentUrl\":\"https:\\\/\\\/secure.gravatar.com\\\/avatar\\\/68592660ad6347fad0fb587f8d5d8f1a7b44961362f56e4f2cd524feb87e9069?s=96&d=mm&r=g\",\"caption\":\"dmcsrbija.com@gmail.com\"},\"sameAs\":[\"https:\\\/\\\/dmcsrb.com\"],\"url\":\"https:\\\/\\\/dmcsrb.com\\\/en\\\/author\\\/dmcsrbija-comgmail-com\\\/\"}]}<\/script>\n<!-- \/ Yoast SEO plugin. -->","yoast_head_json":{"title":"(VIDEO) Borovini\u0107 Bojovi\u0107: Cilj je da Podgoricu predstavimo kao grad u kojem mladi odlu\u010duju i kreiraju politike razvoja grada - dmcsrb.com","robots":{"index":"index","follow":"follow","max-snippet":"max-snippet:-1","max-image-preview":"max-image-preview:large","max-video-preview":"max-video-preview:-1"},"canonical":"https:\/\/dmcsrb.com\/en\/podgorica\/video-borovinic-bojovic-cilj-je-da-podgoricu-predstavimo-kao-grad-u-kojem-mladi-odlucuju-i-kreiraju-politike-razvoja-grada\/","og_locale":"en_GB","og_type":"article","og_title":"(VIDEO) Borovini\u0107 Bojovi\u0107: Cilj je da Podgoricu predstavimo kao grad u kojem mladi odlu\u010duju i kreiraju politike razvoja grada - dmcsrb.com","og_description":"Podgorica se u aprilu plasirala me\u0111u pet gradova finalista za Evropsku prijestonicu mladih 2028. Krajem narednog mjeseca bi\u0107e izabran pobjednik. Iako se nadaju osvajanju titule, iz Glavnog grada poru\u010duju da ih suprotna odluka ne\u0107e pokolebati, nastavi\u0107e, da razvijaju grad mladih. \u0160to zna\u010di evropska prijestonica mladih pogledajte u\u00a0 specijalnoj emisiji koja je na programu RTV Podgorica od 20 sati.","og_url":"https:\/\/dmcsrb.com\/en\/podgorica\/video-borovinic-bojovic-cilj-je-da-podgoricu-predstavimo-kao-grad-u-kojem-mladi-odlucuju-i-kreiraju-politike-razvoja-grada\/","og_site_name":"dmcsrb.com","article_published_time":"2025-10-12T15:00:00+00:00","og_image":[{"width":1720,"height":864,"url":"https:\/\/dmcsrb.com\/wp-content\/uploads\/2026\/01\/Capture-35-4.webp","type":"image\/jpeg"}],"author":"dmcsrbija.com@gmail.com","twitter_card":"summary_large_image","twitter_misc":{"Written by":"dmcsrbija.com@gmail.com","Estimated reading time":"3 minutes"},"schema":{"@context":"https:\/\/schema.org","@graph":[{"@type":"Article","@id":"https:\/\/dmcsrb.com\/podgorica\/video-borovinic-bojovic-cilj-je-da-podgoricu-predstavimo-kao-grad-u-kojem-mladi-odlucuju-i-kreiraju-politike-razvoja-grada\/#article","isPartOf":{"@id":"https:\/\/dmcsrb.com\/podgorica\/video-borovinic-bojovic-cilj-je-da-podgoricu-predstavimo-kao-grad-u-kojem-mladi-odlucuju-i-kreiraju-politike-razvoja-grada\/"},"author":{"name":"dmcsrbija.com@gmail.com","@id":"https:\/\/dmcsrb.com\/#\/schema\/person\/5c39170f12db1b8b457732d0b5c854e2"},"headline":"(VIDEO) Borovini\u0107 Bojovi\u0107: Cilj je da Podgoricu predstavimo kao grad u kojem mladi odlu\u010duju i kreiraju politike razvoja grada","datePublished":"2025-10-12T15:00:00+00:00","mainEntityOfPage":{"@id":"https:\/\/dmcsrb.com\/podgorica\/video-borovinic-bojovic-cilj-je-da-podgoricu-predstavimo-kao-grad-u-kojem-mladi-odlucuju-i-kreiraju-politike-razvoja-grada\/"},"wordCount":553,"commentCount":0,"image":{"@id":"https:\/\/dmcsrb.com\/podgorica\/video-borovinic-bojovic-cilj-je-da-podgoricu-predstavimo-kao-grad-u-kojem-mladi-odlucuju-i-kreiraju-politike-razvoja-grada\/#primaryimage"},"thumbnailUrl":"https:\/\/dmcsrb.com\/wp-content\/uploads\/2026\/01\/Capture-35-4.webp","keywords":["Danilo Vu\u010dini\u0107","Jelena Borovini\u0107 Bojovi\u0107","Podgorica","Sara Nik\u010devi\u0107"],"articleSection":["Podgorica"],"inLanguage":"en-GB","potentialAction":[{"@type":"CommentAction","name":"Comment","target":["https:\/\/dmcsrb.com\/podgorica\/video-borovinic-bojovic-cilj-je-da-podgoricu-predstavimo-kao-grad-u-kojem-mladi-odlucuju-i-kreiraju-politike-razvoja-grada\/#respond"]}]},{"@type":"WebPage","@id":"https:\/\/dmcsrb.com\/podgorica\/video-borovinic-bojovic-cilj-je-da-podgoricu-predstavimo-kao-grad-u-kojem-mladi-odlucuju-i-kreiraju-politike-razvoja-grada\/","url":"https:\/\/dmcsrb.com\/podgorica\/video-borovinic-bojovic-cilj-je-da-podgoricu-predstavimo-kao-grad-u-kojem-mladi-odlucuju-i-kreiraju-politike-razvoja-grada\/","name":"(VIDEO) Borovini\u0107 Bojovi\u0107: Cilj je da Podgoricu predstavimo kao grad u kojem mladi odlu\u010duju i kreiraju politike razvoja grada - dmcsrb.com","isPartOf":{"@id":"https:\/\/dmcsrb.com\/#website"},"primaryImageOfPage":{"@id":"https:\/\/dmcsrb.com\/podgorica\/video-borovinic-bojovic-cilj-je-da-podgoricu-predstavimo-kao-grad-u-kojem-mladi-odlucuju-i-kreiraju-politike-razvoja-grada\/#primaryimage"},"image":{"@id":"https:\/\/dmcsrb.com\/podgorica\/video-borovinic-bojovic-cilj-je-da-podgoricu-predstavimo-kao-grad-u-kojem-mladi-odlucuju-i-kreiraju-politike-razvoja-grada\/#primaryimage"},"thumbnailUrl":"https:\/\/dmcsrb.com\/wp-content\/uploads\/2026\/01\/Capture-35-4.webp","datePublished":"2025-10-12T15:00:00+00:00","author":{"@id":"https:\/\/dmcsrb.com\/#\/schema\/person\/5c39170f12db1b8b457732d0b5c854e2"},"breadcrumb":{"@id":"https:\/\/dmcsrb.com\/podgorica\/video-borovinic-bojovic-cilj-je-da-podgoricu-predstavimo-kao-grad-u-kojem-mladi-odlucuju-i-kreiraju-politike-razvoja-grada\/#breadcrumb"},"inLanguage":"en-GB","potentialAction":[{"@type":"ReadAction","target":["https:\/\/dmcsrb.com\/podgorica\/video-borovinic-bojovic-cilj-je-da-podgoricu-predstavimo-kao-grad-u-kojem-mladi-odlucuju-i-kreiraju-politike-razvoja-grada\/"]}]},{"@type":"ImageObject","inLanguage":"en-GB","@id":"https:\/\/dmcsrb.com\/podgorica\/video-borovinic-bojovic-cilj-je-da-podgoricu-predstavimo-kao-grad-u-kojem-mladi-odlucuju-i-kreiraju-politike-razvoja-grada\/#primaryimage","url":"https:\/\/dmcsrb.com\/wp-content\/uploads\/2026\/01\/Capture-35-4.webp","contentUrl":"https:\/\/dmcsrb.com\/wp-content\/uploads\/2026\/01\/Capture-35-4.webp","width":1720,"height":864},{"@type":"BreadcrumbList","@id":"https:\/\/dmcsrb.com\/podgorica\/video-borovinic-bojovic-cilj-je-da-podgoricu-predstavimo-kao-grad-u-kojem-mladi-odlucuju-i-kreiraju-politike-razvoja-grada\/#breadcrumb","itemListElement":[{"@type":"ListItem","position":1,"name":"Home","item":"https:\/\/dmcsrb.com\/"},{"@type":"ListItem","position":2,"name":"(VIDEO) Borovini\u0107 Bojovi\u0107: Cilj je da Podgoricu predstavimo kao grad u kojem mladi odlu\u010duju i kreiraju politike razvoja grada"}]},{"@type":"WebSite","@id":"https:\/\/dmcsrb.com\/#website","url":"https:\/\/dmcsrb.com\/","name":"dmcsrb.com","description":"","potentialAction":[{"@type":"SearchAction","target":{"@type":"EntryPoint","urlTemplate":"https:\/\/dmcsrb.com\/?s={search_term_string}"},"query-input":{"@type":"PropertyValueSpecification","valueRequired":true,"valueName":"search_term_string"}}],"inLanguage":"en-GB"},{"@type":"Person","@id":"https:\/\/dmcsrb.com\/#\/schema\/person\/5c39170f12db1b8b457732d0b5c854e2","name":"dmcsrbija.com@gmail.com","image":{"@type":"ImageObject","inLanguage":"en-GB","@id":"https:\/\/secure.gravatar.com\/avatar\/68592660ad6347fad0fb587f8d5d8f1a7b44961362f56e4f2cd524feb87e9069?s=96&d=mm&r=g","url":"https:\/\/secure.gravatar.com\/avatar\/68592660ad6347fad0fb587f8d5d8f1a7b44961362f56e4f2cd524feb87e9069?s=96&d=mm&r=g","contentUrl":"https:\/\/secure.gravatar.com\/avatar\/68592660ad6347fad0fb587f8d5d8f1a7b44961362f56e4f2cd524feb87e9069?s=96&d=mm&r=g","caption":"dmcsrbija.com@gmail.com"},"sameAs":["https:\/\/dmcsrb.com"],"url":"https:\/\/dmcsrb.com\/en\/author\/dmcsrbija-comgmail-com\/"}]}},"_links":{"self":[{"href":"https:\/\/dmcsrb.com\/en\/wp-json\/wp\/v2\/posts\/957398","targetHints":{"allow":["GET"]}}],"collection":[{"href":"https:\/\/dmcsrb.com\/en\/wp-json\/wp\/v2\/posts"}],"about":[{"href":"https:\/\/dmcsrb.com\/en\/wp-json\/wp\/v2\/types\/post"}],"author":[{"embeddable":true,"href":"https:\/\/dmcsrb.com\/en\/wp-json\/wp\/v2\/users\/1"}],"replies":[{"embeddable":true,"href":"https:\/\/dmcsrb.com\/en\/wp-json\/wp\/v2\/comments?post=957398"}],"version-history":[{"count":0,"href":"https:\/\/dmcsrb.com\/en\/wp-json\/wp\/v2\/posts\/957398\/revisions"}],"wp:featuredmedia":[{"embeddable":true,"href":"https:\/\/dmcsrb.com\/en\/wp-json\/wp\/v2\/media\/957399"}],"wp:attachment":[{"href":"https:\/\/dmcsrb.com\/en\/wp-json\/wp\/v2\/media?parent=957398"}],"wp:term":[{"taxonomy":"category","embeddable":true,"href":"https:\/\/dmcsrb.com\/en\/wp-json\/wp\/v2\/categories?post=957398"},{"taxonomy":"post_tag","embeddable":true,"href":"https:\/\/dmcsrb.com\/en\/wp-json\/wp\/v2\/tags?post=957398"},{"taxonomy":"naslovna","embeddable":true,"href":"https:\/\/dmcsrb.com\/en\/wp-json\/wp\/v2\/naslovna?post=957398"}],"curies":[{"name":"wp","href":"https:\/\/api.w.org\/{rel}","templated":true}]}}