{"id":957397,"date":"2025-10-12T16:45:00","date_gmt":"2025-10-12T14:45:00","guid":{"rendered":"https:\/\/dmcsrb.com\/uncategorized\/u-egiptu-sjutra-samit-za-mir-u-gazi-bez-predstavnika-izraela\/"},"modified":"2025-10-12T16:45:00","modified_gmt":"2025-10-12T14:45:00","slug":"u-egiptu-sjutra-samit-za-mir-u-gazi-bez-predstavnika-izraela","status":"publish","type":"post","link":"https:\/\/dmcsrb.com\/en\/svijet\/u-egiptu-sjutra-samit-za-mir-u-gazi-bez-predstavnika-izraela\/","title":{"rendered":"U Egiptu sjutra samit za mir u Gazi, bez predstavnika Izraela"},"content":{"rendered":"<p>Egipatski predsjednik&nbsp;<strong>Abdel Fatah el-Sisi<\/strong>&nbsp;i ameri\u010dki predsjednik&nbsp;<strong>Donald Tramp<\/strong>&nbsp;predsjedava\u0107e mirovnim samitom za Gazu sjutra poslije podne u \u0160arm el-\u0160eiku, gdje \u0107e biti prisutni lideri iz vi\u0161e od 20 zemalja i generalni sekretar Ujedinjenih nacija (UN)&nbsp;<strong>Antonio Gutere\u0161<\/strong>, ali ne i izraelski zvani\u010dnici.<\/p>\n\n\n\n<p>\u201eNijedan izraelski zvani\u010dnik ne\u0107e u\u010destvovati\u201c, rekao je danas za AFP<strong>&nbsp;\u0160o\u0161 Bedrosijan<\/strong>, portparol izraelskog premijera B<strong>enjamina Netanjahua<\/strong>.<\/p>\n\n\n\n<p>\u201eDokument o okon\u010danju rata u Pojasu Gaze\u201c bi\u0107e potpisan tokom samita, saop\u0161tilo je danas egipatsko Ministarstvo spoljnih poslova.<\/p>\n\n\n\n<p>Egipatsko predsjedni\u0161tvo je ju\u010de, drugog dana prekida vatre izme\u0111u Izraela i Hamasa, saop\u0161tilo da je \u201ecilj samita okon\u010danje rata u Pojasu Gaze, ja\u010danje napora za uspostavljanje mira i stabilnosti na Bliskom istoku, kao i otvaranje novog poglavlja u regionalnoj bezbjednosti\u201c.<\/p>\n\n\n\n<p>Pored generalnog sekretara UN-a, nekoliko lidera je najavilo svoje u\u010de\u0161\u0107e, uklju\u010duju\u0107i jordanskog kralja Abdulaha II i turskog predsjednika Red\u017eepa Tajipa Erdogana.<\/p>\n\n\n\n<p><br>Francuski predsjednik Emanuel Makron otputova\u0107e u Egipat kako bi izrazio podr\u0161ku \u201esprovo\u0111enju sporazuma koji je predstavio predsjednik Tramp o okon\u010danju rata u Gazi\u201c, prema saop\u0161tenju Jelisejske palate.<\/p>\n\n\n\n<p>Makron namjerava da razgovara \u201esa svojim partnerima o sljede\u0107im koracima u sprovo\u0111enju mirovnog plana\u201c.<\/p>\n\n\n\n<p>Britanski premijer Kir Starmer prisustvova\u0107e samitu koji \u201eozna\u010dava istorijsku prekretnicu za region nakon dvije godine sukoba i krvoproli\u0107a\u201c, saop\u0161tio je Dauning strit.<\/p>\n\n\n\n<p>O\u010dekuje se da \u0107e u Egipat do\u0107i i \u0161panski premijer Pedro San\u010des i italijanska premijerka \u0110or\u0111a Meloni, kao i njema\u010dki kancelar Fridrih Merc i predsjednik Savjeta Evropske unije Antonio Ko\u0161ta.<\/p>\n\n\n\n<p>Hamas je objavio da ne\u0107e u\u010destvovati u potpisivanju dokumenta.<\/p>\n\n\n\n<p>Jedan od njegovih visokih zvani\u010dnika, Hosam Badran, rekao je za AFP da palestinski islamisti\u010dki pokret djeluje \u201epreko katarskih i egipatskih posrednika\u201c.<\/p>\n\n\n\n<p>Prema uslovima sporazuma izme\u0111u Izraela i Hamasa, 48 talaca ili ostaci talaca moraju biti vra\u0107eni Izraelu iz Pojasa Gaze prije 7.00 u ponedjeljak.<\/p>\n\n\n\n<p>Zauzvrat, Izrael mora da oslobodi 250 zatvorenika, uklju\u010duju\u0107i mnoge osu\u0111ene za smrtonosne napade protiv Izraela, i 1.700 Palestinaca koje je izraelska vojska uhapsila u Pojasu Gaze od po\u010detka rata 7. oktobra 2023. godine.<\/p>\n\n\n\n<p>Rat je pokrenuo dotad nevi\u0111en napad Hamasa na Izrael, u kojem su skoro svi taoci oteti.<\/p>","protected":false},"excerpt":{"rendered":"<p>Egipatski predsjednik&nbsp;Abdel Fatah el-Sisi&nbsp;i ameri\u010dki predsjednik&nbsp;Donald Tramp&nbsp;predsjedava\u0107e mirovnim samitom za Gazu sjutra poslije podne u \u0160arm el-\u0160eiku, gdje \u0107e biti prisutni lideri iz vi\u0161e od 20 zemalja i generalni sekretar Ujedinjenih nacija (UN)&nbsp;Antonio Gutere\u0161, ali ne i izraelski zvani\u010dnici. \u201eNijedan izraelski zvani\u010dnik ne\u0107e u\u010destvovati\u201c, rekao je danas za AFP&nbsp;\u0160o\u0161 Bedrosijan, portparol izraelskog premijera Benjamina Netanjahua. [&hellip;]<\/p>\n","protected":false},"author":1,"featured_media":952652,"comment_status":"open","ping_status":"open","sticky":false,"template":"","format":"standard","meta":{"_acf_changed":false,"footnotes":""},"categories":[144],"tags":[8397,1559,751],"naslovna":[],"class_list":["post-957397","post","type-post","status-publish","format-standard","has-post-thumbnail","hentry","category-svijet","tag-egipat","tag-gaza","tag-izrael"],"acf":[],"yoast_head":"<!-- This site is optimized with the Yoast SEO plugin v27.0 - https:\/\/yoast.com\/product\/yoast-seo-wordpress\/ -->\n<title>U Egiptu sjutra samit za mir u Gazi, bez predstavnika Izraela - dmcsrb.com<\/title>\n<meta name=\"robots\" content=\"index, follow, max-snippet:-1, max-image-preview:large, max-video-preview:-1\" \/>\n<link rel=\"canonical\" href=\"https:\/\/dmcsrb.com\/en\/svijet\/u-egiptu-sjutra-samit-za-mir-u-gazi-bez-predstavnika-izraela\/\" \/>\n<meta property=\"og:locale\" content=\"en_GB\" \/>\n<meta property=\"og:type\" content=\"article\" \/>\n<meta property=\"og:title\" content=\"U Egiptu sjutra samit za mir u Gazi, bez predstavnika Izraela - dmcsrb.com\" \/>\n<meta property=\"og:description\" content=\"Egipatski predsjednik&nbsp;Abdel Fatah el-Sisi&nbsp;i ameri\u010dki predsjednik&nbsp;Donald Tramp&nbsp;predsjedava\u0107e mirovnim samitom za Gazu sjutra poslije podne u \u0160arm el-\u0160eiku, gdje \u0107e biti prisutni lideri iz vi\u0161e od 20 zemalja i generalni sekretar Ujedinjenih nacija (UN)&nbsp;Antonio Gutere\u0161, ali ne i izraelski zvani\u010dnici. \u201eNijedan izraelski zvani\u010dnik ne\u0107e u\u010destvovati\u201c, rekao je danas za AFP&nbsp;\u0160o\u0161 Bedrosijan, portparol izraelskog premijera Benjamina Netanjahua. [&hellip;]\" \/>\n<meta property=\"og:url\" content=\"https:\/\/dmcsrb.com\/en\/svijet\/u-egiptu-sjutra-samit-za-mir-u-gazi-bez-predstavnika-izraela\/\" \/>\n<meta property=\"og:site_name\" content=\"dmcsrb.com\" \/>\n<meta property=\"article:published_time\" content=\"2025-10-12T14:45:00+00:00\" \/>\n<meta property=\"og:image\" content=\"https:\/\/dmcsrb.com\/wp-content\/uploads\/2026\/01\/egipat1.webp\" \/>\n\t<meta property=\"og:image:width\" content=\"900\" \/>\n\t<meta property=\"og:image:height\" content=\"675\" \/>\n\t<meta property=\"og:image:type\" content=\"image\/jpeg\" \/>\n<meta name=\"author\" content=\"dmcsrbija.com@gmail.com\" \/>\n<meta name=\"twitter:card\" content=\"summary_large_image\" \/>\n<meta name=\"twitter:label1\" content=\"Written by\" \/>\n\t<meta name=\"twitter:data1\" content=\"dmcsrbija.com@gmail.com\" \/>\n\t<meta name=\"twitter:label2\" content=\"Estimated reading time\" \/>\n\t<meta name=\"twitter:data2\" content=\"2 minutes\" \/>\n<script type=\"application\/ld+json\" class=\"yoast-schema-graph\">{\"@context\":\"https:\/\/schema.org\",\"@graph\":[{\"@type\":\"Article\",\"@id\":\"https:\/\/dmcsrb.com\/svijet\/u-egiptu-sjutra-samit-za-mir-u-gazi-bez-predstavnika-izraela\/#article\",\"isPartOf\":{\"@id\":\"https:\/\/dmcsrb.com\/svijet\/u-egiptu-sjutra-samit-za-mir-u-gazi-bez-predstavnika-izraela\/\"},\"author\":{\"name\":\"dmcsrbija.com@gmail.com\",\"@id\":\"https:\/\/dmcsrb.com\/#\/schema\/person\/5c39170f12db1b8b457732d0b5c854e2\"},\"headline\":\"U Egiptu sjutra samit za mir u Gazi, bez predstavnika Izraela\",\"datePublished\":\"2025-10-12T14:45:00+00:00\",\"mainEntityOfPage\":{\"@id\":\"https:\/\/dmcsrb.com\/svijet\/u-egiptu-sjutra-samit-za-mir-u-gazi-bez-predstavnika-izraela\/\"},\"wordCount\":395,\"commentCount\":0,\"image\":{\"@id\":\"https:\/\/dmcsrb.com\/svijet\/u-egiptu-sjutra-samit-za-mir-u-gazi-bez-predstavnika-izraela\/#primaryimage\"},\"thumbnailUrl\":\"https:\/\/dmcsrb.com\/wp-content\/uploads\/2026\/01\/egipat1.webp\",\"keywords\":[\"Egipat\",\"Gaza\",\"Izrael\"],\"articleSection\":[\"Svijet\"],\"inLanguage\":\"en-GB\",\"potentialAction\":[{\"@type\":\"CommentAction\",\"name\":\"Comment\",\"target\":[\"https:\/\/dmcsrb.com\/svijet\/u-egiptu-sjutra-samit-za-mir-u-gazi-bez-predstavnika-izraela\/#respond\"]}]},{\"@type\":\"WebPage\",\"@id\":\"https:\/\/dmcsrb.com\/svijet\/u-egiptu-sjutra-samit-za-mir-u-gazi-bez-predstavnika-izraela\/\",\"url\":\"https:\/\/dmcsrb.com\/svijet\/u-egiptu-sjutra-samit-za-mir-u-gazi-bez-predstavnika-izraela\/\",\"name\":\"U Egiptu sjutra samit za mir u Gazi, bez predstavnika Izraela - dmcsrb.com\",\"isPartOf\":{\"@id\":\"https:\/\/dmcsrb.com\/#website\"},\"primaryImageOfPage\":{\"@id\":\"https:\/\/dmcsrb.com\/svijet\/u-egiptu-sjutra-samit-za-mir-u-gazi-bez-predstavnika-izraela\/#primaryimage\"},\"image\":{\"@id\":\"https:\/\/dmcsrb.com\/svijet\/u-egiptu-sjutra-samit-za-mir-u-gazi-bez-predstavnika-izraela\/#primaryimage\"},\"thumbnailUrl\":\"https:\/\/dmcsrb.com\/wp-content\/uploads\/2026\/01\/egipat1.webp\",\"datePublished\":\"2025-10-12T14:45:00+00:00\",\"author\":{\"@id\":\"https:\/\/dmcsrb.com\/#\/schema\/person\/5c39170f12db1b8b457732d0b5c854e2\"},\"breadcrumb\":{\"@id\":\"https:\/\/dmcsrb.com\/svijet\/u-egiptu-sjutra-samit-za-mir-u-gazi-bez-predstavnika-izraela\/#breadcrumb\"},\"inLanguage\":\"en-GB\",\"potentialAction\":[{\"@type\":\"ReadAction\",\"target\":[\"https:\/\/dmcsrb.com\/svijet\/u-egiptu-sjutra-samit-za-mir-u-gazi-bez-predstavnika-izraela\/\"]}]},{\"@type\":\"ImageObject\",\"inLanguage\":\"en-GB\",\"@id\":\"https:\/\/dmcsrb.com\/svijet\/u-egiptu-sjutra-samit-za-mir-u-gazi-bez-predstavnika-izraela\/#primaryimage\",\"url\":\"https:\/\/dmcsrb.com\/wp-content\/uploads\/2026\/01\/egipat1.webp\",\"contentUrl\":\"https:\/\/dmcsrb.com\/wp-content\/uploads\/2026\/01\/egipat1.webp\",\"width\":900,\"height\":675},{\"@type\":\"BreadcrumbList\",\"@id\":\"https:\/\/dmcsrb.com\/svijet\/u-egiptu-sjutra-samit-za-mir-u-gazi-bez-predstavnika-izraela\/#breadcrumb\",\"itemListElement\":[{\"@type\":\"ListItem\",\"position\":1,\"name\":\"Home\",\"item\":\"https:\/\/dmcsrb.com\/\"},{\"@type\":\"ListItem\",\"position\":2,\"name\":\"U Egiptu sjutra samit za mir u Gazi, bez predstavnika Izraela\"}]},{\"@type\":\"WebSite\",\"@id\":\"https:\/\/dmcsrb.com\/#website\",\"url\":\"https:\/\/dmcsrb.com\/\",\"name\":\"dmcsrb.com\",\"description\":\"\",\"potentialAction\":[{\"@type\":\"SearchAction\",\"target\":{\"@type\":\"EntryPoint\",\"urlTemplate\":\"https:\/\/dmcsrb.com\/?s={search_term_string}\"},\"query-input\":{\"@type\":\"PropertyValueSpecification\",\"valueRequired\":true,\"valueName\":\"search_term_string\"}}],\"inLanguage\":\"en-GB\"},{\"@type\":\"Person\",\"@id\":\"https:\/\/dmcsrb.com\/#\/schema\/person\/5c39170f12db1b8b457732d0b5c854e2\",\"name\":\"dmcsrbija.com@gmail.com\",\"image\":{\"@type\":\"ImageObject\",\"inLanguage\":\"en-GB\",\"@id\":\"https:\/\/dmcsrb.com\/#\/schema\/person\/image\/\",\"url\":\"https:\/\/secure.gravatar.com\/avatar\/68592660ad6347fad0fb587f8d5d8f1a7b44961362f56e4f2cd524feb87e9069?s=96&d=mm&r=g\",\"contentUrl\":\"https:\/\/secure.gravatar.com\/avatar\/68592660ad6347fad0fb587f8d5d8f1a7b44961362f56e4f2cd524feb87e9069?s=96&d=mm&r=g\",\"caption\":\"dmcsrbija.com@gmail.com\"},\"sameAs\":[\"https:\/\/dmcsrb.com\"],\"url\":\"https:\/\/dmcsrb.com\/en\/author\/dmcsrbija-comgmail-com\/\"}]}<\/script>\n<!-- \/ Yoast SEO plugin. -->","yoast_head_json":{"title":"U Egiptu sjutra samit za mir u Gazi, bez predstavnika Izraela - dmcsrb.com","robots":{"index":"index","follow":"follow","max-snippet":"max-snippet:-1","max-image-preview":"max-image-preview:large","max-video-preview":"max-video-preview:-1"},"canonical":"https:\/\/dmcsrb.com\/en\/svijet\/u-egiptu-sjutra-samit-za-mir-u-gazi-bez-predstavnika-izraela\/","og_locale":"en_GB","og_type":"article","og_title":"U Egiptu sjutra samit za mir u Gazi, bez predstavnika Izraela - dmcsrb.com","og_description":"Egipatski predsjednik&nbsp;Abdel Fatah el-Sisi&nbsp;i ameri\u010dki predsjednik&nbsp;Donald Tramp&nbsp;predsjedava\u0107e mirovnim samitom za Gazu sjutra poslije podne u \u0160arm el-\u0160eiku, gdje \u0107e biti prisutni lideri iz vi\u0161e od 20 zemalja i generalni sekretar Ujedinjenih nacija (UN)&nbsp;Antonio Gutere\u0161, ali ne i izraelski zvani\u010dnici. \u201eNijedan izraelski zvani\u010dnik ne\u0107e u\u010destvovati\u201c, rekao je danas za AFP&nbsp;\u0160o\u0161 Bedrosijan, portparol izraelskog premijera Benjamina Netanjahua. [&hellip;]","og_url":"https:\/\/dmcsrb.com\/en\/svijet\/u-egiptu-sjutra-samit-za-mir-u-gazi-bez-predstavnika-izraela\/","og_site_name":"dmcsrb.com","article_published_time":"2025-10-12T14:45:00+00:00","og_image":[{"width":900,"height":675,"url":"https:\/\/dmcsrb.com\/wp-content\/uploads\/2026\/01\/egipat1.webp","type":"image\/jpeg"}],"author":"dmcsrbija.com@gmail.com","twitter_card":"summary_large_image","twitter_misc":{"Written by":"dmcsrbija.com@gmail.com","Estimated reading time":"2 minutes"},"schema":{"@context":"https:\/\/schema.org","@graph":[{"@type":"Article","@id":"https:\/\/dmcsrb.com\/svijet\/u-egiptu-sjutra-samit-za-mir-u-gazi-bez-predstavnika-izraela\/#article","isPartOf":{"@id":"https:\/\/dmcsrb.com\/svijet\/u-egiptu-sjutra-samit-za-mir-u-gazi-bez-predstavnika-izraela\/"},"author":{"name":"dmcsrbija.com@gmail.com","@id":"https:\/\/dmcsrb.com\/#\/schema\/person\/5c39170f12db1b8b457732d0b5c854e2"},"headline":"U Egiptu sjutra samit za mir u Gazi, bez predstavnika Izraela","datePublished":"2025-10-12T14:45:00+00:00","mainEntityOfPage":{"@id":"https:\/\/dmcsrb.com\/svijet\/u-egiptu-sjutra-samit-za-mir-u-gazi-bez-predstavnika-izraela\/"},"wordCount":395,"commentCount":0,"image":{"@id":"https:\/\/dmcsrb.com\/svijet\/u-egiptu-sjutra-samit-za-mir-u-gazi-bez-predstavnika-izraela\/#primaryimage"},"thumbnailUrl":"https:\/\/dmcsrb.com\/wp-content\/uploads\/2026\/01\/egipat1.webp","keywords":["Egipat","Gaza","Izrael"],"articleSection":["Svijet"],"inLanguage":"en-GB","potentialAction":[{"@type":"CommentAction","name":"Comment","target":["https:\/\/dmcsrb.com\/svijet\/u-egiptu-sjutra-samit-za-mir-u-gazi-bez-predstavnika-izraela\/#respond"]}]},{"@type":"WebPage","@id":"https:\/\/dmcsrb.com\/svijet\/u-egiptu-sjutra-samit-za-mir-u-gazi-bez-predstavnika-izraela\/","url":"https:\/\/dmcsrb.com\/svijet\/u-egiptu-sjutra-samit-za-mir-u-gazi-bez-predstavnika-izraela\/","name":"U Egiptu sjutra samit za mir u Gazi, bez predstavnika Izraela - dmcsrb.com","isPartOf":{"@id":"https:\/\/dmcsrb.com\/#website"},"primaryImageOfPage":{"@id":"https:\/\/dmcsrb.com\/svijet\/u-egiptu-sjutra-samit-za-mir-u-gazi-bez-predstavnika-izraela\/#primaryimage"},"image":{"@id":"https:\/\/dmcsrb.com\/svijet\/u-egiptu-sjutra-samit-za-mir-u-gazi-bez-predstavnika-izraela\/#primaryimage"},"thumbnailUrl":"https:\/\/dmcsrb.com\/wp-content\/uploads\/2026\/01\/egipat1.webp","datePublished":"2025-10-12T14:45:00+00:00","author":{"@id":"https:\/\/dmcsrb.com\/#\/schema\/person\/5c39170f12db1b8b457732d0b5c854e2"},"breadcrumb":{"@id":"https:\/\/dmcsrb.com\/svijet\/u-egiptu-sjutra-samit-za-mir-u-gazi-bez-predstavnika-izraela\/#breadcrumb"},"inLanguage":"en-GB","potentialAction":[{"@type":"ReadAction","target":["https:\/\/dmcsrb.com\/svijet\/u-egiptu-sjutra-samit-za-mir-u-gazi-bez-predstavnika-izraela\/"]}]},{"@type":"ImageObject","inLanguage":"en-GB","@id":"https:\/\/dmcsrb.com\/svijet\/u-egiptu-sjutra-samit-za-mir-u-gazi-bez-predstavnika-izraela\/#primaryimage","url":"https:\/\/dmcsrb.com\/wp-content\/uploads\/2026\/01\/egipat1.webp","contentUrl":"https:\/\/dmcsrb.com\/wp-content\/uploads\/2026\/01\/egipat1.webp","width":900,"height":675},{"@type":"BreadcrumbList","@id":"https:\/\/dmcsrb.com\/svijet\/u-egiptu-sjutra-samit-za-mir-u-gazi-bez-predstavnika-izraela\/#breadcrumb","itemListElement":[{"@type":"ListItem","position":1,"name":"Home","item":"https:\/\/dmcsrb.com\/"},{"@type":"ListItem","position":2,"name":"U Egiptu sjutra samit za mir u Gazi, bez predstavnika Izraela"}]},{"@type":"WebSite","@id":"https:\/\/dmcsrb.com\/#website","url":"https:\/\/dmcsrb.com\/","name":"dmcsrb.com","description":"","potentialAction":[{"@type":"SearchAction","target":{"@type":"EntryPoint","urlTemplate":"https:\/\/dmcsrb.com\/?s={search_term_string}"},"query-input":{"@type":"PropertyValueSpecification","valueRequired":true,"valueName":"search_term_string"}}],"inLanguage":"en-GB"},{"@type":"Person","@id":"https:\/\/dmcsrb.com\/#\/schema\/person\/5c39170f12db1b8b457732d0b5c854e2","name":"dmcsrbija.com@gmail.com","image":{"@type":"ImageObject","inLanguage":"en-GB","@id":"https:\/\/dmcsrb.com\/#\/schema\/person\/image\/","url":"https:\/\/secure.gravatar.com\/avatar\/68592660ad6347fad0fb587f8d5d8f1a7b44961362f56e4f2cd524feb87e9069?s=96&d=mm&r=g","contentUrl":"https:\/\/secure.gravatar.com\/avatar\/68592660ad6347fad0fb587f8d5d8f1a7b44961362f56e4f2cd524feb87e9069?s=96&d=mm&r=g","caption":"dmcsrbija.com@gmail.com"},"sameAs":["https:\/\/dmcsrb.com"],"url":"https:\/\/dmcsrb.com\/en\/author\/dmcsrbija-comgmail-com\/"}]}},"_links":{"self":[{"href":"https:\/\/dmcsrb.com\/en\/wp-json\/wp\/v2\/posts\/957397","targetHints":{"allow":["GET"]}}],"collection":[{"href":"https:\/\/dmcsrb.com\/en\/wp-json\/wp\/v2\/posts"}],"about":[{"href":"https:\/\/dmcsrb.com\/en\/wp-json\/wp\/v2\/types\/post"}],"author":[{"embeddable":true,"href":"https:\/\/dmcsrb.com\/en\/wp-json\/wp\/v2\/users\/1"}],"replies":[{"embeddable":true,"href":"https:\/\/dmcsrb.com\/en\/wp-json\/wp\/v2\/comments?post=957397"}],"version-history":[{"count":0,"href":"https:\/\/dmcsrb.com\/en\/wp-json\/wp\/v2\/posts\/957397\/revisions"}],"wp:featuredmedia":[{"embeddable":true,"href":"https:\/\/dmcsrb.com\/en\/wp-json\/wp\/v2\/media\/952652"}],"wp:attachment":[{"href":"https:\/\/dmcsrb.com\/en\/wp-json\/wp\/v2\/media?parent=957397"}],"wp:term":[{"taxonomy":"category","embeddable":true,"href":"https:\/\/dmcsrb.com\/en\/wp-json\/wp\/v2\/categories?post=957397"},{"taxonomy":"post_tag","embeddable":true,"href":"https:\/\/dmcsrb.com\/en\/wp-json\/wp\/v2\/tags?post=957397"},{"taxonomy":"naslovna","embeddable":true,"href":"https:\/\/dmcsrb.com\/en\/wp-json\/wp\/v2\/naslovna?post=957397"}],"curies":[{"name":"wp","href":"https:\/\/api.w.org\/{rel}","templated":true}]}}