{"id":957393,"date":"2025-10-12T17:14:00","date_gmt":"2025-10-12T15:14:00","guid":{"rendered":"https:\/\/dmcsrb.com\/uncategorized\/video-mihailovic-krsenja-radnih-prava-su-svakodnevica-cipovic-preduzimamo-mjere-za-poboljsanje-uslova-rada\/"},"modified":"2025-10-12T17:14:00","modified_gmt":"2025-10-12T15:14:00","slug":"video-mihailovic-krsenja-radnih-prava-su-svakodnevica-cipovic-preduzimamo-mjere-za-poboljsanje-uslova-rada","status":"publish","type":"post","link":"https:\/\/dmcsrb.com\/en\/ekonomija\/video-mihailovic-krsenja-radnih-prava-su-svakodnevica-cipovic-preduzimamo-mjere-za-poboljsanje-uslova-rada\/","title":{"rendered":"(VIDEO) Mihailovi\u0107: Kr\u0161enja radnih prava su svakodnevica ; \u0106ipovi\u0107: Preduzimamo mjere za pobolj\u0161anje uslova rada"},"content":{"rendered":"<p><\/p>\n\n\n\n<p>U Crnoj Gori se i dalje \u010desto zaboravlja da je\u00a0dostojanstven rad osnovno ljudsko pravo, a ne privilegija<em>.<\/em>\u00a0Radnici se svakodnevno suo\u010davaju s prekovremenim satima koji im se ne pla\u0107aju, neispla\u0107enim zaradama, pritiscima, degradacijom i zloupotrebom ugovora na odre\u0111eno vrijeme. Dok poslodavci \u0107ute, mnogi zaposleni biraju izme\u0111u trpljenja i otkaza, jer ih sistem rijetko \u0161titi, upozoravaju iz Unije slobodnih sindikata (USSCG).<\/p>\n\n\n\n<p>&#8220;Jedan od naj\u010de\u0161\u0107e zloupotrebljavanih instituta, ako neko ho\u0107e da vas degradira, ako ho\u0107e neko profesionalno da vas degradira sa platom ili sa rasporedom na druga radna mjesta itd. koristi ugovor o radu. I sad vi imate situaciju da na\u0161i zaposleni, ukoliko se odlu\u010duje \u0161to im zakon daje kao mogu\u0107nost da ne prihvate odre\u0111eni aneks ugovora o radu, jer smatraju da je isti nezakonit, ne mogu da dobiju odbranu na sudu od nezakonitog otkaza koji \u0107e zbog toga da dobiju. Kad to ka\u017eem, mi apsolutno vrije\u0111amo pravo na odbranu svakom zaposlenom&#8221;, istakla je Ivana Mihailovi\u0107 iz USSCG.<\/p>\n\n\n\n<figure class=\"wp-block-image size-large\"><img decoding=\"async\" src=\"https:\/\/gradski.me\/wp-content\/uploads\/2025\/10\/mih-1024x493.jpg\" alt=\"\" class=\"wp-image-850044\"\/><figcaption class=\"wp-element-caption\"><strong>Ivana Mihailovi\u0107  foto: TV Podgorica<\/strong><\/figcaption><\/figure>\n\n\n\n<p>Ugovor o radu na odre\u0111eno bi trebalo da zna\u010di sigurnost, a ne strah od isteka roka. Ipak, sve vi\u0161e radnika radi po ugovorima o djelu, bez prava i za\u0161tite. Iz Direktorata za rad poru\u010duju da je nu\u017eno podizanje svijesti, kroz panele i diskusije, kako bi gra\u0111ani znali \u0161ta im Ustav i prava garantuju.<\/p>\n\n\n\n<p>&#8220;Svjesni smo \u010dinjenice da je negdje praksa, a je izuzetak postao pravilo, \u0161to ne bi smjelo da bude. Ne bi smjelo da bude da je pravilo da se ugovor daje na odre\u0111eno vrijeme, pravilo je da bude na neodre\u0111eno. Samo se u izuzetnim slu\u010dajevima on nudi na odre\u0111eno vrijeme&#8221;, kazao je samostalni savjetnik u Direktoratu za rad Marko \u0106ipovi\u0107.<\/p>\n\n\n\n<figure class=\"wp-block-image size-large\"><img decoding=\"async\" src=\"https:\/\/gradski.me\/wp-content\/uploads\/2025\/10\/cip-1024x484.jpg\" alt=\"\" class=\"wp-image-850045\"\/><figcaption class=\"wp-element-caption\"><strong>Marko \u0106ipovi\u0107  foto: TV Podgorica<\/strong><\/figcaption><\/figure>\n\n\n\n<p>Iako je stopa nezaposlenosti u Crnoj Gori oko 9 odsto, sindikati upozoravaju da brojke ne prikazuju stvarnost, jer mnogi rade na crno, bez ikakve za\u0161tite. Iz Ministarstva rada, me\u0111utim, sti\u017ee druga poruka &#8211; tr\u017ei\u0161te je stabilno, a zapo\u0161ljavanje raste. Istina je, \u010dini se, negdje izme\u0111u.<\/p>\n\n\n\n<p>&#8220;Mi ne vidimo otvaranje\u00a0novih radnih mjesta, iskreno. Mi vidimo jedan veliki priliv stranog kapitala, ali i onoga \u0161to se u uslu\u017enim djelatnostima de\u0161ava. Dakle, kafi\u0107i, poslasti\u010darnice, prodaja nekog nakita i sli\u010dno, gdje obi\u010dno turski dr\u017eavljani otvaraju takve objekte, posebno na nivou glavnog grada i primorju&#8221;, zaklju\u010dila je Mihailovi\u0107. <\/p>\n\n\n\n<p>\u0106ipovi\u0107 navodi da je njegovo mi\u0161ljenje da je ta stopa nezaposlenosti rezultat na\u0161eg cjelokupnog, zajedni\u010dkog rada, dodaje, kako njih ispred ministarstva i Vlade, tako i ispred sindikata i poslodavaca<\/p>\n\n\n\n<p>Za\u0161tita na radu nije administrativna formalnost, ve\u0107 mo\u017ee da bude pitanje \u017eivota i smrti. Svaki radnik ima pravo da se ku\u0107i vrati \u017eiv i zdrav. Ali u praksi \u2014 sigurnosna oprema se \u0161tedi, obuke se preska\u010du, a nadzor je slab. Kada do\u0111e do nesre\u0107e, krivac se tra\u017ei u papirima, ne u propustima. Dokle god se bezbjednost bude tretirala kao tro\u0161ak, radna mjesta ne\u0107e biti sigurna, saglasni su sagovornici TV Podgorica.<\/p>\n\n\n\n<figure class=\"wp-block-embed is-type-video is-provider-youtube wp-block-embed-youtube wp-embed-aspect-16-9 wp-has-aspect-ratio\"><div class=\"wp-block-embed__wrapper\">\n<iframe loading=\"lazy\" title=\"Mihailovi\u0107: Kr\u0161enja radnih prava su svakodnevica ; \u0106ipovi\u0107:Preduzimamo mjere za pobolj\u0161anje uslova\" width=\"500\" height=\"281\" src=\"https:\/\/www.youtube.com\/embed\/CnYTu3Vmi-o?feature=oembed\" frameborder=\"0\" allow=\"accelerometer; autoplay; clipboard-write; encrypted-media; gyroscope; picture-in-picture; web-share\" referrerpolicy=\"strict-origin-when-cross-origin\" allowfullscreen><\/iframe>\n<\/div><\/figure>","protected":false},"excerpt":{"rendered":"<p>Dostojanstven rad i po\u0161tovanje prava zaposlenih i dalje su izazov u Crnoj Gori. Iako statistika pokazuje pad nezaposlenosti, sagovornici RTV Podgorica u emisiji Puls upozoravaju da ogroman broj zaposlenih radi bez sigurnih ugovora i socijalne za\u0161tite. Dok iz Unije slobodnih sindikata isti\u010du da su kr\u0161enja radnih prava svakodnevica, iz nadle\u017enih institucija poru\u010duju da se preduzimaju mjere za pobolj\u0161anje uslova rada.\u00a0<\/p>","protected":false},"author":1,"featured_media":957394,"comment_status":"open","ping_status":"open","sticky":false,"template":"","format":"standard","meta":{"_acf_changed":false,"footnotes":""},"categories":[27],"tags":[11159,11160,11161,854],"naslovna":[],"class_list":["post-957393","post","type-post","status-publish","format-standard","has-post-thumbnail","hentry","category-ekonomija","tag-direktorat-za-rad","tag-ivana-mihailovic","tag-marko-cipovic","tag-usscg"],"acf":[],"yoast_head":"<!-- This site is optimized with the Yoast SEO plugin v27.4 - https:\/\/yoast.com\/product\/yoast-seo-wordpress\/ -->\n<title>(VIDEO) Mihailovi\u0107: Kr\u0161enja radnih prava su svakodnevica ; \u0106ipovi\u0107: Preduzimamo mjere za pobolj\u0161anje uslova rada - dmcsrb.com<\/title>\n<meta name=\"robots\" content=\"index, follow, max-snippet:-1, max-image-preview:large, max-video-preview:-1\" \/>\n<link rel=\"canonical\" href=\"https:\/\/dmcsrb.com\/en\/ekonomija\/video-mihailovic-krsenja-radnih-prava-su-svakodnevica-cipovic-preduzimamo-mjere-za-poboljsanje-uslova-rada\/\" \/>\n<meta property=\"og:locale\" content=\"en_GB\" \/>\n<meta property=\"og:type\" content=\"article\" \/>\n<meta property=\"og:title\" content=\"(VIDEO) Mihailovi\u0107: Kr\u0161enja radnih prava su svakodnevica ; \u0106ipovi\u0107: Preduzimamo mjere za pobolj\u0161anje uslova rada - dmcsrb.com\" \/>\n<meta property=\"og:description\" content=\"Dostojanstven rad i po\u0161tovanje prava zaposlenih i dalje su izazov u Crnoj Gori. Iako statistika pokazuje pad nezaposlenosti, sagovornici RTV Podgorica u emisiji Puls upozoravaju da ogroman broj zaposlenih radi bez sigurnih ugovora i socijalne za\u0161tite. Dok iz Unije slobodnih sindikata isti\u010du da su kr\u0161enja radnih prava svakodnevica, iz nadle\u017enih institucija poru\u010duju da se preduzimaju mjere za pobolj\u0161anje uslova rada.\u00a0\" \/>\n<meta property=\"og:url\" content=\"https:\/\/dmcsrb.com\/en\/ekonomija\/video-mihailovic-krsenja-radnih-prava-su-svakodnevica-cipovic-preduzimamo-mjere-za-poboljsanje-uslova-rada\/\" \/>\n<meta property=\"og:site_name\" content=\"dmcsrb.com\" \/>\n<meta property=\"article:published_time\" content=\"2025-10-12T15:14:00+00:00\" \/>\n<meta property=\"og:image\" content=\"https:\/\/dmcsrb.com\/wp-content\/uploads\/2026\/01\/Capture-32-4.webp\" \/>\n\t<meta property=\"og:image:width\" content=\"1827\" \/>\n\t<meta property=\"og:image:height\" content=\"876\" \/>\n\t<meta property=\"og:image:type\" content=\"image\/jpeg\" \/>\n<meta name=\"author\" content=\"dmcsrbija.com@gmail.com\" \/>\n<meta name=\"twitter:card\" content=\"summary_large_image\" \/>\n<meta name=\"twitter:label1\" content=\"Written by\" \/>\n\t<meta name=\"twitter:data1\" content=\"dmcsrbija.com@gmail.com\" \/>\n\t<meta name=\"twitter:label2\" content=\"Estimated reading time\" \/>\n\t<meta name=\"twitter:data2\" content=\"3 minutes\" \/>\n<script type=\"application\/ld+json\" class=\"yoast-schema-graph\">{\"@context\":\"https:\\\/\\\/schema.org\",\"@graph\":[{\"@type\":\"Article\",\"@id\":\"https:\\\/\\\/dmcsrb.com\\\/ekonomija\\\/video-mihailovic-krsenja-radnih-prava-su-svakodnevica-cipovic-preduzimamo-mjere-za-poboljsanje-uslova-rada\\\/#article\",\"isPartOf\":{\"@id\":\"https:\\\/\\\/dmcsrb.com\\\/ekonomija\\\/video-mihailovic-krsenja-radnih-prava-su-svakodnevica-cipovic-preduzimamo-mjere-za-poboljsanje-uslova-rada\\\/\"},\"author\":{\"name\":\"dmcsrbija.com@gmail.com\",\"@id\":\"https:\\\/\\\/dmcsrb.com\\\/#\\\/schema\\\/person\\\/5c39170f12db1b8b457732d0b5c854e2\"},\"headline\":\"(VIDEO) Mihailovi\u0107: Kr\u0161enja radnih prava su svakodnevica ; \u0106ipovi\u0107: Preduzimamo mjere za pobolj\u0161anje uslova rada\",\"datePublished\":\"2025-10-12T15:14:00+00:00\",\"mainEntityOfPage\":{\"@id\":\"https:\\\/\\\/dmcsrb.com\\\/ekonomija\\\/video-mihailovic-krsenja-radnih-prava-su-svakodnevica-cipovic-preduzimamo-mjere-za-poboljsanje-uslova-rada\\\/\"},\"wordCount\":544,\"commentCount\":0,\"image\":{\"@id\":\"https:\\\/\\\/dmcsrb.com\\\/ekonomija\\\/video-mihailovic-krsenja-radnih-prava-su-svakodnevica-cipovic-preduzimamo-mjere-za-poboljsanje-uslova-rada\\\/#primaryimage\"},\"thumbnailUrl\":\"https:\\\/\\\/dmcsrb.com\\\/wp-content\\\/uploads\\\/2026\\\/01\\\/Capture-32-4.webp\",\"keywords\":[\"Direktorat za rad\",\"Ivana Mihailovi\u0107\",\"Marko \u0106ipovi\u0107\",\"USSCG\"],\"articleSection\":[\"Ekonomija\"],\"inLanguage\":\"en-GB\",\"potentialAction\":[{\"@type\":\"CommentAction\",\"name\":\"Comment\",\"target\":[\"https:\\\/\\\/dmcsrb.com\\\/ekonomija\\\/video-mihailovic-krsenja-radnih-prava-su-svakodnevica-cipovic-preduzimamo-mjere-za-poboljsanje-uslova-rada\\\/#respond\"]}]},{\"@type\":\"WebPage\",\"@id\":\"https:\\\/\\\/dmcsrb.com\\\/ekonomija\\\/video-mihailovic-krsenja-radnih-prava-su-svakodnevica-cipovic-preduzimamo-mjere-za-poboljsanje-uslova-rada\\\/\",\"url\":\"https:\\\/\\\/dmcsrb.com\\\/ekonomija\\\/video-mihailovic-krsenja-radnih-prava-su-svakodnevica-cipovic-preduzimamo-mjere-za-poboljsanje-uslova-rada\\\/\",\"name\":\"(VIDEO) Mihailovi\u0107: Kr\u0161enja radnih prava su svakodnevica ; \u0106ipovi\u0107: Preduzimamo mjere za pobolj\u0161anje uslova rada - dmcsrb.com\",\"isPartOf\":{\"@id\":\"https:\\\/\\\/dmcsrb.com\\\/#website\"},\"primaryImageOfPage\":{\"@id\":\"https:\\\/\\\/dmcsrb.com\\\/ekonomija\\\/video-mihailovic-krsenja-radnih-prava-su-svakodnevica-cipovic-preduzimamo-mjere-za-poboljsanje-uslova-rada\\\/#primaryimage\"},\"image\":{\"@id\":\"https:\\\/\\\/dmcsrb.com\\\/ekonomija\\\/video-mihailovic-krsenja-radnih-prava-su-svakodnevica-cipovic-preduzimamo-mjere-za-poboljsanje-uslova-rada\\\/#primaryimage\"},\"thumbnailUrl\":\"https:\\\/\\\/dmcsrb.com\\\/wp-content\\\/uploads\\\/2026\\\/01\\\/Capture-32-4.webp\",\"datePublished\":\"2025-10-12T15:14:00+00:00\",\"author\":{\"@id\":\"https:\\\/\\\/dmcsrb.com\\\/#\\\/schema\\\/person\\\/5c39170f12db1b8b457732d0b5c854e2\"},\"breadcrumb\":{\"@id\":\"https:\\\/\\\/dmcsrb.com\\\/ekonomija\\\/video-mihailovic-krsenja-radnih-prava-su-svakodnevica-cipovic-preduzimamo-mjere-za-poboljsanje-uslova-rada\\\/#breadcrumb\"},\"inLanguage\":\"en-GB\",\"potentialAction\":[{\"@type\":\"ReadAction\",\"target\":[\"https:\\\/\\\/dmcsrb.com\\\/ekonomija\\\/video-mihailovic-krsenja-radnih-prava-su-svakodnevica-cipovic-preduzimamo-mjere-za-poboljsanje-uslova-rada\\\/\"]}]},{\"@type\":\"ImageObject\",\"inLanguage\":\"en-GB\",\"@id\":\"https:\\\/\\\/dmcsrb.com\\\/ekonomija\\\/video-mihailovic-krsenja-radnih-prava-su-svakodnevica-cipovic-preduzimamo-mjere-za-poboljsanje-uslova-rada\\\/#primaryimage\",\"url\":\"https:\\\/\\\/dmcsrb.com\\\/wp-content\\\/uploads\\\/2026\\\/01\\\/Capture-32-4.webp\",\"contentUrl\":\"https:\\\/\\\/dmcsrb.com\\\/wp-content\\\/uploads\\\/2026\\\/01\\\/Capture-32-4.webp\",\"width\":1827,\"height\":876},{\"@type\":\"BreadcrumbList\",\"@id\":\"https:\\\/\\\/dmcsrb.com\\\/ekonomija\\\/video-mihailovic-krsenja-radnih-prava-su-svakodnevica-cipovic-preduzimamo-mjere-za-poboljsanje-uslova-rada\\\/#breadcrumb\",\"itemListElement\":[{\"@type\":\"ListItem\",\"position\":1,\"name\":\"Home\",\"item\":\"https:\\\/\\\/dmcsrb.com\\\/\"},{\"@type\":\"ListItem\",\"position\":2,\"name\":\"(VIDEO) Mihailovi\u0107: Kr\u0161enja radnih prava su svakodnevica ; \u0106ipovi\u0107: Preduzimamo mjere za pobolj\u0161anje uslova rada\"}]},{\"@type\":\"WebSite\",\"@id\":\"https:\\\/\\\/dmcsrb.com\\\/#website\",\"url\":\"https:\\\/\\\/dmcsrb.com\\\/\",\"name\":\"dmcsrb.com\",\"description\":\"\",\"potentialAction\":[{\"@type\":\"SearchAction\",\"target\":{\"@type\":\"EntryPoint\",\"urlTemplate\":\"https:\\\/\\\/dmcsrb.com\\\/?s={search_term_string}\"},\"query-input\":{\"@type\":\"PropertyValueSpecification\",\"valueRequired\":true,\"valueName\":\"search_term_string\"}}],\"inLanguage\":\"en-GB\"},{\"@type\":\"Person\",\"@id\":\"https:\\\/\\\/dmcsrb.com\\\/#\\\/schema\\\/person\\\/5c39170f12db1b8b457732d0b5c854e2\",\"name\":\"dmcsrbija.com@gmail.com\",\"image\":{\"@type\":\"ImageObject\",\"inLanguage\":\"en-GB\",\"@id\":\"https:\\\/\\\/secure.gravatar.com\\\/avatar\\\/68592660ad6347fad0fb587f8d5d8f1a7b44961362f56e4f2cd524feb87e9069?s=96&d=mm&r=g\",\"url\":\"https:\\\/\\\/secure.gravatar.com\\\/avatar\\\/68592660ad6347fad0fb587f8d5d8f1a7b44961362f56e4f2cd524feb87e9069?s=96&d=mm&r=g\",\"contentUrl\":\"https:\\\/\\\/secure.gravatar.com\\\/avatar\\\/68592660ad6347fad0fb587f8d5d8f1a7b44961362f56e4f2cd524feb87e9069?s=96&d=mm&r=g\",\"caption\":\"dmcsrbija.com@gmail.com\"},\"sameAs\":[\"https:\\\/\\\/dmcsrb.com\"],\"url\":\"https:\\\/\\\/dmcsrb.com\\\/en\\\/author\\\/dmcsrbija-comgmail-com\\\/\"}]}<\/script>\n<!-- \/ Yoast SEO plugin. -->","yoast_head_json":{"title":"(VIDEO) Mihailovi\u0107: Kr\u0161enja radnih prava su svakodnevica ; \u0106ipovi\u0107: Preduzimamo mjere za pobolj\u0161anje uslova rada - dmcsrb.com","robots":{"index":"index","follow":"follow","max-snippet":"max-snippet:-1","max-image-preview":"max-image-preview:large","max-video-preview":"max-video-preview:-1"},"canonical":"https:\/\/dmcsrb.com\/en\/ekonomija\/video-mihailovic-krsenja-radnih-prava-su-svakodnevica-cipovic-preduzimamo-mjere-za-poboljsanje-uslova-rada\/","og_locale":"en_GB","og_type":"article","og_title":"(VIDEO) Mihailovi\u0107: Kr\u0161enja radnih prava su svakodnevica ; \u0106ipovi\u0107: Preduzimamo mjere za pobolj\u0161anje uslova rada - dmcsrb.com","og_description":"Dostojanstven rad i po\u0161tovanje prava zaposlenih i dalje su izazov u Crnoj Gori. Iako statistika pokazuje pad nezaposlenosti, sagovornici RTV Podgorica u emisiji Puls upozoravaju da ogroman broj zaposlenih radi bez sigurnih ugovora i socijalne za\u0161tite. Dok iz Unije slobodnih sindikata isti\u010du da su kr\u0161enja radnih prava svakodnevica, iz nadle\u017enih institucija poru\u010duju da se preduzimaju mjere za pobolj\u0161anje uslova rada.\u00a0","og_url":"https:\/\/dmcsrb.com\/en\/ekonomija\/video-mihailovic-krsenja-radnih-prava-su-svakodnevica-cipovic-preduzimamo-mjere-za-poboljsanje-uslova-rada\/","og_site_name":"dmcsrb.com","article_published_time":"2025-10-12T15:14:00+00:00","og_image":[{"width":1827,"height":876,"url":"https:\/\/dmcsrb.com\/wp-content\/uploads\/2026\/01\/Capture-32-4.webp","type":"image\/jpeg"}],"author":"dmcsrbija.com@gmail.com","twitter_card":"summary_large_image","twitter_misc":{"Written by":"dmcsrbija.com@gmail.com","Estimated reading time":"3 minutes"},"schema":{"@context":"https:\/\/schema.org","@graph":[{"@type":"Article","@id":"https:\/\/dmcsrb.com\/ekonomija\/video-mihailovic-krsenja-radnih-prava-su-svakodnevica-cipovic-preduzimamo-mjere-za-poboljsanje-uslova-rada\/#article","isPartOf":{"@id":"https:\/\/dmcsrb.com\/ekonomija\/video-mihailovic-krsenja-radnih-prava-su-svakodnevica-cipovic-preduzimamo-mjere-za-poboljsanje-uslova-rada\/"},"author":{"name":"dmcsrbija.com@gmail.com","@id":"https:\/\/dmcsrb.com\/#\/schema\/person\/5c39170f12db1b8b457732d0b5c854e2"},"headline":"(VIDEO) Mihailovi\u0107: Kr\u0161enja radnih prava su svakodnevica ; \u0106ipovi\u0107: Preduzimamo mjere za pobolj\u0161anje uslova rada","datePublished":"2025-10-12T15:14:00+00:00","mainEntityOfPage":{"@id":"https:\/\/dmcsrb.com\/ekonomija\/video-mihailovic-krsenja-radnih-prava-su-svakodnevica-cipovic-preduzimamo-mjere-za-poboljsanje-uslova-rada\/"},"wordCount":544,"commentCount":0,"image":{"@id":"https:\/\/dmcsrb.com\/ekonomija\/video-mihailovic-krsenja-radnih-prava-su-svakodnevica-cipovic-preduzimamo-mjere-za-poboljsanje-uslova-rada\/#primaryimage"},"thumbnailUrl":"https:\/\/dmcsrb.com\/wp-content\/uploads\/2026\/01\/Capture-32-4.webp","keywords":["Direktorat za rad","Ivana Mihailovi\u0107","Marko \u0106ipovi\u0107","USSCG"],"articleSection":["Ekonomija"],"inLanguage":"en-GB","potentialAction":[{"@type":"CommentAction","name":"Comment","target":["https:\/\/dmcsrb.com\/ekonomija\/video-mihailovic-krsenja-radnih-prava-su-svakodnevica-cipovic-preduzimamo-mjere-za-poboljsanje-uslova-rada\/#respond"]}]},{"@type":"WebPage","@id":"https:\/\/dmcsrb.com\/ekonomija\/video-mihailovic-krsenja-radnih-prava-su-svakodnevica-cipovic-preduzimamo-mjere-za-poboljsanje-uslova-rada\/","url":"https:\/\/dmcsrb.com\/ekonomija\/video-mihailovic-krsenja-radnih-prava-su-svakodnevica-cipovic-preduzimamo-mjere-za-poboljsanje-uslova-rada\/","name":"(VIDEO) Mihailovi\u0107: Kr\u0161enja radnih prava su svakodnevica ; \u0106ipovi\u0107: Preduzimamo mjere za pobolj\u0161anje uslova rada - dmcsrb.com","isPartOf":{"@id":"https:\/\/dmcsrb.com\/#website"},"primaryImageOfPage":{"@id":"https:\/\/dmcsrb.com\/ekonomija\/video-mihailovic-krsenja-radnih-prava-su-svakodnevica-cipovic-preduzimamo-mjere-za-poboljsanje-uslova-rada\/#primaryimage"},"image":{"@id":"https:\/\/dmcsrb.com\/ekonomija\/video-mihailovic-krsenja-radnih-prava-su-svakodnevica-cipovic-preduzimamo-mjere-za-poboljsanje-uslova-rada\/#primaryimage"},"thumbnailUrl":"https:\/\/dmcsrb.com\/wp-content\/uploads\/2026\/01\/Capture-32-4.webp","datePublished":"2025-10-12T15:14:00+00:00","author":{"@id":"https:\/\/dmcsrb.com\/#\/schema\/person\/5c39170f12db1b8b457732d0b5c854e2"},"breadcrumb":{"@id":"https:\/\/dmcsrb.com\/ekonomija\/video-mihailovic-krsenja-radnih-prava-su-svakodnevica-cipovic-preduzimamo-mjere-za-poboljsanje-uslova-rada\/#breadcrumb"},"inLanguage":"en-GB","potentialAction":[{"@type":"ReadAction","target":["https:\/\/dmcsrb.com\/ekonomija\/video-mihailovic-krsenja-radnih-prava-su-svakodnevica-cipovic-preduzimamo-mjere-za-poboljsanje-uslova-rada\/"]}]},{"@type":"ImageObject","inLanguage":"en-GB","@id":"https:\/\/dmcsrb.com\/ekonomija\/video-mihailovic-krsenja-radnih-prava-su-svakodnevica-cipovic-preduzimamo-mjere-za-poboljsanje-uslova-rada\/#primaryimage","url":"https:\/\/dmcsrb.com\/wp-content\/uploads\/2026\/01\/Capture-32-4.webp","contentUrl":"https:\/\/dmcsrb.com\/wp-content\/uploads\/2026\/01\/Capture-32-4.webp","width":1827,"height":876},{"@type":"BreadcrumbList","@id":"https:\/\/dmcsrb.com\/ekonomija\/video-mihailovic-krsenja-radnih-prava-su-svakodnevica-cipovic-preduzimamo-mjere-za-poboljsanje-uslova-rada\/#breadcrumb","itemListElement":[{"@type":"ListItem","position":1,"name":"Home","item":"https:\/\/dmcsrb.com\/"},{"@type":"ListItem","position":2,"name":"(VIDEO) Mihailovi\u0107: Kr\u0161enja radnih prava su svakodnevica ; \u0106ipovi\u0107: Preduzimamo mjere za pobolj\u0161anje uslova rada"}]},{"@type":"WebSite","@id":"https:\/\/dmcsrb.com\/#website","url":"https:\/\/dmcsrb.com\/","name":"dmcsrb.com","description":"","potentialAction":[{"@type":"SearchAction","target":{"@type":"EntryPoint","urlTemplate":"https:\/\/dmcsrb.com\/?s={search_term_string}"},"query-input":{"@type":"PropertyValueSpecification","valueRequired":true,"valueName":"search_term_string"}}],"inLanguage":"en-GB"},{"@type":"Person","@id":"https:\/\/dmcsrb.com\/#\/schema\/person\/5c39170f12db1b8b457732d0b5c854e2","name":"dmcsrbija.com@gmail.com","image":{"@type":"ImageObject","inLanguage":"en-GB","@id":"https:\/\/secure.gravatar.com\/avatar\/68592660ad6347fad0fb587f8d5d8f1a7b44961362f56e4f2cd524feb87e9069?s=96&d=mm&r=g","url":"https:\/\/secure.gravatar.com\/avatar\/68592660ad6347fad0fb587f8d5d8f1a7b44961362f56e4f2cd524feb87e9069?s=96&d=mm&r=g","contentUrl":"https:\/\/secure.gravatar.com\/avatar\/68592660ad6347fad0fb587f8d5d8f1a7b44961362f56e4f2cd524feb87e9069?s=96&d=mm&r=g","caption":"dmcsrbija.com@gmail.com"},"sameAs":["https:\/\/dmcsrb.com"],"url":"https:\/\/dmcsrb.com\/en\/author\/dmcsrbija-comgmail-com\/"}]}},"_links":{"self":[{"href":"https:\/\/dmcsrb.com\/en\/wp-json\/wp\/v2\/posts\/957393","targetHints":{"allow":["GET"]}}],"collection":[{"href":"https:\/\/dmcsrb.com\/en\/wp-json\/wp\/v2\/posts"}],"about":[{"href":"https:\/\/dmcsrb.com\/en\/wp-json\/wp\/v2\/types\/post"}],"author":[{"embeddable":true,"href":"https:\/\/dmcsrb.com\/en\/wp-json\/wp\/v2\/users\/1"}],"replies":[{"embeddable":true,"href":"https:\/\/dmcsrb.com\/en\/wp-json\/wp\/v2\/comments?post=957393"}],"version-history":[{"count":0,"href":"https:\/\/dmcsrb.com\/en\/wp-json\/wp\/v2\/posts\/957393\/revisions"}],"wp:featuredmedia":[{"embeddable":true,"href":"https:\/\/dmcsrb.com\/en\/wp-json\/wp\/v2\/media\/957394"}],"wp:attachment":[{"href":"https:\/\/dmcsrb.com\/en\/wp-json\/wp\/v2\/media?parent=957393"}],"wp:term":[{"taxonomy":"category","embeddable":true,"href":"https:\/\/dmcsrb.com\/en\/wp-json\/wp\/v2\/categories?post=957393"},{"taxonomy":"post_tag","embeddable":true,"href":"https:\/\/dmcsrb.com\/en\/wp-json\/wp\/v2\/tags?post=957393"},{"taxonomy":"naslovna","embeddable":true,"href":"https:\/\/dmcsrb.com\/en\/wp-json\/wp\/v2\/naslovna?post=957393"}],"curies":[{"name":"wp","href":"https:\/\/api.w.org\/{rel}","templated":true}]}}