{"id":957385,"date":"2025-10-12T14:39:00","date_gmt":"2025-10-12T12:39:00","guid":{"rendered":"https:\/\/dmcsrb.com\/uncategorized\/bakic-ovo-su-najtezi-dani-u-mojoj-karijeri-crnogorski-fudbal-je-u-teskoj-situaciji\/"},"modified":"2025-10-12T14:39:00","modified_gmt":"2025-10-12T12:39:00","slug":"bakic-ovo-su-najtezi-dani-u-mojoj-karijeri-crnogorski-fudbal-je-u-teskoj-situaciji","status":"publish","type":"post","link":"https:\/\/dmcsrb.com\/en\/sport\/bakic-ovo-su-najtezi-dani-u-mojoj-karijeri-crnogorski-fudbal-je-u-teskoj-situaciji\/","title":{"rendered":"Baki\u0107: Ovo su najte\u017ei dani u mojoj karijeri, crnogorski fudbal je u te\u0161koj situaciji"},"content":{"rendered":"<p>Pred sjutra\u0161nji (18h) prijateljski duel sa Lihten\u0161tajnom u Podgorici vezista Persepolisa istakao je da prolazi najte\u017ee dane u karijeri. <\/p>\n\n\n\n<p>&#8220;Ovo su najte\u017ei dani u mojoj karijeri. Te\u0161ko mi je pao poraz od Farskih Ostrva, jer sam jedan od najiskusnijih igra\u010da u reprezentaciji, a nisam pru\u017eio ono \u0161to je trebalo. Prihvatam apsolutnu odgovornost za sve \u0161to se desilo. Nisam bio na nivou&#8221;, kazao je Baki\u0107 na konferenciji. <\/p>\n\n\n\n<p>Crna Gora je trenutno daleko od svjetskog vrha, pa \u010dak i neke sredine. <\/p>\n\n\n\n<p>&#8220;Te\u0161ko je to prihvatiti, a mora se shvatiti. Selektor je iskoristio pravu rije\u010d za ono \u0161to nam je potrebno \u2013 skromnost, dodao bih i da budemo ponizni, da tako tra\u017eimo izlaz. Ljudski je nadati se, ali vrijeme je pokazalo da nijesmo imali opravdanje za velike rije\u010di, ambicije i \u017eelje. Ajde sad da promijenimo retoriku,da krenemo od ni\u017ee ta\u010dke i probamo da dohvatimo ve\u0107e visine&#8221;, istakao je Baki\u0107 i dodao: <\/p>\n\n\n\n<p>Kako iza\u0107i iz krize i krenuti naprijed?<\/p>\n\n\n\n<p>&#8220;Jedan jedini je na\u010din &#8211; predan i veliki rad. Sada je najpotrebnija podr\u0161ka svih onih koji od srca vole reprezentaciju. Crnogorski fudbal je u izuzetno te\u0161koj situaciji, nadam se da svi to shvataju i da \u0107e ljudi shvatiti i moju iskrenost jer govorim iz srca, pro\u0161ao sam manje-vi\u0161e sve s ovom reprezentacijom i o\u010dekujem da rad iza\u0111e na vidjelo&#8221;, ka\u017ee Baki\u0107. <\/p>\n\n\n\n<p>Tridesetjednogodi\u0161nji Budvanin je stao u odbranu mladih saigra\u010da iz reprezentacije. <\/p>\n\n\n\n<p>&#8220;Oni su budu\u0107nost i ne treba da nose teret ovakvih poraza. Na nama starijima je da istupimo i primimo sve udarce i posljedice onakvog poraza. Iz ovakvih poraza mogu se roditi samo nove pobjede. Ova reprezentacija sigurno ima kvalitet i veliku budu\u0107nost. Nadam se da \u0107e od sjutra\u0161nje utakmice sve krenuti na bolje i da smo porazom u Tor\u0161avnu zavr\u0161ili negativni niz&#8221;, zaklju\u010dio je Baki\u0107.<\/p>","protected":false},"excerpt":{"rendered":"<p>Crnogorski fudbalski reprezentativac Marko Baki\u0107 bio je samokriti\u010dan nakon bolnog poraza na Farskim Ostrvima.<\/p>","protected":false},"author":1,"featured_media":957386,"comment_status":"open","ping_status":"open","sticky":false,"template":"","format":"standard","meta":{"_acf_changed":false,"footnotes":""},"categories":[148],"tags":[7505,4051,11109],"naslovna":[],"class_list":["post-957385","post","type-post","status-publish","format-standard","has-post-thumbnail","hentry","category-sport","tag-marko-bakic","tag-muska-fudbalska-reprezentacija-crne-gore","tag-muska-fudbalska-reprezentacija-lihtenstajna"],"acf":[],"yoast_head":"<!-- This site is optimized with the Yoast SEO plugin v27.4 - https:\/\/yoast.com\/product\/yoast-seo-wordpress\/ -->\n<title>Baki\u0107: Ovo su najte\u017ei dani u mojoj karijeri, crnogorski fudbal je u te\u0161koj situaciji - dmcsrb.com<\/title>\n<meta name=\"robots\" content=\"index, follow, max-snippet:-1, max-image-preview:large, max-video-preview:-1\" \/>\n<link rel=\"canonical\" href=\"https:\/\/dmcsrb.com\/en\/sport\/bakic-ovo-su-najtezi-dani-u-mojoj-karijeri-crnogorski-fudbal-je-u-teskoj-situaciji\/\" \/>\n<meta property=\"og:locale\" content=\"en_GB\" \/>\n<meta property=\"og:type\" content=\"article\" \/>\n<meta property=\"og:title\" content=\"Baki\u0107: Ovo su najte\u017ei dani u mojoj karijeri, crnogorski fudbal je u te\u0161koj situaciji - dmcsrb.com\" \/>\n<meta property=\"og:description\" content=\"Crnogorski fudbalski reprezentativac Marko Baki\u0107 bio je samokriti\u010dan nakon bolnog poraza na Farskim Ostrvima.\" \/>\n<meta property=\"og:url\" content=\"https:\/\/dmcsrb.com\/en\/sport\/bakic-ovo-su-najtezi-dani-u-mojoj-karijeri-crnogorski-fudbal-je-u-teskoj-situaciji\/\" \/>\n<meta property=\"og:site_name\" content=\"dmcsrb.com\" \/>\n<meta property=\"article:published_time\" content=\"2025-10-12T12:39:00+00:00\" \/>\n<meta property=\"og:image\" content=\"https:\/\/dmcsrb.com\/wp-content\/uploads\/2026\/01\/Marko-Bakic-FSCG.webp\" \/>\n\t<meta property=\"og:image:width\" content=\"1920\" \/>\n\t<meta property=\"og:image:height\" content=\"1315\" \/>\n\t<meta property=\"og:image:type\" content=\"image\/jpeg\" \/>\n<meta name=\"author\" content=\"dmcsrbija.com@gmail.com\" \/>\n<meta name=\"twitter:card\" content=\"summary_large_image\" \/>\n<meta name=\"twitter:label1\" content=\"Written by\" \/>\n\t<meta name=\"twitter:data1\" content=\"dmcsrbija.com@gmail.com\" \/>\n\t<meta name=\"twitter:label2\" content=\"Estimated reading time\" \/>\n\t<meta name=\"twitter:data2\" content=\"2 minutes\" \/>\n<script type=\"application\/ld+json\" class=\"yoast-schema-graph\">{\"@context\":\"https:\\\/\\\/schema.org\",\"@graph\":[{\"@type\":\"Article\",\"@id\":\"https:\\\/\\\/dmcsrb.com\\\/en\\\/sport\\\/bakic-ovo-su-najtezi-dani-u-mojoj-karijeri-crnogorski-fudbal-je-u-teskoj-situaciji\\\/#article\",\"isPartOf\":{\"@id\":\"https:\\\/\\\/dmcsrb.com\\\/en\\\/sport\\\/bakic-ovo-su-najtezi-dani-u-mojoj-karijeri-crnogorski-fudbal-je-u-teskoj-situaciji\\\/\"},\"author\":{\"name\":\"dmcsrbija.com@gmail.com\",\"@id\":\"https:\\\/\\\/dmcsrb.com\\\/#\\\/schema\\\/person\\\/5c39170f12db1b8b457732d0b5c854e2\"},\"headline\":\"Baki\u0107: Ovo su najte\u017ei dani u mojoj karijeri, crnogorski fudbal je u te\u0161koj situaciji\",\"datePublished\":\"2025-10-12T12:39:00+00:00\",\"mainEntityOfPage\":{\"@id\":\"https:\\\/\\\/dmcsrb.com\\\/en\\\/sport\\\/bakic-ovo-su-najtezi-dani-u-mojoj-karijeri-crnogorski-fudbal-je-u-teskoj-situaciji\\\/\"},\"wordCount\":337,\"commentCount\":0,\"image\":{\"@id\":\"https:\\\/\\\/dmcsrb.com\\\/en\\\/sport\\\/bakic-ovo-su-najtezi-dani-u-mojoj-karijeri-crnogorski-fudbal-je-u-teskoj-situaciji\\\/#primaryimage\"},\"thumbnailUrl\":\"https:\\\/\\\/dmcsrb.com\\\/wp-content\\\/uploads\\\/2026\\\/01\\\/Marko-Bakic-FSCG.webp\",\"keywords\":[\"Marko Baki\u0107\",\"Mu\u0161ka fudbalska reprezentacija Crne Gore\",\"Mu\u0161ka fudbalska reprezentacija Lihten\u0161tajna\"],\"articleSection\":[\"Sport\"],\"inLanguage\":\"en-GB\",\"potentialAction\":[{\"@type\":\"CommentAction\",\"name\":\"Comment\",\"target\":[\"https:\\\/\\\/dmcsrb.com\\\/en\\\/sport\\\/bakic-ovo-su-najtezi-dani-u-mojoj-karijeri-crnogorski-fudbal-je-u-teskoj-situaciji\\\/#respond\"]}]},{\"@type\":\"WebPage\",\"@id\":\"https:\\\/\\\/dmcsrb.com\\\/en\\\/sport\\\/bakic-ovo-su-najtezi-dani-u-mojoj-karijeri-crnogorski-fudbal-je-u-teskoj-situaciji\\\/\",\"url\":\"https:\\\/\\\/dmcsrb.com\\\/en\\\/sport\\\/bakic-ovo-su-najtezi-dani-u-mojoj-karijeri-crnogorski-fudbal-je-u-teskoj-situaciji\\\/\",\"name\":\"Baki\u0107: Ovo su najte\u017ei dani u mojoj karijeri, crnogorski fudbal je u te\u0161koj situaciji - dmcsrb.com\",\"isPartOf\":{\"@id\":\"https:\\\/\\\/dmcsrb.com\\\/#website\"},\"primaryImageOfPage\":{\"@id\":\"https:\\\/\\\/dmcsrb.com\\\/en\\\/sport\\\/bakic-ovo-su-najtezi-dani-u-mojoj-karijeri-crnogorski-fudbal-je-u-teskoj-situaciji\\\/#primaryimage\"},\"image\":{\"@id\":\"https:\\\/\\\/dmcsrb.com\\\/en\\\/sport\\\/bakic-ovo-su-najtezi-dani-u-mojoj-karijeri-crnogorski-fudbal-je-u-teskoj-situaciji\\\/#primaryimage\"},\"thumbnailUrl\":\"https:\\\/\\\/dmcsrb.com\\\/wp-content\\\/uploads\\\/2026\\\/01\\\/Marko-Bakic-FSCG.webp\",\"datePublished\":\"2025-10-12T12:39:00+00:00\",\"author\":{\"@id\":\"https:\\\/\\\/dmcsrb.com\\\/#\\\/schema\\\/person\\\/5c39170f12db1b8b457732d0b5c854e2\"},\"breadcrumb\":{\"@id\":\"https:\\\/\\\/dmcsrb.com\\\/en\\\/sport\\\/bakic-ovo-su-najtezi-dani-u-mojoj-karijeri-crnogorski-fudbal-je-u-teskoj-situaciji\\\/#breadcrumb\"},\"inLanguage\":\"en-GB\",\"potentialAction\":[{\"@type\":\"ReadAction\",\"target\":[\"https:\\\/\\\/dmcsrb.com\\\/en\\\/sport\\\/bakic-ovo-su-najtezi-dani-u-mojoj-karijeri-crnogorski-fudbal-je-u-teskoj-situaciji\\\/\"]}]},{\"@type\":\"ImageObject\",\"inLanguage\":\"en-GB\",\"@id\":\"https:\\\/\\\/dmcsrb.com\\\/en\\\/sport\\\/bakic-ovo-su-najtezi-dani-u-mojoj-karijeri-crnogorski-fudbal-je-u-teskoj-situaciji\\\/#primaryimage\",\"url\":\"https:\\\/\\\/dmcsrb.com\\\/wp-content\\\/uploads\\\/2026\\\/01\\\/Marko-Bakic-FSCG.webp\",\"contentUrl\":\"https:\\\/\\\/dmcsrb.com\\\/wp-content\\\/uploads\\\/2026\\\/01\\\/Marko-Bakic-FSCG.webp\",\"width\":1920,\"height\":1315},{\"@type\":\"BreadcrumbList\",\"@id\":\"https:\\\/\\\/dmcsrb.com\\\/en\\\/sport\\\/bakic-ovo-su-najtezi-dani-u-mojoj-karijeri-crnogorski-fudbal-je-u-teskoj-situaciji\\\/#breadcrumb\",\"itemListElement\":[{\"@type\":\"ListItem\",\"position\":1,\"name\":\"Home\",\"item\":\"https:\\\/\\\/dmcsrb.com\\\/\"},{\"@type\":\"ListItem\",\"position\":2,\"name\":\"Baki\u0107: Ovo su najte\u017ei dani u mojoj karijeri, crnogorski fudbal je u te\u0161koj situaciji\"}]},{\"@type\":\"WebSite\",\"@id\":\"https:\\\/\\\/dmcsrb.com\\\/#website\",\"url\":\"https:\\\/\\\/dmcsrb.com\\\/\",\"name\":\"dmcsrb.com\",\"description\":\"\",\"potentialAction\":[{\"@type\":\"SearchAction\",\"target\":{\"@type\":\"EntryPoint\",\"urlTemplate\":\"https:\\\/\\\/dmcsrb.com\\\/?s={search_term_string}\"},\"query-input\":{\"@type\":\"PropertyValueSpecification\",\"valueRequired\":true,\"valueName\":\"search_term_string\"}}],\"inLanguage\":\"en-GB\"},{\"@type\":\"Person\",\"@id\":\"https:\\\/\\\/dmcsrb.com\\\/#\\\/schema\\\/person\\\/5c39170f12db1b8b457732d0b5c854e2\",\"name\":\"dmcsrbija.com@gmail.com\",\"image\":{\"@type\":\"ImageObject\",\"inLanguage\":\"en-GB\",\"@id\":\"https:\\\/\\\/secure.gravatar.com\\\/avatar\\\/68592660ad6347fad0fb587f8d5d8f1a7b44961362f56e4f2cd524feb87e9069?s=96&d=mm&r=g\",\"url\":\"https:\\\/\\\/secure.gravatar.com\\\/avatar\\\/68592660ad6347fad0fb587f8d5d8f1a7b44961362f56e4f2cd524feb87e9069?s=96&d=mm&r=g\",\"contentUrl\":\"https:\\\/\\\/secure.gravatar.com\\\/avatar\\\/68592660ad6347fad0fb587f8d5d8f1a7b44961362f56e4f2cd524feb87e9069?s=96&d=mm&r=g\",\"caption\":\"dmcsrbija.com@gmail.com\"},\"sameAs\":[\"https:\\\/\\\/dmcsrb.com\"],\"url\":\"https:\\\/\\\/dmcsrb.com\\\/en\\\/author\\\/dmcsrbija-comgmail-com\\\/\"}]}<\/script>\n<!-- \/ Yoast SEO plugin. -->","yoast_head_json":{"title":"Baki\u0107: Ovo su najte\u017ei dani u mojoj karijeri, crnogorski fudbal je u te\u0161koj situaciji - dmcsrb.com","robots":{"index":"index","follow":"follow","max-snippet":"max-snippet:-1","max-image-preview":"max-image-preview:large","max-video-preview":"max-video-preview:-1"},"canonical":"https:\/\/dmcsrb.com\/en\/sport\/bakic-ovo-su-najtezi-dani-u-mojoj-karijeri-crnogorski-fudbal-je-u-teskoj-situaciji\/","og_locale":"en_GB","og_type":"article","og_title":"Baki\u0107: Ovo su najte\u017ei dani u mojoj karijeri, crnogorski fudbal je u te\u0161koj situaciji - dmcsrb.com","og_description":"Crnogorski fudbalski reprezentativac Marko Baki\u0107 bio je samokriti\u010dan nakon bolnog poraza na Farskim Ostrvima.","og_url":"https:\/\/dmcsrb.com\/en\/sport\/bakic-ovo-su-najtezi-dani-u-mojoj-karijeri-crnogorski-fudbal-je-u-teskoj-situaciji\/","og_site_name":"dmcsrb.com","article_published_time":"2025-10-12T12:39:00+00:00","og_image":[{"width":1920,"height":1315,"url":"https:\/\/dmcsrb.com\/wp-content\/uploads\/2026\/01\/Marko-Bakic-FSCG.webp","type":"image\/jpeg"}],"author":"dmcsrbija.com@gmail.com","twitter_card":"summary_large_image","twitter_misc":{"Written by":"dmcsrbija.com@gmail.com","Estimated reading time":"2 minutes"},"schema":{"@context":"https:\/\/schema.org","@graph":[{"@type":"Article","@id":"https:\/\/dmcsrb.com\/en\/sport\/bakic-ovo-su-najtezi-dani-u-mojoj-karijeri-crnogorski-fudbal-je-u-teskoj-situaciji\/#article","isPartOf":{"@id":"https:\/\/dmcsrb.com\/en\/sport\/bakic-ovo-su-najtezi-dani-u-mojoj-karijeri-crnogorski-fudbal-je-u-teskoj-situaciji\/"},"author":{"name":"dmcsrbija.com@gmail.com","@id":"https:\/\/dmcsrb.com\/#\/schema\/person\/5c39170f12db1b8b457732d0b5c854e2"},"headline":"Baki\u0107: Ovo su najte\u017ei dani u mojoj karijeri, crnogorski fudbal je u te\u0161koj situaciji","datePublished":"2025-10-12T12:39:00+00:00","mainEntityOfPage":{"@id":"https:\/\/dmcsrb.com\/en\/sport\/bakic-ovo-su-najtezi-dani-u-mojoj-karijeri-crnogorski-fudbal-je-u-teskoj-situaciji\/"},"wordCount":337,"commentCount":0,"image":{"@id":"https:\/\/dmcsrb.com\/en\/sport\/bakic-ovo-su-najtezi-dani-u-mojoj-karijeri-crnogorski-fudbal-je-u-teskoj-situaciji\/#primaryimage"},"thumbnailUrl":"https:\/\/dmcsrb.com\/wp-content\/uploads\/2026\/01\/Marko-Bakic-FSCG.webp","keywords":["Marko Baki\u0107","Mu\u0161ka fudbalska reprezentacija Crne Gore","Mu\u0161ka fudbalska reprezentacija Lihten\u0161tajna"],"articleSection":["Sport"],"inLanguage":"en-GB","potentialAction":[{"@type":"CommentAction","name":"Comment","target":["https:\/\/dmcsrb.com\/en\/sport\/bakic-ovo-su-najtezi-dani-u-mojoj-karijeri-crnogorski-fudbal-je-u-teskoj-situaciji\/#respond"]}]},{"@type":"WebPage","@id":"https:\/\/dmcsrb.com\/en\/sport\/bakic-ovo-su-najtezi-dani-u-mojoj-karijeri-crnogorski-fudbal-je-u-teskoj-situaciji\/","url":"https:\/\/dmcsrb.com\/en\/sport\/bakic-ovo-su-najtezi-dani-u-mojoj-karijeri-crnogorski-fudbal-je-u-teskoj-situaciji\/","name":"Baki\u0107: Ovo su najte\u017ei dani u mojoj karijeri, crnogorski fudbal je u te\u0161koj situaciji - dmcsrb.com","isPartOf":{"@id":"https:\/\/dmcsrb.com\/#website"},"primaryImageOfPage":{"@id":"https:\/\/dmcsrb.com\/en\/sport\/bakic-ovo-su-najtezi-dani-u-mojoj-karijeri-crnogorski-fudbal-je-u-teskoj-situaciji\/#primaryimage"},"image":{"@id":"https:\/\/dmcsrb.com\/en\/sport\/bakic-ovo-su-najtezi-dani-u-mojoj-karijeri-crnogorski-fudbal-je-u-teskoj-situaciji\/#primaryimage"},"thumbnailUrl":"https:\/\/dmcsrb.com\/wp-content\/uploads\/2026\/01\/Marko-Bakic-FSCG.webp","datePublished":"2025-10-12T12:39:00+00:00","author":{"@id":"https:\/\/dmcsrb.com\/#\/schema\/person\/5c39170f12db1b8b457732d0b5c854e2"},"breadcrumb":{"@id":"https:\/\/dmcsrb.com\/en\/sport\/bakic-ovo-su-najtezi-dani-u-mojoj-karijeri-crnogorski-fudbal-je-u-teskoj-situaciji\/#breadcrumb"},"inLanguage":"en-GB","potentialAction":[{"@type":"ReadAction","target":["https:\/\/dmcsrb.com\/en\/sport\/bakic-ovo-su-najtezi-dani-u-mojoj-karijeri-crnogorski-fudbal-je-u-teskoj-situaciji\/"]}]},{"@type":"ImageObject","inLanguage":"en-GB","@id":"https:\/\/dmcsrb.com\/en\/sport\/bakic-ovo-su-najtezi-dani-u-mojoj-karijeri-crnogorski-fudbal-je-u-teskoj-situaciji\/#primaryimage","url":"https:\/\/dmcsrb.com\/wp-content\/uploads\/2026\/01\/Marko-Bakic-FSCG.webp","contentUrl":"https:\/\/dmcsrb.com\/wp-content\/uploads\/2026\/01\/Marko-Bakic-FSCG.webp","width":1920,"height":1315},{"@type":"BreadcrumbList","@id":"https:\/\/dmcsrb.com\/en\/sport\/bakic-ovo-su-najtezi-dani-u-mojoj-karijeri-crnogorski-fudbal-je-u-teskoj-situaciji\/#breadcrumb","itemListElement":[{"@type":"ListItem","position":1,"name":"Home","item":"https:\/\/dmcsrb.com\/"},{"@type":"ListItem","position":2,"name":"Baki\u0107: Ovo su najte\u017ei dani u mojoj karijeri, crnogorski fudbal je u te\u0161koj situaciji"}]},{"@type":"WebSite","@id":"https:\/\/dmcsrb.com\/#website","url":"https:\/\/dmcsrb.com\/","name":"dmcsrb.com","description":"","potentialAction":[{"@type":"SearchAction","target":{"@type":"EntryPoint","urlTemplate":"https:\/\/dmcsrb.com\/?s={search_term_string}"},"query-input":{"@type":"PropertyValueSpecification","valueRequired":true,"valueName":"search_term_string"}}],"inLanguage":"en-GB"},{"@type":"Person","@id":"https:\/\/dmcsrb.com\/#\/schema\/person\/5c39170f12db1b8b457732d0b5c854e2","name":"dmcsrbija.com@gmail.com","image":{"@type":"ImageObject","inLanguage":"en-GB","@id":"https:\/\/secure.gravatar.com\/avatar\/68592660ad6347fad0fb587f8d5d8f1a7b44961362f56e4f2cd524feb87e9069?s=96&d=mm&r=g","url":"https:\/\/secure.gravatar.com\/avatar\/68592660ad6347fad0fb587f8d5d8f1a7b44961362f56e4f2cd524feb87e9069?s=96&d=mm&r=g","contentUrl":"https:\/\/secure.gravatar.com\/avatar\/68592660ad6347fad0fb587f8d5d8f1a7b44961362f56e4f2cd524feb87e9069?s=96&d=mm&r=g","caption":"dmcsrbija.com@gmail.com"},"sameAs":["https:\/\/dmcsrb.com"],"url":"https:\/\/dmcsrb.com\/en\/author\/dmcsrbija-comgmail-com\/"}]}},"_links":{"self":[{"href":"https:\/\/dmcsrb.com\/en\/wp-json\/wp\/v2\/posts\/957385","targetHints":{"allow":["GET"]}}],"collection":[{"href":"https:\/\/dmcsrb.com\/en\/wp-json\/wp\/v2\/posts"}],"about":[{"href":"https:\/\/dmcsrb.com\/en\/wp-json\/wp\/v2\/types\/post"}],"author":[{"embeddable":true,"href":"https:\/\/dmcsrb.com\/en\/wp-json\/wp\/v2\/users\/1"}],"replies":[{"embeddable":true,"href":"https:\/\/dmcsrb.com\/en\/wp-json\/wp\/v2\/comments?post=957385"}],"version-history":[{"count":0,"href":"https:\/\/dmcsrb.com\/en\/wp-json\/wp\/v2\/posts\/957385\/revisions"}],"wp:featuredmedia":[{"embeddable":true,"href":"https:\/\/dmcsrb.com\/en\/wp-json\/wp\/v2\/media\/957386"}],"wp:attachment":[{"href":"https:\/\/dmcsrb.com\/en\/wp-json\/wp\/v2\/media?parent=957385"}],"wp:term":[{"taxonomy":"category","embeddable":true,"href":"https:\/\/dmcsrb.com\/en\/wp-json\/wp\/v2\/categories?post=957385"},{"taxonomy":"post_tag","embeddable":true,"href":"https:\/\/dmcsrb.com\/en\/wp-json\/wp\/v2\/tags?post=957385"},{"taxonomy":"naslovna","embeddable":true,"href":"https:\/\/dmcsrb.com\/en\/wp-json\/wp\/v2\/naslovna?post=957385"}],"curies":[{"name":"wp","href":"https:\/\/api.w.org\/{rel}","templated":true}]}}