{"id":957331,"date":"2025-10-12T11:00:00","date_gmt":"2025-10-12T09:00:00","guid":{"rendered":"https:\/\/dmcsrb.com\/uncategorized\/drakic-pkcg-nastavlja-da-doprinosi-stvaranju-stabilnog-poslovnog-ambijenta\/"},"modified":"2025-10-12T11:00:00","modified_gmt":"2025-10-12T09:00:00","slug":"drakic-pkcg-nastavlja-da-doprinosi-stvaranju-stabilnog-poslovnog-ambijenta","status":"publish","type":"post","link":"https:\/\/dmcsrb.com\/en\/ekonomija\/drakic-pkcg-nastavlja-da-doprinosi-stvaranju-stabilnog-poslovnog-ambijenta\/","title":{"rendered":"Draki\u0107: PKCG nastavlja da doprinosi stvaranju stabilnog poslovnog ambijenta"},"content":{"rendered":"<p><\/p>\n\n\n\n<p>Ona je u intervjuu Glasniku PKCG nakon reizbora na funkciju predsjednice kazala da je privredna komora svake zemlje, pa tako i Crne Gore, sna\u017ena onoliko koliko su njene \u010dlanice uklju\u010dene u njen rad.<\/p>\n\n\n\n<p>\u201cStoga \u0107e u narednom periodu moj cilj biti da u\u010dinim privredu jo\u0161 aktivnijim partnerom u kreiranju poslovnog ambijenta kroz aktivnosti koje \u0107e obezbijediti da poslovna zajednica prepozna va\u017enost jedinstva i povezanosti unutar Komore, a sve u cilju ja\u010danja konkurentnosti i priprema za evropsko tr\u017ei\u0161te\u201c, rekla je Draki\u0107.<\/p>\n\n\n\n<p>Zahvalila je crnogorskim privrednicima koji su ocijenili da su rezultati koje su zajedno postigli tokom prvog mandata vrijedni povjerenja.<\/p>\n\n\n\n<p>\u201cUkazano povjerenje predstavlja dodatnu obavezu, ali i motivaciju da nastavimo s posve\u0107enim radom. U Crnoj Gori postoje institucije \u010dije trajanje nije vezano za jedan mandat, projekat ili trenutak \u2013 one su stubovi dru\u0161tva. Smatram da PKCG pripada toj kategoriji, i izuzetna mi je \u010dast \u0161to sam dobila priliku da i u naredne \u010detiri godine budem na njenom \u010delu\u201c, navela je Draki\u0107.<\/p>\n\n\n\n<p>Ona je poru\u010dila da \u0107e nastaviti da sprovode aktivnosti koje doprinose stvaranju stabilnog, predvidljivog i stimulativnog poslovnog okru\u017eenja, uz sna\u017eno zastupanje interesa \u010dlanica pred nadle\u017enim institucijama. Poseban fokus bi\u0107e na unapre\u0111enju privrednog sistema kroz oblikovanje mjera ekonomske politike.<\/p>\n\n\n\n<p>\u201cU tom procesu, klju\u010dnu ulogu ima\u0107e intenzivno u\u010de\u0161\u0107e privrednika u radu Komore \u2013 jer upravo oni, kao direktni akteri na tr\u017ei\u0161tu, najbolje znaju sa kakvim se izazovima suo\u010davaju, te koji su potencijali za rast i razvoj. Njihovo anga\u017eovanje u granskim odborima i drugim tijelima, te Upravnom odboru i Skup\u0161tini Komore bi\u0107e od presudnog zna\u010daja za kreiranje inicijativa koje donose konkretne rezultate\u201c, saop\u0161tila je Draki\u0107.<\/p>\n\n\n\n<p>U naredne \u010detiri godine, kako je najavila, Komora \u0107e se fokusirati na tri klju\u010dna cilja: zastupanje interesa privrede pred donosiocima odluka, ja\u010danje konkurentnosti i promociju privrede i modernizaciju usluga i uskla\u0111ivanje sa savremenim zahtjevima.<\/p>\n\n\n\n<p>\u201cTo \u0107emo ostvariti predlaganjem mjera koje doprinose unapre\u0111enju poslovnog ambijenta, edukativnim, promotivnim i aktivnostima usmjerenim na internacionalizaciju, kroz me\u0111ukomorsku saradnju, realizacijom projekata i javnih ovla\u0161\u0107enja, radom sudova pri komori, informisanjem, te modernizacijom poslovanja Komore\u201c, navela je Draki\u0107.<\/p>\n\n\n\n<p>Prema njenim rije\u010dima, drugi mandat je prilika da zavr\u0161e ve\u0107 zapo\u010dete dugoro\u010dne projekte, ali i da krenu sa realizacijom novih inicijativa koje \u0107e uticati na budu\u0107nost crnogorske privrede.<\/p>\n\n\n\n<p>\u201cTako\u0111e, 2028. godine obilje\u017ei\u0107emo 100 godina postojanja i rada PKCG. Zbog toga je ja\u010danje uticaja i uloge Komore, u periodu pred nama, uz dalju nadogradnju njenog istorijskog ugleda, modernizaciju i prilago\u0111avanje aktuelnim trendovima \u2013 najbolja priprema za obilje\u017eavanje ovog velikog i zna\u010dajnog jubileja\u201c, ocijenila je Draki\u0107.<\/p>\n\n\n\n<p>Na pitanje koje su najzna\u010dajnije aktivnosti i rezultati koje je postigla tokom prethodnog mandata na \u010delu Komore, Draki\u0107 je odgovorila da je rezultate postignute u prethodnom mandatu poslovna zajednica ocijenila va\u017enim i vrijednim, iskazuju\u0107i to i podr\u0161kom koju joj je dala za naredni period.<\/p>\n\n\n\n<p>\u201cGranska udru\u017eenja i grupacije Komore odr\u017eali su preko 200 sjednica na kojima su analizirana privredna kretanja i razmatrani propisi od zna\u010daja za poslovanje. U fokusu su bili propisi o privrednim dru\u0161tvima, radu, porezu na dobit, porez na dodatu vrijednost (PDV), akcizama, unutra\u0161njoj trgovini, solidarnom doprinosu, turizmu i ugostiteljstvu, vodnim uslugama, planiranju prostora, izgradnji objekata, legalizaciji bespravnih objekata, komunalnim djelatnostima, \u0161umama, igrama na sre\u0107u\u201c, navela je Draki\u0107.<\/p>\n\n\n\n<p>Zna\u010dajno je, kako smatra, ista\u0107i da je donosiocima odluka upu\u0107eno vi\u0161e od 60 inicijativa u cilju eliminisanja barijera poslovanju i unapre\u0111enja zakonodavnog okvira. Sve ovo zna\u010di da su kontinuirano pra\u0107ena privredna kretanja, sprovo\u0111ena istra\u017eivanja o poslovnom ambijentu i pripremane brojne analize.<\/p>\n\n\n\n<p>\u201cSmatraju\u0107i edukaciju i uskla\u0111ivanje obrazovne politike s potrebama privrede izuzetno va\u017enim, organizovali smo preko 300 edukativnih aktivnosti koje je poha\u0111alo oko 12 hiljada u\u010desnika, finansirali obuke za deficitarna zanimanja i dodijelili 131 naknadu u\u010denicima uklju\u010denim u dualno obrazovanje. Centar za edukaciju u drumskom saobra\u0107aju realizovao je 47 ispita za sticanje stru\u010dne osposobljenosti menad\u017eera i voza\u010da, na kojima je 1,3 hiljade menad\u017eera i voza\u010da steklo sertifikat o stru\u010dnoj osposobljenosti\u201c, kazala je Draki\u0107.<\/p>\n\n\n\n<p>Komora je, kako je navela, uspje\u0161no realizovala 32 projekta koji su finansirani od EU i drugih me\u0111unarodnih donatora, a trenutno implementiraju njih 25. Kroz projektne aktivnosti privrednici su imali priliku da unaprijede znanja o zelenoj i plavoj ekonomiji, razvoju preduzetni\u0161tva, digitalizaciji i drugima aktuelnim temama, te dobijali mogu\u0107nosti da se pove\u017eu sa inokompanijama.<\/p>\n\n\n\n<p>\u201cU okviru me\u0111unarodnih aktivnosti, realizovana su 33 poslovna foruma u zemlji i inostranstvu, organizovno je u\u010de\u0161\u0107e privrede na 26 sajmova, gdje su predstavnici gotovo 500 kompanija imali priliku da prezentuju svoje proizvode i usluge. Pored ostalih, rije\u010d je o sajmovima u Beogradu, Tirani\u201a Pri\u0161tini, Parizu, Barseloni, Dubaiju, Dizeldorfu, Hanoveru, Kelnu, Milanu, Lisabonu i Istanbulu. Posebno bih istakla uspje\u0161an nastup ICT sektora na zajedni\u010dkom \u0161tandu na sajmu GITEX u Berlinu, budu\u0107i da je to bio prvi nastup na\u0161ih privrednika na sajmovima u zemljama EU\u201c, podsjetila je Draki\u0107.<\/p>\n\n\n\n<p>Sve to, kako je ocijenila, potvr\u0111uje da su promociji privrede posvetili posebnu pa\u017enju, a ostvareni rezultati predstavljaju dobru osnovu za dalju institucionalnu i marketin\u0161ku podr\u0161ku doma\u0107em tr\u017ei\u0161tu i potro\u0161nji. Pokrenuli su promotivnu kampanju pod nazivom \u00bbSnaga je u svima nama\u00ab, usmjerenu na promociju crnogorske privrede, sa ciljem \u0161irenja svijesti o potencijalima privrede, mgu\u0107nostima koje nudi kroz sinergijsko djelovanje i njenom zna\u010daju za ukupan razvoj dr\u017eave. Sa ciljem bolje promocije doma\u0107ih proizvoda i usluga, podizanja svijesti o zna\u010daju njihove kupovine, u prvoj polovini godine organizovana je nagradna igra \u201eZa na\u0161 razvoj, kupujmo na\u0161e!\u201c, koja je nai\u0161la na odli\u010dan prijem kod privrede i gra\u0111ana.<\/p>\n\n\n\n<p>\u201cKomora je na osnovu javnih ovla\u0161\u0107enja izdala skoro pet hiljada dokumenata, a ubudu\u0107e \u0107e sprovoditi i stru\u010dne ispite za agente u zakupu i prometu nepokretnosti\u201c, dodala je Draki\u0107.<\/p>\n\n\n\n<p>Ona je, govore\u0107i o modernizaciji poslovanja Privredne komore, kazala da je to permanentan proces. To diktiraju zahtjevi privrede, te brze promjene u tehnolo\u0161kom i poslovnom svijetu uop\u0161te.<\/p>\n\n\n\n<p>\u201cVo\u0111eni time, opredijelili smo se da razvijemo projekat eKomora, koji predstavlja digitalnu platformu koja \u0107e omogu\u0107iti privrednicima pristup uslugama 24\/7, pored direktne i komunikaciju putem eBox-a, razmjenu dokumenata i efikasnije administrativne procese. Bi\u0107e razvijen i Registar preduze\u0107a sa interaktivnom pretragom, a sve kompanije ima\u0107e svoj virtuelni prostor za komunikaciju\u201c, precizirala je Draki\u0107.<\/p>\n\n\n\n<p>Pored planiranog povezivanja sa bazama podataka dr\u017eavnih institucija i omogu\u0107avanja digitalnog izdavanja potvrda i rje\u0161enja, alati vje\u0161ta\u010dke inteligencije bi\u0107e, kako je objasnila, razvijani i za specijalizovane servise namijenjene mikro, malim i srednjim preduze\u0107ima. To \u0107e, izme\u0111u ostalog, obuhvatiti: interaktivne info-centre dostupne u svakom trenutku, poslovne i sektorske statistike u realnom vremenu, pravne i finansijske savjetodavne alate bazirane na vje\u0161ta\u010dkoj inteligenciji, uz mogu\u0107nost personalizovanih preporuka.<\/p>\n\n\n\n<p>\u201cJedan od strate\u0161kih prioriteta bi\u0107e sistemsko rje\u0161avanje barijera poslovanju, prije svega sive ekonomija, nedostatka kvalifikovane radne snage. Omogu\u0107i\u0107emo da kroz platformu Mapa inicijativa PKCG, \u010dlanice imaju uvid u status predloga\/inicijativa Komore \u2013 od predaje do realizacije, uz mjese\u010dni newsletter Inicijative i ishodi\u201c, kazala je Draki\u0107.<\/p>\n\n\n\n<p>Ona je najavila da \u0107e pokrenuti i stalnu platformu Biznis MeetUp, koja je namijenjena povezivanju privrede, finansijskog sektora i inovatora \u0161irom Crne Gore, sa ciljem umre\u017eavanja i lak\u0161eg pristupa finansiranju.<\/p>\n\n\n\n<p>\u201cDodatno, Komora \u0107e pru\u017eati podr\u0161ku mladima i po\u010detnicima u biznisu, kroz prakti\u010dne vodi\u010de, testove spremnosti za poslovne ideje, te alate za samoprocjenu i planiranje rasta\u201c, dodala je Draki\u0107.<\/p>\n\n\n\n<p>Na pitanje na koji na\u010din Komora planira da podr\u017ei crnogorsku privredu u procesu pripreme za jedinstveno evropsko tr\u017ei\u0161te, Draki\u0107 je odgovorila da pristupanje EU otvara brojne mogu\u0107nosti, ali i donosi konkretne obaveze privredi tokom uskla\u0111ivanja sa evropskim standardima. U tom procesu, Komori pripada va\u017ena ulogu u pripremi njihovih kompanija za jedinstveno tr\u017ei\u0161te.<\/p>\n\n\n\n<p>\u201cIdu\u0107i dalje u odnosu na ono \u0161to je do sada po ovoj temi ra\u0111eno, bi\u0107e pokrenuta platforma EU Info Desk \u2013 Put ka jedinstvenom tr\u017ei\u0161tu, koja \u0107e nuditi prakti\u010dne informacije, alate i savjete vezane za EU regulative, carinske procedure, standarde, kao i pristup finansijskim programima poput Horizon Europe, COSME, Erasmus+ i LIFE\u201c, navela je Draki\u0107.<\/p>\n\n\n\n<p>Ona je rekla da planiraju uvo\u0111enje digitalnog alata EU Ready, koji \u0107e kompanijama omogu\u0107iti procjenu spremnosti za EU tr\u017ei\u0161te, uz preporuke za unapre\u0111enje i upu\u0107ivanje na konkretne obuke i servise. Kroz mjese\u010dni EU bilten, radionice po sektorima, vodi\u010de i interaktivne materijale, kompanije \u0107e imati pristup znanju i primjerima dobre prakse iz zemalja koje su \u010dlanice EU.<\/p>\n\n\n\n<p>\u201cNa ovaj na\u010din, EU Info Desk posta\u0107e centralna ta\u010dka informisanja, savjetovanja i povezivanja, osna\u017euju\u0107i crnogorsku privredu da \u0161to spremnije u\u0111e na evropsko tr\u017ei\u0161te, unaprijedi svoju konkurentnost, te pretvori izazove u razvojne \u0161anse\u201c, kazala je Draki\u0107.<\/p>\n\n\n\n<p>Navela je da je njena vizija o budu\u0107nosti PKCG jasna.<\/p>\n\n\n\n<p>\u201cKomora koja povezuje. Privreda koja napreduje. Budu\u0107nost koju gradimo zajedno. PKCG ostaje otvorena prema \u010dlanstvu, proaktivnija u zastupanju interesa, agilna u prepoznavanju prilika i pouzdana u pru\u017eanju podr\u0161ke. Po\u0161tuju\u0107i skoro vijek tradicije, Komora \u0107e postavljati standarde modernog udru\u017eivanja, oslanjaju\u0107i se na znanje, dijalog i zajedni\u010dku odgovornost\u201c, zaklju\u010dila je Draki\u0107.<\/p>","protected":false},"excerpt":{"rendered":"<p>Privredna komora (PKCG) \u0107e nastaviti da doprinosi stvaranju stabilnog i stimulativnog poslovnog okru\u017eenja, sa posebnim fokusom na unapre\u0111enje privrednog sistema kroz oblikovanje mjera ekonomske politike, poru\u010dila je predsjednica te asocijacije, Nina Draki\u0107.<\/p>","protected":false},"author":1,"featured_media":957332,"comment_status":"open","ping_status":"open","sticky":false,"template":"","format":"standard","meta":{"_acf_changed":false,"footnotes":""},"categories":[27],"tags":[4630,10168],"naslovna":[],"class_list":["post-957331","post","type-post","status-publish","format-standard","has-post-thumbnail","hentry","category-ekonomija","tag-nina-drakic","tag-privredna-komora-crne-gore"],"acf":[],"yoast_head":"<!-- This site is optimized with the Yoast SEO plugin v27.4 - https:\/\/yoast.com\/product\/yoast-seo-wordpress\/ -->\n<title>Draki\u0107: PKCG nastavlja da doprinosi stvaranju stabilnog poslovnog ambijenta - dmcsrb.com<\/title>\n<meta name=\"robots\" content=\"index, follow, max-snippet:-1, max-image-preview:large, max-video-preview:-1\" \/>\n<link rel=\"canonical\" href=\"https:\/\/dmcsrb.com\/en\/ekonomija\/drakic-pkcg-nastavlja-da-doprinosi-stvaranju-stabilnog-poslovnog-ambijenta\/\" \/>\n<meta property=\"og:locale\" content=\"en_GB\" \/>\n<meta property=\"og:type\" content=\"article\" \/>\n<meta property=\"og:title\" content=\"Draki\u0107: PKCG nastavlja da doprinosi stvaranju stabilnog poslovnog ambijenta - dmcsrb.com\" \/>\n<meta property=\"og:description\" content=\"Privredna komora (PKCG) \u0107e nastaviti da doprinosi stvaranju stabilnog i stimulativnog poslovnog okru\u017eenja, sa posebnim fokusom na unapre\u0111enje privrednog sistema kroz oblikovanje mjera ekonomske politike, poru\u010dila je predsjednica te asocijacije, Nina Draki\u0107.\" \/>\n<meta property=\"og:url\" content=\"https:\/\/dmcsrb.com\/en\/ekonomija\/drakic-pkcg-nastavlja-da-doprinosi-stvaranju-stabilnog-poslovnog-ambijenta\/\" \/>\n<meta property=\"og:site_name\" content=\"dmcsrb.com\" \/>\n<meta property=\"article:published_time\" content=\"2025-10-12T09:00:00+00:00\" \/>\n<meta property=\"og:image\" content=\"https:\/\/dmcsrb.com\/wp-content\/uploads\/2026\/01\/Nina-drakic.webp\" \/>\n\t<meta property=\"og:image:width\" content=\"900\" \/>\n\t<meta property=\"og:image:height\" content=\"614\" \/>\n\t<meta property=\"og:image:type\" content=\"image\/jpeg\" \/>\n<meta name=\"author\" content=\"dmcsrbija.com@gmail.com\" \/>\n<meta name=\"twitter:card\" content=\"summary_large_image\" \/>\n<meta name=\"twitter:label1\" content=\"Written by\" \/>\n\t<meta name=\"twitter:data1\" content=\"dmcsrbija.com@gmail.com\" \/>\n\t<meta name=\"twitter:label2\" content=\"Estimated reading time\" \/>\n\t<meta name=\"twitter:data2\" content=\"8 minutes\" \/>\n<script type=\"application\/ld+json\" class=\"yoast-schema-graph\">{\"@context\":\"https:\\\/\\\/schema.org\",\"@graph\":[{\"@type\":\"Article\",\"@id\":\"https:\\\/\\\/dmcsrb.com\\\/ekonomija\\\/drakic-pkcg-nastavlja-da-doprinosi-stvaranju-stabilnog-poslovnog-ambijenta\\\/#article\",\"isPartOf\":{\"@id\":\"https:\\\/\\\/dmcsrb.com\\\/ekonomija\\\/drakic-pkcg-nastavlja-da-doprinosi-stvaranju-stabilnog-poslovnog-ambijenta\\\/\"},\"author\":{\"name\":\"dmcsrbija.com@gmail.com\",\"@id\":\"https:\\\/\\\/dmcsrb.com\\\/#\\\/schema\\\/person\\\/5c39170f12db1b8b457732d0b5c854e2\"},\"headline\":\"Draki\u0107: PKCG nastavlja da doprinosi stvaranju stabilnog poslovnog ambijenta\",\"datePublished\":\"2025-10-12T09:00:00+00:00\",\"mainEntityOfPage\":{\"@id\":\"https:\\\/\\\/dmcsrb.com\\\/ekonomija\\\/drakic-pkcg-nastavlja-da-doprinosi-stvaranju-stabilnog-poslovnog-ambijenta\\\/\"},\"wordCount\":1575,\"commentCount\":0,\"image\":{\"@id\":\"https:\\\/\\\/dmcsrb.com\\\/ekonomija\\\/drakic-pkcg-nastavlja-da-doprinosi-stvaranju-stabilnog-poslovnog-ambijenta\\\/#primaryimage\"},\"thumbnailUrl\":\"https:\\\/\\\/dmcsrb.com\\\/wp-content\\\/uploads\\\/2026\\\/01\\\/Nina-drakic.webp\",\"keywords\":[\"Nina Draki\u0107\",\"Privredna komora Crne Gore\"],\"articleSection\":[\"Ekonomija\"],\"inLanguage\":\"en-GB\",\"potentialAction\":[{\"@type\":\"CommentAction\",\"name\":\"Comment\",\"target\":[\"https:\\\/\\\/dmcsrb.com\\\/ekonomija\\\/drakic-pkcg-nastavlja-da-doprinosi-stvaranju-stabilnog-poslovnog-ambijenta\\\/#respond\"]}]},{\"@type\":\"WebPage\",\"@id\":\"https:\\\/\\\/dmcsrb.com\\\/ekonomija\\\/drakic-pkcg-nastavlja-da-doprinosi-stvaranju-stabilnog-poslovnog-ambijenta\\\/\",\"url\":\"https:\\\/\\\/dmcsrb.com\\\/ekonomija\\\/drakic-pkcg-nastavlja-da-doprinosi-stvaranju-stabilnog-poslovnog-ambijenta\\\/\",\"name\":\"Draki\u0107: PKCG nastavlja da doprinosi stvaranju stabilnog poslovnog ambijenta - dmcsrb.com\",\"isPartOf\":{\"@id\":\"https:\\\/\\\/dmcsrb.com\\\/#website\"},\"primaryImageOfPage\":{\"@id\":\"https:\\\/\\\/dmcsrb.com\\\/ekonomija\\\/drakic-pkcg-nastavlja-da-doprinosi-stvaranju-stabilnog-poslovnog-ambijenta\\\/#primaryimage\"},\"image\":{\"@id\":\"https:\\\/\\\/dmcsrb.com\\\/ekonomija\\\/drakic-pkcg-nastavlja-da-doprinosi-stvaranju-stabilnog-poslovnog-ambijenta\\\/#primaryimage\"},\"thumbnailUrl\":\"https:\\\/\\\/dmcsrb.com\\\/wp-content\\\/uploads\\\/2026\\\/01\\\/Nina-drakic.webp\",\"datePublished\":\"2025-10-12T09:00:00+00:00\",\"author\":{\"@id\":\"https:\\\/\\\/dmcsrb.com\\\/#\\\/schema\\\/person\\\/5c39170f12db1b8b457732d0b5c854e2\"},\"breadcrumb\":{\"@id\":\"https:\\\/\\\/dmcsrb.com\\\/ekonomija\\\/drakic-pkcg-nastavlja-da-doprinosi-stvaranju-stabilnog-poslovnog-ambijenta\\\/#breadcrumb\"},\"inLanguage\":\"en-GB\",\"potentialAction\":[{\"@type\":\"ReadAction\",\"target\":[\"https:\\\/\\\/dmcsrb.com\\\/ekonomija\\\/drakic-pkcg-nastavlja-da-doprinosi-stvaranju-stabilnog-poslovnog-ambijenta\\\/\"]}]},{\"@type\":\"ImageObject\",\"inLanguage\":\"en-GB\",\"@id\":\"https:\\\/\\\/dmcsrb.com\\\/ekonomija\\\/drakic-pkcg-nastavlja-da-doprinosi-stvaranju-stabilnog-poslovnog-ambijenta\\\/#primaryimage\",\"url\":\"https:\\\/\\\/dmcsrb.com\\\/wp-content\\\/uploads\\\/2026\\\/01\\\/Nina-drakic.webp\",\"contentUrl\":\"https:\\\/\\\/dmcsrb.com\\\/wp-content\\\/uploads\\\/2026\\\/01\\\/Nina-drakic.webp\",\"width\":900,\"height\":614},{\"@type\":\"BreadcrumbList\",\"@id\":\"https:\\\/\\\/dmcsrb.com\\\/ekonomija\\\/drakic-pkcg-nastavlja-da-doprinosi-stvaranju-stabilnog-poslovnog-ambijenta\\\/#breadcrumb\",\"itemListElement\":[{\"@type\":\"ListItem\",\"position\":1,\"name\":\"Home\",\"item\":\"https:\\\/\\\/dmcsrb.com\\\/\"},{\"@type\":\"ListItem\",\"position\":2,\"name\":\"Draki\u0107: PKCG nastavlja da doprinosi stvaranju stabilnog poslovnog ambijenta\"}]},{\"@type\":\"WebSite\",\"@id\":\"https:\\\/\\\/dmcsrb.com\\\/#website\",\"url\":\"https:\\\/\\\/dmcsrb.com\\\/\",\"name\":\"dmcsrb.com\",\"description\":\"\",\"potentialAction\":[{\"@type\":\"SearchAction\",\"target\":{\"@type\":\"EntryPoint\",\"urlTemplate\":\"https:\\\/\\\/dmcsrb.com\\\/?s={search_term_string}\"},\"query-input\":{\"@type\":\"PropertyValueSpecification\",\"valueRequired\":true,\"valueName\":\"search_term_string\"}}],\"inLanguage\":\"en-GB\"},{\"@type\":\"Person\",\"@id\":\"https:\\\/\\\/dmcsrb.com\\\/#\\\/schema\\\/person\\\/5c39170f12db1b8b457732d0b5c854e2\",\"name\":\"dmcsrbija.com@gmail.com\",\"image\":{\"@type\":\"ImageObject\",\"inLanguage\":\"en-GB\",\"@id\":\"https:\\\/\\\/secure.gravatar.com\\\/avatar\\\/68592660ad6347fad0fb587f8d5d8f1a7b44961362f56e4f2cd524feb87e9069?s=96&d=mm&r=g\",\"url\":\"https:\\\/\\\/secure.gravatar.com\\\/avatar\\\/68592660ad6347fad0fb587f8d5d8f1a7b44961362f56e4f2cd524feb87e9069?s=96&d=mm&r=g\",\"contentUrl\":\"https:\\\/\\\/secure.gravatar.com\\\/avatar\\\/68592660ad6347fad0fb587f8d5d8f1a7b44961362f56e4f2cd524feb87e9069?s=96&d=mm&r=g\",\"caption\":\"dmcsrbija.com@gmail.com\"},\"sameAs\":[\"https:\\\/\\\/dmcsrb.com\"],\"url\":\"https:\\\/\\\/dmcsrb.com\\\/en\\\/author\\\/dmcsrbija-comgmail-com\\\/\"}]}<\/script>\n<!-- \/ Yoast SEO plugin. -->","yoast_head_json":{"title":"Draki\u0107: PKCG nastavlja da doprinosi stvaranju stabilnog poslovnog ambijenta - dmcsrb.com","robots":{"index":"index","follow":"follow","max-snippet":"max-snippet:-1","max-image-preview":"max-image-preview:large","max-video-preview":"max-video-preview:-1"},"canonical":"https:\/\/dmcsrb.com\/en\/ekonomija\/drakic-pkcg-nastavlja-da-doprinosi-stvaranju-stabilnog-poslovnog-ambijenta\/","og_locale":"en_GB","og_type":"article","og_title":"Draki\u0107: PKCG nastavlja da doprinosi stvaranju stabilnog poslovnog ambijenta - dmcsrb.com","og_description":"Privredna komora (PKCG) \u0107e nastaviti da doprinosi stvaranju stabilnog i stimulativnog poslovnog okru\u017eenja, sa posebnim fokusom na unapre\u0111enje privrednog sistema kroz oblikovanje mjera ekonomske politike, poru\u010dila je predsjednica te asocijacije, Nina Draki\u0107.","og_url":"https:\/\/dmcsrb.com\/en\/ekonomija\/drakic-pkcg-nastavlja-da-doprinosi-stvaranju-stabilnog-poslovnog-ambijenta\/","og_site_name":"dmcsrb.com","article_published_time":"2025-10-12T09:00:00+00:00","og_image":[{"width":900,"height":614,"url":"https:\/\/dmcsrb.com\/wp-content\/uploads\/2026\/01\/Nina-drakic.webp","type":"image\/jpeg"}],"author":"dmcsrbija.com@gmail.com","twitter_card":"summary_large_image","twitter_misc":{"Written by":"dmcsrbija.com@gmail.com","Estimated reading time":"8 minutes"},"schema":{"@context":"https:\/\/schema.org","@graph":[{"@type":"Article","@id":"https:\/\/dmcsrb.com\/ekonomija\/drakic-pkcg-nastavlja-da-doprinosi-stvaranju-stabilnog-poslovnog-ambijenta\/#article","isPartOf":{"@id":"https:\/\/dmcsrb.com\/ekonomija\/drakic-pkcg-nastavlja-da-doprinosi-stvaranju-stabilnog-poslovnog-ambijenta\/"},"author":{"name":"dmcsrbija.com@gmail.com","@id":"https:\/\/dmcsrb.com\/#\/schema\/person\/5c39170f12db1b8b457732d0b5c854e2"},"headline":"Draki\u0107: PKCG nastavlja da doprinosi stvaranju stabilnog poslovnog ambijenta","datePublished":"2025-10-12T09:00:00+00:00","mainEntityOfPage":{"@id":"https:\/\/dmcsrb.com\/ekonomija\/drakic-pkcg-nastavlja-da-doprinosi-stvaranju-stabilnog-poslovnog-ambijenta\/"},"wordCount":1575,"commentCount":0,"image":{"@id":"https:\/\/dmcsrb.com\/ekonomija\/drakic-pkcg-nastavlja-da-doprinosi-stvaranju-stabilnog-poslovnog-ambijenta\/#primaryimage"},"thumbnailUrl":"https:\/\/dmcsrb.com\/wp-content\/uploads\/2026\/01\/Nina-drakic.webp","keywords":["Nina Draki\u0107","Privredna komora Crne Gore"],"articleSection":["Ekonomija"],"inLanguage":"en-GB","potentialAction":[{"@type":"CommentAction","name":"Comment","target":["https:\/\/dmcsrb.com\/ekonomija\/drakic-pkcg-nastavlja-da-doprinosi-stvaranju-stabilnog-poslovnog-ambijenta\/#respond"]}]},{"@type":"WebPage","@id":"https:\/\/dmcsrb.com\/ekonomija\/drakic-pkcg-nastavlja-da-doprinosi-stvaranju-stabilnog-poslovnog-ambijenta\/","url":"https:\/\/dmcsrb.com\/ekonomija\/drakic-pkcg-nastavlja-da-doprinosi-stvaranju-stabilnog-poslovnog-ambijenta\/","name":"Draki\u0107: PKCG nastavlja da doprinosi stvaranju stabilnog poslovnog ambijenta - dmcsrb.com","isPartOf":{"@id":"https:\/\/dmcsrb.com\/#website"},"primaryImageOfPage":{"@id":"https:\/\/dmcsrb.com\/ekonomija\/drakic-pkcg-nastavlja-da-doprinosi-stvaranju-stabilnog-poslovnog-ambijenta\/#primaryimage"},"image":{"@id":"https:\/\/dmcsrb.com\/ekonomija\/drakic-pkcg-nastavlja-da-doprinosi-stvaranju-stabilnog-poslovnog-ambijenta\/#primaryimage"},"thumbnailUrl":"https:\/\/dmcsrb.com\/wp-content\/uploads\/2026\/01\/Nina-drakic.webp","datePublished":"2025-10-12T09:00:00+00:00","author":{"@id":"https:\/\/dmcsrb.com\/#\/schema\/person\/5c39170f12db1b8b457732d0b5c854e2"},"breadcrumb":{"@id":"https:\/\/dmcsrb.com\/ekonomija\/drakic-pkcg-nastavlja-da-doprinosi-stvaranju-stabilnog-poslovnog-ambijenta\/#breadcrumb"},"inLanguage":"en-GB","potentialAction":[{"@type":"ReadAction","target":["https:\/\/dmcsrb.com\/ekonomija\/drakic-pkcg-nastavlja-da-doprinosi-stvaranju-stabilnog-poslovnog-ambijenta\/"]}]},{"@type":"ImageObject","inLanguage":"en-GB","@id":"https:\/\/dmcsrb.com\/ekonomija\/drakic-pkcg-nastavlja-da-doprinosi-stvaranju-stabilnog-poslovnog-ambijenta\/#primaryimage","url":"https:\/\/dmcsrb.com\/wp-content\/uploads\/2026\/01\/Nina-drakic.webp","contentUrl":"https:\/\/dmcsrb.com\/wp-content\/uploads\/2026\/01\/Nina-drakic.webp","width":900,"height":614},{"@type":"BreadcrumbList","@id":"https:\/\/dmcsrb.com\/ekonomija\/drakic-pkcg-nastavlja-da-doprinosi-stvaranju-stabilnog-poslovnog-ambijenta\/#breadcrumb","itemListElement":[{"@type":"ListItem","position":1,"name":"Home","item":"https:\/\/dmcsrb.com\/"},{"@type":"ListItem","position":2,"name":"Draki\u0107: PKCG nastavlja da doprinosi stvaranju stabilnog poslovnog ambijenta"}]},{"@type":"WebSite","@id":"https:\/\/dmcsrb.com\/#website","url":"https:\/\/dmcsrb.com\/","name":"dmcsrb.com","description":"","potentialAction":[{"@type":"SearchAction","target":{"@type":"EntryPoint","urlTemplate":"https:\/\/dmcsrb.com\/?s={search_term_string}"},"query-input":{"@type":"PropertyValueSpecification","valueRequired":true,"valueName":"search_term_string"}}],"inLanguage":"en-GB"},{"@type":"Person","@id":"https:\/\/dmcsrb.com\/#\/schema\/person\/5c39170f12db1b8b457732d0b5c854e2","name":"dmcsrbija.com@gmail.com","image":{"@type":"ImageObject","inLanguage":"en-GB","@id":"https:\/\/secure.gravatar.com\/avatar\/68592660ad6347fad0fb587f8d5d8f1a7b44961362f56e4f2cd524feb87e9069?s=96&d=mm&r=g","url":"https:\/\/secure.gravatar.com\/avatar\/68592660ad6347fad0fb587f8d5d8f1a7b44961362f56e4f2cd524feb87e9069?s=96&d=mm&r=g","contentUrl":"https:\/\/secure.gravatar.com\/avatar\/68592660ad6347fad0fb587f8d5d8f1a7b44961362f56e4f2cd524feb87e9069?s=96&d=mm&r=g","caption":"dmcsrbija.com@gmail.com"},"sameAs":["https:\/\/dmcsrb.com"],"url":"https:\/\/dmcsrb.com\/en\/author\/dmcsrbija-comgmail-com\/"}]}},"_links":{"self":[{"href":"https:\/\/dmcsrb.com\/en\/wp-json\/wp\/v2\/posts\/957331","targetHints":{"allow":["GET"]}}],"collection":[{"href":"https:\/\/dmcsrb.com\/en\/wp-json\/wp\/v2\/posts"}],"about":[{"href":"https:\/\/dmcsrb.com\/en\/wp-json\/wp\/v2\/types\/post"}],"author":[{"embeddable":true,"href":"https:\/\/dmcsrb.com\/en\/wp-json\/wp\/v2\/users\/1"}],"replies":[{"embeddable":true,"href":"https:\/\/dmcsrb.com\/en\/wp-json\/wp\/v2\/comments?post=957331"}],"version-history":[{"count":0,"href":"https:\/\/dmcsrb.com\/en\/wp-json\/wp\/v2\/posts\/957331\/revisions"}],"wp:featuredmedia":[{"embeddable":true,"href":"https:\/\/dmcsrb.com\/en\/wp-json\/wp\/v2\/media\/957332"}],"wp:attachment":[{"href":"https:\/\/dmcsrb.com\/en\/wp-json\/wp\/v2\/media?parent=957331"}],"wp:term":[{"taxonomy":"category","embeddable":true,"href":"https:\/\/dmcsrb.com\/en\/wp-json\/wp\/v2\/categories?post=957331"},{"taxonomy":"post_tag","embeddable":true,"href":"https:\/\/dmcsrb.com\/en\/wp-json\/wp\/v2\/tags?post=957331"},{"taxonomy":"naslovna","embeddable":true,"href":"https:\/\/dmcsrb.com\/en\/wp-json\/wp\/v2\/naslovna?post=957331"}],"curies":[{"name":"wp","href":"https:\/\/api.w.org\/{rel}","templated":true}]}}