{"id":957327,"date":"2025-10-12T09:48:00","date_gmt":"2025-10-12T07:48:00","guid":{"rendered":"https:\/\/dmcsrb.com\/uncategorized\/njeguska-trpeza-otkazana-zbog-tragicne-saobracajne-nesrece\/"},"modified":"2025-10-12T09:48:00","modified_gmt":"2025-10-12T07:48:00","slug":"njeguska-trpeza-otkazana-zbog-tragicne-saobracajne-nesrece","status":"publish","type":"post","link":"https:\/\/dmcsrb.com\/en\/drustvo\/njeguska-trpeza-otkazana-zbog-tragicne-saobracajne-nesrece\/","title":{"rendered":"\u201cNjegu\u0161ka trpeza\u201d otkazana zbog tragi\u010dne saobra\u0107ajne nesre\u0107e"},"content":{"rendered":"<p><\/p>\n\n\n\n<p>\u201cIzra\u017eavamo iskreno sau\u010de\u0161\u0107e porodici nastradalog i zahvaljujemo svim u\u010desnicima, izlaga\u010dima i posjetiocima na razumijevanju\u201d, pi\u0161e u saop\u0161tenju TO Cetinje.<\/p>\n\n\n\n<figure class=\"wp-block-embed is-type-wp-embed is-provider-gradski-portal wp-block-embed-gradski-portal\"><div class=\"wp-block-embed__wrapper\">\nhttps:\/\/gradski.me\/u-saobracajnoj-nesreci-kod-kotora-poginuo-mladic\/\n<\/div><\/figure>","protected":false},"excerpt":{"rendered":"<p>Iz Turisti\u010dke organizacije Cetinje sa dubokim \u017ealjenjem obavje\u0161tavaju javnost da se tradicionalna manifestacija \u201cNjegu\u0161ka trpeza\u201d, koja je trebalo da se odr\u017ei danas na Njegu\u0161ima, otkazuje zbog tragi\u010dne saobra\u0107ajne nesre\u0107e u kojoj je \u017eivot izgubila jedna osoba sa Njegu\u0161a.<\/p>","protected":false},"author":1,"featured_media":957328,"comment_status":"open","ping_status":"open","sticky":false,"template":"","format":"standard","meta":{"_acf_changed":false,"footnotes":""},"categories":[2],"tags":[10988,11131],"naslovna":[],"class_list":["post-957327","post","type-post","status-publish","format-standard","has-post-thumbnail","hentry","category-drustvo","tag-njeguska-trpeza","tag-to-cetinje"],"acf":[],"yoast_head":"<!-- This site is optimized with the Yoast SEO plugin v27.4 - https:\/\/yoast.com\/product\/yoast-seo-wordpress\/ -->\n<title>\u201cNjegu\u0161ka trpeza\u201d otkazana zbog tragi\u010dne saobra\u0107ajne nesre\u0107e - dmcsrb.com<\/title>\n<meta name=\"robots\" content=\"index, follow, max-snippet:-1, max-image-preview:large, max-video-preview:-1\" \/>\n<link rel=\"canonical\" href=\"https:\/\/dmcsrb.com\/en\/drustvo\/njeguska-trpeza-otkazana-zbog-tragicne-saobracajne-nesrece\/\" \/>\n<meta property=\"og:locale\" content=\"en_GB\" \/>\n<meta property=\"og:type\" content=\"article\" \/>\n<meta property=\"og:title\" content=\"\u201cNjegu\u0161ka trpeza\u201d otkazana zbog tragi\u010dne saobra\u0107ajne nesre\u0107e - dmcsrb.com\" \/>\n<meta property=\"og:description\" content=\"Iz Turisti\u010dke organizacije Cetinje sa dubokim \u017ealjenjem obavje\u0161tavaju javnost da se tradicionalna manifestacija \u201cNjegu\u0161ka trpeza\u201d, koja je trebalo da se odr\u017ei danas na Njegu\u0161ima, otkazuje zbog tragi\u010dne saobra\u0107ajne nesre\u0107e u kojoj je \u017eivot izgubila jedna osoba sa Njegu\u0161a.\" \/>\n<meta property=\"og:url\" content=\"https:\/\/dmcsrb.com\/en\/drustvo\/njeguska-trpeza-otkazana-zbog-tragicne-saobracajne-nesrece\/\" \/>\n<meta property=\"og:site_name\" content=\"dmcsrb.com\" \/>\n<meta property=\"article:published_time\" content=\"2025-10-12T07:48:00+00:00\" \/>\n<meta property=\"og:image\" content=\"https:\/\/dmcsrb.com\/wp-content\/uploads\/2026\/01\/otkazana-njeguska-trpeza.webp\" \/>\n\t<meta property=\"og:image:width\" content=\"914\" \/>\n\t<meta property=\"og:image:height\" content=\"546\" \/>\n\t<meta property=\"og:image:type\" content=\"image\/jpeg\" \/>\n<meta name=\"author\" content=\"dmcsrbija.com@gmail.com\" \/>\n<meta name=\"twitter:card\" content=\"summary_large_image\" \/>\n<meta name=\"twitter:label1\" content=\"Written by\" \/>\n\t<meta name=\"twitter:data1\" content=\"dmcsrbija.com@gmail.com\" \/>\n<script type=\"application\/ld+json\" class=\"yoast-schema-graph\">{\"@context\":\"https:\\\/\\\/schema.org\",\"@graph\":[{\"@type\":\"Article\",\"@id\":\"https:\\\/\\\/dmcsrb.com\\\/drustvo\\\/njeguska-trpeza-otkazana-zbog-tragicne-saobracajne-nesrece\\\/#article\",\"isPartOf\":{\"@id\":\"https:\\\/\\\/dmcsrb.com\\\/drustvo\\\/njeguska-trpeza-otkazana-zbog-tragicne-saobracajne-nesrece\\\/\"},\"author\":{\"name\":\"dmcsrbija.com@gmail.com\",\"@id\":\"https:\\\/\\\/dmcsrb.com\\\/#\\\/schema\\\/person\\\/5c39170f12db1b8b457732d0b5c854e2\"},\"headline\":\"\u201cNjegu\u0161ka trpeza\u201d otkazana zbog tragi\u010dne saobra\u0107ajne nesre\u0107e\",\"datePublished\":\"2025-10-12T07:48:00+00:00\",\"mainEntityOfPage\":{\"@id\":\"https:\\\/\\\/dmcsrb.com\\\/drustvo\\\/njeguska-trpeza-otkazana-zbog-tragicne-saobracajne-nesrece\\\/\"},\"wordCount\":41,\"commentCount\":0,\"image\":{\"@id\":\"https:\\\/\\\/dmcsrb.com\\\/drustvo\\\/njeguska-trpeza-otkazana-zbog-tragicne-saobracajne-nesrece\\\/#primaryimage\"},\"thumbnailUrl\":\"https:\\\/\\\/dmcsrb.com\\\/wp-content\\\/uploads\\\/2026\\\/01\\\/otkazana-njeguska-trpeza.webp\",\"keywords\":[\"Njegu\u0161ka trpeza\",\"TO Cetinje\"],\"articleSection\":[\"Dru\u0161tvo\"],\"inLanguage\":\"en-GB\",\"potentialAction\":[{\"@type\":\"CommentAction\",\"name\":\"Comment\",\"target\":[\"https:\\\/\\\/dmcsrb.com\\\/drustvo\\\/njeguska-trpeza-otkazana-zbog-tragicne-saobracajne-nesrece\\\/#respond\"]}]},{\"@type\":\"WebPage\",\"@id\":\"https:\\\/\\\/dmcsrb.com\\\/drustvo\\\/njeguska-trpeza-otkazana-zbog-tragicne-saobracajne-nesrece\\\/\",\"url\":\"https:\\\/\\\/dmcsrb.com\\\/drustvo\\\/njeguska-trpeza-otkazana-zbog-tragicne-saobracajne-nesrece\\\/\",\"name\":\"\u201cNjegu\u0161ka trpeza\u201d otkazana zbog tragi\u010dne saobra\u0107ajne nesre\u0107e - dmcsrb.com\",\"isPartOf\":{\"@id\":\"https:\\\/\\\/dmcsrb.com\\\/#website\"},\"primaryImageOfPage\":{\"@id\":\"https:\\\/\\\/dmcsrb.com\\\/drustvo\\\/njeguska-trpeza-otkazana-zbog-tragicne-saobracajne-nesrece\\\/#primaryimage\"},\"image\":{\"@id\":\"https:\\\/\\\/dmcsrb.com\\\/drustvo\\\/njeguska-trpeza-otkazana-zbog-tragicne-saobracajne-nesrece\\\/#primaryimage\"},\"thumbnailUrl\":\"https:\\\/\\\/dmcsrb.com\\\/wp-content\\\/uploads\\\/2026\\\/01\\\/otkazana-njeguska-trpeza.webp\",\"datePublished\":\"2025-10-12T07:48:00+00:00\",\"author\":{\"@id\":\"https:\\\/\\\/dmcsrb.com\\\/#\\\/schema\\\/person\\\/5c39170f12db1b8b457732d0b5c854e2\"},\"breadcrumb\":{\"@id\":\"https:\\\/\\\/dmcsrb.com\\\/drustvo\\\/njeguska-trpeza-otkazana-zbog-tragicne-saobracajne-nesrece\\\/#breadcrumb\"},\"inLanguage\":\"en-GB\",\"potentialAction\":[{\"@type\":\"ReadAction\",\"target\":[\"https:\\\/\\\/dmcsrb.com\\\/drustvo\\\/njeguska-trpeza-otkazana-zbog-tragicne-saobracajne-nesrece\\\/\"]}]},{\"@type\":\"ImageObject\",\"inLanguage\":\"en-GB\",\"@id\":\"https:\\\/\\\/dmcsrb.com\\\/drustvo\\\/njeguska-trpeza-otkazana-zbog-tragicne-saobracajne-nesrece\\\/#primaryimage\",\"url\":\"https:\\\/\\\/dmcsrb.com\\\/wp-content\\\/uploads\\\/2026\\\/01\\\/otkazana-njeguska-trpeza.webp\",\"contentUrl\":\"https:\\\/\\\/dmcsrb.com\\\/wp-content\\\/uploads\\\/2026\\\/01\\\/otkazana-njeguska-trpeza.webp\",\"width\":914,\"height\":546},{\"@type\":\"BreadcrumbList\",\"@id\":\"https:\\\/\\\/dmcsrb.com\\\/drustvo\\\/njeguska-trpeza-otkazana-zbog-tragicne-saobracajne-nesrece\\\/#breadcrumb\",\"itemListElement\":[{\"@type\":\"ListItem\",\"position\":1,\"name\":\"Home\",\"item\":\"https:\\\/\\\/dmcsrb.com\\\/\"},{\"@type\":\"ListItem\",\"position\":2,\"name\":\"\u201cNjegu\u0161ka trpeza\u201d otkazana zbog tragi\u010dne saobra\u0107ajne nesre\u0107e\"}]},{\"@type\":\"WebSite\",\"@id\":\"https:\\\/\\\/dmcsrb.com\\\/#website\",\"url\":\"https:\\\/\\\/dmcsrb.com\\\/\",\"name\":\"dmcsrb.com\",\"description\":\"\",\"potentialAction\":[{\"@type\":\"SearchAction\",\"target\":{\"@type\":\"EntryPoint\",\"urlTemplate\":\"https:\\\/\\\/dmcsrb.com\\\/?s={search_term_string}\"},\"query-input\":{\"@type\":\"PropertyValueSpecification\",\"valueRequired\":true,\"valueName\":\"search_term_string\"}}],\"inLanguage\":\"en-GB\"},{\"@type\":\"Person\",\"@id\":\"https:\\\/\\\/dmcsrb.com\\\/#\\\/schema\\\/person\\\/5c39170f12db1b8b457732d0b5c854e2\",\"name\":\"dmcsrbija.com@gmail.com\",\"image\":{\"@type\":\"ImageObject\",\"inLanguage\":\"en-GB\",\"@id\":\"https:\\\/\\\/secure.gravatar.com\\\/avatar\\\/68592660ad6347fad0fb587f8d5d8f1a7b44961362f56e4f2cd524feb87e9069?s=96&d=mm&r=g\",\"url\":\"https:\\\/\\\/secure.gravatar.com\\\/avatar\\\/68592660ad6347fad0fb587f8d5d8f1a7b44961362f56e4f2cd524feb87e9069?s=96&d=mm&r=g\",\"contentUrl\":\"https:\\\/\\\/secure.gravatar.com\\\/avatar\\\/68592660ad6347fad0fb587f8d5d8f1a7b44961362f56e4f2cd524feb87e9069?s=96&d=mm&r=g\",\"caption\":\"dmcsrbija.com@gmail.com\"},\"sameAs\":[\"https:\\\/\\\/dmcsrb.com\"],\"url\":\"https:\\\/\\\/dmcsrb.com\\\/en\\\/author\\\/dmcsrbija-comgmail-com\\\/\"}]}<\/script>\n<!-- \/ Yoast SEO plugin. -->","yoast_head_json":{"title":"\u201cNjegu\u0161ka trpeza\u201d otkazana zbog tragi\u010dne saobra\u0107ajne nesre\u0107e - dmcsrb.com","robots":{"index":"index","follow":"follow","max-snippet":"max-snippet:-1","max-image-preview":"max-image-preview:large","max-video-preview":"max-video-preview:-1"},"canonical":"https:\/\/dmcsrb.com\/en\/drustvo\/njeguska-trpeza-otkazana-zbog-tragicne-saobracajne-nesrece\/","og_locale":"en_GB","og_type":"article","og_title":"\u201cNjegu\u0161ka trpeza\u201d otkazana zbog tragi\u010dne saobra\u0107ajne nesre\u0107e - dmcsrb.com","og_description":"Iz Turisti\u010dke organizacije Cetinje sa dubokim \u017ealjenjem obavje\u0161tavaju javnost da se tradicionalna manifestacija \u201cNjegu\u0161ka trpeza\u201d, koja je trebalo da se odr\u017ei danas na Njegu\u0161ima, otkazuje zbog tragi\u010dne saobra\u0107ajne nesre\u0107e u kojoj je \u017eivot izgubila jedna osoba sa Njegu\u0161a.","og_url":"https:\/\/dmcsrb.com\/en\/drustvo\/njeguska-trpeza-otkazana-zbog-tragicne-saobracajne-nesrece\/","og_site_name":"dmcsrb.com","article_published_time":"2025-10-12T07:48:00+00:00","og_image":[{"width":914,"height":546,"url":"https:\/\/dmcsrb.com\/wp-content\/uploads\/2026\/01\/otkazana-njeguska-trpeza.webp","type":"image\/jpeg"}],"author":"dmcsrbija.com@gmail.com","twitter_card":"summary_large_image","twitter_misc":{"Written by":"dmcsrbija.com@gmail.com"},"schema":{"@context":"https:\/\/schema.org","@graph":[{"@type":"Article","@id":"https:\/\/dmcsrb.com\/drustvo\/njeguska-trpeza-otkazana-zbog-tragicne-saobracajne-nesrece\/#article","isPartOf":{"@id":"https:\/\/dmcsrb.com\/drustvo\/njeguska-trpeza-otkazana-zbog-tragicne-saobracajne-nesrece\/"},"author":{"name":"dmcsrbija.com@gmail.com","@id":"https:\/\/dmcsrb.com\/#\/schema\/person\/5c39170f12db1b8b457732d0b5c854e2"},"headline":"\u201cNjegu\u0161ka trpeza\u201d otkazana zbog tragi\u010dne saobra\u0107ajne nesre\u0107e","datePublished":"2025-10-12T07:48:00+00:00","mainEntityOfPage":{"@id":"https:\/\/dmcsrb.com\/drustvo\/njeguska-trpeza-otkazana-zbog-tragicne-saobracajne-nesrece\/"},"wordCount":41,"commentCount":0,"image":{"@id":"https:\/\/dmcsrb.com\/drustvo\/njeguska-trpeza-otkazana-zbog-tragicne-saobracajne-nesrece\/#primaryimage"},"thumbnailUrl":"https:\/\/dmcsrb.com\/wp-content\/uploads\/2026\/01\/otkazana-njeguska-trpeza.webp","keywords":["Njegu\u0161ka trpeza","TO Cetinje"],"articleSection":["Dru\u0161tvo"],"inLanguage":"en-GB","potentialAction":[{"@type":"CommentAction","name":"Comment","target":["https:\/\/dmcsrb.com\/drustvo\/njeguska-trpeza-otkazana-zbog-tragicne-saobracajne-nesrece\/#respond"]}]},{"@type":"WebPage","@id":"https:\/\/dmcsrb.com\/drustvo\/njeguska-trpeza-otkazana-zbog-tragicne-saobracajne-nesrece\/","url":"https:\/\/dmcsrb.com\/drustvo\/njeguska-trpeza-otkazana-zbog-tragicne-saobracajne-nesrece\/","name":"\u201cNjegu\u0161ka trpeza\u201d otkazana zbog tragi\u010dne saobra\u0107ajne nesre\u0107e - dmcsrb.com","isPartOf":{"@id":"https:\/\/dmcsrb.com\/#website"},"primaryImageOfPage":{"@id":"https:\/\/dmcsrb.com\/drustvo\/njeguska-trpeza-otkazana-zbog-tragicne-saobracajne-nesrece\/#primaryimage"},"image":{"@id":"https:\/\/dmcsrb.com\/drustvo\/njeguska-trpeza-otkazana-zbog-tragicne-saobracajne-nesrece\/#primaryimage"},"thumbnailUrl":"https:\/\/dmcsrb.com\/wp-content\/uploads\/2026\/01\/otkazana-njeguska-trpeza.webp","datePublished":"2025-10-12T07:48:00+00:00","author":{"@id":"https:\/\/dmcsrb.com\/#\/schema\/person\/5c39170f12db1b8b457732d0b5c854e2"},"breadcrumb":{"@id":"https:\/\/dmcsrb.com\/drustvo\/njeguska-trpeza-otkazana-zbog-tragicne-saobracajne-nesrece\/#breadcrumb"},"inLanguage":"en-GB","potentialAction":[{"@type":"ReadAction","target":["https:\/\/dmcsrb.com\/drustvo\/njeguska-trpeza-otkazana-zbog-tragicne-saobracajne-nesrece\/"]}]},{"@type":"ImageObject","inLanguage":"en-GB","@id":"https:\/\/dmcsrb.com\/drustvo\/njeguska-trpeza-otkazana-zbog-tragicne-saobracajne-nesrece\/#primaryimage","url":"https:\/\/dmcsrb.com\/wp-content\/uploads\/2026\/01\/otkazana-njeguska-trpeza.webp","contentUrl":"https:\/\/dmcsrb.com\/wp-content\/uploads\/2026\/01\/otkazana-njeguska-trpeza.webp","width":914,"height":546},{"@type":"BreadcrumbList","@id":"https:\/\/dmcsrb.com\/drustvo\/njeguska-trpeza-otkazana-zbog-tragicne-saobracajne-nesrece\/#breadcrumb","itemListElement":[{"@type":"ListItem","position":1,"name":"Home","item":"https:\/\/dmcsrb.com\/"},{"@type":"ListItem","position":2,"name":"\u201cNjegu\u0161ka trpeza\u201d otkazana zbog tragi\u010dne saobra\u0107ajne nesre\u0107e"}]},{"@type":"WebSite","@id":"https:\/\/dmcsrb.com\/#website","url":"https:\/\/dmcsrb.com\/","name":"dmcsrb.com","description":"","potentialAction":[{"@type":"SearchAction","target":{"@type":"EntryPoint","urlTemplate":"https:\/\/dmcsrb.com\/?s={search_term_string}"},"query-input":{"@type":"PropertyValueSpecification","valueRequired":true,"valueName":"search_term_string"}}],"inLanguage":"en-GB"},{"@type":"Person","@id":"https:\/\/dmcsrb.com\/#\/schema\/person\/5c39170f12db1b8b457732d0b5c854e2","name":"dmcsrbija.com@gmail.com","image":{"@type":"ImageObject","inLanguage":"en-GB","@id":"https:\/\/secure.gravatar.com\/avatar\/68592660ad6347fad0fb587f8d5d8f1a7b44961362f56e4f2cd524feb87e9069?s=96&d=mm&r=g","url":"https:\/\/secure.gravatar.com\/avatar\/68592660ad6347fad0fb587f8d5d8f1a7b44961362f56e4f2cd524feb87e9069?s=96&d=mm&r=g","contentUrl":"https:\/\/secure.gravatar.com\/avatar\/68592660ad6347fad0fb587f8d5d8f1a7b44961362f56e4f2cd524feb87e9069?s=96&d=mm&r=g","caption":"dmcsrbija.com@gmail.com"},"sameAs":["https:\/\/dmcsrb.com"],"url":"https:\/\/dmcsrb.com\/en\/author\/dmcsrbija-comgmail-com\/"}]}},"_links":{"self":[{"href":"https:\/\/dmcsrb.com\/en\/wp-json\/wp\/v2\/posts\/957327","targetHints":{"allow":["GET"]}}],"collection":[{"href":"https:\/\/dmcsrb.com\/en\/wp-json\/wp\/v2\/posts"}],"about":[{"href":"https:\/\/dmcsrb.com\/en\/wp-json\/wp\/v2\/types\/post"}],"author":[{"embeddable":true,"href":"https:\/\/dmcsrb.com\/en\/wp-json\/wp\/v2\/users\/1"}],"replies":[{"embeddable":true,"href":"https:\/\/dmcsrb.com\/en\/wp-json\/wp\/v2\/comments?post=957327"}],"version-history":[{"count":0,"href":"https:\/\/dmcsrb.com\/en\/wp-json\/wp\/v2\/posts\/957327\/revisions"}],"wp:featuredmedia":[{"embeddable":true,"href":"https:\/\/dmcsrb.com\/en\/wp-json\/wp\/v2\/media\/957328"}],"wp:attachment":[{"href":"https:\/\/dmcsrb.com\/en\/wp-json\/wp\/v2\/media?parent=957327"}],"wp:term":[{"taxonomy":"category","embeddable":true,"href":"https:\/\/dmcsrb.com\/en\/wp-json\/wp\/v2\/categories?post=957327"},{"taxonomy":"post_tag","embeddable":true,"href":"https:\/\/dmcsrb.com\/en\/wp-json\/wp\/v2\/tags?post=957327"},{"taxonomy":"naslovna","embeddable":true,"href":"https:\/\/dmcsrb.com\/en\/wp-json\/wp\/v2\/naslovna?post=957327"}],"curies":[{"name":"wp","href":"https:\/\/api.w.org\/{rel}","templated":true}]}}