{"id":957277,"date":"2025-10-11T19:48:00","date_gmt":"2025-10-11T17:48:00","guid":{"rendered":"https:\/\/dmcsrb.com\/uncategorized\/podgorica-uz-halida-sjutra-okupljanje-na-trgu-nezavisnosti\/"},"modified":"2025-10-11T19:48:00","modified_gmt":"2025-10-11T17:48:00","slug":"podgorica-uz-halida-sjutra-okupljanje-na-trgu-nezavisnosti","status":"publish","type":"post","link":"https:\/\/dmcsrb.com\/en\/podgorica\/podgorica-uz-halida-sjutra-okupljanje-na-trgu-nezavisnosti\/","title":{"rendered":"Podgorica uz Halida: Sjutra okupljanje na Trgu nezavisnosti"},"content":{"rendered":"<p>Pjeva\u010di iz Crne Gore i gra\u0111ani zajedno \u0107e se prisjetiti njegovih bezvremenih pjesama i muzike koja je spajala generacije.<\/p>\n\n\n\n<p>\u201cNjegove pjesme su nas spajale, grijale du\u0161u i pratile kroz najva\u017enije trenutke \u017eivota. Zato \u0107emo se svi \u2014 estradni umjetnici, gra\u0111ani i po\u0161tovaoci njegove muzike \u2014 okupiti da zajedno po\u0161aljemo poruku regionu: Halid \u017eivi kroz pjesmu i sje\u0107anje! Pozivamo vas da do\u0111ete, da zajedno zapjevamo i od srca odamo po\u010dast legendi balkanske muzike\u201d, navodi se u saop\u0161tenju Podgori\u010dkog korza.<\/p>","protected":false},"excerpt":{"rendered":"<p>U okviru festivala Podgori\u010dki korzo, u nedjelju u 17 sati na Trgu nezavisnosti, bi\u0107e odr\u017eano ve\u010de posve\u0107eno Halidu Be\u0161li\u0107u<\/p>","protected":false},"author":1,"featured_media":957083,"comment_status":"open","ping_status":"open","sticky":false,"template":"","format":"standard","meta":{"_acf_changed":false,"footnotes":""},"categories":[56],"tags":[10602,9927],"naslovna":[],"class_list":["post-957277","post","type-post","status-publish","format-standard","has-post-thumbnail","hentry","category-podgorica","tag-halid-beslic","tag-podgoricki-korzo"],"acf":[],"yoast_head":"<!-- This site is optimized with the Yoast SEO plugin v27.4 - https:\/\/yoast.com\/product\/yoast-seo-wordpress\/ -->\n<title>Podgorica uz Halida: Sjutra okupljanje na Trgu nezavisnosti - dmcsrb.com<\/title>\n<meta name=\"robots\" content=\"index, follow, max-snippet:-1, max-image-preview:large, max-video-preview:-1\" \/>\n<link rel=\"canonical\" href=\"https:\/\/dmcsrb.com\/en\/podgorica\/podgorica-uz-halida-sjutra-okupljanje-na-trgu-nezavisnosti\/\" \/>\n<meta property=\"og:locale\" content=\"en_GB\" \/>\n<meta property=\"og:type\" content=\"article\" \/>\n<meta property=\"og:title\" content=\"Podgorica uz Halida: Sjutra okupljanje na Trgu nezavisnosti - dmcsrb.com\" \/>\n<meta property=\"og:description\" content=\"U okviru festivala Podgori\u010dki korzo, u nedjelju u 17 sati na Trgu nezavisnosti, bi\u0107e odr\u017eano ve\u010de posve\u0107eno Halidu Be\u0161li\u0107u\" \/>\n<meta property=\"og:url\" content=\"https:\/\/dmcsrb.com\/en\/podgorica\/podgorica-uz-halida-sjutra-okupljanje-na-trgu-nezavisnosti\/\" \/>\n<meta property=\"og:site_name\" content=\"dmcsrb.com\" \/>\n<meta property=\"article:published_time\" content=\"2025-10-11T17:48:00+00:00\" \/>\n<meta property=\"og:image\" content=\"https:\/\/dmcsrb.com\/wp-content\/uploads\/2026\/01\/aklii_633x900-1.webp\" \/>\n\t<meta property=\"og:image:width\" content=\"900\" \/>\n\t<meta property=\"og:image:height\" content=\"633\" \/>\n\t<meta property=\"og:image:type\" content=\"image\/jpeg\" \/>\n<meta name=\"author\" content=\"dmcsrbija.com@gmail.com\" \/>\n<meta name=\"twitter:card\" content=\"summary_large_image\" \/>\n<meta name=\"twitter:label1\" content=\"Written by\" \/>\n\t<meta name=\"twitter:data1\" content=\"dmcsrbija.com@gmail.com\" \/>\n<script type=\"application\/ld+json\" class=\"yoast-schema-graph\">{\"@context\":\"https:\\\/\\\/schema.org\",\"@graph\":[{\"@type\":\"Article\",\"@id\":\"https:\\\/\\\/dmcsrb.com\\\/podgorica\\\/podgorica-uz-halida-sjutra-okupljanje-na-trgu-nezavisnosti\\\/#article\",\"isPartOf\":{\"@id\":\"https:\\\/\\\/dmcsrb.com\\\/podgorica\\\/podgorica-uz-halida-sjutra-okupljanje-na-trgu-nezavisnosti\\\/\"},\"author\":{\"name\":\"dmcsrbija.com@gmail.com\",\"@id\":\"https:\\\/\\\/dmcsrb.com\\\/#\\\/schema\\\/person\\\/5c39170f12db1b8b457732d0b5c854e2\"},\"headline\":\"Podgorica uz Halida: Sjutra okupljanje na Trgu nezavisnosti\",\"datePublished\":\"2025-10-11T17:48:00+00:00\",\"mainEntityOfPage\":{\"@id\":\"https:\\\/\\\/dmcsrb.com\\\/podgorica\\\/podgorica-uz-halida-sjutra-okupljanje-na-trgu-nezavisnosti\\\/\"},\"wordCount\":96,\"commentCount\":0,\"image\":{\"@id\":\"https:\\\/\\\/dmcsrb.com\\\/podgorica\\\/podgorica-uz-halida-sjutra-okupljanje-na-trgu-nezavisnosti\\\/#primaryimage\"},\"thumbnailUrl\":\"https:\\\/\\\/dmcsrb.com\\\/wp-content\\\/uploads\\\/2026\\\/01\\\/aklii_633x900-1.webp\",\"keywords\":[\"halid be\u0161li\u0107\",\"Podgori\u010dki korzo\"],\"articleSection\":[\"Podgorica\"],\"inLanguage\":\"en-GB\",\"potentialAction\":[{\"@type\":\"CommentAction\",\"name\":\"Comment\",\"target\":[\"https:\\\/\\\/dmcsrb.com\\\/podgorica\\\/podgorica-uz-halida-sjutra-okupljanje-na-trgu-nezavisnosti\\\/#respond\"]}]},{\"@type\":\"WebPage\",\"@id\":\"https:\\\/\\\/dmcsrb.com\\\/podgorica\\\/podgorica-uz-halida-sjutra-okupljanje-na-trgu-nezavisnosti\\\/\",\"url\":\"https:\\\/\\\/dmcsrb.com\\\/podgorica\\\/podgorica-uz-halida-sjutra-okupljanje-na-trgu-nezavisnosti\\\/\",\"name\":\"Podgorica uz Halida: Sjutra okupljanje na Trgu nezavisnosti - dmcsrb.com\",\"isPartOf\":{\"@id\":\"https:\\\/\\\/dmcsrb.com\\\/#website\"},\"primaryImageOfPage\":{\"@id\":\"https:\\\/\\\/dmcsrb.com\\\/podgorica\\\/podgorica-uz-halida-sjutra-okupljanje-na-trgu-nezavisnosti\\\/#primaryimage\"},\"image\":{\"@id\":\"https:\\\/\\\/dmcsrb.com\\\/podgorica\\\/podgorica-uz-halida-sjutra-okupljanje-na-trgu-nezavisnosti\\\/#primaryimage\"},\"thumbnailUrl\":\"https:\\\/\\\/dmcsrb.com\\\/wp-content\\\/uploads\\\/2026\\\/01\\\/aklii_633x900-1.webp\",\"datePublished\":\"2025-10-11T17:48:00+00:00\",\"author\":{\"@id\":\"https:\\\/\\\/dmcsrb.com\\\/#\\\/schema\\\/person\\\/5c39170f12db1b8b457732d0b5c854e2\"},\"breadcrumb\":{\"@id\":\"https:\\\/\\\/dmcsrb.com\\\/podgorica\\\/podgorica-uz-halida-sjutra-okupljanje-na-trgu-nezavisnosti\\\/#breadcrumb\"},\"inLanguage\":\"en-GB\",\"potentialAction\":[{\"@type\":\"ReadAction\",\"target\":[\"https:\\\/\\\/dmcsrb.com\\\/podgorica\\\/podgorica-uz-halida-sjutra-okupljanje-na-trgu-nezavisnosti\\\/\"]}]},{\"@type\":\"ImageObject\",\"inLanguage\":\"en-GB\",\"@id\":\"https:\\\/\\\/dmcsrb.com\\\/podgorica\\\/podgorica-uz-halida-sjutra-okupljanje-na-trgu-nezavisnosti\\\/#primaryimage\",\"url\":\"https:\\\/\\\/dmcsrb.com\\\/wp-content\\\/uploads\\\/2026\\\/01\\\/aklii_633x900-1.webp\",\"contentUrl\":\"https:\\\/\\\/dmcsrb.com\\\/wp-content\\\/uploads\\\/2026\\\/01\\\/aklii_633x900-1.webp\",\"width\":900,\"height\":633},{\"@type\":\"BreadcrumbList\",\"@id\":\"https:\\\/\\\/dmcsrb.com\\\/podgorica\\\/podgorica-uz-halida-sjutra-okupljanje-na-trgu-nezavisnosti\\\/#breadcrumb\",\"itemListElement\":[{\"@type\":\"ListItem\",\"position\":1,\"name\":\"Home\",\"item\":\"https:\\\/\\\/dmcsrb.com\\\/\"},{\"@type\":\"ListItem\",\"position\":2,\"name\":\"Podgorica uz Halida: Sjutra okupljanje na Trgu nezavisnosti\"}]},{\"@type\":\"WebSite\",\"@id\":\"https:\\\/\\\/dmcsrb.com\\\/#website\",\"url\":\"https:\\\/\\\/dmcsrb.com\\\/\",\"name\":\"dmcsrb.com\",\"description\":\"\",\"potentialAction\":[{\"@type\":\"SearchAction\",\"target\":{\"@type\":\"EntryPoint\",\"urlTemplate\":\"https:\\\/\\\/dmcsrb.com\\\/?s={search_term_string}\"},\"query-input\":{\"@type\":\"PropertyValueSpecification\",\"valueRequired\":true,\"valueName\":\"search_term_string\"}}],\"inLanguage\":\"en-GB\"},{\"@type\":\"Person\",\"@id\":\"https:\\\/\\\/dmcsrb.com\\\/#\\\/schema\\\/person\\\/5c39170f12db1b8b457732d0b5c854e2\",\"name\":\"dmcsrbija.com@gmail.com\",\"image\":{\"@type\":\"ImageObject\",\"inLanguage\":\"en-GB\",\"@id\":\"https:\\\/\\\/secure.gravatar.com\\\/avatar\\\/68592660ad6347fad0fb587f8d5d8f1a7b44961362f56e4f2cd524feb87e9069?s=96&d=mm&r=g\",\"url\":\"https:\\\/\\\/secure.gravatar.com\\\/avatar\\\/68592660ad6347fad0fb587f8d5d8f1a7b44961362f56e4f2cd524feb87e9069?s=96&d=mm&r=g\",\"contentUrl\":\"https:\\\/\\\/secure.gravatar.com\\\/avatar\\\/68592660ad6347fad0fb587f8d5d8f1a7b44961362f56e4f2cd524feb87e9069?s=96&d=mm&r=g\",\"caption\":\"dmcsrbija.com@gmail.com\"},\"sameAs\":[\"https:\\\/\\\/dmcsrb.com\"],\"url\":\"https:\\\/\\\/dmcsrb.com\\\/en\\\/author\\\/dmcsrbija-comgmail-com\\\/\"}]}<\/script>\n<!-- \/ Yoast SEO plugin. -->","yoast_head_json":{"title":"Podgorica uz Halida: Sjutra okupljanje na Trgu nezavisnosti - dmcsrb.com","robots":{"index":"index","follow":"follow","max-snippet":"max-snippet:-1","max-image-preview":"max-image-preview:large","max-video-preview":"max-video-preview:-1"},"canonical":"https:\/\/dmcsrb.com\/en\/podgorica\/podgorica-uz-halida-sjutra-okupljanje-na-trgu-nezavisnosti\/","og_locale":"en_GB","og_type":"article","og_title":"Podgorica uz Halida: Sjutra okupljanje na Trgu nezavisnosti - dmcsrb.com","og_description":"U okviru festivala Podgori\u010dki korzo, u nedjelju u 17 sati na Trgu nezavisnosti, bi\u0107e odr\u017eano ve\u010de posve\u0107eno Halidu Be\u0161li\u0107u","og_url":"https:\/\/dmcsrb.com\/en\/podgorica\/podgorica-uz-halida-sjutra-okupljanje-na-trgu-nezavisnosti\/","og_site_name":"dmcsrb.com","article_published_time":"2025-10-11T17:48:00+00:00","og_image":[{"width":900,"height":633,"url":"https:\/\/dmcsrb.com\/wp-content\/uploads\/2026\/01\/aklii_633x900-1.webp","type":"image\/jpeg"}],"author":"dmcsrbija.com@gmail.com","twitter_card":"summary_large_image","twitter_misc":{"Written by":"dmcsrbija.com@gmail.com"},"schema":{"@context":"https:\/\/schema.org","@graph":[{"@type":"Article","@id":"https:\/\/dmcsrb.com\/podgorica\/podgorica-uz-halida-sjutra-okupljanje-na-trgu-nezavisnosti\/#article","isPartOf":{"@id":"https:\/\/dmcsrb.com\/podgorica\/podgorica-uz-halida-sjutra-okupljanje-na-trgu-nezavisnosti\/"},"author":{"name":"dmcsrbija.com@gmail.com","@id":"https:\/\/dmcsrb.com\/#\/schema\/person\/5c39170f12db1b8b457732d0b5c854e2"},"headline":"Podgorica uz Halida: Sjutra okupljanje na Trgu nezavisnosti","datePublished":"2025-10-11T17:48:00+00:00","mainEntityOfPage":{"@id":"https:\/\/dmcsrb.com\/podgorica\/podgorica-uz-halida-sjutra-okupljanje-na-trgu-nezavisnosti\/"},"wordCount":96,"commentCount":0,"image":{"@id":"https:\/\/dmcsrb.com\/podgorica\/podgorica-uz-halida-sjutra-okupljanje-na-trgu-nezavisnosti\/#primaryimage"},"thumbnailUrl":"https:\/\/dmcsrb.com\/wp-content\/uploads\/2026\/01\/aklii_633x900-1.webp","keywords":["halid be\u0161li\u0107","Podgori\u010dki korzo"],"articleSection":["Podgorica"],"inLanguage":"en-GB","potentialAction":[{"@type":"CommentAction","name":"Comment","target":["https:\/\/dmcsrb.com\/podgorica\/podgorica-uz-halida-sjutra-okupljanje-na-trgu-nezavisnosti\/#respond"]}]},{"@type":"WebPage","@id":"https:\/\/dmcsrb.com\/podgorica\/podgorica-uz-halida-sjutra-okupljanje-na-trgu-nezavisnosti\/","url":"https:\/\/dmcsrb.com\/podgorica\/podgorica-uz-halida-sjutra-okupljanje-na-trgu-nezavisnosti\/","name":"Podgorica uz Halida: Sjutra okupljanje na Trgu nezavisnosti - dmcsrb.com","isPartOf":{"@id":"https:\/\/dmcsrb.com\/#website"},"primaryImageOfPage":{"@id":"https:\/\/dmcsrb.com\/podgorica\/podgorica-uz-halida-sjutra-okupljanje-na-trgu-nezavisnosti\/#primaryimage"},"image":{"@id":"https:\/\/dmcsrb.com\/podgorica\/podgorica-uz-halida-sjutra-okupljanje-na-trgu-nezavisnosti\/#primaryimage"},"thumbnailUrl":"https:\/\/dmcsrb.com\/wp-content\/uploads\/2026\/01\/aklii_633x900-1.webp","datePublished":"2025-10-11T17:48:00+00:00","author":{"@id":"https:\/\/dmcsrb.com\/#\/schema\/person\/5c39170f12db1b8b457732d0b5c854e2"},"breadcrumb":{"@id":"https:\/\/dmcsrb.com\/podgorica\/podgorica-uz-halida-sjutra-okupljanje-na-trgu-nezavisnosti\/#breadcrumb"},"inLanguage":"en-GB","potentialAction":[{"@type":"ReadAction","target":["https:\/\/dmcsrb.com\/podgorica\/podgorica-uz-halida-sjutra-okupljanje-na-trgu-nezavisnosti\/"]}]},{"@type":"ImageObject","inLanguage":"en-GB","@id":"https:\/\/dmcsrb.com\/podgorica\/podgorica-uz-halida-sjutra-okupljanje-na-trgu-nezavisnosti\/#primaryimage","url":"https:\/\/dmcsrb.com\/wp-content\/uploads\/2026\/01\/aklii_633x900-1.webp","contentUrl":"https:\/\/dmcsrb.com\/wp-content\/uploads\/2026\/01\/aklii_633x900-1.webp","width":900,"height":633},{"@type":"BreadcrumbList","@id":"https:\/\/dmcsrb.com\/podgorica\/podgorica-uz-halida-sjutra-okupljanje-na-trgu-nezavisnosti\/#breadcrumb","itemListElement":[{"@type":"ListItem","position":1,"name":"Home","item":"https:\/\/dmcsrb.com\/"},{"@type":"ListItem","position":2,"name":"Podgorica uz Halida: Sjutra okupljanje na Trgu nezavisnosti"}]},{"@type":"WebSite","@id":"https:\/\/dmcsrb.com\/#website","url":"https:\/\/dmcsrb.com\/","name":"dmcsrb.com","description":"","potentialAction":[{"@type":"SearchAction","target":{"@type":"EntryPoint","urlTemplate":"https:\/\/dmcsrb.com\/?s={search_term_string}"},"query-input":{"@type":"PropertyValueSpecification","valueRequired":true,"valueName":"search_term_string"}}],"inLanguage":"en-GB"},{"@type":"Person","@id":"https:\/\/dmcsrb.com\/#\/schema\/person\/5c39170f12db1b8b457732d0b5c854e2","name":"dmcsrbija.com@gmail.com","image":{"@type":"ImageObject","inLanguage":"en-GB","@id":"https:\/\/secure.gravatar.com\/avatar\/68592660ad6347fad0fb587f8d5d8f1a7b44961362f56e4f2cd524feb87e9069?s=96&d=mm&r=g","url":"https:\/\/secure.gravatar.com\/avatar\/68592660ad6347fad0fb587f8d5d8f1a7b44961362f56e4f2cd524feb87e9069?s=96&d=mm&r=g","contentUrl":"https:\/\/secure.gravatar.com\/avatar\/68592660ad6347fad0fb587f8d5d8f1a7b44961362f56e4f2cd524feb87e9069?s=96&d=mm&r=g","caption":"dmcsrbija.com@gmail.com"},"sameAs":["https:\/\/dmcsrb.com"],"url":"https:\/\/dmcsrb.com\/en\/author\/dmcsrbija-comgmail-com\/"}]}},"_links":{"self":[{"href":"https:\/\/dmcsrb.com\/en\/wp-json\/wp\/v2\/posts\/957277","targetHints":{"allow":["GET"]}}],"collection":[{"href":"https:\/\/dmcsrb.com\/en\/wp-json\/wp\/v2\/posts"}],"about":[{"href":"https:\/\/dmcsrb.com\/en\/wp-json\/wp\/v2\/types\/post"}],"author":[{"embeddable":true,"href":"https:\/\/dmcsrb.com\/en\/wp-json\/wp\/v2\/users\/1"}],"replies":[{"embeddable":true,"href":"https:\/\/dmcsrb.com\/en\/wp-json\/wp\/v2\/comments?post=957277"}],"version-history":[{"count":0,"href":"https:\/\/dmcsrb.com\/en\/wp-json\/wp\/v2\/posts\/957277\/revisions"}],"wp:featuredmedia":[{"embeddable":true,"href":"https:\/\/dmcsrb.com\/en\/wp-json\/wp\/v2\/media\/957083"}],"wp:attachment":[{"href":"https:\/\/dmcsrb.com\/en\/wp-json\/wp\/v2\/media?parent=957277"}],"wp:term":[{"taxonomy":"category","embeddable":true,"href":"https:\/\/dmcsrb.com\/en\/wp-json\/wp\/v2\/categories?post=957277"},{"taxonomy":"post_tag","embeddable":true,"href":"https:\/\/dmcsrb.com\/en\/wp-json\/wp\/v2\/tags?post=957277"},{"taxonomy":"naslovna","embeddable":true,"href":"https:\/\/dmcsrb.com\/en\/wp-json\/wp\/v2\/naslovna?post=957277"}],"curies":[{"name":"wp","href":"https:\/\/api.w.org\/{rel}","templated":true}]}}