{"id":957267,"date":"2025-10-11T18:45:00","date_gmt":"2025-10-11T16:45:00","guid":{"rendered":"https:\/\/dmcsrb.com\/uncategorized\/rok-za-legalizaciju-istice-u-februaru-procedure-usporene-zbog-neuskladjenih-zakona\/"},"modified":"2025-10-11T18:45:00","modified_gmt":"2025-10-11T16:45:00","slug":"rok-za-legalizaciju-istice-u-februaru-procedure-usporene-zbog-neuskladjenih-zakona","status":"publish","type":"post","link":"https:\/\/dmcsrb.com\/en\/ekonomija\/rok-za-legalizaciju-istice-u-februaru-procedure-usporene-zbog-neuskladjenih-zakona\/","title":{"rendered":"Rok za legalizaciju isti\u010de u februaru: Procedure usporene zbog neuskla\u0111enih zakona"},"content":{"rendered":"<p><\/p>\n\n\n\n<p>Legalizacijom objekata vlasnici dobijaju odgovaraju\u0107e dozvole, pravno reguli\u0161u status objekata koje su izgradili, uvode ih u katastarsku evidenciju i nakon zavr\u0161enog procesa mogu ih prometovati ili dati u naslje\u0111e bez ikakvih prepreka. Prvi korak je anga\u017eovanje geodetskih agencija koje premjeravaju objekat i izra\u0111uju elaborat koji vlasnik predaje katastru na ovjeru. Nakon ovjeravanja elaborata vlasnik u sekretarijatu za urbanizam popunjava zahtjev za legalizaciju.<br><br>&#8220;Uz zahtjev dostavlja ovjereni geodetski elaborat izvedenog stanja objekta koji treba da ovjeri od strane uprave za nekretnine i list nepokretnosti koji je dokaz da je taj objekat ve\u0107 upisan u katastar&#8221;, saop\u0161tio je <strong>Mladen Plemi\u0107<\/strong> iz geodetske agencije.<br><br>Procedura je detaljno obja\u0161njena na sajtu legalizuj.me i na prvi pogled ne djeluje komplikovana za vlasnike objekata osnovnog stanovanja. Ipak, ne ide sve ba\u0161 tako glatko zbog neuskla\u0111ene zakonske regulative i odre\u0111enih nedovr\u0161enih procesa.<br><br>Za vi\u0161e od 100.000 ljudi u Crnoj Gori pitanje legalizacije jedno je od va\u017enijih u ovom trenutku. Ponovo su pokrenute procedure po novom zakonu o legalizaciji. To je na neki na\u010din Lex specijalis, me\u0111utim trenutno katastri u op\u0161tinama ne ovjeravaju elaborate. Dakle nije mogu\u0107e u ovom trenutku podnijeti zahtjev u zavodu za urbanizam, a rok je do februara naredne godine.<br><br><br>Nakon postavljanja ortofoto snimka iz jula ove godine na geoportalu i izmjena Zakona o dr\u017eavnom premjeru i katastru, Katastar \u0107e ovjeravati elaborate i gra\u0111ani \u0107e mo\u0107i predavati zahtjeve za legalizaciju u sekretarijatu za urbanizam, rekao nam je pisanim putem Nikola Ra\u017enatovi\u0107 direktor direktorata za legalizaciju. Nije pristao da da izjavu na ovu temu pa smo ostali uskra\u0107eni za odgovore na pitanja kada mo\u017eemo o\u010dekivati pomenute izmjene zakona, koje su izmjene u pitanju, kada \u0107e biti postavljen snimak na geoportalu i da li \u0107e biti produ\u017een rok od 6 mjeseci za predaju zahtjeva koji isti\u010de u februaru?<br><br>&#8220;Rok od 6 mjeseci opet je nerealan ako bi svi ljudi u\u0161li u postupak legalizacije, nerealno da se sve to zavr\u0161i u tom periodu&#8221;, ka\u017ee Plemi\u0107.<br><br>Zakonom je predvi\u0111eno formiranje komisija koje \u0107e obilaziti objekte, a \u010dini\u0107e ih tri \u010dlana: geodeta, pravnik i arhitekta ili stati\u010dar. Svi vlasnici, koji su prethodnih godina u\u0161li u proces legalizacije, predajom zahtjeva u sekretarijatu za urbanizam nastavljaju tamo gdje su stali.<br><br>&#8220;Ukoliko su bile neke izmjene mora\u0107e da predaju na ovjeru ponovo te elaborate ili u urbanizam ili u katastar da bi se vidjelo da li to odgovara stvarnom stanju na terenu jer komisije koje se formiraju mora\u0107e da idu od objekta do objekta da uporede geodetski snimak sa fakti\u010dkim stanjem na terenu&#8221;, ka\u017ee Plemi\u0107.<br><br>\u010cak i oni vlasnici koji su u prethodnom periodu dobili pravosna\u017eno i izvr\u0161no rje\u0161enje o ru\u0161enju nelegalnog objekta, prema novom zakonu mogu opet da pokrenu proces legalizacije, ka\u017ee na\u0161 sagovornik. Vi\u0161e nije potreban elaborat o stabilnosti objekata do 500 kvadrata koji izra\u0111uju stati\u010dari ve\u0107 \u0107e biti dovoljan izvje\u0161taj za objekte od 200 do 500 kvadrata, koji se ne reviduje, i izjava vlasnika da je odgovoran za eventualne \u0161tete po tre\u0107e lice.<\/p>\n\n\n\n<p>To \u0107e legalizaciju objekata osnovnog stanovanja u\u010diniti jeftinijom, a za sad se ne zna koliko \u0107e u kojoj op\u0161tini ona ko\u0161tati. Uz to nisu definisane procedure i forma elaborata pa ih pojedini katastri vra\u0107aju na doradu na osnovu li\u010dnog stava slu\u017ebenika Uprave za nekretnine, dodaje Plemi\u0107. Dakle, dobra volja svih zainteresovanih strana u procesu legalizacije postoji, ali je glavni utisak da je do\u0161lo do gre\u0161ke u koracima i da javnost nije dovoljno dobro obavije\u0161tena o problemima koji su se javili u me\u0111uvremenu.<\/p>","protected":false},"excerpt":{"rendered":"<p>Februar naredne godine rok je do kojeg gra\u0111ani mogu predati zahtjev za legalizaciju bespravno izgra\u0111enih objekata. Rokovi polako teku ali se pojavljuju i prve prepreke, saznaje Televizija Crne Gore. Neuskla\u0111enost zakona o dr\u017eavnom premijeru i katastru, sa novim zakonom o legalizaciji usporili su proces.\u00a0<\/p>","protected":false},"author":1,"featured_media":950557,"comment_status":"open","ping_status":"open","sticky":false,"template":"","format":"standard","meta":{"_acf_changed":false,"footnotes":""},"categories":[27],"tags":[29,11110],"naslovna":[],"class_list":["post-957267","post","type-post","status-publish","format-standard","has-post-thumbnail","hentry","category-ekonomija","tag-legalizacija","tag-mladen-plemic"],"acf":[],"yoast_head":"<!-- This site is optimized with the Yoast SEO plugin v27.4 - https:\/\/yoast.com\/product\/yoast-seo-wordpress\/ -->\n<title>Rok za legalizaciju isti\u010de u februaru: Procedure usporene zbog neuskla\u0111enih zakona - dmcsrb.com<\/title>\n<meta name=\"robots\" content=\"index, follow, max-snippet:-1, max-image-preview:large, max-video-preview:-1\" \/>\n<link rel=\"canonical\" href=\"https:\/\/dmcsrb.com\/en\/ekonomija\/rok-za-legalizaciju-istice-u-februaru-procedure-usporene-zbog-neuskladjenih-zakona\/\" \/>\n<meta property=\"og:locale\" content=\"en_GB\" \/>\n<meta property=\"og:type\" content=\"article\" \/>\n<meta property=\"og:title\" content=\"Rok za legalizaciju isti\u010de u februaru: Procedure usporene zbog neuskla\u0111enih zakona - dmcsrb.com\" \/>\n<meta property=\"og:description\" content=\"Februar naredne godine rok je do kojeg gra\u0111ani mogu predati zahtjev za legalizaciju bespravno izgra\u0111enih objekata. Rokovi polako teku ali se pojavljuju i prve prepreke, saznaje Televizija Crne Gore. Neuskla\u0111enost zakona o dr\u017eavnom premijeru i katastru, sa novim zakonom o legalizaciji usporili su proces.\u00a0\" \/>\n<meta property=\"og:url\" content=\"https:\/\/dmcsrb.com\/en\/ekonomija\/rok-za-legalizaciju-istice-u-februaru-procedure-usporene-zbog-neuskladjenih-zakona\/\" \/>\n<meta property=\"og:site_name\" content=\"dmcsrb.com\" \/>\n<meta property=\"article:published_time\" content=\"2025-10-11T16:45:00+00:00\" \/>\n<meta property=\"og:image\" content=\"https:\/\/dmcsrb.com\/wp-content\/uploads\/2026\/01\/Podgorica-periferija-grada-panorama-foto-gradski.webp\" \/>\n\t<meta property=\"og:image:width\" content=\"1729\" \/>\n\t<meta property=\"og:image:height\" content=\"877\" \/>\n\t<meta property=\"og:image:type\" content=\"image\/jpeg\" \/>\n<meta name=\"author\" content=\"dmcsrbija.com@gmail.com\" \/>\n<meta name=\"twitter:card\" content=\"summary_large_image\" \/>\n<meta name=\"twitter:label1\" content=\"Written by\" \/>\n\t<meta name=\"twitter:data1\" content=\"dmcsrbija.com@gmail.com\" \/>\n\t<meta name=\"twitter:label2\" content=\"Estimated reading time\" \/>\n\t<meta name=\"twitter:data2\" content=\"3 minutes\" \/>\n<script type=\"application\/ld+json\" class=\"yoast-schema-graph\">{\"@context\":\"https:\\\/\\\/schema.org\",\"@graph\":[{\"@type\":\"Article\",\"@id\":\"https:\\\/\\\/dmcsrb.com\\\/ekonomija\\\/rok-za-legalizaciju-istice-u-februaru-procedure-usporene-zbog-neuskladjenih-zakona\\\/#article\",\"isPartOf\":{\"@id\":\"https:\\\/\\\/dmcsrb.com\\\/ekonomija\\\/rok-za-legalizaciju-istice-u-februaru-procedure-usporene-zbog-neuskladjenih-zakona\\\/\"},\"author\":{\"name\":\"dmcsrbija.com@gmail.com\",\"@id\":\"https:\\\/\\\/dmcsrb.com\\\/#\\\/schema\\\/person\\\/5c39170f12db1b8b457732d0b5c854e2\"},\"headline\":\"Rok za legalizaciju isti\u010de u februaru: Procedure usporene zbog neuskla\u0111enih zakona\",\"datePublished\":\"2025-10-11T16:45:00+00:00\",\"mainEntityOfPage\":{\"@id\":\"https:\\\/\\\/dmcsrb.com\\\/ekonomija\\\/rok-za-legalizaciju-istice-u-februaru-procedure-usporene-zbog-neuskladjenih-zakona\\\/\"},\"wordCount\":630,\"commentCount\":0,\"image\":{\"@id\":\"https:\\\/\\\/dmcsrb.com\\\/ekonomija\\\/rok-za-legalizaciju-istice-u-februaru-procedure-usporene-zbog-neuskladjenih-zakona\\\/#primaryimage\"},\"thumbnailUrl\":\"https:\\\/\\\/dmcsrb.com\\\/wp-content\\\/uploads\\\/2026\\\/01\\\/Podgorica-periferija-grada-panorama-foto-gradski.webp\",\"keywords\":[\"legalizacija\",\"Mladen Plemi\u0107\"],\"articleSection\":[\"Ekonomija\"],\"inLanguage\":\"en-GB\",\"potentialAction\":[{\"@type\":\"CommentAction\",\"name\":\"Comment\",\"target\":[\"https:\\\/\\\/dmcsrb.com\\\/ekonomija\\\/rok-za-legalizaciju-istice-u-februaru-procedure-usporene-zbog-neuskladjenih-zakona\\\/#respond\"]}]},{\"@type\":\"WebPage\",\"@id\":\"https:\\\/\\\/dmcsrb.com\\\/ekonomija\\\/rok-za-legalizaciju-istice-u-februaru-procedure-usporene-zbog-neuskladjenih-zakona\\\/\",\"url\":\"https:\\\/\\\/dmcsrb.com\\\/ekonomija\\\/rok-za-legalizaciju-istice-u-februaru-procedure-usporene-zbog-neuskladjenih-zakona\\\/\",\"name\":\"Rok za legalizaciju isti\u010de u februaru: Procedure usporene zbog neuskla\u0111enih zakona - dmcsrb.com\",\"isPartOf\":{\"@id\":\"https:\\\/\\\/dmcsrb.com\\\/#website\"},\"primaryImageOfPage\":{\"@id\":\"https:\\\/\\\/dmcsrb.com\\\/ekonomija\\\/rok-za-legalizaciju-istice-u-februaru-procedure-usporene-zbog-neuskladjenih-zakona\\\/#primaryimage\"},\"image\":{\"@id\":\"https:\\\/\\\/dmcsrb.com\\\/ekonomija\\\/rok-za-legalizaciju-istice-u-februaru-procedure-usporene-zbog-neuskladjenih-zakona\\\/#primaryimage\"},\"thumbnailUrl\":\"https:\\\/\\\/dmcsrb.com\\\/wp-content\\\/uploads\\\/2026\\\/01\\\/Podgorica-periferija-grada-panorama-foto-gradski.webp\",\"datePublished\":\"2025-10-11T16:45:00+00:00\",\"author\":{\"@id\":\"https:\\\/\\\/dmcsrb.com\\\/#\\\/schema\\\/person\\\/5c39170f12db1b8b457732d0b5c854e2\"},\"breadcrumb\":{\"@id\":\"https:\\\/\\\/dmcsrb.com\\\/ekonomija\\\/rok-za-legalizaciju-istice-u-februaru-procedure-usporene-zbog-neuskladjenih-zakona\\\/#breadcrumb\"},\"inLanguage\":\"en-GB\",\"potentialAction\":[{\"@type\":\"ReadAction\",\"target\":[\"https:\\\/\\\/dmcsrb.com\\\/ekonomija\\\/rok-za-legalizaciju-istice-u-februaru-procedure-usporene-zbog-neuskladjenih-zakona\\\/\"]}]},{\"@type\":\"ImageObject\",\"inLanguage\":\"en-GB\",\"@id\":\"https:\\\/\\\/dmcsrb.com\\\/ekonomija\\\/rok-za-legalizaciju-istice-u-februaru-procedure-usporene-zbog-neuskladjenih-zakona\\\/#primaryimage\",\"url\":\"https:\\\/\\\/dmcsrb.com\\\/wp-content\\\/uploads\\\/2026\\\/01\\\/Podgorica-periferija-grada-panorama-foto-gradski.webp\",\"contentUrl\":\"https:\\\/\\\/dmcsrb.com\\\/wp-content\\\/uploads\\\/2026\\\/01\\\/Podgorica-periferija-grada-panorama-foto-gradski.webp\",\"width\":1729,\"height\":877},{\"@type\":\"BreadcrumbList\",\"@id\":\"https:\\\/\\\/dmcsrb.com\\\/ekonomija\\\/rok-za-legalizaciju-istice-u-februaru-procedure-usporene-zbog-neuskladjenih-zakona\\\/#breadcrumb\",\"itemListElement\":[{\"@type\":\"ListItem\",\"position\":1,\"name\":\"Home\",\"item\":\"https:\\\/\\\/dmcsrb.com\\\/\"},{\"@type\":\"ListItem\",\"position\":2,\"name\":\"Rok za legalizaciju isti\u010de u februaru: Procedure usporene zbog neuskla\u0111enih zakona\"}]},{\"@type\":\"WebSite\",\"@id\":\"https:\\\/\\\/dmcsrb.com\\\/#website\",\"url\":\"https:\\\/\\\/dmcsrb.com\\\/\",\"name\":\"dmcsrb.com\",\"description\":\"\",\"potentialAction\":[{\"@type\":\"SearchAction\",\"target\":{\"@type\":\"EntryPoint\",\"urlTemplate\":\"https:\\\/\\\/dmcsrb.com\\\/?s={search_term_string}\"},\"query-input\":{\"@type\":\"PropertyValueSpecification\",\"valueRequired\":true,\"valueName\":\"search_term_string\"}}],\"inLanguage\":\"en-GB\"},{\"@type\":\"Person\",\"@id\":\"https:\\\/\\\/dmcsrb.com\\\/#\\\/schema\\\/person\\\/5c39170f12db1b8b457732d0b5c854e2\",\"name\":\"dmcsrbija.com@gmail.com\",\"image\":{\"@type\":\"ImageObject\",\"inLanguage\":\"en-GB\",\"@id\":\"https:\\\/\\\/secure.gravatar.com\\\/avatar\\\/68592660ad6347fad0fb587f8d5d8f1a7b44961362f56e4f2cd524feb87e9069?s=96&d=mm&r=g\",\"url\":\"https:\\\/\\\/secure.gravatar.com\\\/avatar\\\/68592660ad6347fad0fb587f8d5d8f1a7b44961362f56e4f2cd524feb87e9069?s=96&d=mm&r=g\",\"contentUrl\":\"https:\\\/\\\/secure.gravatar.com\\\/avatar\\\/68592660ad6347fad0fb587f8d5d8f1a7b44961362f56e4f2cd524feb87e9069?s=96&d=mm&r=g\",\"caption\":\"dmcsrbija.com@gmail.com\"},\"sameAs\":[\"https:\\\/\\\/dmcsrb.com\"],\"url\":\"https:\\\/\\\/dmcsrb.com\\\/en\\\/author\\\/dmcsrbija-comgmail-com\\\/\"}]}<\/script>\n<!-- \/ Yoast SEO plugin. -->","yoast_head_json":{"title":"Rok za legalizaciju isti\u010de u februaru: Procedure usporene zbog neuskla\u0111enih zakona - dmcsrb.com","robots":{"index":"index","follow":"follow","max-snippet":"max-snippet:-1","max-image-preview":"max-image-preview:large","max-video-preview":"max-video-preview:-1"},"canonical":"https:\/\/dmcsrb.com\/en\/ekonomija\/rok-za-legalizaciju-istice-u-februaru-procedure-usporene-zbog-neuskladjenih-zakona\/","og_locale":"en_GB","og_type":"article","og_title":"Rok za legalizaciju isti\u010de u februaru: Procedure usporene zbog neuskla\u0111enih zakona - dmcsrb.com","og_description":"Februar naredne godine rok je do kojeg gra\u0111ani mogu predati zahtjev za legalizaciju bespravno izgra\u0111enih objekata. Rokovi polako teku ali se pojavljuju i prve prepreke, saznaje Televizija Crne Gore. Neuskla\u0111enost zakona o dr\u017eavnom premijeru i katastru, sa novim zakonom o legalizaciji usporili su proces.\u00a0","og_url":"https:\/\/dmcsrb.com\/en\/ekonomija\/rok-za-legalizaciju-istice-u-februaru-procedure-usporene-zbog-neuskladjenih-zakona\/","og_site_name":"dmcsrb.com","article_published_time":"2025-10-11T16:45:00+00:00","og_image":[{"width":1729,"height":877,"url":"https:\/\/dmcsrb.com\/wp-content\/uploads\/2026\/01\/Podgorica-periferija-grada-panorama-foto-gradski.webp","type":"image\/jpeg"}],"author":"dmcsrbija.com@gmail.com","twitter_card":"summary_large_image","twitter_misc":{"Written by":"dmcsrbija.com@gmail.com","Estimated reading time":"3 minutes"},"schema":{"@context":"https:\/\/schema.org","@graph":[{"@type":"Article","@id":"https:\/\/dmcsrb.com\/ekonomija\/rok-za-legalizaciju-istice-u-februaru-procedure-usporene-zbog-neuskladjenih-zakona\/#article","isPartOf":{"@id":"https:\/\/dmcsrb.com\/ekonomija\/rok-za-legalizaciju-istice-u-februaru-procedure-usporene-zbog-neuskladjenih-zakona\/"},"author":{"name":"dmcsrbija.com@gmail.com","@id":"https:\/\/dmcsrb.com\/#\/schema\/person\/5c39170f12db1b8b457732d0b5c854e2"},"headline":"Rok za legalizaciju isti\u010de u februaru: Procedure usporene zbog neuskla\u0111enih zakona","datePublished":"2025-10-11T16:45:00+00:00","mainEntityOfPage":{"@id":"https:\/\/dmcsrb.com\/ekonomija\/rok-za-legalizaciju-istice-u-februaru-procedure-usporene-zbog-neuskladjenih-zakona\/"},"wordCount":630,"commentCount":0,"image":{"@id":"https:\/\/dmcsrb.com\/ekonomija\/rok-za-legalizaciju-istice-u-februaru-procedure-usporene-zbog-neuskladjenih-zakona\/#primaryimage"},"thumbnailUrl":"https:\/\/dmcsrb.com\/wp-content\/uploads\/2026\/01\/Podgorica-periferija-grada-panorama-foto-gradski.webp","keywords":["legalizacija","Mladen Plemi\u0107"],"articleSection":["Ekonomija"],"inLanguage":"en-GB","potentialAction":[{"@type":"CommentAction","name":"Comment","target":["https:\/\/dmcsrb.com\/ekonomija\/rok-za-legalizaciju-istice-u-februaru-procedure-usporene-zbog-neuskladjenih-zakona\/#respond"]}]},{"@type":"WebPage","@id":"https:\/\/dmcsrb.com\/ekonomija\/rok-za-legalizaciju-istice-u-februaru-procedure-usporene-zbog-neuskladjenih-zakona\/","url":"https:\/\/dmcsrb.com\/ekonomija\/rok-za-legalizaciju-istice-u-februaru-procedure-usporene-zbog-neuskladjenih-zakona\/","name":"Rok za legalizaciju isti\u010de u februaru: Procedure usporene zbog neuskla\u0111enih zakona - dmcsrb.com","isPartOf":{"@id":"https:\/\/dmcsrb.com\/#website"},"primaryImageOfPage":{"@id":"https:\/\/dmcsrb.com\/ekonomija\/rok-za-legalizaciju-istice-u-februaru-procedure-usporene-zbog-neuskladjenih-zakona\/#primaryimage"},"image":{"@id":"https:\/\/dmcsrb.com\/ekonomija\/rok-za-legalizaciju-istice-u-februaru-procedure-usporene-zbog-neuskladjenih-zakona\/#primaryimage"},"thumbnailUrl":"https:\/\/dmcsrb.com\/wp-content\/uploads\/2026\/01\/Podgorica-periferija-grada-panorama-foto-gradski.webp","datePublished":"2025-10-11T16:45:00+00:00","author":{"@id":"https:\/\/dmcsrb.com\/#\/schema\/person\/5c39170f12db1b8b457732d0b5c854e2"},"breadcrumb":{"@id":"https:\/\/dmcsrb.com\/ekonomija\/rok-za-legalizaciju-istice-u-februaru-procedure-usporene-zbog-neuskladjenih-zakona\/#breadcrumb"},"inLanguage":"en-GB","potentialAction":[{"@type":"ReadAction","target":["https:\/\/dmcsrb.com\/ekonomija\/rok-za-legalizaciju-istice-u-februaru-procedure-usporene-zbog-neuskladjenih-zakona\/"]}]},{"@type":"ImageObject","inLanguage":"en-GB","@id":"https:\/\/dmcsrb.com\/ekonomija\/rok-za-legalizaciju-istice-u-februaru-procedure-usporene-zbog-neuskladjenih-zakona\/#primaryimage","url":"https:\/\/dmcsrb.com\/wp-content\/uploads\/2026\/01\/Podgorica-periferija-grada-panorama-foto-gradski.webp","contentUrl":"https:\/\/dmcsrb.com\/wp-content\/uploads\/2026\/01\/Podgorica-periferija-grada-panorama-foto-gradski.webp","width":1729,"height":877},{"@type":"BreadcrumbList","@id":"https:\/\/dmcsrb.com\/ekonomija\/rok-za-legalizaciju-istice-u-februaru-procedure-usporene-zbog-neuskladjenih-zakona\/#breadcrumb","itemListElement":[{"@type":"ListItem","position":1,"name":"Home","item":"https:\/\/dmcsrb.com\/"},{"@type":"ListItem","position":2,"name":"Rok za legalizaciju isti\u010de u februaru: Procedure usporene zbog neuskla\u0111enih zakona"}]},{"@type":"WebSite","@id":"https:\/\/dmcsrb.com\/#website","url":"https:\/\/dmcsrb.com\/","name":"dmcsrb.com","description":"","potentialAction":[{"@type":"SearchAction","target":{"@type":"EntryPoint","urlTemplate":"https:\/\/dmcsrb.com\/?s={search_term_string}"},"query-input":{"@type":"PropertyValueSpecification","valueRequired":true,"valueName":"search_term_string"}}],"inLanguage":"en-GB"},{"@type":"Person","@id":"https:\/\/dmcsrb.com\/#\/schema\/person\/5c39170f12db1b8b457732d0b5c854e2","name":"dmcsrbija.com@gmail.com","image":{"@type":"ImageObject","inLanguage":"en-GB","@id":"https:\/\/secure.gravatar.com\/avatar\/68592660ad6347fad0fb587f8d5d8f1a7b44961362f56e4f2cd524feb87e9069?s=96&d=mm&r=g","url":"https:\/\/secure.gravatar.com\/avatar\/68592660ad6347fad0fb587f8d5d8f1a7b44961362f56e4f2cd524feb87e9069?s=96&d=mm&r=g","contentUrl":"https:\/\/secure.gravatar.com\/avatar\/68592660ad6347fad0fb587f8d5d8f1a7b44961362f56e4f2cd524feb87e9069?s=96&d=mm&r=g","caption":"dmcsrbija.com@gmail.com"},"sameAs":["https:\/\/dmcsrb.com"],"url":"https:\/\/dmcsrb.com\/en\/author\/dmcsrbija-comgmail-com\/"}]}},"_links":{"self":[{"href":"https:\/\/dmcsrb.com\/en\/wp-json\/wp\/v2\/posts\/957267","targetHints":{"allow":["GET"]}}],"collection":[{"href":"https:\/\/dmcsrb.com\/en\/wp-json\/wp\/v2\/posts"}],"about":[{"href":"https:\/\/dmcsrb.com\/en\/wp-json\/wp\/v2\/types\/post"}],"author":[{"embeddable":true,"href":"https:\/\/dmcsrb.com\/en\/wp-json\/wp\/v2\/users\/1"}],"replies":[{"embeddable":true,"href":"https:\/\/dmcsrb.com\/en\/wp-json\/wp\/v2\/comments?post=957267"}],"version-history":[{"count":0,"href":"https:\/\/dmcsrb.com\/en\/wp-json\/wp\/v2\/posts\/957267\/revisions"}],"wp:featuredmedia":[{"embeddable":true,"href":"https:\/\/dmcsrb.com\/en\/wp-json\/wp\/v2\/media\/950557"}],"wp:attachment":[{"href":"https:\/\/dmcsrb.com\/en\/wp-json\/wp\/v2\/media?parent=957267"}],"wp:term":[{"taxonomy":"category","embeddable":true,"href":"https:\/\/dmcsrb.com\/en\/wp-json\/wp\/v2\/categories?post=957267"},{"taxonomy":"post_tag","embeddable":true,"href":"https:\/\/dmcsrb.com\/en\/wp-json\/wp\/v2\/tags?post=957267"},{"taxonomy":"naslovna","embeddable":true,"href":"https:\/\/dmcsrb.com\/en\/wp-json\/wp\/v2\/naslovna?post=957267"}],"curies":[{"name":"wp","href":"https:\/\/api.w.org\/{rel}","templated":true}]}}