{"id":957266,"date":"2025-10-11T18:16:00","date_gmt":"2025-10-11T16:16:00","guid":{"rendered":"https:\/\/dmcsrb.com\/uncategorized\/nikic-bili-smo-i-ranije-u-teskim-situacijama-protiv-lihtenstajna-idemo-na-pobjedu\/"},"modified":"2025-10-11T18:16:00","modified_gmt":"2025-10-11T16:16:00","slug":"nikic-bili-smo-i-ranije-u-teskim-situacijama-protiv-lihtenstajna-idemo-na-pobjedu","status":"publish","type":"post","link":"https:\/\/dmcsrb.com\/en\/sport\/nikic-bili-smo-i-ranije-u-teskim-situacijama-protiv-lihtenstajna-idemo-na-pobjedu\/","title":{"rendered":"Niki\u0107: Bili smo i ranije u te\u0161kim situacijama, protiv Lihten\u0161tajna idemo na pobjedu"},"content":{"rendered":"<p>&#8220;Do\u017eivjeli smo debakl, te\u0161kih nekoliko dana je iza nas. Puno smo pri\u010dali nakon me\u010da, analizirali smo da vidimo gdje smo grije\u0161ili. Spremali smo se dugo za taj me\u010d, ali na\u017ealost primili smo golove na na\u010din na koji smo upozoreni da oni igraju&#8221;, kazao je na\u0161 golman na brifingu sa medijima.<\/p>\n\n\n\n<p>Ka\u017ee da i pored te\u0161kog poraza, vjeruje da ekipa ima kvalitet, te da moraju izvu\u0107i pouke iz svega ovoga.<\/p>\n\n\n\n<p>&#8220;Uticao je poraz puno na nas, jer vjerujemo da imamo potencijal. Nismo napravili nijednu \u0161ansu u Tor\u0161aunu, moramo da zapamtimo ovaj poraz, kako bi izvukli pouke. \u017delja je bila tu, uvijek se trudimo kad igramo za nacionalni tim, ali nismo bili koncentrisani kako treba&#8221;, poruka je \u010duvara mre\u017ee &#8220;sokola&#8221;.<\/p>\n\n\n\n<p>Napomenuo je da ekipa i u te\u0161kim trenucima mora da ostane ujedninjena.<\/p>\n\n\n\n<p>&#8220;Vidimo izlaz iz svega ovoga, moramo da se dr\u017eimo zajedno, bili smo i ranije u te\u0161kim situacijama. Moramo da radimo ja\u010de nego do sada i da slu\u0161amo savjete selektora&#8221;, istakao je Niki\u0107.<\/p>\n\n\n\n<p>U ponedjeljak na\u0161a selekcija igra prijateljski me\u010d sa Lihten\u0161tajnom.<\/p>\n\n\n\n<p>&#8220;Mo\u017eda je dobro \u0161to ve\u0107 tako brzo igramo sa Lihten\u0161tajnom, da damo sve od sebe i da pobijedimo taj me\u010d. Ne smijemo da ih potcijenimo, moramo da doka\u017eemo da na terenu da smo bolji&#8221;, kazao je Niki\u0107.<\/p>\n\n\n\n<p>Ka\u017ee da nije lak proces podmla\u0111ivanje selekcije.<\/p>\n\n\n\n<p>&#8220;U procesu smo podmla\u0111ivanja, trudimo se da se \u0161to prije uigramo, prona\u0111emo taktiku i stil igre koji nam odgovara&#8221;, zaklju\u010dio je golman Mirandesa. <\/p>","protected":false},"excerpt":{"rendered":"<p>Igor Niki\u0107, \u010duvar mre\u017ee crnogorske reprezentacije, kazao je da ekipi na Farskim Ostrvima nije nedostajalo \u017eelje, ali da nisu bili koncentrisani, \u0161to je rival znao da iskoristi.<\/p>","protected":false},"author":1,"featured_media":945778,"comment_status":"open","ping_status":"open","sticky":false,"template":"","format":"standard","meta":{"_acf_changed":false,"footnotes":""},"categories":[148],"tags":[8330,4051,10369,11109],"naslovna":[],"class_list":["post-957266","post","type-post","status-publish","format-standard","has-post-thumbnail","hentry","category-sport","tag-igor-nikic","tag-muska-fudbalska-reprezentacija-crne-gore","tag-muska-fudbalska-reprezentacija-farskih-ostrva","tag-muska-fudbalska-reprezentacija-lihtenstajna"],"acf":[],"yoast_head":"<!-- This site is optimized with the Yoast SEO plugin v27.4 - https:\/\/yoast.com\/product\/yoast-seo-wordpress\/ -->\n<title>Niki\u0107: Bili smo i ranije u te\u0161kim situacijama, protiv Lihten\u0161tajna idemo na pobjedu - dmcsrb.com<\/title>\n<meta name=\"robots\" content=\"index, follow, max-snippet:-1, max-image-preview:large, max-video-preview:-1\" \/>\n<link rel=\"canonical\" href=\"https:\/\/dmcsrb.com\/en\/sport\/nikic-bili-smo-i-ranije-u-teskim-situacijama-protiv-lihtenstajna-idemo-na-pobjedu\/\" \/>\n<meta property=\"og:locale\" content=\"en_GB\" \/>\n<meta property=\"og:type\" content=\"article\" \/>\n<meta property=\"og:title\" content=\"Niki\u0107: Bili smo i ranije u te\u0161kim situacijama, protiv Lihten\u0161tajna idemo na pobjedu - dmcsrb.com\" \/>\n<meta property=\"og:description\" content=\"Igor Niki\u0107, \u010duvar mre\u017ee crnogorske reprezentacije, kazao je da ekipi na Farskim Ostrvima nije nedostajalo \u017eelje, ali da nisu bili koncentrisani, \u0161to je rival znao da iskoristi.\" \/>\n<meta property=\"og:url\" content=\"https:\/\/dmcsrb.com\/en\/sport\/nikic-bili-smo-i-ranije-u-teskim-situacijama-protiv-lihtenstajna-idemo-na-pobjedu\/\" \/>\n<meta property=\"og:site_name\" content=\"dmcsrb.com\" \/>\n<meta property=\"article:published_time\" content=\"2025-10-11T16:16:00+00:00\" \/>\n<meta property=\"og:image\" content=\"https:\/\/dmcsrb.com\/wp-content\/uploads\/2026\/01\/Igor-Nikic-FSCG-.webp\" \/>\n\t<meta property=\"og:image:width\" content=\"1000\" \/>\n\t<meta property=\"og:image:height\" content=\"666\" \/>\n\t<meta property=\"og:image:type\" content=\"image\/jpeg\" \/>\n<meta name=\"author\" content=\"dmcsrbija.com@gmail.com\" \/>\n<meta name=\"twitter:card\" content=\"summary_large_image\" \/>\n<meta name=\"twitter:label1\" content=\"Written by\" \/>\n\t<meta name=\"twitter:data1\" content=\"dmcsrbija.com@gmail.com\" \/>\n\t<meta name=\"twitter:label2\" content=\"Estimated reading time\" \/>\n\t<meta name=\"twitter:data2\" content=\"1 minute\" \/>\n<script type=\"application\/ld+json\" class=\"yoast-schema-graph\">{\"@context\":\"https:\\\/\\\/schema.org\",\"@graph\":[{\"@type\":\"Article\",\"@id\":\"https:\\\/\\\/dmcsrb.com\\\/en\\\/sport\\\/nikic-bili-smo-i-ranije-u-teskim-situacijama-protiv-lihtenstajna-idemo-na-pobjedu\\\/#article\",\"isPartOf\":{\"@id\":\"https:\\\/\\\/dmcsrb.com\\\/en\\\/sport\\\/nikic-bili-smo-i-ranije-u-teskim-situacijama-protiv-lihtenstajna-idemo-na-pobjedu\\\/\"},\"author\":{\"name\":\"dmcsrbija.com@gmail.com\",\"@id\":\"https:\\\/\\\/dmcsrb.com\\\/#\\\/schema\\\/person\\\/5c39170f12db1b8b457732d0b5c854e2\"},\"headline\":\"Niki\u0107: Bili smo i ranije u te\u0161kim situacijama, protiv Lihten\u0161tajna idemo na pobjedu\",\"datePublished\":\"2025-10-11T16:16:00+00:00\",\"mainEntityOfPage\":{\"@id\":\"https:\\\/\\\/dmcsrb.com\\\/en\\\/sport\\\/nikic-bili-smo-i-ranije-u-teskim-situacijama-protiv-lihtenstajna-idemo-na-pobjedu\\\/\"},\"wordCount\":280,\"commentCount\":0,\"image\":{\"@id\":\"https:\\\/\\\/dmcsrb.com\\\/en\\\/sport\\\/nikic-bili-smo-i-ranije-u-teskim-situacijama-protiv-lihtenstajna-idemo-na-pobjedu\\\/#primaryimage\"},\"thumbnailUrl\":\"https:\\\/\\\/dmcsrb.com\\\/wp-content\\\/uploads\\\/2026\\\/01\\\/Igor-Nikic-FSCG-.webp\",\"keywords\":[\"Igor Niki\u0107\",\"Mu\u0161ka fudbalska reprezentacija Crne Gore\",\"Mu\u0161ka fudbalska reprezentacija Farskih Ostrva\",\"Mu\u0161ka fudbalska reprezentacija Lihten\u0161tajna\"],\"articleSection\":[\"Sport\"],\"inLanguage\":\"en-GB\",\"potentialAction\":[{\"@type\":\"CommentAction\",\"name\":\"Comment\",\"target\":[\"https:\\\/\\\/dmcsrb.com\\\/en\\\/sport\\\/nikic-bili-smo-i-ranije-u-teskim-situacijama-protiv-lihtenstajna-idemo-na-pobjedu\\\/#respond\"]}]},{\"@type\":\"WebPage\",\"@id\":\"https:\\\/\\\/dmcsrb.com\\\/en\\\/sport\\\/nikic-bili-smo-i-ranije-u-teskim-situacijama-protiv-lihtenstajna-idemo-na-pobjedu\\\/\",\"url\":\"https:\\\/\\\/dmcsrb.com\\\/en\\\/sport\\\/nikic-bili-smo-i-ranije-u-teskim-situacijama-protiv-lihtenstajna-idemo-na-pobjedu\\\/\",\"name\":\"Niki\u0107: Bili smo i ranije u te\u0161kim situacijama, protiv Lihten\u0161tajna idemo na pobjedu - dmcsrb.com\",\"isPartOf\":{\"@id\":\"https:\\\/\\\/dmcsrb.com\\\/#website\"},\"primaryImageOfPage\":{\"@id\":\"https:\\\/\\\/dmcsrb.com\\\/en\\\/sport\\\/nikic-bili-smo-i-ranije-u-teskim-situacijama-protiv-lihtenstajna-idemo-na-pobjedu\\\/#primaryimage\"},\"image\":{\"@id\":\"https:\\\/\\\/dmcsrb.com\\\/en\\\/sport\\\/nikic-bili-smo-i-ranije-u-teskim-situacijama-protiv-lihtenstajna-idemo-na-pobjedu\\\/#primaryimage\"},\"thumbnailUrl\":\"https:\\\/\\\/dmcsrb.com\\\/wp-content\\\/uploads\\\/2026\\\/01\\\/Igor-Nikic-FSCG-.webp\",\"datePublished\":\"2025-10-11T16:16:00+00:00\",\"author\":{\"@id\":\"https:\\\/\\\/dmcsrb.com\\\/#\\\/schema\\\/person\\\/5c39170f12db1b8b457732d0b5c854e2\"},\"breadcrumb\":{\"@id\":\"https:\\\/\\\/dmcsrb.com\\\/en\\\/sport\\\/nikic-bili-smo-i-ranije-u-teskim-situacijama-protiv-lihtenstajna-idemo-na-pobjedu\\\/#breadcrumb\"},\"inLanguage\":\"en-GB\",\"potentialAction\":[{\"@type\":\"ReadAction\",\"target\":[\"https:\\\/\\\/dmcsrb.com\\\/en\\\/sport\\\/nikic-bili-smo-i-ranije-u-teskim-situacijama-protiv-lihtenstajna-idemo-na-pobjedu\\\/\"]}]},{\"@type\":\"ImageObject\",\"inLanguage\":\"en-GB\",\"@id\":\"https:\\\/\\\/dmcsrb.com\\\/en\\\/sport\\\/nikic-bili-smo-i-ranije-u-teskim-situacijama-protiv-lihtenstajna-idemo-na-pobjedu\\\/#primaryimage\",\"url\":\"https:\\\/\\\/dmcsrb.com\\\/wp-content\\\/uploads\\\/2026\\\/01\\\/Igor-Nikic-FSCG-.webp\",\"contentUrl\":\"https:\\\/\\\/dmcsrb.com\\\/wp-content\\\/uploads\\\/2026\\\/01\\\/Igor-Nikic-FSCG-.webp\",\"width\":1000,\"height\":666},{\"@type\":\"BreadcrumbList\",\"@id\":\"https:\\\/\\\/dmcsrb.com\\\/en\\\/sport\\\/nikic-bili-smo-i-ranije-u-teskim-situacijama-protiv-lihtenstajna-idemo-na-pobjedu\\\/#breadcrumb\",\"itemListElement\":[{\"@type\":\"ListItem\",\"position\":1,\"name\":\"Home\",\"item\":\"https:\\\/\\\/dmcsrb.com\\\/\"},{\"@type\":\"ListItem\",\"position\":2,\"name\":\"Niki\u0107: Bili smo i ranije u te\u0161kim situacijama, protiv Lihten\u0161tajna idemo na pobjedu\"}]},{\"@type\":\"WebSite\",\"@id\":\"https:\\\/\\\/dmcsrb.com\\\/#website\",\"url\":\"https:\\\/\\\/dmcsrb.com\\\/\",\"name\":\"dmcsrb.com\",\"description\":\"\",\"potentialAction\":[{\"@type\":\"SearchAction\",\"target\":{\"@type\":\"EntryPoint\",\"urlTemplate\":\"https:\\\/\\\/dmcsrb.com\\\/?s={search_term_string}\"},\"query-input\":{\"@type\":\"PropertyValueSpecification\",\"valueRequired\":true,\"valueName\":\"search_term_string\"}}],\"inLanguage\":\"en-GB\"},{\"@type\":\"Person\",\"@id\":\"https:\\\/\\\/dmcsrb.com\\\/#\\\/schema\\\/person\\\/5c39170f12db1b8b457732d0b5c854e2\",\"name\":\"dmcsrbija.com@gmail.com\",\"image\":{\"@type\":\"ImageObject\",\"inLanguage\":\"en-GB\",\"@id\":\"https:\\\/\\\/secure.gravatar.com\\\/avatar\\\/68592660ad6347fad0fb587f8d5d8f1a7b44961362f56e4f2cd524feb87e9069?s=96&d=mm&r=g\",\"url\":\"https:\\\/\\\/secure.gravatar.com\\\/avatar\\\/68592660ad6347fad0fb587f8d5d8f1a7b44961362f56e4f2cd524feb87e9069?s=96&d=mm&r=g\",\"contentUrl\":\"https:\\\/\\\/secure.gravatar.com\\\/avatar\\\/68592660ad6347fad0fb587f8d5d8f1a7b44961362f56e4f2cd524feb87e9069?s=96&d=mm&r=g\",\"caption\":\"dmcsrbija.com@gmail.com\"},\"sameAs\":[\"https:\\\/\\\/dmcsrb.com\"],\"url\":\"https:\\\/\\\/dmcsrb.com\\\/en\\\/author\\\/dmcsrbija-comgmail-com\\\/\"}]}<\/script>\n<!-- \/ Yoast SEO plugin. -->","yoast_head_json":{"title":"Niki\u0107: Bili smo i ranije u te\u0161kim situacijama, protiv Lihten\u0161tajna idemo na pobjedu - dmcsrb.com","robots":{"index":"index","follow":"follow","max-snippet":"max-snippet:-1","max-image-preview":"max-image-preview:large","max-video-preview":"max-video-preview:-1"},"canonical":"https:\/\/dmcsrb.com\/en\/sport\/nikic-bili-smo-i-ranije-u-teskim-situacijama-protiv-lihtenstajna-idemo-na-pobjedu\/","og_locale":"en_GB","og_type":"article","og_title":"Niki\u0107: Bili smo i ranije u te\u0161kim situacijama, protiv Lihten\u0161tajna idemo na pobjedu - dmcsrb.com","og_description":"Igor Niki\u0107, \u010duvar mre\u017ee crnogorske reprezentacije, kazao je da ekipi na Farskim Ostrvima nije nedostajalo \u017eelje, ali da nisu bili koncentrisani, \u0161to je rival znao da iskoristi.","og_url":"https:\/\/dmcsrb.com\/en\/sport\/nikic-bili-smo-i-ranije-u-teskim-situacijama-protiv-lihtenstajna-idemo-na-pobjedu\/","og_site_name":"dmcsrb.com","article_published_time":"2025-10-11T16:16:00+00:00","og_image":[{"width":1000,"height":666,"url":"https:\/\/dmcsrb.com\/wp-content\/uploads\/2026\/01\/Igor-Nikic-FSCG-.webp","type":"image\/jpeg"}],"author":"dmcsrbija.com@gmail.com","twitter_card":"summary_large_image","twitter_misc":{"Written by":"dmcsrbija.com@gmail.com","Estimated reading time":"1 minute"},"schema":{"@context":"https:\/\/schema.org","@graph":[{"@type":"Article","@id":"https:\/\/dmcsrb.com\/en\/sport\/nikic-bili-smo-i-ranije-u-teskim-situacijama-protiv-lihtenstajna-idemo-na-pobjedu\/#article","isPartOf":{"@id":"https:\/\/dmcsrb.com\/en\/sport\/nikic-bili-smo-i-ranije-u-teskim-situacijama-protiv-lihtenstajna-idemo-na-pobjedu\/"},"author":{"name":"dmcsrbija.com@gmail.com","@id":"https:\/\/dmcsrb.com\/#\/schema\/person\/5c39170f12db1b8b457732d0b5c854e2"},"headline":"Niki\u0107: Bili smo i ranije u te\u0161kim situacijama, protiv Lihten\u0161tajna idemo na pobjedu","datePublished":"2025-10-11T16:16:00+00:00","mainEntityOfPage":{"@id":"https:\/\/dmcsrb.com\/en\/sport\/nikic-bili-smo-i-ranije-u-teskim-situacijama-protiv-lihtenstajna-idemo-na-pobjedu\/"},"wordCount":280,"commentCount":0,"image":{"@id":"https:\/\/dmcsrb.com\/en\/sport\/nikic-bili-smo-i-ranije-u-teskim-situacijama-protiv-lihtenstajna-idemo-na-pobjedu\/#primaryimage"},"thumbnailUrl":"https:\/\/dmcsrb.com\/wp-content\/uploads\/2026\/01\/Igor-Nikic-FSCG-.webp","keywords":["Igor Niki\u0107","Mu\u0161ka fudbalska reprezentacija Crne Gore","Mu\u0161ka fudbalska reprezentacija Farskih Ostrva","Mu\u0161ka fudbalska reprezentacija Lihten\u0161tajna"],"articleSection":["Sport"],"inLanguage":"en-GB","potentialAction":[{"@type":"CommentAction","name":"Comment","target":["https:\/\/dmcsrb.com\/en\/sport\/nikic-bili-smo-i-ranije-u-teskim-situacijama-protiv-lihtenstajna-idemo-na-pobjedu\/#respond"]}]},{"@type":"WebPage","@id":"https:\/\/dmcsrb.com\/en\/sport\/nikic-bili-smo-i-ranije-u-teskim-situacijama-protiv-lihtenstajna-idemo-na-pobjedu\/","url":"https:\/\/dmcsrb.com\/en\/sport\/nikic-bili-smo-i-ranije-u-teskim-situacijama-protiv-lihtenstajna-idemo-na-pobjedu\/","name":"Niki\u0107: Bili smo i ranije u te\u0161kim situacijama, protiv Lihten\u0161tajna idemo na pobjedu - dmcsrb.com","isPartOf":{"@id":"https:\/\/dmcsrb.com\/#website"},"primaryImageOfPage":{"@id":"https:\/\/dmcsrb.com\/en\/sport\/nikic-bili-smo-i-ranije-u-teskim-situacijama-protiv-lihtenstajna-idemo-na-pobjedu\/#primaryimage"},"image":{"@id":"https:\/\/dmcsrb.com\/en\/sport\/nikic-bili-smo-i-ranije-u-teskim-situacijama-protiv-lihtenstajna-idemo-na-pobjedu\/#primaryimage"},"thumbnailUrl":"https:\/\/dmcsrb.com\/wp-content\/uploads\/2026\/01\/Igor-Nikic-FSCG-.webp","datePublished":"2025-10-11T16:16:00+00:00","author":{"@id":"https:\/\/dmcsrb.com\/#\/schema\/person\/5c39170f12db1b8b457732d0b5c854e2"},"breadcrumb":{"@id":"https:\/\/dmcsrb.com\/en\/sport\/nikic-bili-smo-i-ranije-u-teskim-situacijama-protiv-lihtenstajna-idemo-na-pobjedu\/#breadcrumb"},"inLanguage":"en-GB","potentialAction":[{"@type":"ReadAction","target":["https:\/\/dmcsrb.com\/en\/sport\/nikic-bili-smo-i-ranije-u-teskim-situacijama-protiv-lihtenstajna-idemo-na-pobjedu\/"]}]},{"@type":"ImageObject","inLanguage":"en-GB","@id":"https:\/\/dmcsrb.com\/en\/sport\/nikic-bili-smo-i-ranije-u-teskim-situacijama-protiv-lihtenstajna-idemo-na-pobjedu\/#primaryimage","url":"https:\/\/dmcsrb.com\/wp-content\/uploads\/2026\/01\/Igor-Nikic-FSCG-.webp","contentUrl":"https:\/\/dmcsrb.com\/wp-content\/uploads\/2026\/01\/Igor-Nikic-FSCG-.webp","width":1000,"height":666},{"@type":"BreadcrumbList","@id":"https:\/\/dmcsrb.com\/en\/sport\/nikic-bili-smo-i-ranije-u-teskim-situacijama-protiv-lihtenstajna-idemo-na-pobjedu\/#breadcrumb","itemListElement":[{"@type":"ListItem","position":1,"name":"Home","item":"https:\/\/dmcsrb.com\/"},{"@type":"ListItem","position":2,"name":"Niki\u0107: Bili smo i ranije u te\u0161kim situacijama, protiv Lihten\u0161tajna idemo na pobjedu"}]},{"@type":"WebSite","@id":"https:\/\/dmcsrb.com\/#website","url":"https:\/\/dmcsrb.com\/","name":"dmcsrb.com","description":"","potentialAction":[{"@type":"SearchAction","target":{"@type":"EntryPoint","urlTemplate":"https:\/\/dmcsrb.com\/?s={search_term_string}"},"query-input":{"@type":"PropertyValueSpecification","valueRequired":true,"valueName":"search_term_string"}}],"inLanguage":"en-GB"},{"@type":"Person","@id":"https:\/\/dmcsrb.com\/#\/schema\/person\/5c39170f12db1b8b457732d0b5c854e2","name":"dmcsrbija.com@gmail.com","image":{"@type":"ImageObject","inLanguage":"en-GB","@id":"https:\/\/secure.gravatar.com\/avatar\/68592660ad6347fad0fb587f8d5d8f1a7b44961362f56e4f2cd524feb87e9069?s=96&d=mm&r=g","url":"https:\/\/secure.gravatar.com\/avatar\/68592660ad6347fad0fb587f8d5d8f1a7b44961362f56e4f2cd524feb87e9069?s=96&d=mm&r=g","contentUrl":"https:\/\/secure.gravatar.com\/avatar\/68592660ad6347fad0fb587f8d5d8f1a7b44961362f56e4f2cd524feb87e9069?s=96&d=mm&r=g","caption":"dmcsrbija.com@gmail.com"},"sameAs":["https:\/\/dmcsrb.com"],"url":"https:\/\/dmcsrb.com\/en\/author\/dmcsrbija-comgmail-com\/"}]}},"_links":{"self":[{"href":"https:\/\/dmcsrb.com\/en\/wp-json\/wp\/v2\/posts\/957266","targetHints":{"allow":["GET"]}}],"collection":[{"href":"https:\/\/dmcsrb.com\/en\/wp-json\/wp\/v2\/posts"}],"about":[{"href":"https:\/\/dmcsrb.com\/en\/wp-json\/wp\/v2\/types\/post"}],"author":[{"embeddable":true,"href":"https:\/\/dmcsrb.com\/en\/wp-json\/wp\/v2\/users\/1"}],"replies":[{"embeddable":true,"href":"https:\/\/dmcsrb.com\/en\/wp-json\/wp\/v2\/comments?post=957266"}],"version-history":[{"count":0,"href":"https:\/\/dmcsrb.com\/en\/wp-json\/wp\/v2\/posts\/957266\/revisions"}],"wp:featuredmedia":[{"embeddable":true,"href":"https:\/\/dmcsrb.com\/en\/wp-json\/wp\/v2\/media\/945778"}],"wp:attachment":[{"href":"https:\/\/dmcsrb.com\/en\/wp-json\/wp\/v2\/media?parent=957266"}],"wp:term":[{"taxonomy":"category","embeddable":true,"href":"https:\/\/dmcsrb.com\/en\/wp-json\/wp\/v2\/categories?post=957266"},{"taxonomy":"post_tag","embeddable":true,"href":"https:\/\/dmcsrb.com\/en\/wp-json\/wp\/v2\/tags?post=957266"},{"taxonomy":"naslovna","embeddable":true,"href":"https:\/\/dmcsrb.com\/en\/wp-json\/wp\/v2\/naslovna?post=957266"}],"curies":[{"name":"wp","href":"https:\/\/api.w.org\/{rel}","templated":true}]}}